{"id":992,"date":"2010-06-15T04:53:11","date_gmt":"2010-06-15T09:53:11","guid":{"rendered":"http:\/\/akunq.net\/tr\/?p=992"},"modified":"2010-06-15T04:53:11","modified_gmt":"2010-06-15T09:53:11","slug":"ermeni-ve-turk-arsiv-belgeleri-biraraya-getirildi","status":"publish","type":"post","link":"https:\/\/akunq.net\/turkish\/2010\/06\/15\/ermeni-ve-turk-arsiv-belgeleri-biraraya-getirildi\/","title":{"rendered":"Ermeni ve T\u00fcrk Ar\u015fiv Belgeleri Biraraya Getirildi"},"content":{"rendered":"<p style=\"text-align: justify\">Viyana T\u00fcrk-Ermeni Platformu (VAT) taraf\u0131ndan haz\u0131rlanan &#8220;Ermeni ve T\u00fcrk Ar\u015fiv Belgeleri&#8221; adl\u0131 kitap, Viyana&#8217;da bas\u0131na tan\u0131t\u0131ld\u0131.<\/p>\n<p style=\"text-align: justify\">T\u00fcrk ve Ermeni tarih\u00e7iler aras\u0131nda 1915 olaylar\u0131na ili\u015fkin belgelerin teatisi amac\u0131yla 2003-2005 y\u0131llar\u0131 aras\u0131nda faaliyet g\u00f6steren platformda g\u00f6rev alan T\u00fcrk tarih\u00e7i \u0130nan\u00e7 At\u0131lgan ile Ermeni tarih\u00e7i Garabet Moumdjian&#8217;\u0131n kaleme ald\u0131\u011f\u0131 kitab\u0131n \u00f6n s\u00f6z\u00fcn\u00fc, Avusturya&#8217;n\u0131n eski ba\u015fbakanlar\u0131ndan Alfred Gusenbauer yazd\u0131.<\/p>\n<p style=\"text-align: justify\">Viyana&#8217;daki Concordia adl\u0131 bas\u0131n kul\u00fcb\u00fcnde d\u00fczenlenen toplant\u0131da konu\u015fan Gusenbauer, &#8220;1915 olaylar\u0131n\u0131n Holocaust ile mukayese edilemeyece\u011fini&#8221; belirterek, T\u00fcrkiye ile Ermenistan aras\u0131ndaki soruna, iki taraf\u0131n kamuoyular\u0131n\u0131n haz\u0131rlanmas\u0131yla \u00e7\u00f6z\u00fcm bulunabilece\u011fini&#8221; s\u00f6yledi.<\/p>\n<p style=\"text-align: justify\">Avusturya&#8217;n\u0131n da Holocaust (Nazi d\u00f6nemindeki Yahudi soyk\u0131r\u0131m\u0131) konusunda kamuoyunu sava\u015ftan ancak 33 y\u0131l sonra haz\u0131rlayabildi\u011fini ifade eden Gusenbauer, T\u00fcrkiye ve Ermenistan&#8217;\u0131n &#8220;\u00f6ncelikle milliyet\u00e7i unsurlar\u0131 devre d\u0131\u015f\u0131 b\u0131rakarak&#8221; 20. y\u00fczy\u0131l\u0131n bu \u00f6nemli sorununu ger\u00e7ek\u00e7i bir ortamda tart\u0131\u015fmas\u0131 gerekti\u011fini belirtti.<\/p>\n<p style=\"text-align: justify\">Bir soru \u00fczerine, kendisinin politikac\u0131 olarak iki \u00fclke h\u00fck\u00fcmetlerine bir &#8220;\u00e7\u00f6z\u00fcm re\u00e7etesi&#8221; sunmak istemedi\u011fini belirten Gusenbauer, &#8220;bu t\u00fcr sorunlar\u0131n \u00e7\u00f6z\u00fcm\u00fc i\u00e7in d\u0131\u015far\u0131dan m\u00fcdahale edilmemesinin daha yararl\u0131 olaca\u011f\u0131na inand\u0131\u011f\u0131n\u0131&#8221; bildirdi.<\/p>\n<p style=\"text-align: justify\">Kitab\u0131n yazarlar\u0131ndan Ermeni tarih\u00e7i Garabet Moumdjian ise iki taraf\u0131n da bug\u00fcne kadar birer &#8220;milliyet\u00e7i tarih yazd\u0131klar\u0131n\u0131&#8221; savunarak, T\u00fcrk ve Ermeni ar\u015fivlerindeki belgeleri derledikleri bu kitab\u0131n &#8220;kontra bir kitap&#8221; olmad\u0131\u011f\u0131n\u0131 s\u00f6yledi.<\/p>\n<p style=\"text-align: justify\">Bir tarih\u00e7i olarak hem T\u00fcrk, hem de Ermeni ar\u015fivlerindeki belgeleri incelediklerini ve kitaba ald\u0131klar\u0131n\u0131 ifade eden Moumdjian, bir soru \u00fczerine, kendisinin diasporan\u0131n faaliyetleri i\u00e7inde yer almad\u0131\u011f\u0131n\u0131, 1915 olaylar\u0131n\u0131 sadece bir tarih\u00e7i olarak inceledi\u011fini kaydetti.<\/p>\n<p style=\"text-align: justify\">\n\u00c7e\u015fitli kaynaklarda yurt d\u0131\u015f\u0131ndaki Ermenilerden &#8220;Ermeni diasporas\u0131&#8221; olarak s\u00f6z edildi\u011fini an\u0131msatan Moumdjian, &#8220;yurt d\u0131\u015f\u0131ndaki Ermenilerin ger\u00e7ekte Osmanl\u0131 diasporas\u0131 oldu\u011funu&#8221; savundu.<\/p>\n<p style=\"text-align: justify\">Moumdjian, halen yurt d\u0131\u015f\u0131nda \u00e7e\u015fitli \u00fclkelerde ya\u015fayan Ermenilerin Osmanl\u0131 d\u00f6neminde Anadolu topraklar\u0131ndan g\u00f6\u00e7 ettiklerini belirterek, &#8220;bu y\u00fczden bunlara Osmanl\u0131 diasporas\u0131 demenin daha do\u011fru olaca\u011f\u0131n\u0131&#8221; s\u00f6yledi.<\/p>\n<p style=\"text-align: justify\">Avusturya&#8217;daki Wieser yay\u0131nevi taraf\u0131ndan \u0130ngilizce olarak yay\u0131mlanan ve 1915 olaylar\u0131na ili\u015fkin Ermenistan, T\u00fcrkiye, Avusturya, Almanya, Fransa ve Amerikan ar\u015fivlerinden toplam 179 belgenin yer ald\u0131\u011f\u0131 925 sayfal\u0131k kitab\u0131n istendi\u011fi takdirde T\u00fcrk\u00e7e ve Ermenice yay\u0131mlanabilece\u011fi belirtildi.<\/p>\n<p style=\"text-align: justify\">T\u00fcrk tarih\u00e7i ve kitab\u0131n ikinci yazar\u0131 At\u0131lgan, ortak bas\u0131n toplant\u0131s\u0131nda a\u00e7\u0131klama yapmak istemedi.<\/p>\n<p style=\"text-align: justify\"><strong>AA<\/strong><\/p>\n<p style=\"text-align: justify\"><a href=\"http:\/\/www.turkishny.com\/hot-news\/50-hot-news\/32464-ermeni-ve-turk-ariv-belgeleri-biraraya-getirildi\">http:\/\/www.turkishny.com\/hot-news\/50-hot-news\/32464-ermeni-ve-turk-ariv-belgeleri-biraraya-getirildi<\/a><\/p>\n","protected":false},"excerpt":{"rendered":"<p>Viyana T\u00fcrk-Ermeni Platformu (VAT) taraf\u0131ndan haz\u0131rlanan &#8220;Ermeni ve T\u00fcrk Ar\u015fiv Belgeleri&#8221; adl\u0131 kitap, Viyana&#8217;da bas\u0131na tan\u0131t\u0131ld\u0131. T\u00fcrk ve Ermeni tarih\u00e7iler aras\u0131nda 1915 olaylar\u0131na ili\u015fkin belgelerin teatisi amac\u0131yla 2003-2005 y\u0131llar\u0131 aras\u0131nda faaliyet g\u00f6steren platformda g\u00f6rev alan T\u00fcrk tarih\u00e7i \u0130nan\u00e7 At\u0131lgan ile Ermeni tarih\u00e7i Garabet Moumdjian&#8217;\u0131n kaleme ald\u0131\u011f\u0131 kitab\u0131n \u00f6n s\u00f6z\u00fcn\u00fc, Avusturya&#8217;n\u0131n eski ba\u015fbakanlar\u0131ndan Alfred Gusenbauer yazd\u0131. [&hellip;]<\/p>\n","protected":false},"author":3,"featured_media":0,"comment_status":"closed","ping_status":"open","sticky":false,"template":"","format":"standard","meta":{"footnotes":""},"categories":[14],"tags":[],"class_list":["post-992","post","type-post","status-publish","format-standard","hentry","category-haberler"],"yoast_head":"<!-- This site is optimized with the Yoast SEO plugin v27.4 - https:\/\/yoast.com\/product\/yoast-seo-wordpress\/ -->\n<title>Ermeni ve T\u00fcrk Ar\u015fiv Belgeleri Biraraya Getirildi - Bati Ermenistan Ve Bati Ermenileri Sorunlari Ara\u015ftirmalar Merkezi<\/title>\n<meta name=\"robots\" content=\"index, follow, max-snippet:-1, max-image-preview:large, max-video-preview:-1\" \/>\n<link rel=\"canonical\" href=\"https:\/\/akunq.net\/turkish\/2010\/06\/15\/ermeni-ve-turk-arsiv-belgeleri-biraraya-getirildi\/\" \/>\n<meta property=\"og:locale\" content=\"en_US\" \/>\n<meta property=\"og:type\" content=\"article\" \/>\n<meta property=\"og:title\" content=\"Ermeni ve T\u00fcrk Ar\u015fiv Belgeleri Biraraya Getirildi - Bati Ermenistan Ve Bati Ermenileri Sorunlari Ara\u015ftirmalar Merkezi\" \/>\n<meta property=\"og:description\" content=\"Viyana T\u00fcrk-Ermeni Platformu (VAT) taraf\u0131ndan haz\u0131rlanan &#8220;Ermeni ve T\u00fcrk Ar\u015fiv Belgeleri&#8221; adl\u0131 kitap, Viyana&#8217;da bas\u0131na tan\u0131t\u0131ld\u0131. T\u00fcrk ve Ermeni tarih\u00e7iler aras\u0131nda 1915 olaylar\u0131na ili\u015fkin belgelerin teatisi amac\u0131yla 2003-2005 y\u0131llar\u0131 aras\u0131nda faaliyet g\u00f6steren platformda g\u00f6rev alan T\u00fcrk tarih\u00e7i \u0130nan\u00e7 At\u0131lgan ile Ermeni tarih\u00e7i Garabet Moumdjian&#8217;\u0131n kaleme ald\u0131\u011f\u0131 kitab\u0131n \u00f6n s\u00f6z\u00fcn\u00fc, Avusturya&#8217;n\u0131n eski ba\u015fbakanlar\u0131ndan Alfred Gusenbauer yazd\u0131. [&hellip;]\" \/>\n<meta property=\"og:url\" content=\"https:\/\/akunq.net\/turkish\/2010\/06\/15\/ermeni-ve-turk-arsiv-belgeleri-biraraya-getirildi\/\" \/>\n<meta property=\"og:site_name\" content=\"Bati Ermenistan Ve Bati Ermenileri Sorunlari Ara\u015ftirmalar Merkezi\" \/>\n<meta property=\"article:published_time\" content=\"2010-06-15T09:53:11+00:00\" \/>\n<meta name=\"author\" content=\"kalem\" \/>\n<meta name=\"twitter:card\" content=\"summary_large_image\" \/>\n<meta name=\"twitter:label1\" content=\"Written by\" \/>\n\t<meta name=\"twitter:data1\" content=\"kalem\" \/>\n\t<meta name=\"twitter:label2\" content=\"Est. reading time\" \/>\n\t<meta name=\"twitter:data2\" content=\"2 minutes\" \/>\n<script type=\"application\/ld+json\" class=\"yoast-schema-graph\">{\"@context\":\"https:\\\/\\\/schema.org\",\"@graph\":[{\"@type\":\"Article\",\"@id\":\"https:\\\/\\\/akunq.net\\\/turkish\\\/2010\\\/06\\\/15\\\/ermeni-ve-turk-arsiv-belgeleri-biraraya-getirildi\\\/#article\",\"isPartOf\":{\"@id\":\"https:\\\/\\\/akunq.net\\\/turkish\\\/2010\\\/06\\\/15\\\/ermeni-ve-turk-arsiv-belgeleri-biraraya-getirildi\\\/\"},\"author\":{\"name\":\"kalem\",\"@id\":\"https:\\\/\\\/akunq.net\\\/turkish\\\/#\\\/schema\\\/person\\\/135e7923d1aeb8887890799619969a6c\"},\"headline\":\"Ermeni ve T\u00fcrk Ar\u015fiv Belgeleri Biraraya Getirildi\",\"datePublished\":\"2010-06-15T09:53:11+00:00\",\"mainEntityOfPage\":{\"@id\":\"https:\\\/\\\/akunq.net\\\/turkish\\\/2010\\\/06\\\/15\\\/ermeni-ve-turk-arsiv-belgeleri-biraraya-getirildi\\\/\"},\"wordCount\":459,\"articleSection\":[\"Haberler\"],\"inLanguage\":\"en-US\"},{\"@type\":\"WebPage\",\"@id\":\"https:\\\/\\\/akunq.net\\\/turkish\\\/2010\\\/06\\\/15\\\/ermeni-ve-turk-arsiv-belgeleri-biraraya-getirildi\\\/\",\"url\":\"https:\\\/\\\/akunq.net\\\/turkish\\\/2010\\\/06\\\/15\\\/ermeni-ve-turk-arsiv-belgeleri-biraraya-getirildi\\\/\",\"name\":\"Ermeni ve T\u00fcrk Ar\u015fiv Belgeleri Biraraya Getirildi - Bati Ermenistan Ve Bati Ermenileri Sorunlari Ara\u015ftirmalar Merkezi\",\"isPartOf\":{\"@id\":\"https:\\\/\\\/akunq.net\\\/turkish\\\/#website\"},\"datePublished\":\"2010-06-15T09:53:11+00:00\",\"author\":{\"@id\":\"https:\\\/\\\/akunq.net\\\/turkish\\\/#\\\/schema\\\/person\\\/135e7923d1aeb8887890799619969a6c\"},\"breadcrumb\":{\"@id\":\"https:\\\/\\\/akunq.net\\\/turkish\\\/2010\\\/06\\\/15\\\/ermeni-ve-turk-arsiv-belgeleri-biraraya-getirildi\\\/#breadcrumb\"},\"inLanguage\":\"en-US\",\"potentialAction\":[{\"@type\":\"ReadAction\",\"target\":[\"https:\\\/\\\/akunq.net\\\/turkish\\\/2010\\\/06\\\/15\\\/ermeni-ve-turk-arsiv-belgeleri-biraraya-getirildi\\\/\"]}]},{\"@type\":\"BreadcrumbList\",\"@id\":\"https:\\\/\\\/akunq.net\\\/turkish\\\/2010\\\/06\\\/15\\\/ermeni-ve-turk-arsiv-belgeleri-biraraya-getirildi\\\/#breadcrumb\",\"itemListElement\":[{\"@type\":\"ListItem\",\"position\":1,\"name\":\"Home\",\"item\":\"https:\\\/\\\/akunq.net\\\/turkish\\\/\"},{\"@type\":\"ListItem\",\"position\":2,\"name\":\"Ermeni ve T\u00fcrk Ar\u015fiv Belgeleri Biraraya Getirildi\"}]},{\"@type\":\"WebSite\",\"@id\":\"https:\\\/\\\/akunq.net\\\/turkish\\\/#website\",\"url\":\"https:\\\/\\\/akunq.net\\\/turkish\\\/\",\"name\":\"Bati Ermenistan Ve Bati Ermenileri Sorunlari Ara\u015ftirmalar Merkezi\",\"description\":\"\",\"potentialAction\":[{\"@type\":\"SearchAction\",\"target\":{\"@type\":\"EntryPoint\",\"urlTemplate\":\"https:\\\/\\\/akunq.net\\\/turkish\\\/?s={search_term_string}\"},\"query-input\":{\"@type\":\"PropertyValueSpecification\",\"valueRequired\":true,\"valueName\":\"search_term_string\"}}],\"inLanguage\":\"en-US\"},{\"@type\":\"Person\",\"@id\":\"https:\\\/\\\/akunq.net\\\/turkish\\\/#\\\/schema\\\/person\\\/135e7923d1aeb8887890799619969a6c\",\"name\":\"kalem\",\"image\":{\"@type\":\"ImageObject\",\"inLanguage\":\"en-US\",\"@id\":\"https:\\\/\\\/secure.gravatar.com\\\/avatar\\\/a06875e4b25feb5674296adf8e8a7ae1e587cebce2493fe63c456109967e27d3?s=96&d=mm&r=g\",\"url\":\"https:\\\/\\\/secure.gravatar.com\\\/avatar\\\/a06875e4b25feb5674296adf8e8a7ae1e587cebce2493fe63c456109967e27d3?s=96&d=mm&r=g\",\"contentUrl\":\"https:\\\/\\\/secure.gravatar.com\\\/avatar\\\/a06875e4b25feb5674296adf8e8a7ae1e587cebce2493fe63c456109967e27d3?s=96&d=mm&r=g\",\"caption\":\"kalem\"},\"url\":\"https:\\\/\\\/akunq.net\\\/turkish\\\/author\\\/kalem\\\/\"}]}<\/script>\n<!-- \/ Yoast SEO plugin. -->","yoast_head_json":{"title":"Ermeni ve T\u00fcrk Ar\u015fiv Belgeleri Biraraya Getirildi - Bati Ermenistan Ve Bati Ermenileri Sorunlari Ara\u015ftirmalar Merkezi","robots":{"index":"index","follow":"follow","max-snippet":"max-snippet:-1","max-image-preview":"max-image-preview:large","max-video-preview":"max-video-preview:-1"},"canonical":"https:\/\/akunq.net\/turkish\/2010\/06\/15\/ermeni-ve-turk-arsiv-belgeleri-biraraya-getirildi\/","og_locale":"en_US","og_type":"article","og_title":"Ermeni ve T\u00fcrk Ar\u015fiv Belgeleri Biraraya Getirildi - Bati Ermenistan Ve Bati Ermenileri Sorunlari Ara\u015ftirmalar Merkezi","og_description":"Viyana T\u00fcrk-Ermeni Platformu (VAT) taraf\u0131ndan haz\u0131rlanan &#8220;Ermeni ve T\u00fcrk Ar\u015fiv Belgeleri&#8221; adl\u0131 kitap, Viyana&#8217;da bas\u0131na tan\u0131t\u0131ld\u0131. T\u00fcrk ve Ermeni tarih\u00e7iler aras\u0131nda 1915 olaylar\u0131na ili\u015fkin belgelerin teatisi amac\u0131yla 2003-2005 y\u0131llar\u0131 aras\u0131nda faaliyet g\u00f6steren platformda g\u00f6rev alan T\u00fcrk tarih\u00e7i \u0130nan\u00e7 At\u0131lgan ile Ermeni tarih\u00e7i Garabet Moumdjian&#8217;\u0131n kaleme ald\u0131\u011f\u0131 kitab\u0131n \u00f6n s\u00f6z\u00fcn\u00fc, Avusturya&#8217;n\u0131n eski ba\u015fbakanlar\u0131ndan Alfred Gusenbauer yazd\u0131. [&hellip;]","og_url":"https:\/\/akunq.net\/turkish\/2010\/06\/15\/ermeni-ve-turk-arsiv-belgeleri-biraraya-getirildi\/","og_site_name":"Bati Ermenistan Ve Bati Ermenileri Sorunlari Ara\u015ftirmalar Merkezi","article_published_time":"2010-06-15T09:53:11+00:00","author":"kalem","twitter_card":"summary_large_image","twitter_misc":{"Written by":"kalem","Est. reading time":"2 minutes"},"schema":{"@context":"https:\/\/schema.org","@graph":[{"@type":"Article","@id":"https:\/\/akunq.net\/turkish\/2010\/06\/15\/ermeni-ve-turk-arsiv-belgeleri-biraraya-getirildi\/#article","isPartOf":{"@id":"https:\/\/akunq.net\/turkish\/2010\/06\/15\/ermeni-ve-turk-arsiv-belgeleri-biraraya-getirildi\/"},"author":{"name":"kalem","@id":"https:\/\/akunq.net\/turkish\/#\/schema\/person\/135e7923d1aeb8887890799619969a6c"},"headline":"Ermeni ve T\u00fcrk Ar\u015fiv Belgeleri Biraraya Getirildi","datePublished":"2010-06-15T09:53:11+00:00","mainEntityOfPage":{"@id":"https:\/\/akunq.net\/turkish\/2010\/06\/15\/ermeni-ve-turk-arsiv-belgeleri-biraraya-getirildi\/"},"wordCount":459,"articleSection":["Haberler"],"inLanguage":"en-US"},{"@type":"WebPage","@id":"https:\/\/akunq.net\/turkish\/2010\/06\/15\/ermeni-ve-turk-arsiv-belgeleri-biraraya-getirildi\/","url":"https:\/\/akunq.net\/turkish\/2010\/06\/15\/ermeni-ve-turk-arsiv-belgeleri-biraraya-getirildi\/","name":"Ermeni ve T\u00fcrk Ar\u015fiv Belgeleri Biraraya Getirildi - Bati Ermenistan Ve Bati Ermenileri Sorunlari Ara\u015ftirmalar Merkezi","isPartOf":{"@id":"https:\/\/akunq.net\/turkish\/#website"},"datePublished":"2010-06-15T09:53:11+00:00","author":{"@id":"https:\/\/akunq.net\/turkish\/#\/schema\/person\/135e7923d1aeb8887890799619969a6c"},"breadcrumb":{"@id":"https:\/\/akunq.net\/turkish\/2010\/06\/15\/ermeni-ve-turk-arsiv-belgeleri-biraraya-getirildi\/#breadcrumb"},"inLanguage":"en-US","potentialAction":[{"@type":"ReadAction","target":["https:\/\/akunq.net\/turkish\/2010\/06\/15\/ermeni-ve-turk-arsiv-belgeleri-biraraya-getirildi\/"]}]},{"@type":"BreadcrumbList","@id":"https:\/\/akunq.net\/turkish\/2010\/06\/15\/ermeni-ve-turk-arsiv-belgeleri-biraraya-getirildi\/#breadcrumb","itemListElement":[{"@type":"ListItem","position":1,"name":"Home","item":"https:\/\/akunq.net\/turkish\/"},{"@type":"ListItem","position":2,"name":"Ermeni ve T\u00fcrk Ar\u015fiv Belgeleri Biraraya Getirildi"}]},{"@type":"WebSite","@id":"https:\/\/akunq.net\/turkish\/#website","url":"https:\/\/akunq.net\/turkish\/","name":"Bati Ermenistan Ve Bati Ermenileri Sorunlari Ara\u015ftirmalar Merkezi","description":"","potentialAction":[{"@type":"SearchAction","target":{"@type":"EntryPoint","urlTemplate":"https:\/\/akunq.net\/turkish\/?s={search_term_string}"},"query-input":{"@type":"PropertyValueSpecification","valueRequired":true,"valueName":"search_term_string"}}],"inLanguage":"en-US"},{"@type":"Person","@id":"https:\/\/akunq.net\/turkish\/#\/schema\/person\/135e7923d1aeb8887890799619969a6c","name":"kalem","image":{"@type":"ImageObject","inLanguage":"en-US","@id":"https:\/\/secure.gravatar.com\/avatar\/a06875e4b25feb5674296adf8e8a7ae1e587cebce2493fe63c456109967e27d3?s=96&d=mm&r=g","url":"https:\/\/secure.gravatar.com\/avatar\/a06875e4b25feb5674296adf8e8a7ae1e587cebce2493fe63c456109967e27d3?s=96&d=mm&r=g","contentUrl":"https:\/\/secure.gravatar.com\/avatar\/a06875e4b25feb5674296adf8e8a7ae1e587cebce2493fe63c456109967e27d3?s=96&d=mm&r=g","caption":"kalem"},"url":"https:\/\/akunq.net\/turkish\/author\/kalem\/"}]}},"_links":{"self":[{"href":"https:\/\/akunq.net\/turkish\/wp-json\/wp\/v2\/posts\/992","targetHints":{"allow":["GET"]}}],"collection":[{"href":"https:\/\/akunq.net\/turkish\/wp-json\/wp\/v2\/posts"}],"about":[{"href":"https:\/\/akunq.net\/turkish\/wp-json\/wp\/v2\/types\/post"}],"author":[{"embeddable":true,"href":"https:\/\/akunq.net\/turkish\/wp-json\/wp\/v2\/users\/3"}],"replies":[{"embeddable":true,"href":"https:\/\/akunq.net\/turkish\/wp-json\/wp\/v2\/comments?post=992"}],"version-history":[{"count":0,"href":"https:\/\/akunq.net\/turkish\/wp-json\/wp\/v2\/posts\/992\/revisions"}],"wp:attachment":[{"href":"https:\/\/akunq.net\/turkish\/wp-json\/wp\/v2\/media?parent=992"}],"wp:term":[{"taxonomy":"category","embeddable":true,"href":"https:\/\/akunq.net\/turkish\/wp-json\/wp\/v2\/categories?post=992"},{"taxonomy":"post_tag","embeddable":true,"href":"https:\/\/akunq.net\/turkish\/wp-json\/wp\/v2\/tags?post=992"}],"curies":[{"name":"wp","href":"https:\/\/api.w.org\/{rel}","templated":true}]}}