{"id":988,"date":"2010-06-15T02:53:02","date_gmt":"2010-06-15T07:53:02","guid":{"rendered":"http:\/\/akunq.net\/tr\/2010\/06\/15\/988\/"},"modified":"2010-06-15T02:53:02","modified_gmt":"2010-06-15T07:53:02","slug":"988","status":"publish","type":"post","link":"https:\/\/akunq.net\/turkish\/2010\/06\/15\/988\/","title":{"rendered":"Ermeni sanat\u0131 tart\u0131\u015fmas\u0131"},"content":{"rendered":"<p style=\"text-align: justify\">\n<p style=\"text-align: justify\"><strong>\u00a0<\/strong>Uluslararas\u0131 Hrant Dink Vakf\u0131\u2019n\u0131n d\u00fczenledi\u011fi sempozyumda d\u00fcn hafif gerilim ya\u015fand\u0131. Gerilimin taraflar\u0131 Agos yazar\u0131 Zakarya Miladano\u011flu ve Prof. G\u00f6n\u00fcl \u00d6ney\u2019di.<\/p>\n<p style=\"text-align: justify\">\n<p style=\"text-align: justify\">Uluslararas\u0131 Hrant Dink Vakf\u0131\u2019n\u0131n d\u00fczenledi\u011fi \u201cOsmanl\u0131 \u0130mparatorlu\u011fu ve T\u00fcrkiye\u2019de K\u00fclt\u00fcrel Etkile\u015fimler Sempozyumu\u201dnda Agos gazetesi yazar\u0131, mimar Zakarya Mildano\u011flu\u2019nun \u201cErmeni sanat\u0131 \u00fczerine T\u00fcrk \u00fcniversitelerinde hi\u00e7 ders verildi\u011fini hat\u0131rlam\u0131yorum\u201d demesi \u00fczerine, ayn\u0131 oturumda yer alan Ege \u00dcniversitesi emekli \u00f6\u011fretim \u00fcyesi Prof. G\u00f6n\u00fcl \u00d6ney, \u201c1964\u2019ten itibaren Ermeni ve Sel\u00e7uklu sanat\u0131 \u00fczerine ders veriyorum. 1989\u2019da Akdamar Kilisesi\u2019yle ilgili kitab\u0131m \u00e7\u0131kt\u0131\u201d dedi.<\/p>\n<p style=\"text-align: justify\"><strong>\u00d6NEY: \u201c1964\u2019TEN BER\u0130 OKUTUYORUM\u201d<\/strong><\/p>\n<p style=\"text-align: justify\">Mimari ve S\u00fcsleme Sanatlar\u0131: Zamansal ve Mek\u00e2nsal Ge\u00e7i\u015fkenlikler oturumunda konu\u015fan Zakarya Mildano\u011flu, \u201cYap\u0131 Sanat\u0131nda K\u00fclt\u00fcrel Ge\u00e7i\u015fkenlik: Kayseri, \u0130stanbul ve Kud\u00fcs\u201d ba\u015fl\u0131kl\u0131 konu\u015fmas\u0131nda TTK\u2019y\u0131 da ele\u015ftirerek, \u201cT\u00fcrk Tarih Kurumu Yay\u0131nlar\u0131, Sel\u00e7uklu tarihine haks\u0131zl\u0131k yap\u0131yor. Sel\u00e7uklular\u0131n di\u011fer k\u00fclt\u00fcrlerle ili\u015fkilerini yok say\u0131yor\u201d dedi. Mildano\u011flu, \u201cAlparslan ve Ermeni ili\u015fkilerini bilmiyoruz. \u00c7e\u015fitli kaynaklarda zaten var olan fakat T\u00fcrk\u00e7e\u2019ye \u00e7evrilmeyen bilgiler \u00e7evrilirse 1070 tarihini daha rahat okuyaca\u011f\u0131z. Bir tabu daha y\u0131k\u0131lacak\u201d diye konu\u015ftu. \u201cSel\u00e7uklular\u0131n girmesiyle Ermenilerin bir k\u0131sm\u0131 Adana\u2019ya gitti. Kurduklar\u0131 Kilikya Ermeni Krall\u0131\u011f\u0131 300 y\u0131l ayakta kald\u0131. Ortak bir Sel\u00e7uklu-Ermeni ili\u015fkileri tarihi var. Sel\u00e7uklu prenslerinin Ermeniler ve H\u0131ristiyan G\u00fcrc\u00fclerle evlilikleri bile korkarak s\u00f6ylenir\u201d diyen Mildano\u011flu, konu\u015fmas\u0131n\u0131n bir yerinde, \u201cBen T\u00fcrk \u00fcniversitelerinde hi\u00e7 Ermeni sanat\u0131 \u00fczerine ders verildi\u011fini g\u00f6rmedim. K\u00fclt\u00fcrel etkile\u015fimlere yer verildi\u011fini bilmiyorum. Siz biliyor musunuz?\u201d diyerek konu\u015fmac\u0131lara hitap etti.<\/p>\n<p style=\"text-align: justify\">Mildano\u011flu\u2019nun s\u00f6zleri \u00fczerine, \u201c\u0130ran\u2019dan Anadolu\u2019ya: Sel\u00e7uklu Saray K\u00fclt\u00fcr\u00fc ile Etkile\u015fim\u201d sunumunu yapan Ege \u00dcniversitesi\u2019nden emekli Prof. G\u00f6n\u00fcl \u00d6ney, \u201c1964\u2019ten itibaren Ermeni sanat\u0131 ve Sel\u00e7uklu ili\u015fkilerini okuttum. \u2018Hi\u00e7 ders verilmedi\u2019 dendi\u011fi i\u00e7in cevap verdim\u201d dedi. \u201cBen ele\u015ftirilere \u00e7ok a\u00e7\u0131k biriyim bana bunu derseniz haks\u0131zl\u0131k edersiniz\u201d diye konu\u015fan \u00d6ney, \u201cErmenice bilmedi\u011fimizden baz\u0131 yerlerde a\u00e7\u0131klar\u0131m\u0131z var. Maalesef Ermeni yay\u0131nlar\u0131n\u0131 bilmiyoruz\u201d diye devam etti. Bu arada dinleyicilerden Sevan Atao\u011flu da \u201cAkdamar Kilisesi\u2019nin Ermenice ad\u0131n\u0131 ni\u00e7in s\u00f6ylemiyorsunuz? S\u00f6yleyin de insanlar \u00f6\u011frensin hocam\u201d diye \u00d6ney\u2019e y\u00f6neldi. \u00d6ney, \u201cEvet Kutsal Ha\u00e7 Kilisesi. Ben insanlar Akdamar\u2019\u0131 biliyor, anla\u015f\u0131ls\u0131n diye T\u00fcrk\u00e7e kulland\u0131m\u201d cevab\u0131n\u0131 verdi.<\/p>\n<p style=\"text-align: justify\"><strong>\u00c7\u0130N\u0130L\u0130 ERMEN\u0130 K\u0130L\u0130SES\u0130\u2019N\u0130N H\u0130KAYES\u0130<\/strong><\/p>\n<p style=\"text-align: justify\">Mimar-Agos yazar\u0131 Zakarya Mildano\u011flu konu\u015fmas\u0131nda ayr\u0131ca, \u201cAra\u015ft\u0131rmalar\u0131nda Ermeni t\u0131p tarihi kavram\u0131yla tan\u0131\u015ft\u0131\u011f\u0131n\u0131, Sivas, Adana, Tokat ve Kayseri\u2019de Ermeni t\u0131p okullar\u0131n\u0131n oldu\u011funu, Arap ve Yunanl\u0131larla ortak konferans verecek d\u00fczeye geldiklerini\u201d s\u00f6yledi. Mildano\u011flu, Kud\u00fcs\u2019teki \u00c7inili Ermeni Kilisesi\u2019nin hikayesini ise \u015f\u00f6yle anlatt\u0131: \u201cK\u00fctahya Ermenileri de o bilinmez yolculu\u011fa \u00e7\u0131kt\u0131lar. Kud\u00fcs\u2019e yolu d\u00fc\u015fenler aras\u0131nda Ermeni \u00e7iniciler de var. Bu kiliseyi onlar donatt\u0131.\u201d<\/p>\n<p style=\"text-align: justify\"><strong><em>\u015eULE YILDIRIM, birgun.net, 14.06.2010<\/em><\/strong><\/p>\n","protected":false},"excerpt":{"rendered":"<p>\u00a0Uluslararas\u0131 Hrant Dink Vakf\u0131\u2019n\u0131n d\u00fczenledi\u011fi sempozyumda d\u00fcn hafif gerilim ya\u015fand\u0131. Gerilimin taraflar\u0131 Agos yazar\u0131 Zakarya Miladano\u011flu ve Prof. G\u00f6n\u00fcl \u00d6ney\u2019di. Uluslararas\u0131 Hrant Dink Vakf\u0131\u2019n\u0131n d\u00fczenledi\u011fi \u201cOsmanl\u0131 \u0130mparatorlu\u011fu ve T\u00fcrkiye\u2019de K\u00fclt\u00fcrel Etkile\u015fimler Sempozyumu\u201dnda Agos gazetesi yazar\u0131, mimar Zakarya Mildano\u011flu\u2019nun \u201cErmeni sanat\u0131 \u00fczerine T\u00fcrk \u00fcniversitelerinde hi\u00e7 ders verildi\u011fini hat\u0131rlam\u0131yorum\u201d demesi \u00fczerine, ayn\u0131 oturumda yer alan Ege \u00dcniversitesi [&hellip;]<\/p>\n","protected":false},"author":3,"featured_media":0,"comment_status":"closed","ping_status":"open","sticky":false,"template":"","format":"standard","meta":{"footnotes":""},"categories":[14],"tags":[],"class_list":["post-988","post","type-post","status-publish","format-standard","hentry","category-haberler"],"yoast_head":"<!-- This site is optimized with the Yoast SEO plugin v27.4 - https:\/\/yoast.com\/product\/yoast-seo-wordpress\/ -->\n<title>Ermeni sanat\u0131 tart\u0131\u015fmas\u0131 - Bati Ermenistan Ve Bati Ermenileri Sorunlari Ara\u015ftirmalar Merkezi<\/title>\n<meta name=\"robots\" content=\"index, follow, max-snippet:-1, max-image-preview:large, max-video-preview:-1\" \/>\n<link rel=\"canonical\" href=\"https:\/\/akunq.net\/turkish\/2010\/06\/15\/988\/\" \/>\n<meta property=\"og:locale\" content=\"en_US\" \/>\n<meta property=\"og:type\" content=\"article\" \/>\n<meta property=\"og:title\" content=\"Ermeni sanat\u0131 tart\u0131\u015fmas\u0131 - Bati Ermenistan Ve Bati Ermenileri Sorunlari Ara\u015ftirmalar Merkezi\" \/>\n<meta property=\"og:description\" content=\"\u00a0Uluslararas\u0131 Hrant Dink Vakf\u0131\u2019n\u0131n d\u00fczenledi\u011fi sempozyumda d\u00fcn hafif gerilim ya\u015fand\u0131. Gerilimin taraflar\u0131 Agos yazar\u0131 Zakarya Miladano\u011flu ve Prof. G\u00f6n\u00fcl \u00d6ney\u2019di. Uluslararas\u0131 Hrant Dink Vakf\u0131\u2019n\u0131n d\u00fczenledi\u011fi \u201cOsmanl\u0131 \u0130mparatorlu\u011fu ve T\u00fcrkiye\u2019de K\u00fclt\u00fcrel Etkile\u015fimler Sempozyumu\u201dnda Agos gazetesi yazar\u0131, mimar Zakarya Mildano\u011flu\u2019nun \u201cErmeni sanat\u0131 \u00fczerine T\u00fcrk \u00fcniversitelerinde hi\u00e7 ders verildi\u011fini hat\u0131rlam\u0131yorum\u201d demesi \u00fczerine, ayn\u0131 oturumda yer alan Ege \u00dcniversitesi [&hellip;]\" \/>\n<meta property=\"og:url\" content=\"https:\/\/akunq.net\/turkish\/2010\/06\/15\/988\/\" \/>\n<meta property=\"og:site_name\" content=\"Bati Ermenistan Ve Bati Ermenileri Sorunlari Ara\u015ftirmalar Merkezi\" \/>\n<meta property=\"article:published_time\" content=\"2010-06-15T07:53:02+00:00\" \/>\n<meta name=\"author\" content=\"kalem\" \/>\n<meta name=\"twitter:card\" content=\"summary_large_image\" \/>\n<meta name=\"twitter:label1\" content=\"Written by\" \/>\n\t<meta name=\"twitter:data1\" content=\"kalem\" \/>\n\t<meta name=\"twitter:label2\" content=\"Est. reading time\" \/>\n\t<meta name=\"twitter:data2\" content=\"3 minutes\" \/>\n<script type=\"application\/ld+json\" class=\"yoast-schema-graph\">{\"@context\":\"https:\\\/\\\/schema.org\",\"@graph\":[{\"@type\":\"Article\",\"@id\":\"https:\\\/\\\/akunq.net\\\/turkish\\\/2010\\\/06\\\/15\\\/988\\\/#article\",\"isPartOf\":{\"@id\":\"https:\\\/\\\/akunq.net\\\/turkish\\\/2010\\\/06\\\/15\\\/988\\\/\"},\"author\":{\"name\":\"kalem\",\"@id\":\"https:\\\/\\\/akunq.net\\\/turkish\\\/#\\\/schema\\\/person\\\/135e7923d1aeb8887890799619969a6c\"},\"headline\":\"Ermeni sanat\u0131 tart\u0131\u015fmas\u0131\",\"datePublished\":\"2010-06-15T07:53:02+00:00\",\"mainEntityOfPage\":{\"@id\":\"https:\\\/\\\/akunq.net\\\/turkish\\\/2010\\\/06\\\/15\\\/988\\\/\"},\"wordCount\":544,\"articleSection\":[\"Haberler\"],\"inLanguage\":\"en-US\"},{\"@type\":\"WebPage\",\"@id\":\"https:\\\/\\\/akunq.net\\\/turkish\\\/2010\\\/06\\\/15\\\/988\\\/\",\"url\":\"https:\\\/\\\/akunq.net\\\/turkish\\\/2010\\\/06\\\/15\\\/988\\\/\",\"name\":\"Ermeni sanat\u0131 tart\u0131\u015fmas\u0131 - Bati Ermenistan Ve Bati Ermenileri Sorunlari Ara\u015ftirmalar Merkezi\",\"isPartOf\":{\"@id\":\"https:\\\/\\\/akunq.net\\\/turkish\\\/#website\"},\"datePublished\":\"2010-06-15T07:53:02+00:00\",\"author\":{\"@id\":\"https:\\\/\\\/akunq.net\\\/turkish\\\/#\\\/schema\\\/person\\\/135e7923d1aeb8887890799619969a6c\"},\"breadcrumb\":{\"@id\":\"https:\\\/\\\/akunq.net\\\/turkish\\\/2010\\\/06\\\/15\\\/988\\\/#breadcrumb\"},\"inLanguage\":\"en-US\",\"potentialAction\":[{\"@type\":\"ReadAction\",\"target\":[\"https:\\\/\\\/akunq.net\\\/turkish\\\/2010\\\/06\\\/15\\\/988\\\/\"]}]},{\"@type\":\"BreadcrumbList\",\"@id\":\"https:\\\/\\\/akunq.net\\\/turkish\\\/2010\\\/06\\\/15\\\/988\\\/#breadcrumb\",\"itemListElement\":[{\"@type\":\"ListItem\",\"position\":1,\"name\":\"Home\",\"item\":\"https:\\\/\\\/akunq.net\\\/turkish\\\/\"},{\"@type\":\"ListItem\",\"position\":2,\"name\":\"Ermeni sanat\u0131 tart\u0131\u015fmas\u0131\"}]},{\"@type\":\"WebSite\",\"@id\":\"https:\\\/\\\/akunq.net\\\/turkish\\\/#website\",\"url\":\"https:\\\/\\\/akunq.net\\\/turkish\\\/\",\"name\":\"Bati Ermenistan Ve Bati Ermenileri Sorunlari Ara\u015ftirmalar Merkezi\",\"description\":\"\",\"potentialAction\":[{\"@type\":\"SearchAction\",\"target\":{\"@type\":\"EntryPoint\",\"urlTemplate\":\"https:\\\/\\\/akunq.net\\\/turkish\\\/?s={search_term_string}\"},\"query-input\":{\"@type\":\"PropertyValueSpecification\",\"valueRequired\":true,\"valueName\":\"search_term_string\"}}],\"inLanguage\":\"en-US\"},{\"@type\":\"Person\",\"@id\":\"https:\\\/\\\/akunq.net\\\/turkish\\\/#\\\/schema\\\/person\\\/135e7923d1aeb8887890799619969a6c\",\"name\":\"kalem\",\"image\":{\"@type\":\"ImageObject\",\"inLanguage\":\"en-US\",\"@id\":\"https:\\\/\\\/secure.gravatar.com\\\/avatar\\\/a06875e4b25feb5674296adf8e8a7ae1e587cebce2493fe63c456109967e27d3?s=96&d=mm&r=g\",\"url\":\"https:\\\/\\\/secure.gravatar.com\\\/avatar\\\/a06875e4b25feb5674296adf8e8a7ae1e587cebce2493fe63c456109967e27d3?s=96&d=mm&r=g\",\"contentUrl\":\"https:\\\/\\\/secure.gravatar.com\\\/avatar\\\/a06875e4b25feb5674296adf8e8a7ae1e587cebce2493fe63c456109967e27d3?s=96&d=mm&r=g\",\"caption\":\"kalem\"},\"url\":\"https:\\\/\\\/akunq.net\\\/turkish\\\/author\\\/kalem\\\/\"}]}<\/script>\n<!-- \/ Yoast SEO plugin. -->","yoast_head_json":{"title":"Ermeni sanat\u0131 tart\u0131\u015fmas\u0131 - Bati Ermenistan Ve Bati Ermenileri Sorunlari Ara\u015ftirmalar Merkezi","robots":{"index":"index","follow":"follow","max-snippet":"max-snippet:-1","max-image-preview":"max-image-preview:large","max-video-preview":"max-video-preview:-1"},"canonical":"https:\/\/akunq.net\/turkish\/2010\/06\/15\/988\/","og_locale":"en_US","og_type":"article","og_title":"Ermeni sanat\u0131 tart\u0131\u015fmas\u0131 - Bati Ermenistan Ve Bati Ermenileri Sorunlari Ara\u015ftirmalar Merkezi","og_description":"\u00a0Uluslararas\u0131 Hrant Dink Vakf\u0131\u2019n\u0131n d\u00fczenledi\u011fi sempozyumda d\u00fcn hafif gerilim ya\u015fand\u0131. Gerilimin taraflar\u0131 Agos yazar\u0131 Zakarya Miladano\u011flu ve Prof. G\u00f6n\u00fcl \u00d6ney\u2019di. Uluslararas\u0131 Hrant Dink Vakf\u0131\u2019n\u0131n d\u00fczenledi\u011fi \u201cOsmanl\u0131 \u0130mparatorlu\u011fu ve T\u00fcrkiye\u2019de K\u00fclt\u00fcrel Etkile\u015fimler Sempozyumu\u201dnda Agos gazetesi yazar\u0131, mimar Zakarya Mildano\u011flu\u2019nun \u201cErmeni sanat\u0131 \u00fczerine T\u00fcrk \u00fcniversitelerinde hi\u00e7 ders verildi\u011fini hat\u0131rlam\u0131yorum\u201d demesi \u00fczerine, ayn\u0131 oturumda yer alan Ege \u00dcniversitesi [&hellip;]","og_url":"https:\/\/akunq.net\/turkish\/2010\/06\/15\/988\/","og_site_name":"Bati Ermenistan Ve Bati Ermenileri Sorunlari Ara\u015ftirmalar Merkezi","article_published_time":"2010-06-15T07:53:02+00:00","author":"kalem","twitter_card":"summary_large_image","twitter_misc":{"Written by":"kalem","Est. reading time":"3 minutes"},"schema":{"@context":"https:\/\/schema.org","@graph":[{"@type":"Article","@id":"https:\/\/akunq.net\/turkish\/2010\/06\/15\/988\/#article","isPartOf":{"@id":"https:\/\/akunq.net\/turkish\/2010\/06\/15\/988\/"},"author":{"name":"kalem","@id":"https:\/\/akunq.net\/turkish\/#\/schema\/person\/135e7923d1aeb8887890799619969a6c"},"headline":"Ermeni sanat\u0131 tart\u0131\u015fmas\u0131","datePublished":"2010-06-15T07:53:02+00:00","mainEntityOfPage":{"@id":"https:\/\/akunq.net\/turkish\/2010\/06\/15\/988\/"},"wordCount":544,"articleSection":["Haberler"],"inLanguage":"en-US"},{"@type":"WebPage","@id":"https:\/\/akunq.net\/turkish\/2010\/06\/15\/988\/","url":"https:\/\/akunq.net\/turkish\/2010\/06\/15\/988\/","name":"Ermeni sanat\u0131 tart\u0131\u015fmas\u0131 - Bati Ermenistan Ve Bati Ermenileri Sorunlari Ara\u015ftirmalar Merkezi","isPartOf":{"@id":"https:\/\/akunq.net\/turkish\/#website"},"datePublished":"2010-06-15T07:53:02+00:00","author":{"@id":"https:\/\/akunq.net\/turkish\/#\/schema\/person\/135e7923d1aeb8887890799619969a6c"},"breadcrumb":{"@id":"https:\/\/akunq.net\/turkish\/2010\/06\/15\/988\/#breadcrumb"},"inLanguage":"en-US","potentialAction":[{"@type":"ReadAction","target":["https:\/\/akunq.net\/turkish\/2010\/06\/15\/988\/"]}]},{"@type":"BreadcrumbList","@id":"https:\/\/akunq.net\/turkish\/2010\/06\/15\/988\/#breadcrumb","itemListElement":[{"@type":"ListItem","position":1,"name":"Home","item":"https:\/\/akunq.net\/turkish\/"},{"@type":"ListItem","position":2,"name":"Ermeni sanat\u0131 tart\u0131\u015fmas\u0131"}]},{"@type":"WebSite","@id":"https:\/\/akunq.net\/turkish\/#website","url":"https:\/\/akunq.net\/turkish\/","name":"Bati Ermenistan Ve Bati Ermenileri Sorunlari Ara\u015ftirmalar Merkezi","description":"","potentialAction":[{"@type":"SearchAction","target":{"@type":"EntryPoint","urlTemplate":"https:\/\/akunq.net\/turkish\/?s={search_term_string}"},"query-input":{"@type":"PropertyValueSpecification","valueRequired":true,"valueName":"search_term_string"}}],"inLanguage":"en-US"},{"@type":"Person","@id":"https:\/\/akunq.net\/turkish\/#\/schema\/person\/135e7923d1aeb8887890799619969a6c","name":"kalem","image":{"@type":"ImageObject","inLanguage":"en-US","@id":"https:\/\/secure.gravatar.com\/avatar\/a06875e4b25feb5674296adf8e8a7ae1e587cebce2493fe63c456109967e27d3?s=96&d=mm&r=g","url":"https:\/\/secure.gravatar.com\/avatar\/a06875e4b25feb5674296adf8e8a7ae1e587cebce2493fe63c456109967e27d3?s=96&d=mm&r=g","contentUrl":"https:\/\/secure.gravatar.com\/avatar\/a06875e4b25feb5674296adf8e8a7ae1e587cebce2493fe63c456109967e27d3?s=96&d=mm&r=g","caption":"kalem"},"url":"https:\/\/akunq.net\/turkish\/author\/kalem\/"}]}},"_links":{"self":[{"href":"https:\/\/akunq.net\/turkish\/wp-json\/wp\/v2\/posts\/988","targetHints":{"allow":["GET"]}}],"collection":[{"href":"https:\/\/akunq.net\/turkish\/wp-json\/wp\/v2\/posts"}],"about":[{"href":"https:\/\/akunq.net\/turkish\/wp-json\/wp\/v2\/types\/post"}],"author":[{"embeddable":true,"href":"https:\/\/akunq.net\/turkish\/wp-json\/wp\/v2\/users\/3"}],"replies":[{"embeddable":true,"href":"https:\/\/akunq.net\/turkish\/wp-json\/wp\/v2\/comments?post=988"}],"version-history":[{"count":0,"href":"https:\/\/akunq.net\/turkish\/wp-json\/wp\/v2\/posts\/988\/revisions"}],"wp:attachment":[{"href":"https:\/\/akunq.net\/turkish\/wp-json\/wp\/v2\/media?parent=988"}],"wp:term":[{"taxonomy":"category","embeddable":true,"href":"https:\/\/akunq.net\/turkish\/wp-json\/wp\/v2\/categories?post=988"},{"taxonomy":"post_tag","embeddable":true,"href":"https:\/\/akunq.net\/turkish\/wp-json\/wp\/v2\/tags?post=988"}],"curies":[{"name":"wp","href":"https:\/\/api.w.org\/{rel}","templated":true}]}}