{"id":986,"date":"2010-06-14T23:41:19","date_gmt":"2010-06-15T04:41:19","guid":{"rendered":"http:\/\/akunq.net\/tr\/?p=986"},"modified":"2010-06-14T23:41:19","modified_gmt":"2010-06-15T04:41:19","slug":"tarih-profesoru-hallacoglu-ermeni-meselesi-yoktur","status":"publish","type":"post","link":"https:\/\/akunq.net\/turkish\/2010\/06\/14\/tarih-profesoru-hallacoglu-ermeni-meselesi-yoktur\/","title":{"rendered":"Tarih Profes\u00f6r\u00fc Hala\u00e7o\u011flu: Ermeni Meselesi Yoktur"},"content":{"rendered":"<p style=\"text-align: justify\">T\u00fcm d\u00fcnyaya seslenen ve ger\u00e7ekleri g\u00f6r\u00fcn diyen Prof. Dr. Yusuf Halla\u00e7o\u011flu N\u00fcrnberg\u2019de verdi\u011fi konferansta Ermeni ve yanda\u015flar\u0131n\u0131n tezlerini tek tek \u00e7\u00fcr\u00fctt\u00fc.<\/p>\n<p style=\"text-align: justify\">Almanya\u2019n\u0131n N\u00fcrnberg ve \u00e7evresinde faaliyet g\u00f6steren 14 karde\u015f T\u00fcrk sivil kurulu\u015funun, Schwabach T\u00fcrk K\u00fclt\u00fcr Derne\u011fi Ba\u015fkan\u0131 Seyfettin Karag\u00f6l ba\u015fkanl\u0131\u011f\u0131nda N\u00fcrnberg\u2019e davet etti\u011fi T\u00fcrk Tarih Kurumu eski ba\u015fkan\u0131 \u00fcnl\u00fc tarih\u00e7i Prof.Dr. Yusuf Hala\u00e7o\u011flu \u201c Ermeni Meselesi ve Tehcir \u201c konulu bir konferans verdi. Konferans\u0131, N\u00fcrnberg Ba\u015fkonsolosu Ece \u00d6zt\u00fcrk \u00c7il, Muavin Konsolos Abdullah T\u00fcyl\u00fc,\u00c7al\u0131\u015fma Ata\u015fesi Kemal Ramo\u011flu ile \u00e7ok say\u0131da izleyici takip etti.<\/p>\n<p style=\"text-align: justify\">OSMANLI ZAMANINDA ERMEN\u0130LER<\/p>\n<p style=\"text-align: justify\">Prof.Dr. Yusuf Halla\u00e7o\u011flu, Ermenilerin Osmanl\u0131 zaman\u0131ndaki durumlar\u0131n\u0131, onlar\u0131n 1.d\u00fcnya sava\u015f\u0131 s\u0131ras\u0131nda imparatorlu\u011fun yine kendi topraklar\u0131nda sava\u015f d\u0131\u015f\u0131ndaki bir alana nakledili\u015fini dile getirerek, i\u00e7 ve d\u0131\u015f etkenlere de\u011findi.\u00a0<\/p>\n<p style=\"text-align: justify\">Halla\u00e7o\u011flu, Osmanl\u0131 ve t\u00fcm d\u00fcnyadaki belgeleri inceledi\u011fini vurgulayarak, projeksiyon e\u015fli\u011finde orijinal belgeleri g\u00f6zler \u00f6n\u00fcne serdi.<\/p>\n<p style=\"text-align: justify\">GER\u00c7KELER\u0130 G\u00d6R\u00dcN D\u00dcNYA RAHAT ETS\u0130N<\/p>\n<p style=\"text-align: justify\">Tarih Profes\u00f6r\u00fc Yusuf Halla\u00e7o\u011flu son olarak d\u00fcnyaya bir mesaj vererek, ger\u00e7ekleri g\u00f6r\u00fcn, d\u00fcnya rahat etsin \u015feklinde konu\u015farak hodri meydan dedi<\/p>\n<p style=\"text-align: justify\"><strong><em>Taner T\u00dcZ\u00dcN \/ N\u00dcRNBERG \/ DHA (Do\u011fan Haber)<\/em><\/strong><\/p>\n<p style=\"text-align: justify\"><strong><em>\u00a0haberler.com, 13.6.2010<\/em><\/strong><\/p>\n<p style=\"text-align: justify\"><strong><em>\u00a0<\/em><\/strong><\/p>\n<p style=\"text-align: justify\"><strong><em>Veb sitesi y\u00f6neticileri taraf\u0131ndan: <\/em><\/strong><em>Yusuf Hala\u00e7o\u011flu, konu\u015fma yapmak i\u00e7in soyk\u0131r\u0131mc\u0131 fa\u015fistlerin mahkeme edildi\u011fi yeri se\u00e7erek, \u00e7ok isabetli bir \u015fey yapm\u0131\u015f. Gen\u00e7 T\u00fcrklerin N\u00fcrnberg\u2019inin de pek uzakta olmad\u0131\u011f\u0131n\u0131 gayriihtiyar\u00ee hissediyor olmal\u0131. H\u00e2lbuki benzeri N\u00fcrnberglerde salt soyk\u0131r\u0131mc\u0131lar ve fa\u015fistler de\u011fil, ayn\u0131 zamanda bu olgular\u0131 bilin\u00e7li olarak sapt\u0131ranlar, ink\u00e2r edenler ve hakl\u0131 \u00e7\u0131karanlar da yarg\u0131lanmaktad\u0131r.<\/em><\/p>\n<p style=\"text-align: justify\"><em>Halla\u00e7o\u011flu\u2019nun manevi babas\u0131 olan T\u00e2lat da, Ermeniler var olmay\u0131nca Ermeni Sorunu\u2019nun da var olmayaca\u011f\u0131ndan emindi. L\u00e2kin Ermeniler sadece Ermenistan Cumhuriyeti\u2019nde ve d\u00fcnyan\u0131n onlarca \u00fclkesinde de\u011fil, Bat\u0131 Ermenistan\u2019da ve T\u00fcrkiye\u2019nin farkl\u0131 b\u00f6lgelerinde de ya\u015famaktad\u0131r. Ayn\u0131 me\u015fum tarih\u00e7i Halla\u00e7o\u011flu\u2019nun verilerine g\u00f6re bu insanlar\u0131n say\u0131s\u0131 bir bu\u00e7uk milyona ula\u015fmaktad\u0131r, farkl\u0131 g\u00f6r\u00fc\u015flere g\u00f6re ise bu say\u0131 daha da fazlad\u0131r. Halla\u00e7o\u011flu ister kabul etsin ister etmesin, Ermeniler var oldu\u011fu s\u00fcrece Ermeni Sorunu da var olacakt\u0131r.<\/em><\/p>\n<p style=\"text-align: justify\"><em>Sayg\u0131de\u011fer \u201cDoktor\u201d, \u201cTanr\u0131 yoktur, fakat Tanr\u0131y\u0131 ink\u00e2r edenler \u00e7oktur\u201d diye bir \u00f6zdeyi\u015f vard\u0131r ve bu beraberinde baz\u0131 sorular getirmektedir.<\/em><\/p>\n<p style=\"text-align: justify\"><em>1. soru: Var olmayan \u015fah\u0131s, madde veya durum nas\u0131l reddedilebilir (Halla\u00e7o\u011flu, \u201csafkan tarih\u00e7i\u201d olmas\u0131n\u0131n haricinde biraz da ilgin\u00e7 olgular\u0131n sistemati\u011fini ara\u015ft\u0131ran felsefeyle ilgilenseydi, her olgunun ink\u00e2r\u0131n\u0131n, kendili\u011finden bu olgunun tasdiki oldu\u011funu anlard\u0131)? <\/em><\/p>\n<p style=\"text-align: justify\"><em>2. soru: T\u00fcrkiye n\u00fcfus art\u0131\u015f verileri ortalamas\u0131n\u0131n en vasat hesaplamalar\u0131yla dahi bug\u00fcn 18\u201320 milyon olmas\u0131 gereken Osmanl\u0131 \u0130mparatorlu\u011fu\u2019nda ya\u015fayan milyonlarca Ermeni \u015fimdi nerede?<\/em><\/p>\n<p style=\"text-align: justify\"><em>3. soru: Ermeniler, di\u011fer H\u0131ristiyanlar ve Gayrim\u00fcslimler T\u00fcrkiye\u2019de neden \u0130slamla\u015fm\u0131\u015f veya gizli ya\u015famaktalar (sizin de belirtmi\u015f oldu\u011funuz gibi)?<\/em><\/p>\n<p style=\"text-align: justify\"><em>4 soru: Ermeniler, di\u011fer H\u0131ristiyanlar ve genel olarak T\u00fcrk olmayanlar T\u00fcrkiye\u2019de neden takibata u\u011framaktad\u0131r?<\/em><\/p>\n<p style=\"text-align: justify\"><em>5. soru: T\u00fcrkiye Cumhuriyeti anayasas\u0131na istinaden T\u00fcrkiye vatanda\u015flar\u0131 neden \u201cT\u00fcrk\u201d olarak kabul edilmektedir? Di\u011fer uluslar\u0131n temsilcilerine bu yasak m\u0131d\u0131r? Yoksa T\u00fcrkiye\u2019de ba\u015fka milletler ya\u015famamakta m\u0131d\u0131r? Bu durumda ise daha ba\u015fka bir soru ortaya \u00e7\u0131kmaktad\u0131r. <\/em><\/p>\n<p style=\"text-align: justify\"><em>6. soru: Biny\u0131llar boyunca say\u0131s\u0131z uluslar\u0131n anayurdu ve vatan\u0131 olup, g\u00fcn\u00fcm\u00fczde T\u00fcrkiye\u2019ye d\u00f6n\u00fc\u015fm\u00fc\u015f olan bu devasa b\u00f6lgeden bu insanlar nereye kayboldu? Acaba T\u00fcrk Devleti\u2019nin b\u00fcy\u00fckl\u00fc\u011f\u00fc, y\u00fcce g\u00f6n\u00fcll\u00fcl\u00fc\u011f\u00fc,\u00a0 iyilikseverli\u011fi, asilli\u011fi, ho\u015fg\u00f6r\u00fcs\u00fc ve dayan\u0131lmaz karde\u015flik sevgisine mi dayanamad\u0131lar. Yoksa \u201cgeri kalm\u0131\u015f\u201d Ermeni, Yunan, Asur\u2026 k\u00fclt\u00fcrleri daha y\u00fcksek olan T\u00fcrk k\u00fclt\u00fcr\u00fc ve bilimi taraf\u0131ndan yutuldu mu?<\/em><\/p>\n<p style=\"text-align: justify\"><em>Say\u0131n \u201cprofes\u00f6r\u201d, soyk\u0131r\u0131mc\u0131 Gen\u00e7 T\u00fcrkler ile onlar\u0131n cinayetlerini ink\u00e2r eden ve yads\u0131yanlar\u0131n N\u00fcrnbergi\u2019nde bu sorular\u0131n cevaplar\u0131 istenecektir. Oradaki dinleyicileriniz ve de bilhassa soru soranlar ise T\u00fcrk diplomatlar ve 14 karde\u015f derneklerin temsilcisi olmayacakt\u0131r.<\/em><\/p>\n","protected":false},"excerpt":{"rendered":"<p>T\u00fcm d\u00fcnyaya seslenen ve ger\u00e7ekleri g\u00f6r\u00fcn diyen Prof. Dr. Yusuf Halla\u00e7o\u011flu N\u00fcrnberg\u2019de verdi\u011fi konferansta Ermeni ve yanda\u015flar\u0131n\u0131n tezlerini tek tek \u00e7\u00fcr\u00fctt\u00fc. Almanya\u2019n\u0131n N\u00fcrnberg ve \u00e7evresinde faaliyet g\u00f6steren 14 karde\u015f T\u00fcrk sivil kurulu\u015funun, Schwabach T\u00fcrk K\u00fclt\u00fcr Derne\u011fi Ba\u015fkan\u0131 Seyfettin Karag\u00f6l ba\u015fkanl\u0131\u011f\u0131nda N\u00fcrnberg\u2019e davet etti\u011fi T\u00fcrk Tarih Kurumu eski ba\u015fkan\u0131 \u00fcnl\u00fc tarih\u00e7i Prof.Dr. Yusuf Hala\u00e7o\u011flu \u201c Ermeni [&hellip;]<\/p>\n","protected":false},"author":3,"featured_media":0,"comment_status":"closed","ping_status":"open","sticky":false,"template":"","format":"standard","meta":{"footnotes":""},"categories":[6,14],"tags":[],"class_list":["post-986","post","type-post","status-publish","format-standard","hentry","category-ermeni-soykirimi","category-haberler"],"yoast_head":"<!-- This site is optimized with the Yoast SEO plugin v27.4 - https:\/\/yoast.com\/product\/yoast-seo-wordpress\/ -->\n<title>Tarih Profes\u00f6r\u00fc Hala\u00e7o\u011flu: Ermeni Meselesi Yoktur - Bati Ermenistan Ve Bati Ermenileri Sorunlari Ara\u015ftirmalar Merkezi<\/title>\n<meta name=\"robots\" content=\"index, follow, max-snippet:-1, max-image-preview:large, max-video-preview:-1\" \/>\n<link rel=\"canonical\" href=\"https:\/\/akunq.net\/turkish\/2010\/06\/14\/tarih-profesoru-hallacoglu-ermeni-meselesi-yoktur\/\" \/>\n<meta property=\"og:locale\" content=\"en_US\" \/>\n<meta property=\"og:type\" content=\"article\" \/>\n<meta property=\"og:title\" content=\"Tarih Profes\u00f6r\u00fc Hala\u00e7o\u011flu: Ermeni Meselesi Yoktur - Bati Ermenistan Ve Bati Ermenileri Sorunlari Ara\u015ftirmalar Merkezi\" \/>\n<meta property=\"og:description\" content=\"T\u00fcm d\u00fcnyaya seslenen ve ger\u00e7ekleri g\u00f6r\u00fcn diyen Prof. Dr. Yusuf Halla\u00e7o\u011flu N\u00fcrnberg\u2019de verdi\u011fi konferansta Ermeni ve yanda\u015flar\u0131n\u0131n tezlerini tek tek \u00e7\u00fcr\u00fctt\u00fc. Almanya\u2019n\u0131n N\u00fcrnberg ve \u00e7evresinde faaliyet g\u00f6steren 14 karde\u015f T\u00fcrk sivil kurulu\u015funun, Schwabach T\u00fcrk K\u00fclt\u00fcr Derne\u011fi Ba\u015fkan\u0131 Seyfettin Karag\u00f6l ba\u015fkanl\u0131\u011f\u0131nda N\u00fcrnberg\u2019e davet etti\u011fi T\u00fcrk Tarih Kurumu eski ba\u015fkan\u0131 \u00fcnl\u00fc tarih\u00e7i Prof.Dr. Yusuf Hala\u00e7o\u011flu \u201c Ermeni [&hellip;]\" \/>\n<meta property=\"og:url\" content=\"https:\/\/akunq.net\/turkish\/2010\/06\/14\/tarih-profesoru-hallacoglu-ermeni-meselesi-yoktur\/\" \/>\n<meta property=\"og:site_name\" content=\"Bati Ermenistan Ve Bati Ermenileri Sorunlari Ara\u015ftirmalar Merkezi\" \/>\n<meta property=\"article:published_time\" content=\"2010-06-15T04:41:19+00:00\" \/>\n<meta name=\"author\" content=\"kalem\" \/>\n<meta name=\"twitter:card\" content=\"summary_large_image\" \/>\n<meta name=\"twitter:label1\" content=\"Written by\" \/>\n\t<meta name=\"twitter:data1\" content=\"kalem\" \/>\n\t<meta name=\"twitter:label2\" content=\"Est. reading time\" \/>\n\t<meta name=\"twitter:data2\" content=\"4 minutes\" \/>\n<script type=\"application\/ld+json\" class=\"yoast-schema-graph\">{\"@context\":\"https:\\\/\\\/schema.org\",\"@graph\":[{\"@type\":\"Article\",\"@id\":\"https:\\\/\\\/akunq.net\\\/turkish\\\/2010\\\/06\\\/14\\\/tarih-profesoru-hallacoglu-ermeni-meselesi-yoktur\\\/#article\",\"isPartOf\":{\"@id\":\"https:\\\/\\\/akunq.net\\\/turkish\\\/2010\\\/06\\\/14\\\/tarih-profesoru-hallacoglu-ermeni-meselesi-yoktur\\\/\"},\"author\":{\"name\":\"kalem\",\"@id\":\"https:\\\/\\\/akunq.net\\\/turkish\\\/#\\\/schema\\\/person\\\/135e7923d1aeb8887890799619969a6c\"},\"headline\":\"Tarih Profes\u00f6r\u00fc Hala\u00e7o\u011flu: Ermeni Meselesi Yoktur\",\"datePublished\":\"2010-06-15T04:41:19+00:00\",\"mainEntityOfPage\":{\"@id\":\"https:\\\/\\\/akunq.net\\\/turkish\\\/2010\\\/06\\\/14\\\/tarih-profesoru-hallacoglu-ermeni-meselesi-yoktur\\\/\"},\"wordCount\":770,\"articleSection\":[\"Ermeni Soyk\u0131r\u0131m\u0131\",\"Haberler\"],\"inLanguage\":\"en-US\"},{\"@type\":\"WebPage\",\"@id\":\"https:\\\/\\\/akunq.net\\\/turkish\\\/2010\\\/06\\\/14\\\/tarih-profesoru-hallacoglu-ermeni-meselesi-yoktur\\\/\",\"url\":\"https:\\\/\\\/akunq.net\\\/turkish\\\/2010\\\/06\\\/14\\\/tarih-profesoru-hallacoglu-ermeni-meselesi-yoktur\\\/\",\"name\":\"Tarih Profes\u00f6r\u00fc Hala\u00e7o\u011flu: Ermeni Meselesi Yoktur - Bati Ermenistan Ve Bati Ermenileri Sorunlari Ara\u015ftirmalar Merkezi\",\"isPartOf\":{\"@id\":\"https:\\\/\\\/akunq.net\\\/turkish\\\/#website\"},\"datePublished\":\"2010-06-15T04:41:19+00:00\",\"author\":{\"@id\":\"https:\\\/\\\/akunq.net\\\/turkish\\\/#\\\/schema\\\/person\\\/135e7923d1aeb8887890799619969a6c\"},\"breadcrumb\":{\"@id\":\"https:\\\/\\\/akunq.net\\\/turkish\\\/2010\\\/06\\\/14\\\/tarih-profesoru-hallacoglu-ermeni-meselesi-yoktur\\\/#breadcrumb\"},\"inLanguage\":\"en-US\",\"potentialAction\":[{\"@type\":\"ReadAction\",\"target\":[\"https:\\\/\\\/akunq.net\\\/turkish\\\/2010\\\/06\\\/14\\\/tarih-profesoru-hallacoglu-ermeni-meselesi-yoktur\\\/\"]}]},{\"@type\":\"BreadcrumbList\",\"@id\":\"https:\\\/\\\/akunq.net\\\/turkish\\\/2010\\\/06\\\/14\\\/tarih-profesoru-hallacoglu-ermeni-meselesi-yoktur\\\/#breadcrumb\",\"itemListElement\":[{\"@type\":\"ListItem\",\"position\":1,\"name\":\"Home\",\"item\":\"https:\\\/\\\/akunq.net\\\/turkish\\\/\"},{\"@type\":\"ListItem\",\"position\":2,\"name\":\"Tarih Profes\u00f6r\u00fc Hala\u00e7o\u011flu: Ermeni Meselesi Yoktur\"}]},{\"@type\":\"WebSite\",\"@id\":\"https:\\\/\\\/akunq.net\\\/turkish\\\/#website\",\"url\":\"https:\\\/\\\/akunq.net\\\/turkish\\\/\",\"name\":\"Bati Ermenistan Ve Bati Ermenileri Sorunlari Ara\u015ftirmalar Merkezi\",\"description\":\"\",\"potentialAction\":[{\"@type\":\"SearchAction\",\"target\":{\"@type\":\"EntryPoint\",\"urlTemplate\":\"https:\\\/\\\/akunq.net\\\/turkish\\\/?s={search_term_string}\"},\"query-input\":{\"@type\":\"PropertyValueSpecification\",\"valueRequired\":true,\"valueName\":\"search_term_string\"}}],\"inLanguage\":\"en-US\"},{\"@type\":\"Person\",\"@id\":\"https:\\\/\\\/akunq.net\\\/turkish\\\/#\\\/schema\\\/person\\\/135e7923d1aeb8887890799619969a6c\",\"name\":\"kalem\",\"image\":{\"@type\":\"ImageObject\",\"inLanguage\":\"en-US\",\"@id\":\"https:\\\/\\\/secure.gravatar.com\\\/avatar\\\/a06875e4b25feb5674296adf8e8a7ae1e587cebce2493fe63c456109967e27d3?s=96&d=mm&r=g\",\"url\":\"https:\\\/\\\/secure.gravatar.com\\\/avatar\\\/a06875e4b25feb5674296adf8e8a7ae1e587cebce2493fe63c456109967e27d3?s=96&d=mm&r=g\",\"contentUrl\":\"https:\\\/\\\/secure.gravatar.com\\\/avatar\\\/a06875e4b25feb5674296adf8e8a7ae1e587cebce2493fe63c456109967e27d3?s=96&d=mm&r=g\",\"caption\":\"kalem\"},\"url\":\"https:\\\/\\\/akunq.net\\\/turkish\\\/author\\\/kalem\\\/\"}]}<\/script>\n<!-- \/ Yoast SEO plugin. -->","yoast_head_json":{"title":"Tarih Profes\u00f6r\u00fc Hala\u00e7o\u011flu: Ermeni Meselesi Yoktur - Bati Ermenistan Ve Bati Ermenileri Sorunlari Ara\u015ftirmalar Merkezi","robots":{"index":"index","follow":"follow","max-snippet":"max-snippet:-1","max-image-preview":"max-image-preview:large","max-video-preview":"max-video-preview:-1"},"canonical":"https:\/\/akunq.net\/turkish\/2010\/06\/14\/tarih-profesoru-hallacoglu-ermeni-meselesi-yoktur\/","og_locale":"en_US","og_type":"article","og_title":"Tarih Profes\u00f6r\u00fc Hala\u00e7o\u011flu: Ermeni Meselesi Yoktur - Bati Ermenistan Ve Bati Ermenileri Sorunlari Ara\u015ftirmalar Merkezi","og_description":"T\u00fcm d\u00fcnyaya seslenen ve ger\u00e7ekleri g\u00f6r\u00fcn diyen Prof. Dr. Yusuf Halla\u00e7o\u011flu N\u00fcrnberg\u2019de verdi\u011fi konferansta Ermeni ve yanda\u015flar\u0131n\u0131n tezlerini tek tek \u00e7\u00fcr\u00fctt\u00fc. Almanya\u2019n\u0131n N\u00fcrnberg ve \u00e7evresinde faaliyet g\u00f6steren 14 karde\u015f T\u00fcrk sivil kurulu\u015funun, Schwabach T\u00fcrk K\u00fclt\u00fcr Derne\u011fi Ba\u015fkan\u0131 Seyfettin Karag\u00f6l ba\u015fkanl\u0131\u011f\u0131nda N\u00fcrnberg\u2019e davet etti\u011fi T\u00fcrk Tarih Kurumu eski ba\u015fkan\u0131 \u00fcnl\u00fc tarih\u00e7i Prof.Dr. Yusuf Hala\u00e7o\u011flu \u201c Ermeni [&hellip;]","og_url":"https:\/\/akunq.net\/turkish\/2010\/06\/14\/tarih-profesoru-hallacoglu-ermeni-meselesi-yoktur\/","og_site_name":"Bati Ermenistan Ve Bati Ermenileri Sorunlari Ara\u015ftirmalar Merkezi","article_published_time":"2010-06-15T04:41:19+00:00","author":"kalem","twitter_card":"summary_large_image","twitter_misc":{"Written by":"kalem","Est. reading time":"4 minutes"},"schema":{"@context":"https:\/\/schema.org","@graph":[{"@type":"Article","@id":"https:\/\/akunq.net\/turkish\/2010\/06\/14\/tarih-profesoru-hallacoglu-ermeni-meselesi-yoktur\/#article","isPartOf":{"@id":"https:\/\/akunq.net\/turkish\/2010\/06\/14\/tarih-profesoru-hallacoglu-ermeni-meselesi-yoktur\/"},"author":{"name":"kalem","@id":"https:\/\/akunq.net\/turkish\/#\/schema\/person\/135e7923d1aeb8887890799619969a6c"},"headline":"Tarih Profes\u00f6r\u00fc Hala\u00e7o\u011flu: Ermeni Meselesi Yoktur","datePublished":"2010-06-15T04:41:19+00:00","mainEntityOfPage":{"@id":"https:\/\/akunq.net\/turkish\/2010\/06\/14\/tarih-profesoru-hallacoglu-ermeni-meselesi-yoktur\/"},"wordCount":770,"articleSection":["Ermeni Soyk\u0131r\u0131m\u0131","Haberler"],"inLanguage":"en-US"},{"@type":"WebPage","@id":"https:\/\/akunq.net\/turkish\/2010\/06\/14\/tarih-profesoru-hallacoglu-ermeni-meselesi-yoktur\/","url":"https:\/\/akunq.net\/turkish\/2010\/06\/14\/tarih-profesoru-hallacoglu-ermeni-meselesi-yoktur\/","name":"Tarih Profes\u00f6r\u00fc Hala\u00e7o\u011flu: Ermeni Meselesi Yoktur - Bati Ermenistan Ve Bati Ermenileri Sorunlari Ara\u015ftirmalar Merkezi","isPartOf":{"@id":"https:\/\/akunq.net\/turkish\/#website"},"datePublished":"2010-06-15T04:41:19+00:00","author":{"@id":"https:\/\/akunq.net\/turkish\/#\/schema\/person\/135e7923d1aeb8887890799619969a6c"},"breadcrumb":{"@id":"https:\/\/akunq.net\/turkish\/2010\/06\/14\/tarih-profesoru-hallacoglu-ermeni-meselesi-yoktur\/#breadcrumb"},"inLanguage":"en-US","potentialAction":[{"@type":"ReadAction","target":["https:\/\/akunq.net\/turkish\/2010\/06\/14\/tarih-profesoru-hallacoglu-ermeni-meselesi-yoktur\/"]}]},{"@type":"BreadcrumbList","@id":"https:\/\/akunq.net\/turkish\/2010\/06\/14\/tarih-profesoru-hallacoglu-ermeni-meselesi-yoktur\/#breadcrumb","itemListElement":[{"@type":"ListItem","position":1,"name":"Home","item":"https:\/\/akunq.net\/turkish\/"},{"@type":"ListItem","position":2,"name":"Tarih Profes\u00f6r\u00fc Hala\u00e7o\u011flu: Ermeni Meselesi Yoktur"}]},{"@type":"WebSite","@id":"https:\/\/akunq.net\/turkish\/#website","url":"https:\/\/akunq.net\/turkish\/","name":"Bati Ermenistan Ve Bati Ermenileri Sorunlari Ara\u015ftirmalar Merkezi","description":"","potentialAction":[{"@type":"SearchAction","target":{"@type":"EntryPoint","urlTemplate":"https:\/\/akunq.net\/turkish\/?s={search_term_string}"},"query-input":{"@type":"PropertyValueSpecification","valueRequired":true,"valueName":"search_term_string"}}],"inLanguage":"en-US"},{"@type":"Person","@id":"https:\/\/akunq.net\/turkish\/#\/schema\/person\/135e7923d1aeb8887890799619969a6c","name":"kalem","image":{"@type":"ImageObject","inLanguage":"en-US","@id":"https:\/\/secure.gravatar.com\/avatar\/a06875e4b25feb5674296adf8e8a7ae1e587cebce2493fe63c456109967e27d3?s=96&d=mm&r=g","url":"https:\/\/secure.gravatar.com\/avatar\/a06875e4b25feb5674296adf8e8a7ae1e587cebce2493fe63c456109967e27d3?s=96&d=mm&r=g","contentUrl":"https:\/\/secure.gravatar.com\/avatar\/a06875e4b25feb5674296adf8e8a7ae1e587cebce2493fe63c456109967e27d3?s=96&d=mm&r=g","caption":"kalem"},"url":"https:\/\/akunq.net\/turkish\/author\/kalem\/"}]}},"_links":{"self":[{"href":"https:\/\/akunq.net\/turkish\/wp-json\/wp\/v2\/posts\/986","targetHints":{"allow":["GET"]}}],"collection":[{"href":"https:\/\/akunq.net\/turkish\/wp-json\/wp\/v2\/posts"}],"about":[{"href":"https:\/\/akunq.net\/turkish\/wp-json\/wp\/v2\/types\/post"}],"author":[{"embeddable":true,"href":"https:\/\/akunq.net\/turkish\/wp-json\/wp\/v2\/users\/3"}],"replies":[{"embeddable":true,"href":"https:\/\/akunq.net\/turkish\/wp-json\/wp\/v2\/comments?post=986"}],"version-history":[{"count":0,"href":"https:\/\/akunq.net\/turkish\/wp-json\/wp\/v2\/posts\/986\/revisions"}],"wp:attachment":[{"href":"https:\/\/akunq.net\/turkish\/wp-json\/wp\/v2\/media?parent=986"}],"wp:term":[{"taxonomy":"category","embeddable":true,"href":"https:\/\/akunq.net\/turkish\/wp-json\/wp\/v2\/categories?post=986"},{"taxonomy":"post_tag","embeddable":true,"href":"https:\/\/akunq.net\/turkish\/wp-json\/wp\/v2\/tags?post=986"}],"curies":[{"name":"wp","href":"https:\/\/api.w.org\/{rel}","templated":true}]}}