{"id":982,"date":"2010-06-14T07:37:10","date_gmt":"2010-06-14T12:37:10","guid":{"rendered":"http:\/\/akunq.net\/tr\/?p=982"},"modified":"2010-06-14T07:37:10","modified_gmt":"2010-06-14T12:37:10","slug":"ermeni-kimligimle-ilgili-onyargilari-yiktim","status":"publish","type":"post","link":"https:\/\/akunq.net\/turkish\/2010\/06\/14\/ermeni-kimligimle-ilgili-onyargilari-yiktim\/","title":{"rendered":"Ermeni kimli\u011fimle ilgili \u00f6nyarg\u0131lar\u0131 y\u0131kt\u0131m"},"content":{"rendered":"<p style=\"text-align: justify\"><strong><a rel=\"attachment wp-att-983\" href=\"http:\/\/akunq.net\/tr\/2010\/06\/14\/ermeni-kimligimle-ilgili-onyargilari-yiktim\/hayko-cepkin\/\"><img loading=\"lazy\" decoding=\"async\" class=\"alignleft size-full wp-image-983\" title=\"Hayko Cepkin\" src=\"http:\/\/akunq.net\/tr\/wp-content\/uploads\/2010\/06\/Hayko-Cepkin.jpg\" alt=\"\" width=\"286\" height=\"237\" \/><\/a>(<\/strong>K\u0131salt\u0131lm\u0131\u015ft\u0131r<strong>)<\/strong><\/p>\n<p style=\"text-align: justify\"><strong>&#8220;\u0130lk ba\u015fta yap\u0131lan negatif, a\u015f\u0131r\u0131 s\u00f6ylemlerin zaman i\u00e7erisinde ortadan kayboldu\u011funu veya daha \u0131l\u0131manla\u015ft\u0131\u011f\u0131n\u0131 g\u00f6rd\u00fcm. Demek ki buna bir faydam dokunmu\u015f. K\u00f6klerim konusunda k\u00f6t\u00fc yaz\u0131lar yazan ki\u015fileri de\u011fi\u015ftirdim&#8221; diyen Hayko Cepkin:<\/strong><\/p>\n<p style=\"text-align: justify\"><em>Hayko Cepkin be\u015f y\u0131ld\u0131r de\u011fi\u015fik sa\u00e7 rengi, garip makyaj\u0131, ilgin\u00e7 video klipleri, d\u00f6vmeleri ve ba\u011f\u0131rmas\u0131yla hayat\u0131m\u0131zda. K\u0131sa bir s\u00fcrede sa\u011flam hayran kitlesi yakalayan Cepkin&#8217;i korkun\u00e7 bulanlar\u0131n\u0131z varsa, o bundan rahats\u0131zl\u0131k duymuyor. \u00c7\u00fcnk\u00fc onun as\u0131l amac\u0131 zaten korkutup sevdirmek. Her ne kadar sahnede korkun\u00e7 g\u00f6z\u00fckse de o yak\u0131ndan \u00f6yle de\u011fil. Konu\u015fkan, g\u00fcler y\u00fczl\u00fc ve hatta \u00e7ok da komik. Sa\u011flam bir \u00f6zg\u00fcveni var Cepkin&#8217;in. Onu bu kadar g\u00fc\u00e7l\u00fc yapan ise y\u0131llarca kar\u015f\u0131la\u015ft\u0131\u011f\u0131 \u00f6n yarg\u0131lar. Ona tarz\u0131 y\u00fcz\u00fcnden &#8216;deli&#8217; diyenlere ve Ermeni oldu\u011fu i\u00e7in d\u0131\u015flayanlara kar\u015f\u0131 tak\u0131nd\u0131\u011f\u0131 tav\u0131r ise; sab\u0131rl\u0131 olup beklemek. \u0130\u015fte berikilere g\u00f6re &#8216;\u00f6teki&#8217;, \u00f6tekileri g\u00f6re &#8216;beriki&#8217; Hayko Cepkin&#8230;<\/em><\/p>\n<p style=\"text-align: justify\"><strong>Ermeni biri olarak k\u00f6klerinizle ne kadar ilgilisiniz?<\/strong><\/p>\n<p style=\"text-align: justify\">\u0130lgiliyim. Ara\u015ft\u0131r\u0131r\u0131m. K\u00f6klerimle ilgili her kar\u015f\u0131la\u015ft\u0131\u011f\u0131m \u015feylerde \u015fa\u015f\u0131r\u0131yorum ve bu benim ho\u015fuma gidiyor.<\/p>\n<p style=\"text-align: justify\"><strong>Ermenilerin i\u00e7inde bulundu\u011fu s\u00fcreci nas\u0131l yorumluyorsunuz? Etkileniyor musunuz?<\/strong><\/p>\n<p style=\"text-align: justify\">Etkileniyorum ve tedirgin oluyorum. Bu kadar fazla k\u00f6k meselesinin konu\u015fuluyor olmas\u0131, dillerin ve dinlerin yarg\u0131lan\u0131r bir \u015fekilde de\u015fifre edilmesi tedirginlik verici. Asl\u0131nda sokakta bir problem olmad\u0131\u011f\u0131 inanc\u0131nday\u0131m. Siyasi olarak yarat\u0131lm\u0131\u015f problemler medya gibi bir a\u011f ile topluma sunuldu\u011fu zaman etkili oluyor.<\/p>\n<p style=\"text-align: justify\"><strong>Siz olumsuz muameleler ile kar\u015f\u0131la\u015ft\u0131n\u0131z m\u0131? <\/strong><\/p>\n<p style=\"text-align: justify\">Kendi \u00e7evremde hi\u00e7 kar\u015f\u0131la\u015fm\u0131yorum. Sanat \u00e7evresine bakt\u0131\u011f\u0131n\u0131zda evrensel d\u00fc\u015f\u00fcnen insanlar var. Ama internet ortam\u0131nda, alb\u00fcm\u00fc \u00e7\u0131kart\u0131p kimli\u011fim de\u015fifre olduktan sonra yorumlar \u00e7\u0131kt\u0131. Tabii ki bu ho\u015f kar\u015f\u0131lanacak bir durum de\u011fil. Ne soyunuz kal\u0131yor ne sopunuz.<\/p>\n<p style=\"text-align: justify\"><strong>Be\u015f y\u0131l i\u00e7inde ne t\u00fcr \u015feyler geldi ba\u015f\u0131n\u0131za?<\/strong><\/p>\n<p style=\"text-align: justify\">\u0130lk ba\u015fta yap\u0131lan negatif, a\u015f\u0131r\u0131 s\u00f6ylemlerin zaman i\u00e7erisinde ortadan kayboldu\u011funu ve daha \u0131l\u0131manla\u015ft\u0131\u011f\u0131n\u0131 g\u00f6rd\u00fcm. Demek ki buna bir faydam dokunmu\u015f. K\u00f6klerim konusunda bana k\u00f6t\u00fc yaz\u0131lar yazan ki\u015fileri de\u011fi\u015ftirdim.<\/p>\n<p style=\"text-align: justify\"><strong>Siz en \u00e7ok \u00f6nyarg\u0131lardan m\u0131 rahats\u0131z oluyorsunuz?<\/strong><\/p>\n<p style=\"text-align: justify\">Evet. Olmad\u0131\u011f\u0131n\u0131z \u015fekliyle yarg\u0131lanman\u0131z. Devaml\u0131 bunun aksini anlatmak i\u00e7in u\u011fru\u015f\u0131yorsunuz ve misyon ediniyorsunuz. Halbuki misyon sahibi olmak zorunda de\u011filsiniz.<\/p>\n<p style=\"text-align: justify\"><strong>A\u011f\u0131r de\u011fil mi?<\/strong><\/p>\n<p style=\"text-align: justify\">Duruma g\u00f6re a\u011f\u0131r oluyor. \u00c7\u00fcnk\u00fc u\u011fra\u015fmak zorunda oldu\u011funuz \u00e7ok \u015fey var. Sadece m\u00fczik yapm\u0131yorum. Konular\u0131 anlatmak zorunda kal\u0131yorum. Hemde tekrar tekrar.<\/p>\n<p style=\"text-align: justify\"><strong>Ba\u015fkalar\u0131 sizi &#8216;\u00d6teki&#8217;le\u015ftirirken siz ne yap\u0131yorsunuz? Umursam\u0131yor musunuz?<\/strong><\/p>\n<p style=\"text-align: justify\">Hay\u0131r, aksine umursuyorum. Bu konular umursanmad\u0131k\u00e7a kar\u015f\u0131 taraf daha da b\u00fcy\u00fct\u00fcyor. Demek ki umursamam\u0131z gerekiyor. Bunu yok etmenin yollar\u0131n\u0131 arayaca\u011f\u0131z.<\/p>\n<p style=\"text-align: justify\"><strong>B\u00f6yle bir durumun avantajlar\u0131 var m\u0131?<\/strong><\/p>\n<p style=\"text-align: justify\">Tabii. \u00d6nce &#8216;k\u00f6t\u00fc&#8217; dedi\u011finiz bir \u015feyi daha sonra &#8216;iyi&#8217; diyorsan\u0131z onun pe\u015fini b\u0131rakmazs\u0131n\u0131z. Benim stratejim bu. Hayat\u0131m boyunca da \u00f6yle oldu. \u0130nsanlar \u00f6nce beni yad\u0131rg\u0131yor sonra kabul ediyor. Hemen sevilmemek gerekiyor. \u00c7\u00fcnk\u00fc \u00e7abuk sevdi\u011finiz zaman i\u00e7inde terk edebilme olas\u0131l\u0131\u011f\u0131n\u0131z var.<\/p>\n<p style=\"text-align: justify\"><strong>Bunun birebir \u00f6rne\u011fini ya\u015fad\u0131n\u0131z m\u0131 peki?<\/strong><\/p>\n<p style=\"text-align: justify\">Be\u015f y\u0131ld\u0131r konserlerde ve kulislerde kar\u015f\u0131la\u015ft\u0131\u011f\u0131m \u015fey bu. &#8220;Abi \u00f6nce seni sevmiyorduk&#8221; diyorlar. Bu gitti\u011fim programlarda da kar\u015f\u0131ma geldi. Sevgisizlik ile bu sevgiyi olu\u015fturdum.<\/p>\n<p style=\"text-align: justify\"><a href=\"http:\/\/yenisafak.com.tr\/\">Yeni \u015eafak<\/a>, 13.06.10<\/p>\n<p style=\"text-align: justify\">K\u0131salt\u0131lm\u0131\u015ft\u0131r. Yaz\u0131n\u0131n tamam\u0131n\u0131<\/p>\n<p style=\"text-align: justify\"><a href=\"http:\/\/yenisafak.com.tr\/Pazar\/?t=13.06.2010&amp;c=29&amp;i=262520\"><strong>http:\/\/yenisafak.com.tr\/Pazar\/?t=13.06.2010&amp;c=29&amp;i=262520<\/strong><\/a> adresinden okuyabilirsiniz.<\/p>\n","protected":false},"excerpt":{"rendered":"<p>(K\u0131salt\u0131lm\u0131\u015ft\u0131r) &#8220;\u0130lk ba\u015fta yap\u0131lan negatif, a\u015f\u0131r\u0131 s\u00f6ylemlerin zaman i\u00e7erisinde ortadan kayboldu\u011funu veya daha \u0131l\u0131manla\u015ft\u0131\u011f\u0131n\u0131 g\u00f6rd\u00fcm. Demek ki buna bir faydam dokunmu\u015f. K\u00f6klerim konusunda k\u00f6t\u00fc yaz\u0131lar yazan ki\u015fileri de\u011fi\u015ftirdim&#8221; diyen Hayko Cepkin: Hayko Cepkin be\u015f y\u0131ld\u0131r de\u011fi\u015fik sa\u00e7 rengi, garip makyaj\u0131, ilgin\u00e7 video klipleri, d\u00f6vmeleri ve ba\u011f\u0131rmas\u0131yla hayat\u0131m\u0131zda. K\u0131sa bir s\u00fcrede sa\u011flam hayran kitlesi yakalayan Cepkin&#8217;i [&hellip;]<\/p>\n","protected":false},"author":3,"featured_media":0,"comment_status":"closed","ping_status":"open","sticky":false,"template":"","format":"standard","meta":{"footnotes":""},"categories":[14],"tags":[],"class_list":["post-982","post","type-post","status-publish","format-standard","hentry","category-haberler"],"yoast_head":"<!-- This site is optimized with the Yoast SEO plugin v27.4 - https:\/\/yoast.com\/product\/yoast-seo-wordpress\/ -->\n<title>Ermeni kimli\u011fimle ilgili \u00f6nyarg\u0131lar\u0131 y\u0131kt\u0131m - Bati Ermenistan Ve Bati Ermenileri Sorunlari Ara\u015ftirmalar Merkezi<\/title>\n<meta name=\"robots\" content=\"index, follow, max-snippet:-1, max-image-preview:large, max-video-preview:-1\" \/>\n<link rel=\"canonical\" href=\"https:\/\/akunq.net\/turkish\/2010\/06\/14\/ermeni-kimligimle-ilgili-onyargilari-yiktim\/\" \/>\n<meta property=\"og:locale\" content=\"en_US\" \/>\n<meta property=\"og:type\" content=\"article\" \/>\n<meta property=\"og:title\" content=\"Ermeni kimli\u011fimle ilgili \u00f6nyarg\u0131lar\u0131 y\u0131kt\u0131m - Bati Ermenistan Ve Bati Ermenileri Sorunlari Ara\u015ftirmalar Merkezi\" \/>\n<meta property=\"og:description\" content=\"(K\u0131salt\u0131lm\u0131\u015ft\u0131r) &#8220;\u0130lk ba\u015fta yap\u0131lan negatif, a\u015f\u0131r\u0131 s\u00f6ylemlerin zaman i\u00e7erisinde ortadan kayboldu\u011funu veya daha \u0131l\u0131manla\u015ft\u0131\u011f\u0131n\u0131 g\u00f6rd\u00fcm. Demek ki buna bir faydam dokunmu\u015f. K\u00f6klerim konusunda k\u00f6t\u00fc yaz\u0131lar yazan ki\u015fileri de\u011fi\u015ftirdim&#8221; diyen Hayko Cepkin: Hayko Cepkin be\u015f y\u0131ld\u0131r de\u011fi\u015fik sa\u00e7 rengi, garip makyaj\u0131, ilgin\u00e7 video klipleri, d\u00f6vmeleri ve ba\u011f\u0131rmas\u0131yla hayat\u0131m\u0131zda. K\u0131sa bir s\u00fcrede sa\u011flam hayran kitlesi yakalayan Cepkin&#8217;i [&hellip;]\" \/>\n<meta property=\"og:url\" content=\"https:\/\/akunq.net\/turkish\/2010\/06\/14\/ermeni-kimligimle-ilgili-onyargilari-yiktim\/\" \/>\n<meta property=\"og:site_name\" content=\"Bati Ermenistan Ve Bati Ermenileri Sorunlari Ara\u015ftirmalar Merkezi\" \/>\n<meta property=\"article:published_time\" content=\"2010-06-14T12:37:10+00:00\" \/>\n<meta property=\"og:image\" content=\"https:\/\/akunq.net\/turkish\/wp-content\/uploads\/sites\/5\/2010\/06\/Hayko-Cepkin.jpg\" \/>\n\t<meta property=\"og:image:width\" content=\"400\" \/>\n\t<meta property=\"og:image:height\" content=\"300\" \/>\n\t<meta property=\"og:image:type\" content=\"image\/jpeg\" \/>\n<meta name=\"author\" content=\"kalem\" \/>\n<meta name=\"twitter:card\" content=\"summary_large_image\" \/>\n<meta name=\"twitter:label1\" content=\"Written by\" \/>\n\t<meta name=\"twitter:data1\" content=\"kalem\" \/>\n\t<meta name=\"twitter:label2\" content=\"Est. reading time\" \/>\n\t<meta name=\"twitter:data2\" content=\"3 minutes\" \/>\n<script type=\"application\/ld+json\" class=\"yoast-schema-graph\">{\"@context\":\"https:\\\/\\\/schema.org\",\"@graph\":[{\"@type\":\"Article\",\"@id\":\"https:\\\/\\\/akunq.net\\\/turkish\\\/2010\\\/06\\\/14\\\/ermeni-kimligimle-ilgili-onyargilari-yiktim\\\/#article\",\"isPartOf\":{\"@id\":\"https:\\\/\\\/akunq.net\\\/turkish\\\/2010\\\/06\\\/14\\\/ermeni-kimligimle-ilgili-onyargilari-yiktim\\\/\"},\"author\":{\"name\":\"kalem\",\"@id\":\"https:\\\/\\\/akunq.net\\\/turkish\\\/#\\\/schema\\\/person\\\/135e7923d1aeb8887890799619969a6c\"},\"headline\":\"Ermeni kimli\u011fimle ilgili \u00f6nyarg\u0131lar\u0131 y\u0131kt\u0131m\",\"datePublished\":\"2010-06-14T12:37:10+00:00\",\"mainEntityOfPage\":{\"@id\":\"https:\\\/\\\/akunq.net\\\/turkish\\\/2010\\\/06\\\/14\\\/ermeni-kimligimle-ilgili-onyargilari-yiktim\\\/\"},\"wordCount\":654,\"image\":{\"@id\":\"https:\\\/\\\/akunq.net\\\/turkish\\\/2010\\\/06\\\/14\\\/ermeni-kimligimle-ilgili-onyargilari-yiktim\\\/#primaryimage\"},\"thumbnailUrl\":\"http:\\\/\\\/akunq.net\\\/tr\\\/wp-content\\\/uploads\\\/2010\\\/06\\\/Hayko-Cepkin.jpg\",\"articleSection\":[\"Haberler\"],\"inLanguage\":\"en-US\"},{\"@type\":\"WebPage\",\"@id\":\"https:\\\/\\\/akunq.net\\\/turkish\\\/2010\\\/06\\\/14\\\/ermeni-kimligimle-ilgili-onyargilari-yiktim\\\/\",\"url\":\"https:\\\/\\\/akunq.net\\\/turkish\\\/2010\\\/06\\\/14\\\/ermeni-kimligimle-ilgili-onyargilari-yiktim\\\/\",\"name\":\"Ermeni kimli\u011fimle ilgili \u00f6nyarg\u0131lar\u0131 y\u0131kt\u0131m - Bati Ermenistan Ve Bati Ermenileri Sorunlari Ara\u015ftirmalar Merkezi\",\"isPartOf\":{\"@id\":\"https:\\\/\\\/akunq.net\\\/turkish\\\/#website\"},\"primaryImageOfPage\":{\"@id\":\"https:\\\/\\\/akunq.net\\\/turkish\\\/2010\\\/06\\\/14\\\/ermeni-kimligimle-ilgili-onyargilari-yiktim\\\/#primaryimage\"},\"image\":{\"@id\":\"https:\\\/\\\/akunq.net\\\/turkish\\\/2010\\\/06\\\/14\\\/ermeni-kimligimle-ilgili-onyargilari-yiktim\\\/#primaryimage\"},\"thumbnailUrl\":\"http:\\\/\\\/akunq.net\\\/tr\\\/wp-content\\\/uploads\\\/2010\\\/06\\\/Hayko-Cepkin.jpg\",\"datePublished\":\"2010-06-14T12:37:10+00:00\",\"author\":{\"@id\":\"https:\\\/\\\/akunq.net\\\/turkish\\\/#\\\/schema\\\/person\\\/135e7923d1aeb8887890799619969a6c\"},\"breadcrumb\":{\"@id\":\"https:\\\/\\\/akunq.net\\\/turkish\\\/2010\\\/06\\\/14\\\/ermeni-kimligimle-ilgili-onyargilari-yiktim\\\/#breadcrumb\"},\"inLanguage\":\"en-US\",\"potentialAction\":[{\"@type\":\"ReadAction\",\"target\":[\"https:\\\/\\\/akunq.net\\\/turkish\\\/2010\\\/06\\\/14\\\/ermeni-kimligimle-ilgili-onyargilari-yiktim\\\/\"]}]},{\"@type\":\"ImageObject\",\"inLanguage\":\"en-US\",\"@id\":\"https:\\\/\\\/akunq.net\\\/turkish\\\/2010\\\/06\\\/14\\\/ermeni-kimligimle-ilgili-onyargilari-yiktim\\\/#primaryimage\",\"url\":\"http:\\\/\\\/akunq.net\\\/tr\\\/wp-content\\\/uploads\\\/2010\\\/06\\\/Hayko-Cepkin.jpg\",\"contentUrl\":\"http:\\\/\\\/akunq.net\\\/tr\\\/wp-content\\\/uploads\\\/2010\\\/06\\\/Hayko-Cepkin.jpg\"},{\"@type\":\"BreadcrumbList\",\"@id\":\"https:\\\/\\\/akunq.net\\\/turkish\\\/2010\\\/06\\\/14\\\/ermeni-kimligimle-ilgili-onyargilari-yiktim\\\/#breadcrumb\",\"itemListElement\":[{\"@type\":\"ListItem\",\"position\":1,\"name\":\"Home\",\"item\":\"https:\\\/\\\/akunq.net\\\/turkish\\\/\"},{\"@type\":\"ListItem\",\"position\":2,\"name\":\"Ermeni kimli\u011fimle ilgili \u00f6nyarg\u0131lar\u0131 y\u0131kt\u0131m\"}]},{\"@type\":\"WebSite\",\"@id\":\"https:\\\/\\\/akunq.net\\\/turkish\\\/#website\",\"url\":\"https:\\\/\\\/akunq.net\\\/turkish\\\/\",\"name\":\"Bati Ermenistan Ve Bati Ermenileri Sorunlari Ara\u015ftirmalar Merkezi\",\"description\":\"\",\"potentialAction\":[{\"@type\":\"SearchAction\",\"target\":{\"@type\":\"EntryPoint\",\"urlTemplate\":\"https:\\\/\\\/akunq.net\\\/turkish\\\/?s={search_term_string}\"},\"query-input\":{\"@type\":\"PropertyValueSpecification\",\"valueRequired\":true,\"valueName\":\"search_term_string\"}}],\"inLanguage\":\"en-US\"},{\"@type\":\"Person\",\"@id\":\"https:\\\/\\\/akunq.net\\\/turkish\\\/#\\\/schema\\\/person\\\/135e7923d1aeb8887890799619969a6c\",\"name\":\"kalem\",\"image\":{\"@type\":\"ImageObject\",\"inLanguage\":\"en-US\",\"@id\":\"https:\\\/\\\/secure.gravatar.com\\\/avatar\\\/a06875e4b25feb5674296adf8e8a7ae1e587cebce2493fe63c456109967e27d3?s=96&d=mm&r=g\",\"url\":\"https:\\\/\\\/secure.gravatar.com\\\/avatar\\\/a06875e4b25feb5674296adf8e8a7ae1e587cebce2493fe63c456109967e27d3?s=96&d=mm&r=g\",\"contentUrl\":\"https:\\\/\\\/secure.gravatar.com\\\/avatar\\\/a06875e4b25feb5674296adf8e8a7ae1e587cebce2493fe63c456109967e27d3?s=96&d=mm&r=g\",\"caption\":\"kalem\"},\"url\":\"https:\\\/\\\/akunq.net\\\/turkish\\\/author\\\/kalem\\\/\"}]}<\/script>\n<!-- \/ Yoast SEO plugin. -->","yoast_head_json":{"title":"Ermeni kimli\u011fimle ilgili \u00f6nyarg\u0131lar\u0131 y\u0131kt\u0131m - Bati Ermenistan Ve Bati Ermenileri Sorunlari Ara\u015ftirmalar Merkezi","robots":{"index":"index","follow":"follow","max-snippet":"max-snippet:-1","max-image-preview":"max-image-preview:large","max-video-preview":"max-video-preview:-1"},"canonical":"https:\/\/akunq.net\/turkish\/2010\/06\/14\/ermeni-kimligimle-ilgili-onyargilari-yiktim\/","og_locale":"en_US","og_type":"article","og_title":"Ermeni kimli\u011fimle ilgili \u00f6nyarg\u0131lar\u0131 y\u0131kt\u0131m - Bati Ermenistan Ve Bati Ermenileri Sorunlari Ara\u015ftirmalar Merkezi","og_description":"(K\u0131salt\u0131lm\u0131\u015ft\u0131r) &#8220;\u0130lk ba\u015fta yap\u0131lan negatif, a\u015f\u0131r\u0131 s\u00f6ylemlerin zaman i\u00e7erisinde ortadan kayboldu\u011funu veya daha \u0131l\u0131manla\u015ft\u0131\u011f\u0131n\u0131 g\u00f6rd\u00fcm. Demek ki buna bir faydam dokunmu\u015f. K\u00f6klerim konusunda k\u00f6t\u00fc yaz\u0131lar yazan ki\u015fileri de\u011fi\u015ftirdim&#8221; diyen Hayko Cepkin: Hayko Cepkin be\u015f y\u0131ld\u0131r de\u011fi\u015fik sa\u00e7 rengi, garip makyaj\u0131, ilgin\u00e7 video klipleri, d\u00f6vmeleri ve ba\u011f\u0131rmas\u0131yla hayat\u0131m\u0131zda. K\u0131sa bir s\u00fcrede sa\u011flam hayran kitlesi yakalayan Cepkin&#8217;i [&hellip;]","og_url":"https:\/\/akunq.net\/turkish\/2010\/06\/14\/ermeni-kimligimle-ilgili-onyargilari-yiktim\/","og_site_name":"Bati Ermenistan Ve Bati Ermenileri Sorunlari Ara\u015ftirmalar Merkezi","article_published_time":"2010-06-14T12:37:10+00:00","og_image":[{"width":400,"height":300,"url":"https:\/\/akunq.net\/turkish\/wp-content\/uploads\/sites\/5\/2010\/06\/Hayko-Cepkin.jpg","type":"image\/jpeg"}],"author":"kalem","twitter_card":"summary_large_image","twitter_misc":{"Written by":"kalem","Est. reading time":"3 minutes"},"schema":{"@context":"https:\/\/schema.org","@graph":[{"@type":"Article","@id":"https:\/\/akunq.net\/turkish\/2010\/06\/14\/ermeni-kimligimle-ilgili-onyargilari-yiktim\/#article","isPartOf":{"@id":"https:\/\/akunq.net\/turkish\/2010\/06\/14\/ermeni-kimligimle-ilgili-onyargilari-yiktim\/"},"author":{"name":"kalem","@id":"https:\/\/akunq.net\/turkish\/#\/schema\/person\/135e7923d1aeb8887890799619969a6c"},"headline":"Ermeni kimli\u011fimle ilgili \u00f6nyarg\u0131lar\u0131 y\u0131kt\u0131m","datePublished":"2010-06-14T12:37:10+00:00","mainEntityOfPage":{"@id":"https:\/\/akunq.net\/turkish\/2010\/06\/14\/ermeni-kimligimle-ilgili-onyargilari-yiktim\/"},"wordCount":654,"image":{"@id":"https:\/\/akunq.net\/turkish\/2010\/06\/14\/ermeni-kimligimle-ilgili-onyargilari-yiktim\/#primaryimage"},"thumbnailUrl":"http:\/\/akunq.net\/tr\/wp-content\/uploads\/2010\/06\/Hayko-Cepkin.jpg","articleSection":["Haberler"],"inLanguage":"en-US"},{"@type":"WebPage","@id":"https:\/\/akunq.net\/turkish\/2010\/06\/14\/ermeni-kimligimle-ilgili-onyargilari-yiktim\/","url":"https:\/\/akunq.net\/turkish\/2010\/06\/14\/ermeni-kimligimle-ilgili-onyargilari-yiktim\/","name":"Ermeni kimli\u011fimle ilgili \u00f6nyarg\u0131lar\u0131 y\u0131kt\u0131m - Bati Ermenistan Ve Bati Ermenileri Sorunlari Ara\u015ftirmalar Merkezi","isPartOf":{"@id":"https:\/\/akunq.net\/turkish\/#website"},"primaryImageOfPage":{"@id":"https:\/\/akunq.net\/turkish\/2010\/06\/14\/ermeni-kimligimle-ilgili-onyargilari-yiktim\/#primaryimage"},"image":{"@id":"https:\/\/akunq.net\/turkish\/2010\/06\/14\/ermeni-kimligimle-ilgili-onyargilari-yiktim\/#primaryimage"},"thumbnailUrl":"http:\/\/akunq.net\/tr\/wp-content\/uploads\/2010\/06\/Hayko-Cepkin.jpg","datePublished":"2010-06-14T12:37:10+00:00","author":{"@id":"https:\/\/akunq.net\/turkish\/#\/schema\/person\/135e7923d1aeb8887890799619969a6c"},"breadcrumb":{"@id":"https:\/\/akunq.net\/turkish\/2010\/06\/14\/ermeni-kimligimle-ilgili-onyargilari-yiktim\/#breadcrumb"},"inLanguage":"en-US","potentialAction":[{"@type":"ReadAction","target":["https:\/\/akunq.net\/turkish\/2010\/06\/14\/ermeni-kimligimle-ilgili-onyargilari-yiktim\/"]}]},{"@type":"ImageObject","inLanguage":"en-US","@id":"https:\/\/akunq.net\/turkish\/2010\/06\/14\/ermeni-kimligimle-ilgili-onyargilari-yiktim\/#primaryimage","url":"http:\/\/akunq.net\/tr\/wp-content\/uploads\/2010\/06\/Hayko-Cepkin.jpg","contentUrl":"http:\/\/akunq.net\/tr\/wp-content\/uploads\/2010\/06\/Hayko-Cepkin.jpg"},{"@type":"BreadcrumbList","@id":"https:\/\/akunq.net\/turkish\/2010\/06\/14\/ermeni-kimligimle-ilgili-onyargilari-yiktim\/#breadcrumb","itemListElement":[{"@type":"ListItem","position":1,"name":"Home","item":"https:\/\/akunq.net\/turkish\/"},{"@type":"ListItem","position":2,"name":"Ermeni kimli\u011fimle ilgili \u00f6nyarg\u0131lar\u0131 y\u0131kt\u0131m"}]},{"@type":"WebSite","@id":"https:\/\/akunq.net\/turkish\/#website","url":"https:\/\/akunq.net\/turkish\/","name":"Bati Ermenistan Ve Bati Ermenileri Sorunlari Ara\u015ftirmalar Merkezi","description":"","potentialAction":[{"@type":"SearchAction","target":{"@type":"EntryPoint","urlTemplate":"https:\/\/akunq.net\/turkish\/?s={search_term_string}"},"query-input":{"@type":"PropertyValueSpecification","valueRequired":true,"valueName":"search_term_string"}}],"inLanguage":"en-US"},{"@type":"Person","@id":"https:\/\/akunq.net\/turkish\/#\/schema\/person\/135e7923d1aeb8887890799619969a6c","name":"kalem","image":{"@type":"ImageObject","inLanguage":"en-US","@id":"https:\/\/secure.gravatar.com\/avatar\/a06875e4b25feb5674296adf8e8a7ae1e587cebce2493fe63c456109967e27d3?s=96&d=mm&r=g","url":"https:\/\/secure.gravatar.com\/avatar\/a06875e4b25feb5674296adf8e8a7ae1e587cebce2493fe63c456109967e27d3?s=96&d=mm&r=g","contentUrl":"https:\/\/secure.gravatar.com\/avatar\/a06875e4b25feb5674296adf8e8a7ae1e587cebce2493fe63c456109967e27d3?s=96&d=mm&r=g","caption":"kalem"},"url":"https:\/\/akunq.net\/turkish\/author\/kalem\/"}]}},"_links":{"self":[{"href":"https:\/\/akunq.net\/turkish\/wp-json\/wp\/v2\/posts\/982","targetHints":{"allow":["GET"]}}],"collection":[{"href":"https:\/\/akunq.net\/turkish\/wp-json\/wp\/v2\/posts"}],"about":[{"href":"https:\/\/akunq.net\/turkish\/wp-json\/wp\/v2\/types\/post"}],"author":[{"embeddable":true,"href":"https:\/\/akunq.net\/turkish\/wp-json\/wp\/v2\/users\/3"}],"replies":[{"embeddable":true,"href":"https:\/\/akunq.net\/turkish\/wp-json\/wp\/v2\/comments?post=982"}],"version-history":[{"count":0,"href":"https:\/\/akunq.net\/turkish\/wp-json\/wp\/v2\/posts\/982\/revisions"}],"wp:attachment":[{"href":"https:\/\/akunq.net\/turkish\/wp-json\/wp\/v2\/media?parent=982"}],"wp:term":[{"taxonomy":"category","embeddable":true,"href":"https:\/\/akunq.net\/turkish\/wp-json\/wp\/v2\/categories?post=982"},{"taxonomy":"post_tag","embeddable":true,"href":"https:\/\/akunq.net\/turkish\/wp-json\/wp\/v2\/tags?post=982"}],"curies":[{"name":"wp","href":"https:\/\/api.w.org\/{rel}","templated":true}]}}