{"id":978,"date":"2010-06-14T04:13:21","date_gmt":"2010-06-14T09:13:21","guid":{"rendered":"http:\/\/akunq.net\/tr\/?p=978"},"modified":"2010-06-14T04:13:21","modified_gmt":"2010-06-14T09:13:21","slug":"rakel-dink-turkiyede-sorulacak-cok-sey-var","status":"publish","type":"post","link":"https:\/\/akunq.net\/turkish\/2010\/06\/14\/rakel-dink-turkiyede-sorulacak-cok-sey-var\/","title":{"rendered":"Rakel Dink: T\u00fcrkiye&#8217;de sorulacak \u00e7ok \u015fey var"},"content":{"rendered":"<p style=\"text-align: justify\">Uluslararas\u0131 Hrant Dink Vakf\u0131\u2019n\u0131n d\u00fczenledi\u011fi \u201cOsmanl\u0131 \u0130mparatorlu\u011fu ve T\u00fcrkiye\u2019de K\u00fclt\u00fcrel Etkile\u015fimler Sempozyumu\u201d \u0130stanbul Bilgi \u00dcniversitesi Dolapdere Kamp\u00fcs\u00fc\u2019nde ba\u015flad\u0131. \u0130ki g\u00fcn s\u00fcrecek sempozyumun ilk g\u00fcn\u00fcne Amerika\u2019dan Ermenistan\u2019a, \u0130talya\u2019dan \u0130ngiltere\u2019ye bir\u00e7ok akademisyen ve yazar kat\u0131ld\u0131. A\u00e7\u0131l\u0131\u015f konu\u015fmas\u0131n\u0131 yapan Prof. Dr Cengiz Aktar, \u201cArkeolojik \u00e7al\u0131\u015fma yapar gibi, iki g\u00fcn boyunca, yap\u0131lan incelikli ara\u015ft\u0131rmalar\u0131n izlenece\u011fini\u201d s\u00f6yledi.<\/p>\n<p style=\"text-align: justify\">Sempozuma dair g\u00f6r\u00fc\u015ft\u00fc\u011f\u00fcm\u00fcz Gazeteci-yazar Hrant Dink\u2019in e\u015fi Rakel Dink ise \u201cT\u00fcrkiye\u2019de daha \u00e7ok \u015fey konu\u015fulmal\u0131, sorulmal\u0131 ve dinlenmeli\u201d dedi.<\/p>\n<p style=\"text-align: justify\"><strong><em>\u2018TRAVMALAR A\u015eILMALI\u2019 <\/em><\/strong><\/p>\n<p style=\"text-align: justify\">Venedik\u2019teki Ca\u2019Foscari \u00dcniversitesi\u2019nden gelen Ermeni akademisyen Bo\u011fos Levon Zakiyan, \u201c\u0130stanbul\u2019da do\u011fup b\u00fcy\u00fcd\u00fc\u011f\u00fcm yer harap durumda. Hi\u00e7 g\u00f6rmedi\u011fim anne ve babam burada bizimle beraber\u201d diye ba\u015flad\u0131\u011f\u0131 konu\u015fmas\u0131n\u0131 \u015f\u00f6yle s\u00fcrd\u00fcrd\u00fc: \u201cHepimiz Hrant\u2019\u0131n \u00f6ld\u00fcr\u00fcld\u00fc\u011f\u00fc o trajik zaman\u0131n fark\u0131na varamad\u0131k. Belki de zamana ihtiyac\u0131m\u0131z var.\u201d T\u00fcrkler ve Ermenilerin derin bir travma i\u00e7inde oldu\u011funu s\u00f6yleyen Zekiyan, \u201c\u0130li\u015fkilerin \u00e7\u00f6z\u00fcm\u00fc olanak d\u0131\u015f\u0131 de\u011fildir. Ermenilerin 1915 ve T\u00fcrklerin Sevr paranoyas\u0131 da bu travman\u0131n i\u00e7indedir. \u00c7\u00f6z\u00fcm\u00fcn \u00f6nko\u015fulu travmalar\u0131n a\u015f\u0131lmas\u0131d\u0131r\u201d dedi.<\/p>\n<p style=\"text-align: justify\">Michigan \u00dcniversitesi\u2019nden Kevork Bardakjian \u201cOrta\u00e7a\u011f Ermeni \u015fiirinde Osmanl\u0131 ve Pers etkisi g\u00f6r\u00fcl\u00fcyor. Tasavvuf da etkili. Ermeni Ulusal Destan\u0131 ve Dede korkut aras\u0131nda benzerlikler ara\u015ft\u0131r\u0131lmal\u0131. K\u00f6ro\u011flu Ermeniler aras\u0131nda da tan\u0131n\u0131yor. Birbirinden co\u011frafi olarak uzak b\u00f6lgelerde ayn\u0131 konular\u0131n olmas\u0131 ilgin\u00e7\u201d dedi.<\/p>\n<p style=\"text-align: justify\">Berberyan Kumpanyas\u0131 ad\u0131na konu\u015fan Bo\u011fos \u00c7alg\u0131c\u0131 ise \u201cT\u00fcrk tiyatrosuna G\u00fcll\u00fc Agop\u2019tan sonra ikinci b\u00fcy\u00fck hizmeti yapan Mardiros M\u0131nakyan\u2019\u0131\u201d tan\u0131tt\u0131. 1915\u2019te tehcir edilen Ermeni kafilelerini foto\u011fraf\u00e7\u0131lar ve misyonerlerin izlemesi yasakt\u0131\u201d diyen Tayfun Sertta\u015f ise Osmanl\u0131\u2019da ilk foto\u011fraf at\u00f6lyesine ve erken d\u00f6nem foto\u011fraflar\u0131na de\u011findi.<\/p>\n<p style=\"text-align: justify\"><strong><em>Pandoran\u0131n kutusu a\u00e7\u0131ld\u0131<\/em><\/strong><\/p>\n<p style=\"text-align: justify\">Cengiz Aktar:T\u00fcrkiye, \u00f6\u011frenim s\u00fcrecinden ge\u00e7iyor. Biz bu meselelerden haberdar de\u011filiz. \u00dcst\u00fcnk\u00f6r\u00fc biliyoruz, ayr\u0131nt\u0131larla hi\u00e7 i\u015fimiz yok. Osmanl\u0131 d\u00f6neminde i\u015flerin \u00e7o\u011fu birlikte yap\u0131l\u0131yordu. T\u00fcrkl\u00fck K\u00fcrtl\u00fck de\u011fil bir Osmanl\u0131l\u0131k vard\u0131. Ulusla\u015fma d\u00f6nemi her \u015feyi berbat etti ve 100 y\u0131l sonra biz Osmanl\u0131\u2019da ya\u015fam\u0131 yeniden ke\u015ffediyoruz. T\u00fcrkiye\u2019de art\u0131k pandoran\u0131n kutular\u0131 a\u00e7\u0131ld\u0131. Neredeyse arkeolojik \u00e7al\u0131\u015fma titizli\u011finde bir i\u015f bu.<\/p>\n<p style=\"text-align: justify\">Bo\u011fos \u00c7alg\u0131c\u0131: Faaliyetleri ge\u00e7 kal\u0131nm\u0131\u015f olarak g\u00f6r\u00fcyorum. Ta\u015flar yerine oturacak ama 90 y\u0131ld\u0131r inkar edilen bir olay\u0131n kabul edilebilmesi i\u00e7in epey zaman laz\u0131m. Bu t\u00fcr etkinlikler halka inmeli. Halk ne kadar yak\u0131nla\u015f\u0131rsa yak\u0131nla\u015fs\u0131n, devlet b\u00fcy\u00fcklerinin birtak\u0131m \u00e7\u0131karlar u\u011fruna kararlar\u0131, i\u015fin \u00e7\u00f6z\u00fcme ula\u015f\u0131p ula\u015fmayaca\u011f\u0131n\u0131 belirleyecek.<\/p>\n<p style=\"text-align: justify\"><strong><em>\u015eULE YILDIRIM, <\/em><\/strong><strong><em>birgun.net, 13.06.2010<\/em><\/strong><strong><em><\/em><\/strong><\/p>\n","protected":false},"excerpt":{"rendered":"<p>Uluslararas\u0131 Hrant Dink Vakf\u0131\u2019n\u0131n d\u00fczenledi\u011fi \u201cOsmanl\u0131 \u0130mparatorlu\u011fu ve T\u00fcrkiye\u2019de K\u00fclt\u00fcrel Etkile\u015fimler Sempozyumu\u201d \u0130stanbul Bilgi \u00dcniversitesi Dolapdere Kamp\u00fcs\u00fc\u2019nde ba\u015flad\u0131. \u0130ki g\u00fcn s\u00fcrecek sempozyumun ilk g\u00fcn\u00fcne Amerika\u2019dan Ermenistan\u2019a, \u0130talya\u2019dan \u0130ngiltere\u2019ye bir\u00e7ok akademisyen ve yazar kat\u0131ld\u0131. A\u00e7\u0131l\u0131\u015f konu\u015fmas\u0131n\u0131 yapan Prof. Dr Cengiz Aktar, \u201cArkeolojik \u00e7al\u0131\u015fma yapar gibi, iki g\u00fcn boyunca, yap\u0131lan incelikli ara\u015ft\u0131rmalar\u0131n izlenece\u011fini\u201d s\u00f6yledi. Sempozuma dair g\u00f6r\u00fc\u015ft\u00fc\u011f\u00fcm\u00fcz [&hellip;]<\/p>\n","protected":false},"author":3,"featured_media":0,"comment_status":"closed","ping_status":"open","sticky":false,"template":"","format":"standard","meta":{"footnotes":""},"categories":[14],"tags":[],"class_list":["post-978","post","type-post","status-publish","format-standard","hentry","category-haberler"],"yoast_head":"<!-- This site is optimized with the Yoast SEO plugin v27.4 - https:\/\/yoast.com\/product\/yoast-seo-wordpress\/ -->\n<title>Rakel Dink: T\u00fcrkiye&#039;de sorulacak \u00e7ok \u015fey var - Bati Ermenistan Ve Bati Ermenileri Sorunlari Ara\u015ftirmalar Merkezi<\/title>\n<meta name=\"robots\" content=\"index, follow, max-snippet:-1, max-image-preview:large, max-video-preview:-1\" \/>\n<link rel=\"canonical\" href=\"https:\/\/akunq.net\/turkish\/2010\/06\/14\/rakel-dink-turkiyede-sorulacak-cok-sey-var\/\" \/>\n<meta property=\"og:locale\" content=\"en_US\" \/>\n<meta property=\"og:type\" content=\"article\" \/>\n<meta property=\"og:title\" content=\"Rakel Dink: T\u00fcrkiye&#039;de sorulacak \u00e7ok \u015fey var - Bati Ermenistan Ve Bati Ermenileri Sorunlari Ara\u015ftirmalar Merkezi\" \/>\n<meta property=\"og:description\" content=\"Uluslararas\u0131 Hrant Dink Vakf\u0131\u2019n\u0131n d\u00fczenledi\u011fi \u201cOsmanl\u0131 \u0130mparatorlu\u011fu ve T\u00fcrkiye\u2019de K\u00fclt\u00fcrel Etkile\u015fimler Sempozyumu\u201d \u0130stanbul Bilgi \u00dcniversitesi Dolapdere Kamp\u00fcs\u00fc\u2019nde ba\u015flad\u0131. \u0130ki g\u00fcn s\u00fcrecek sempozyumun ilk g\u00fcn\u00fcne Amerika\u2019dan Ermenistan\u2019a, \u0130talya\u2019dan \u0130ngiltere\u2019ye bir\u00e7ok akademisyen ve yazar kat\u0131ld\u0131. A\u00e7\u0131l\u0131\u015f konu\u015fmas\u0131n\u0131 yapan Prof. Dr Cengiz Aktar, \u201cArkeolojik \u00e7al\u0131\u015fma yapar gibi, iki g\u00fcn boyunca, yap\u0131lan incelikli ara\u015ft\u0131rmalar\u0131n izlenece\u011fini\u201d s\u00f6yledi. Sempozuma dair g\u00f6r\u00fc\u015ft\u00fc\u011f\u00fcm\u00fcz [&hellip;]\" \/>\n<meta property=\"og:url\" content=\"https:\/\/akunq.net\/turkish\/2010\/06\/14\/rakel-dink-turkiyede-sorulacak-cok-sey-var\/\" \/>\n<meta property=\"og:site_name\" content=\"Bati Ermenistan Ve Bati Ermenileri Sorunlari Ara\u015ftirmalar Merkezi\" \/>\n<meta property=\"article:published_time\" content=\"2010-06-14T09:13:21+00:00\" \/>\n<meta name=\"author\" content=\"kalem\" \/>\n<meta name=\"twitter:card\" content=\"summary_large_image\" \/>\n<meta name=\"twitter:label1\" content=\"Written by\" \/>\n\t<meta name=\"twitter:data1\" content=\"kalem\" \/>\n\t<meta name=\"twitter:label2\" content=\"Est. reading time\" \/>\n\t<meta name=\"twitter:data2\" content=\"3 minutes\" \/>\n<script type=\"application\/ld+json\" class=\"yoast-schema-graph\">{\"@context\":\"https:\\\/\\\/schema.org\",\"@graph\":[{\"@type\":\"Article\",\"@id\":\"https:\\\/\\\/akunq.net\\\/turkish\\\/2010\\\/06\\\/14\\\/rakel-dink-turkiyede-sorulacak-cok-sey-var\\\/#article\",\"isPartOf\":{\"@id\":\"https:\\\/\\\/akunq.net\\\/turkish\\\/2010\\\/06\\\/14\\\/rakel-dink-turkiyede-sorulacak-cok-sey-var\\\/\"},\"author\":{\"name\":\"kalem\",\"@id\":\"https:\\\/\\\/akunq.net\\\/turkish\\\/#\\\/schema\\\/person\\\/135e7923d1aeb8887890799619969a6c\"},\"headline\":\"Rakel Dink: T\u00fcrkiye&#8217;de sorulacak \u00e7ok \u015fey var\",\"datePublished\":\"2010-06-14T09:13:21+00:00\",\"mainEntityOfPage\":{\"@id\":\"https:\\\/\\\/akunq.net\\\/turkish\\\/2010\\\/06\\\/14\\\/rakel-dink-turkiyede-sorulacak-cok-sey-var\\\/\"},\"wordCount\":521,\"articleSection\":[\"Haberler\"],\"inLanguage\":\"en-US\"},{\"@type\":\"WebPage\",\"@id\":\"https:\\\/\\\/akunq.net\\\/turkish\\\/2010\\\/06\\\/14\\\/rakel-dink-turkiyede-sorulacak-cok-sey-var\\\/\",\"url\":\"https:\\\/\\\/akunq.net\\\/turkish\\\/2010\\\/06\\\/14\\\/rakel-dink-turkiyede-sorulacak-cok-sey-var\\\/\",\"name\":\"Rakel Dink: T\u00fcrkiye'de sorulacak \u00e7ok \u015fey var - Bati Ermenistan Ve Bati Ermenileri Sorunlari Ara\u015ftirmalar Merkezi\",\"isPartOf\":{\"@id\":\"https:\\\/\\\/akunq.net\\\/turkish\\\/#website\"},\"datePublished\":\"2010-06-14T09:13:21+00:00\",\"author\":{\"@id\":\"https:\\\/\\\/akunq.net\\\/turkish\\\/#\\\/schema\\\/person\\\/135e7923d1aeb8887890799619969a6c\"},\"breadcrumb\":{\"@id\":\"https:\\\/\\\/akunq.net\\\/turkish\\\/2010\\\/06\\\/14\\\/rakel-dink-turkiyede-sorulacak-cok-sey-var\\\/#breadcrumb\"},\"inLanguage\":\"en-US\",\"potentialAction\":[{\"@type\":\"ReadAction\",\"target\":[\"https:\\\/\\\/akunq.net\\\/turkish\\\/2010\\\/06\\\/14\\\/rakel-dink-turkiyede-sorulacak-cok-sey-var\\\/\"]}]},{\"@type\":\"BreadcrumbList\",\"@id\":\"https:\\\/\\\/akunq.net\\\/turkish\\\/2010\\\/06\\\/14\\\/rakel-dink-turkiyede-sorulacak-cok-sey-var\\\/#breadcrumb\",\"itemListElement\":[{\"@type\":\"ListItem\",\"position\":1,\"name\":\"Home\",\"item\":\"https:\\\/\\\/akunq.net\\\/turkish\\\/\"},{\"@type\":\"ListItem\",\"position\":2,\"name\":\"Rakel Dink: T\u00fcrkiye&#8217;de sorulacak \u00e7ok \u015fey var\"}]},{\"@type\":\"WebSite\",\"@id\":\"https:\\\/\\\/akunq.net\\\/turkish\\\/#website\",\"url\":\"https:\\\/\\\/akunq.net\\\/turkish\\\/\",\"name\":\"Bati Ermenistan Ve Bati Ermenileri Sorunlari Ara\u015ftirmalar Merkezi\",\"description\":\"\",\"potentialAction\":[{\"@type\":\"SearchAction\",\"target\":{\"@type\":\"EntryPoint\",\"urlTemplate\":\"https:\\\/\\\/akunq.net\\\/turkish\\\/?s={search_term_string}\"},\"query-input\":{\"@type\":\"PropertyValueSpecification\",\"valueRequired\":true,\"valueName\":\"search_term_string\"}}],\"inLanguage\":\"en-US\"},{\"@type\":\"Person\",\"@id\":\"https:\\\/\\\/akunq.net\\\/turkish\\\/#\\\/schema\\\/person\\\/135e7923d1aeb8887890799619969a6c\",\"name\":\"kalem\",\"image\":{\"@type\":\"ImageObject\",\"inLanguage\":\"en-US\",\"@id\":\"https:\\\/\\\/secure.gravatar.com\\\/avatar\\\/a06875e4b25feb5674296adf8e8a7ae1e587cebce2493fe63c456109967e27d3?s=96&d=mm&r=g\",\"url\":\"https:\\\/\\\/secure.gravatar.com\\\/avatar\\\/a06875e4b25feb5674296adf8e8a7ae1e587cebce2493fe63c456109967e27d3?s=96&d=mm&r=g\",\"contentUrl\":\"https:\\\/\\\/secure.gravatar.com\\\/avatar\\\/a06875e4b25feb5674296adf8e8a7ae1e587cebce2493fe63c456109967e27d3?s=96&d=mm&r=g\",\"caption\":\"kalem\"},\"url\":\"https:\\\/\\\/akunq.net\\\/turkish\\\/author\\\/kalem\\\/\"}]}<\/script>\n<!-- \/ Yoast SEO plugin. -->","yoast_head_json":{"title":"Rakel Dink: T\u00fcrkiye'de sorulacak \u00e7ok \u015fey var - Bati Ermenistan Ve Bati Ermenileri Sorunlari Ara\u015ftirmalar Merkezi","robots":{"index":"index","follow":"follow","max-snippet":"max-snippet:-1","max-image-preview":"max-image-preview:large","max-video-preview":"max-video-preview:-1"},"canonical":"https:\/\/akunq.net\/turkish\/2010\/06\/14\/rakel-dink-turkiyede-sorulacak-cok-sey-var\/","og_locale":"en_US","og_type":"article","og_title":"Rakel Dink: T\u00fcrkiye'de sorulacak \u00e7ok \u015fey var - Bati Ermenistan Ve Bati Ermenileri Sorunlari Ara\u015ftirmalar Merkezi","og_description":"Uluslararas\u0131 Hrant Dink Vakf\u0131\u2019n\u0131n d\u00fczenledi\u011fi \u201cOsmanl\u0131 \u0130mparatorlu\u011fu ve T\u00fcrkiye\u2019de K\u00fclt\u00fcrel Etkile\u015fimler Sempozyumu\u201d \u0130stanbul Bilgi \u00dcniversitesi Dolapdere Kamp\u00fcs\u00fc\u2019nde ba\u015flad\u0131. \u0130ki g\u00fcn s\u00fcrecek sempozyumun ilk g\u00fcn\u00fcne Amerika\u2019dan Ermenistan\u2019a, \u0130talya\u2019dan \u0130ngiltere\u2019ye bir\u00e7ok akademisyen ve yazar kat\u0131ld\u0131. A\u00e7\u0131l\u0131\u015f konu\u015fmas\u0131n\u0131 yapan Prof. Dr Cengiz Aktar, \u201cArkeolojik \u00e7al\u0131\u015fma yapar gibi, iki g\u00fcn boyunca, yap\u0131lan incelikli ara\u015ft\u0131rmalar\u0131n izlenece\u011fini\u201d s\u00f6yledi. Sempozuma dair g\u00f6r\u00fc\u015ft\u00fc\u011f\u00fcm\u00fcz [&hellip;]","og_url":"https:\/\/akunq.net\/turkish\/2010\/06\/14\/rakel-dink-turkiyede-sorulacak-cok-sey-var\/","og_site_name":"Bati Ermenistan Ve Bati Ermenileri Sorunlari Ara\u015ftirmalar Merkezi","article_published_time":"2010-06-14T09:13:21+00:00","author":"kalem","twitter_card":"summary_large_image","twitter_misc":{"Written by":"kalem","Est. reading time":"3 minutes"},"schema":{"@context":"https:\/\/schema.org","@graph":[{"@type":"Article","@id":"https:\/\/akunq.net\/turkish\/2010\/06\/14\/rakel-dink-turkiyede-sorulacak-cok-sey-var\/#article","isPartOf":{"@id":"https:\/\/akunq.net\/turkish\/2010\/06\/14\/rakel-dink-turkiyede-sorulacak-cok-sey-var\/"},"author":{"name":"kalem","@id":"https:\/\/akunq.net\/turkish\/#\/schema\/person\/135e7923d1aeb8887890799619969a6c"},"headline":"Rakel Dink: T\u00fcrkiye&#8217;de sorulacak \u00e7ok \u015fey var","datePublished":"2010-06-14T09:13:21+00:00","mainEntityOfPage":{"@id":"https:\/\/akunq.net\/turkish\/2010\/06\/14\/rakel-dink-turkiyede-sorulacak-cok-sey-var\/"},"wordCount":521,"articleSection":["Haberler"],"inLanguage":"en-US"},{"@type":"WebPage","@id":"https:\/\/akunq.net\/turkish\/2010\/06\/14\/rakel-dink-turkiyede-sorulacak-cok-sey-var\/","url":"https:\/\/akunq.net\/turkish\/2010\/06\/14\/rakel-dink-turkiyede-sorulacak-cok-sey-var\/","name":"Rakel Dink: T\u00fcrkiye'de sorulacak \u00e7ok \u015fey var - Bati Ermenistan Ve Bati Ermenileri Sorunlari Ara\u015ftirmalar Merkezi","isPartOf":{"@id":"https:\/\/akunq.net\/turkish\/#website"},"datePublished":"2010-06-14T09:13:21+00:00","author":{"@id":"https:\/\/akunq.net\/turkish\/#\/schema\/person\/135e7923d1aeb8887890799619969a6c"},"breadcrumb":{"@id":"https:\/\/akunq.net\/turkish\/2010\/06\/14\/rakel-dink-turkiyede-sorulacak-cok-sey-var\/#breadcrumb"},"inLanguage":"en-US","potentialAction":[{"@type":"ReadAction","target":["https:\/\/akunq.net\/turkish\/2010\/06\/14\/rakel-dink-turkiyede-sorulacak-cok-sey-var\/"]}]},{"@type":"BreadcrumbList","@id":"https:\/\/akunq.net\/turkish\/2010\/06\/14\/rakel-dink-turkiyede-sorulacak-cok-sey-var\/#breadcrumb","itemListElement":[{"@type":"ListItem","position":1,"name":"Home","item":"https:\/\/akunq.net\/turkish\/"},{"@type":"ListItem","position":2,"name":"Rakel Dink: T\u00fcrkiye&#8217;de sorulacak \u00e7ok \u015fey var"}]},{"@type":"WebSite","@id":"https:\/\/akunq.net\/turkish\/#website","url":"https:\/\/akunq.net\/turkish\/","name":"Bati Ermenistan Ve Bati Ermenileri Sorunlari Ara\u015ftirmalar Merkezi","description":"","potentialAction":[{"@type":"SearchAction","target":{"@type":"EntryPoint","urlTemplate":"https:\/\/akunq.net\/turkish\/?s={search_term_string}"},"query-input":{"@type":"PropertyValueSpecification","valueRequired":true,"valueName":"search_term_string"}}],"inLanguage":"en-US"},{"@type":"Person","@id":"https:\/\/akunq.net\/turkish\/#\/schema\/person\/135e7923d1aeb8887890799619969a6c","name":"kalem","image":{"@type":"ImageObject","inLanguage":"en-US","@id":"https:\/\/secure.gravatar.com\/avatar\/a06875e4b25feb5674296adf8e8a7ae1e587cebce2493fe63c456109967e27d3?s=96&d=mm&r=g","url":"https:\/\/secure.gravatar.com\/avatar\/a06875e4b25feb5674296adf8e8a7ae1e587cebce2493fe63c456109967e27d3?s=96&d=mm&r=g","contentUrl":"https:\/\/secure.gravatar.com\/avatar\/a06875e4b25feb5674296adf8e8a7ae1e587cebce2493fe63c456109967e27d3?s=96&d=mm&r=g","caption":"kalem"},"url":"https:\/\/akunq.net\/turkish\/author\/kalem\/"}]}},"_links":{"self":[{"href":"https:\/\/akunq.net\/turkish\/wp-json\/wp\/v2\/posts\/978","targetHints":{"allow":["GET"]}}],"collection":[{"href":"https:\/\/akunq.net\/turkish\/wp-json\/wp\/v2\/posts"}],"about":[{"href":"https:\/\/akunq.net\/turkish\/wp-json\/wp\/v2\/types\/post"}],"author":[{"embeddable":true,"href":"https:\/\/akunq.net\/turkish\/wp-json\/wp\/v2\/users\/3"}],"replies":[{"embeddable":true,"href":"https:\/\/akunq.net\/turkish\/wp-json\/wp\/v2\/comments?post=978"}],"version-history":[{"count":0,"href":"https:\/\/akunq.net\/turkish\/wp-json\/wp\/v2\/posts\/978\/revisions"}],"wp:attachment":[{"href":"https:\/\/akunq.net\/turkish\/wp-json\/wp\/v2\/media?parent=978"}],"wp:term":[{"taxonomy":"category","embeddable":true,"href":"https:\/\/akunq.net\/turkish\/wp-json\/wp\/v2\/categories?post=978"},{"taxonomy":"post_tag","embeddable":true,"href":"https:\/\/akunq.net\/turkish\/wp-json\/wp\/v2\/tags?post=978"}],"curies":[{"name":"wp","href":"https:\/\/api.w.org\/{rel}","templated":true}]}}