{"id":971,"date":"2010-06-12T02:23:18","date_gmt":"2010-06-12T07:23:18","guid":{"rendered":"http:\/\/akunq.net\/tr\/?p=971"},"modified":"2010-06-12T02:23:18","modified_gmt":"2010-06-12T07:23:18","slug":"erzurumda-toplu-mezarlar-aciliyor","status":"publish","type":"post","link":"https:\/\/akunq.net\/turkish\/2010\/06\/12\/erzurumda-toplu-mezarlar-aciliyor\/","title":{"rendered":"Erzurum&#8217;da Toplu Mezarlar A\u00e7\u0131l\u0131yor"},"content":{"rendered":"<p style=\"text-align: justify\"><strong>Erzurum Merkeze Ba\u011fl\u0131 Tepek\u00f6y&#8217;deki Ermeni Mezalimine Kurban Gitmi\u015f M\u00fcsl\u00fcman Ahaliye Ait Bir Toplu Mezar Daha G\u00fcn Y\u00fcz\u00fcne \u00c7\u0131kar\u0131l\u0131yor. Yap\u0131lacak Kaz\u0131yla \u0130lgili Haz\u0131rlanan \u00d6n Rapor Tepek\u00f6y&#8217;de Kamuoyuna A\u00e7\u0131kland\u0131. Atat\u00fcrk \u00dcniversitesi T\u00fcrk Ermeni \u0130li\u015fkileri Ara\u015ft\u0131rma Merkezi M\u00fcd\u00fcr\u00fc Do\u00e7. Dr.<\/strong>\u00a0<\/p>\n<p style=\"text-align: justify\">Erzurum merkeze ba\u011fl\u0131 Tepek\u00f6y&#8217;deki Ermeni mezalimine kurban gitmi\u015f M\u00fcsl\u00fcman ahaliye ait bir toplu mezar daha g\u00fcn y\u00fcz\u00fcne \u00e7\u0131kar\u0131l\u0131yor. Yap\u0131lacak kaz\u0131yla ilgili haz\u0131rlanan \u00f6n rapor Tepek\u00f6y&#8217;de kamuoyuna a\u00e7\u0131kland\u0131.<\/p>\n<p style=\"text-align: justify\">Atat\u00fcrk \u00dcniversitesi T\u00fcrk Ermeni \u0130li\u015fkileri Ara\u015ft\u0131rma Merkezi M\u00fcd\u00fcr\u00fc Do\u00e7. Dr. Erol K\u00fcrk\u00e7\u00fco\u011flu, Tepek\u00f6y&#8217;de kaz\u0131 yap\u0131lacak alanda yapt\u0131\u011f\u0131 a\u00e7\u0131klamada, 1915-1919 y\u0131llar\u0131 aras\u0131nda Rus ordular\u0131yla ittifak yapan Ta\u015fnak, H\u0131n\u00e7ak ve Ramgavar adl\u0131 Ermeni \u00e7etelerinin Do\u011fu Anadolu B\u00f6lgesi&#8217;nde; Erzincan, Tercan, Erzurum Cinis (Ortabah\u00e7e), Alaca, Il\u0131ca, Tepek\u00f6y, Dut\u00e7u, Erzurum merkez; Yan\u0131kdere, Karskap\u0131, Ezirmikli Osmana\u011fa ve M\u00fcrselpa\u015fa konaklar\u0131, Firdevso\u011flu K\u0131\u015flas\u0131, Ye\u015filyayla, Hasankale, T\u0131mar, K\u00f6pr\u00fck\u00f6y, Horasan, Kars-Derecik ve Subatan, Van-Zeve, A\u011fr\u0131, Bitlis, I\u011fd\u0131r-Oba, Hakmehmet ve Gedikli, Ardahan Yan\u0131k Camii, G\u00f6le, Esenbo\u011faz K\u00f6y\u00fc, \u00c7\u0131ld\u0131r, Kotanl\u0131 K\u00f6y\u00fc, Nah\u00e7\u0131van, Zengezur ve Azerbaycan&#8217;da tam bir &#8216;M\u00fcsl\u00fcman-T\u00fcrk Soyk\u0131r\u0131m\u0131&#8217; ger\u00e7ekle\u015ftirdiklerini s\u00f6yledi.<\/p>\n<p style=\"text-align: justify\">K\u00fcrk\u00e7\u00fco\u011flu, bu olaylarda 520 bin M\u00fcsl\u00fcman T\u00fcrk&#8217;\u00fc katledildi\u011fini belirterek, &#8220;Sava\u015fla hi\u00e7 ilgileri olmayan, masum 520 bin T\u00fcrk, Ermeni \u00e7eteleri taraf\u0131ndan sadece T\u00fcrk ve M\u00fcsl\u00fcman olduklar\u0131 i\u00e7in, Hz. \u0130sa&#8217;n\u0131n tavsiyelerine bile s\u0131rt \u00e7evrilerek katledildiler.&#8221; dedi.<\/p>\n<p style=\"text-align: justify\">Tepek\u00f6y&#8217;\u00fcn Erzurum&#8217;un g\u00fcneybat\u0131s\u0131nda \u015fehre 8 kilometre uzakl\u0131kta oldu\u011funu an\u0131msatan K\u00fcrk\u00e7\u00fco\u011flu, \u015fu de\u011ferlendirmeyi yapt\u0131: &#8220;16 \u015eubat 1916&#8217;da Erzurum ve \u00e7evresinin Rus i\u015fgali alt\u0131na girmesi \u00fczerine, Tepek\u00f6y de \u00c7arl\u0131k Rus Ordular\u0131 taraf\u0131ndan i\u015fgal edildi. Rusya&#8217;da 1917 y\u0131l\u0131nda Bol\u015fevik \u0130htilali patlak verdi. Bunun \u00fczerine Ruslar, Erzurum ve \u00e7evresinden \u00e7ekildi. \u015eehir Ermeni \u00e7etelerine kald\u0131. Ta\u015fnak Ermeni \u00e7eteleri bu tarihi k\u00f6yde tam bir M\u00fcsl\u00fcman-T\u00fcrk katliam\u0131 ger\u00e7ekle\u015ftirdi. Rus Yarbay\u0131 Tverdohlebof&#8217;un hat\u0131rat\u0131nda, Abdullah Bey&#8217;in ba\u015fkanl\u0131\u011f\u0131ndaki Emniyet Genel M\u00fcd\u00fcrl\u00fc\u011f\u00fc Tahkik Heyeti Raporu&#8217;nda, k\u00f6y halk\u0131ndan Tepek\u00f6y katliam\u0131n\u0131n tan\u0131\u011f\u0131 H\u00fcrrem Safa ve Firak \u015eahin&#8217;in hat\u0131ralar\u0131nda, 1918 y\u0131l\u0131n\u0131n \u015eubat ve Mart aylar\u0131nda Ta\u015fnak Ermeni \u00e7eteleri Durak Bing\u00f6l&#8217;\u00fcn evinin kuzeyinde bulunan ve otluk olarak kullan\u0131lan binada k\u00f6y\u00fcn kad\u0131nlar\u0131n\u0131, \u0130brahim Safa&#8217;n\u0131n evinin arkas\u0131nda da erkeklerini katlettiler.&#8221;<\/p>\n<p style=\"text-align: justify\">Erzurum ve \u00e7evresinde T\u00fcrklere y\u00f6nelik katliamlar\u0131n artmas\u0131 \u00fczerine <a title=\"Kaz\u0131m Karabekir Haberleri\" href=\"http:\/\/sondakika.com\/kazim-karabekir\/\"><span style=\"text-decoration: underline\">Kaz\u0131m Karabekir<\/span><\/a> Pa\u015fa komutas\u0131nda I. Kafkas Kolordusu&#8217;na ba\u011fl\u0131 Halid Bey&#8217;in T\u00fcrk birliklerinin 11 Mart 1918&#8217;de Tepek\u00f6y&#8217;\u00fc Ermenilerden temizledi\u011fini ifade eden K\u00fcrk\u00e7\u00fco\u011flu, a\u00e7\u0131klamas\u0131n\u0131 \u015f\u00f6yle tamamlad\u0131: &#8220;Tepek\u00f6y, Alaca, Ye\u015filyayla, T\u0131mar, Cinis, Subatan, Oba, Hakmehmet, Zeve Gedikli ve Derecik&#8217;te oldu\u011fu gibi bu k\u00f6yde de katledilenler, sava\u015fla uzak-yak\u0131n alakas\u0131 olmayan k\u00f6y\u00fcn sivil ahalisi idi.&#8221;<\/p>\n<p style=\"text-align: justify\">Atat\u00fcrk \u00dcniversitesi T\u00fcrk-Ermeni \u0130li\u015fkileri Ara\u015ft\u0131rma Merkez M\u00fcd\u00fcrl\u00fc\u011f\u00fc ve Erzurum M\u00fcze M\u00fcd\u00fcrl\u00fc\u011f\u00fc&#8217;n\u00fcn ortak \u00e7al\u0131\u015fmas\u0131yla <strong>yap\u0131lacak<\/strong> Tepek\u00f6y toplu mezar kaz\u0131s\u0131 15 <strong>Haziran<\/strong>&#8216;da ger\u00e7ekle\u015ftirilecek.\u00a0<\/p>\n<p style=\"text-align: justify\"><strong><em>Haber Yay\u0131n Tarihi: 09.06.2010\u00a0<\/em><\/strong><\/p>\n<p style=\"text-align: justify\"><strong><em><a href=\"http:\/\/sondakika.com\/haber-erzurum-da-toplu-mezarlar-aciliyor-2095410-2095410\/\">http:\/\/sondakika.com\/haber-erzurum-da-toplu-mezarlar-aciliyor-2095410-2095410\/<\/a><\/em><\/strong><\/p>\n<p style=\"text-align: justify\"><strong><em>\u00a0<\/em><\/strong><\/p>\n<p style=\"text-align: justify\"><strong><em>\u00a0Veb Sitesi Y\u00f6netimi Taraf\u0131ndan: <\/em><\/strong><em>T\u00fcrk tarih mimarlar\u0131n\u0131n sahtekarl\u0131\u011f\u0131 herkes\u00e7e bilinen bir olgudur, ancak sahtecilik dahi belli mant\u0131k s\u0131n\u0131rlar\u0131 i\u00e7inde yer bulmal\u0131d\u0131r. Birinci D\u00fcnya Sava\u015f\u0131 arifesinde (1914 y\u0131l\u0131 verileriyle) Bat\u0131 Ermenistan\u2019\u0131n (T\u00fcrklere g\u00f6re Do\u011fu Anadolu) 6 vilayetinde 666 bin T\u00fcrk ya\u015famaktayd\u0131 (Karin\/Erzurum\u2019da 240 bin, Van\u2019da 47 bin, Ba\u011fe\u015f\/Bitlis\u2019te 40 bin, Kharberd\/Harput\u2019ta 102 bin, Diyarbak\u0131r\u2019da 45 bin, Sebastia\/S\u0131vas\u2019ta 192 bin). <\/em><\/p>\n<p style=\"text-align: justify\"><em>1915-1916 y\u0131llar\u0131nda tehcire tabi tutulup neredeyse tamamen imha edilmi\u015f olan Ermeniler\u2019in, polis, jandarma, ordu, Hamidiye Alaylar\u0131\u00a0 gibi g\u00fc\u00e7l\u00fc kurulu\u015flar ve devlet taraf\u0131ndan silahland\u0131r\u0131larak y\u00f6nlendirilen a\u011f\u0131r su\u00e7lular ile katillerden olu\u015fan gruplar taraf\u0131ndan korunan bu miktarda T\u00fcrk\u2019\u00fc \u00f6ld\u00fcrebilmi\u015f olmas\u0131 ger\u00e7ekten de pek tuhaf durmaktad\u0131r. \u015eayet Ermeniler bu \u015fartlar alt\u0131nda, tarihi vatanlar\u0131n\u0131 T\u00fcrklerden neredeyse kurtaracak kadar g\u00fc\u00e7l\u00fcyd\u00fclerse, nas\u0131l oldu da bu b\u00f6lgelerden \u201cans\u0131z\u0131n kayboluverdiler\u201d ve \u201cimha edilmi\u015f T\u00fcrkler\u201d Ermenilerin t\u00fcm varl\u0131klar\u0131na sahip \u00e7\u0131karak ayn\u0131 topraklarda ya\u015famaya devam ettiler?\u00a0 <\/em><\/p>\n<p style=\"text-align: justify\"><em>\u015eayet bu durum gelecekte benzer su\u00e7lar\u0131n tekrarlanmas\u0131na gebe olmasayd\u0131, tarih sahtek\u00e2rlar\u0131n\u0131n bu utanmaz duru\u015funu komedi olarak alg\u0131layabilirdik. Benzer \u201ctarih\u00e7i\u201d ve \u201cayd\u0131nlara\u201d, hakiki bir T\u00fcrk entelekt\u00fceli ve tarih\u00e7isi olan Taner Ak\u00e7am\u2019\u0131n ge\u00e7enlerde bas\u0131lm\u0131\u015f makalesinden \u015fu s\u00f6zlerini an\u0131msatmak isterim: <\/em><strong>\u201c2 A\u011fustos 1914 seferberli\u011fi ile birlikte 18- 45 ya\u015f aras\u0131ndaki Ermeni vatanda\u015flar da, di\u011fer vatanda\u015flar gibi silah alt\u0131na al\u0131nm\u0131\u015flard\u0131r. Sar\u0131kam\u0131\u015f yenilgisinden sonra ise 25 \u015eubat 1915 tarihinde, bizzat Enver Pa\u015fa taraf\u0131ndan yollanan gizli bir emirle Ermeniler silahs\u0131zland\u0131r\u0131lm\u0131\u015f ve \u00e7o\u011funlu\u011fu amele taburlar\u0131na konulmu\u015flard\u0131r. Tehcir s\u00fcresince, bu askerler sistemli olarak imha edileceklerdir. Sadece askerdeki Ermenilerin imhas\u0131 ile kifayet edilinmeyecektir. Bundan daha da ac\u0131 bir durum vard\u0131r. Orduda, hayatta kalarak g\u00f6rev yapmaya devam eden Ermeni asker ve subaylar\u0131n aileleri de s\u00fcrg\u00fcne tabii tutulacak ve imha edileceklerdir.\u00a0 <\/strong><\/p>\n<p style=\"text-align: justify\"><strong>\u2026 Osmanl\u0131 Devleti ve onun y\u00f6netici partisi \u0130ttihat ve Terakki, kendi M\u00fcsl\u00fcman ve Hristiyan vatanda\u015flar\u0131na kan kusturdu. M\u00fcsl\u00fcmanlar sava\u015f ve hastal\u0131ktan k\u0131r\u0131ld\u0131lar. Ermeniler ise bilin\u00e7li bir politika ile imha edilerek Anadolu\u2019dan yok edildiler. Bu kadar basit bu mesele&#8230;\u201d.<\/strong> (<strong>Taraf <\/strong><em>&#8211; <\/em><strong>11.05.2010)<\/strong><strong><\/strong><\/p>\n<p style=\"text-align: justify\"><em>Say\u0131n Ak\u00e7am, g\u00f6r\u00fcld\u00fc\u011f\u00fc gibi milliyet\u00e7ilik sisiyle \u00f6rt\u00fcl\u00fc bulunan beyinler i\u00e7in bu sorun pek de basit g\u00f6r\u00fcnmemektedir. <\/em><\/p>\n<p style=\"text-align: justify\"><strong><em>*Taner Ak\u00e7am\u2019\u0131n \u201cDavuto\u011flu\u2019nun anlayamad\u0131klar\u0131<\/em><\/strong><strong><em>\u201d <\/em><\/strong><strong><em>makalesini sitemizin \u201cErmeni Soyk\u0131r\u0131m\u0131\u201d b\u00f6l\u00fcm\u00fcnde okuyabilirsiniz. <\/em><\/strong><\/p>\n","protected":false},"excerpt":{"rendered":"<p>Erzurum Merkeze Ba\u011fl\u0131 Tepek\u00f6y&#8217;deki Ermeni Mezalimine Kurban Gitmi\u015f M\u00fcsl\u00fcman Ahaliye Ait Bir Toplu Mezar Daha G\u00fcn Y\u00fcz\u00fcne \u00c7\u0131kar\u0131l\u0131yor. Yap\u0131lacak Kaz\u0131yla \u0130lgili Haz\u0131rlanan \u00d6n Rapor Tepek\u00f6y&#8217;de Kamuoyuna A\u00e7\u0131kland\u0131. Atat\u00fcrk \u00dcniversitesi T\u00fcrk Ermeni \u0130li\u015fkileri Ara\u015ft\u0131rma Merkezi M\u00fcd\u00fcr\u00fc Do\u00e7. Dr.\u00a0 Erzurum merkeze ba\u011fl\u0131 Tepek\u00f6y&#8217;deki Ermeni mezalimine kurban gitmi\u015f M\u00fcsl\u00fcman ahaliye ait bir toplu mezar daha g\u00fcn y\u00fcz\u00fcne \u00e7\u0131kar\u0131l\u0131yor. [&hellip;]<\/p>\n","protected":false},"author":3,"featured_media":0,"comment_status":"closed","ping_status":"open","sticky":false,"template":"","format":"standard","meta":{"footnotes":""},"categories":[6,14],"tags":[],"class_list":["post-971","post","type-post","status-publish","format-standard","hentry","category-ermeni-soykirimi","category-haberler"],"yoast_head":"<!-- This site is optimized with the Yoast SEO plugin v27.4 - https:\/\/yoast.com\/product\/yoast-seo-wordpress\/ -->\n<title>Erzurum&#039;da Toplu Mezarlar A\u00e7\u0131l\u0131yor - Bati Ermenistan Ve Bati Ermenileri Sorunlari Ara\u015ftirmalar Merkezi<\/title>\n<meta name=\"robots\" content=\"index, follow, max-snippet:-1, max-image-preview:large, max-video-preview:-1\" \/>\n<link rel=\"canonical\" href=\"https:\/\/akunq.net\/turkish\/2010\/06\/12\/erzurumda-toplu-mezarlar-aciliyor\/\" \/>\n<meta property=\"og:locale\" content=\"en_US\" \/>\n<meta property=\"og:type\" content=\"article\" \/>\n<meta property=\"og:title\" content=\"Erzurum&#039;da Toplu Mezarlar A\u00e7\u0131l\u0131yor - Bati Ermenistan Ve Bati Ermenileri Sorunlari Ara\u015ftirmalar Merkezi\" \/>\n<meta property=\"og:description\" content=\"Erzurum Merkeze Ba\u011fl\u0131 Tepek\u00f6y&#8217;deki Ermeni Mezalimine Kurban Gitmi\u015f M\u00fcsl\u00fcman Ahaliye Ait Bir Toplu Mezar Daha G\u00fcn Y\u00fcz\u00fcne \u00c7\u0131kar\u0131l\u0131yor. Yap\u0131lacak Kaz\u0131yla \u0130lgili Haz\u0131rlanan \u00d6n Rapor Tepek\u00f6y&#8217;de Kamuoyuna A\u00e7\u0131kland\u0131. Atat\u00fcrk \u00dcniversitesi T\u00fcrk Ermeni \u0130li\u015fkileri Ara\u015ft\u0131rma Merkezi M\u00fcd\u00fcr\u00fc Do\u00e7. Dr.\u00a0 Erzurum merkeze ba\u011fl\u0131 Tepek\u00f6y&#8217;deki Ermeni mezalimine kurban gitmi\u015f M\u00fcsl\u00fcman ahaliye ait bir toplu mezar daha g\u00fcn y\u00fcz\u00fcne \u00e7\u0131kar\u0131l\u0131yor. [&hellip;]\" \/>\n<meta property=\"og:url\" content=\"https:\/\/akunq.net\/turkish\/2010\/06\/12\/erzurumda-toplu-mezarlar-aciliyor\/\" \/>\n<meta property=\"og:site_name\" content=\"Bati Ermenistan Ve Bati Ermenileri Sorunlari Ara\u015ftirmalar Merkezi\" \/>\n<meta property=\"article:published_time\" content=\"2010-06-12T07:23:18+00:00\" \/>\n<meta name=\"author\" content=\"kalem\" \/>\n<meta name=\"twitter:card\" content=\"summary_large_image\" \/>\n<meta name=\"twitter:label1\" content=\"Written by\" \/>\n\t<meta name=\"twitter:data1\" content=\"kalem\" \/>\n\t<meta name=\"twitter:label2\" content=\"Est. reading time\" \/>\n\t<meta name=\"twitter:data2\" content=\"5 minutes\" \/>\n<script type=\"application\/ld+json\" class=\"yoast-schema-graph\">{\"@context\":\"https:\\\/\\\/schema.org\",\"@graph\":[{\"@type\":\"Article\",\"@id\":\"https:\\\/\\\/akunq.net\\\/turkish\\\/2010\\\/06\\\/12\\\/erzurumda-toplu-mezarlar-aciliyor\\\/#article\",\"isPartOf\":{\"@id\":\"https:\\\/\\\/akunq.net\\\/turkish\\\/2010\\\/06\\\/12\\\/erzurumda-toplu-mezarlar-aciliyor\\\/\"},\"author\":{\"name\":\"kalem\",\"@id\":\"https:\\\/\\\/akunq.net\\\/turkish\\\/#\\\/schema\\\/person\\\/135e7923d1aeb8887890799619969a6c\"},\"headline\":\"Erzurum&#8217;da Toplu Mezarlar A\u00e7\u0131l\u0131yor\",\"datePublished\":\"2010-06-12T07:23:18+00:00\",\"mainEntityOfPage\":{\"@id\":\"https:\\\/\\\/akunq.net\\\/turkish\\\/2010\\\/06\\\/12\\\/erzurumda-toplu-mezarlar-aciliyor\\\/\"},\"wordCount\":1038,\"articleSection\":[\"Ermeni Soyk\u0131r\u0131m\u0131\",\"Haberler\"],\"inLanguage\":\"en-US\"},{\"@type\":\"WebPage\",\"@id\":\"https:\\\/\\\/akunq.net\\\/turkish\\\/2010\\\/06\\\/12\\\/erzurumda-toplu-mezarlar-aciliyor\\\/\",\"url\":\"https:\\\/\\\/akunq.net\\\/turkish\\\/2010\\\/06\\\/12\\\/erzurumda-toplu-mezarlar-aciliyor\\\/\",\"name\":\"Erzurum'da Toplu Mezarlar A\u00e7\u0131l\u0131yor - Bati Ermenistan Ve Bati Ermenileri Sorunlari Ara\u015ftirmalar Merkezi\",\"isPartOf\":{\"@id\":\"https:\\\/\\\/akunq.net\\\/turkish\\\/#website\"},\"datePublished\":\"2010-06-12T07:23:18+00:00\",\"author\":{\"@id\":\"https:\\\/\\\/akunq.net\\\/turkish\\\/#\\\/schema\\\/person\\\/135e7923d1aeb8887890799619969a6c\"},\"breadcrumb\":{\"@id\":\"https:\\\/\\\/akunq.net\\\/turkish\\\/2010\\\/06\\\/12\\\/erzurumda-toplu-mezarlar-aciliyor\\\/#breadcrumb\"},\"inLanguage\":\"en-US\",\"potentialAction\":[{\"@type\":\"ReadAction\",\"target\":[\"https:\\\/\\\/akunq.net\\\/turkish\\\/2010\\\/06\\\/12\\\/erzurumda-toplu-mezarlar-aciliyor\\\/\"]}]},{\"@type\":\"BreadcrumbList\",\"@id\":\"https:\\\/\\\/akunq.net\\\/turkish\\\/2010\\\/06\\\/12\\\/erzurumda-toplu-mezarlar-aciliyor\\\/#breadcrumb\",\"itemListElement\":[{\"@type\":\"ListItem\",\"position\":1,\"name\":\"Home\",\"item\":\"https:\\\/\\\/akunq.net\\\/turkish\\\/\"},{\"@type\":\"ListItem\",\"position\":2,\"name\":\"Erzurum&#8217;da Toplu Mezarlar A\u00e7\u0131l\u0131yor\"}]},{\"@type\":\"WebSite\",\"@id\":\"https:\\\/\\\/akunq.net\\\/turkish\\\/#website\",\"url\":\"https:\\\/\\\/akunq.net\\\/turkish\\\/\",\"name\":\"Bati Ermenistan Ve Bati Ermenileri Sorunlari Ara\u015ftirmalar Merkezi\",\"description\":\"\",\"potentialAction\":[{\"@type\":\"SearchAction\",\"target\":{\"@type\":\"EntryPoint\",\"urlTemplate\":\"https:\\\/\\\/akunq.net\\\/turkish\\\/?s={search_term_string}\"},\"query-input\":{\"@type\":\"PropertyValueSpecification\",\"valueRequired\":true,\"valueName\":\"search_term_string\"}}],\"inLanguage\":\"en-US\"},{\"@type\":\"Person\",\"@id\":\"https:\\\/\\\/akunq.net\\\/turkish\\\/#\\\/schema\\\/person\\\/135e7923d1aeb8887890799619969a6c\",\"name\":\"kalem\",\"image\":{\"@type\":\"ImageObject\",\"inLanguage\":\"en-US\",\"@id\":\"https:\\\/\\\/secure.gravatar.com\\\/avatar\\\/a06875e4b25feb5674296adf8e8a7ae1e587cebce2493fe63c456109967e27d3?s=96&d=mm&r=g\",\"url\":\"https:\\\/\\\/secure.gravatar.com\\\/avatar\\\/a06875e4b25feb5674296adf8e8a7ae1e587cebce2493fe63c456109967e27d3?s=96&d=mm&r=g\",\"contentUrl\":\"https:\\\/\\\/secure.gravatar.com\\\/avatar\\\/a06875e4b25feb5674296adf8e8a7ae1e587cebce2493fe63c456109967e27d3?s=96&d=mm&r=g\",\"caption\":\"kalem\"},\"url\":\"https:\\\/\\\/akunq.net\\\/turkish\\\/author\\\/kalem\\\/\"}]}<\/script>\n<!-- \/ Yoast SEO plugin. -->","yoast_head_json":{"title":"Erzurum'da Toplu Mezarlar A\u00e7\u0131l\u0131yor - Bati Ermenistan Ve Bati Ermenileri Sorunlari Ara\u015ftirmalar Merkezi","robots":{"index":"index","follow":"follow","max-snippet":"max-snippet:-1","max-image-preview":"max-image-preview:large","max-video-preview":"max-video-preview:-1"},"canonical":"https:\/\/akunq.net\/turkish\/2010\/06\/12\/erzurumda-toplu-mezarlar-aciliyor\/","og_locale":"en_US","og_type":"article","og_title":"Erzurum'da Toplu Mezarlar A\u00e7\u0131l\u0131yor - Bati Ermenistan Ve Bati Ermenileri Sorunlari Ara\u015ftirmalar Merkezi","og_description":"Erzurum Merkeze Ba\u011fl\u0131 Tepek\u00f6y&#8217;deki Ermeni Mezalimine Kurban Gitmi\u015f M\u00fcsl\u00fcman Ahaliye Ait Bir Toplu Mezar Daha G\u00fcn Y\u00fcz\u00fcne \u00c7\u0131kar\u0131l\u0131yor. Yap\u0131lacak Kaz\u0131yla \u0130lgili Haz\u0131rlanan \u00d6n Rapor Tepek\u00f6y&#8217;de Kamuoyuna A\u00e7\u0131kland\u0131. Atat\u00fcrk \u00dcniversitesi T\u00fcrk Ermeni \u0130li\u015fkileri Ara\u015ft\u0131rma Merkezi M\u00fcd\u00fcr\u00fc Do\u00e7. Dr.\u00a0 Erzurum merkeze ba\u011fl\u0131 Tepek\u00f6y&#8217;deki Ermeni mezalimine kurban gitmi\u015f M\u00fcsl\u00fcman ahaliye ait bir toplu mezar daha g\u00fcn y\u00fcz\u00fcne \u00e7\u0131kar\u0131l\u0131yor. [&hellip;]","og_url":"https:\/\/akunq.net\/turkish\/2010\/06\/12\/erzurumda-toplu-mezarlar-aciliyor\/","og_site_name":"Bati Ermenistan Ve Bati Ermenileri Sorunlari Ara\u015ftirmalar Merkezi","article_published_time":"2010-06-12T07:23:18+00:00","author":"kalem","twitter_card":"summary_large_image","twitter_misc":{"Written by":"kalem","Est. reading time":"5 minutes"},"schema":{"@context":"https:\/\/schema.org","@graph":[{"@type":"Article","@id":"https:\/\/akunq.net\/turkish\/2010\/06\/12\/erzurumda-toplu-mezarlar-aciliyor\/#article","isPartOf":{"@id":"https:\/\/akunq.net\/turkish\/2010\/06\/12\/erzurumda-toplu-mezarlar-aciliyor\/"},"author":{"name":"kalem","@id":"https:\/\/akunq.net\/turkish\/#\/schema\/person\/135e7923d1aeb8887890799619969a6c"},"headline":"Erzurum&#8217;da Toplu Mezarlar A\u00e7\u0131l\u0131yor","datePublished":"2010-06-12T07:23:18+00:00","mainEntityOfPage":{"@id":"https:\/\/akunq.net\/turkish\/2010\/06\/12\/erzurumda-toplu-mezarlar-aciliyor\/"},"wordCount":1038,"articleSection":["Ermeni Soyk\u0131r\u0131m\u0131","Haberler"],"inLanguage":"en-US"},{"@type":"WebPage","@id":"https:\/\/akunq.net\/turkish\/2010\/06\/12\/erzurumda-toplu-mezarlar-aciliyor\/","url":"https:\/\/akunq.net\/turkish\/2010\/06\/12\/erzurumda-toplu-mezarlar-aciliyor\/","name":"Erzurum'da Toplu Mezarlar A\u00e7\u0131l\u0131yor - Bati Ermenistan Ve Bati Ermenileri Sorunlari Ara\u015ftirmalar Merkezi","isPartOf":{"@id":"https:\/\/akunq.net\/turkish\/#website"},"datePublished":"2010-06-12T07:23:18+00:00","author":{"@id":"https:\/\/akunq.net\/turkish\/#\/schema\/person\/135e7923d1aeb8887890799619969a6c"},"breadcrumb":{"@id":"https:\/\/akunq.net\/turkish\/2010\/06\/12\/erzurumda-toplu-mezarlar-aciliyor\/#breadcrumb"},"inLanguage":"en-US","potentialAction":[{"@type":"ReadAction","target":["https:\/\/akunq.net\/turkish\/2010\/06\/12\/erzurumda-toplu-mezarlar-aciliyor\/"]}]},{"@type":"BreadcrumbList","@id":"https:\/\/akunq.net\/turkish\/2010\/06\/12\/erzurumda-toplu-mezarlar-aciliyor\/#breadcrumb","itemListElement":[{"@type":"ListItem","position":1,"name":"Home","item":"https:\/\/akunq.net\/turkish\/"},{"@type":"ListItem","position":2,"name":"Erzurum&#8217;da Toplu Mezarlar A\u00e7\u0131l\u0131yor"}]},{"@type":"WebSite","@id":"https:\/\/akunq.net\/turkish\/#website","url":"https:\/\/akunq.net\/turkish\/","name":"Bati Ermenistan Ve Bati Ermenileri Sorunlari Ara\u015ftirmalar Merkezi","description":"","potentialAction":[{"@type":"SearchAction","target":{"@type":"EntryPoint","urlTemplate":"https:\/\/akunq.net\/turkish\/?s={search_term_string}"},"query-input":{"@type":"PropertyValueSpecification","valueRequired":true,"valueName":"search_term_string"}}],"inLanguage":"en-US"},{"@type":"Person","@id":"https:\/\/akunq.net\/turkish\/#\/schema\/person\/135e7923d1aeb8887890799619969a6c","name":"kalem","image":{"@type":"ImageObject","inLanguage":"en-US","@id":"https:\/\/secure.gravatar.com\/avatar\/a06875e4b25feb5674296adf8e8a7ae1e587cebce2493fe63c456109967e27d3?s=96&d=mm&r=g","url":"https:\/\/secure.gravatar.com\/avatar\/a06875e4b25feb5674296adf8e8a7ae1e587cebce2493fe63c456109967e27d3?s=96&d=mm&r=g","contentUrl":"https:\/\/secure.gravatar.com\/avatar\/a06875e4b25feb5674296adf8e8a7ae1e587cebce2493fe63c456109967e27d3?s=96&d=mm&r=g","caption":"kalem"},"url":"https:\/\/akunq.net\/turkish\/author\/kalem\/"}]}},"_links":{"self":[{"href":"https:\/\/akunq.net\/turkish\/wp-json\/wp\/v2\/posts\/971","targetHints":{"allow":["GET"]}}],"collection":[{"href":"https:\/\/akunq.net\/turkish\/wp-json\/wp\/v2\/posts"}],"about":[{"href":"https:\/\/akunq.net\/turkish\/wp-json\/wp\/v2\/types\/post"}],"author":[{"embeddable":true,"href":"https:\/\/akunq.net\/turkish\/wp-json\/wp\/v2\/users\/3"}],"replies":[{"embeddable":true,"href":"https:\/\/akunq.net\/turkish\/wp-json\/wp\/v2\/comments?post=971"}],"version-history":[{"count":0,"href":"https:\/\/akunq.net\/turkish\/wp-json\/wp\/v2\/posts\/971\/revisions"}],"wp:attachment":[{"href":"https:\/\/akunq.net\/turkish\/wp-json\/wp\/v2\/media?parent=971"}],"wp:term":[{"taxonomy":"category","embeddable":true,"href":"https:\/\/akunq.net\/turkish\/wp-json\/wp\/v2\/categories?post=971"},{"taxonomy":"post_tag","embeddable":true,"href":"https:\/\/akunq.net\/turkish\/wp-json\/wp\/v2\/tags?post=971"}],"curies":[{"name":"wp","href":"https:\/\/api.w.org\/{rel}","templated":true}]}}