{"id":969,"date":"2010-06-12T02:21:08","date_gmt":"2010-06-12T07:21:08","guid":{"rendered":"http:\/\/akunq.net\/tr\/?p=969"},"modified":"2010-06-12T02:21:08","modified_gmt":"2010-06-12T07:21:08","slug":"kinali-adaya-sehit-gazeteci-hrant-dink-cocuk-parki-acildi","status":"publish","type":"post","link":"https:\/\/akunq.net\/turkish\/2010\/06\/12\/kinali-adaya-sehit-gazeteci-hrant-dink-cocuk-parki-acildi\/","title":{"rendered":"K\u0131nal\u0131 Ada\u2019ya \u2018\u015eehit Gazeteci Hrant Dink \u00c7ocuk Park\u0131\u2019 a\u00e7\u0131ld\u0131"},"content":{"rendered":"<p style=\"text-align: justify\">Adalar Belediyesi, K\u0131nal\u0131 Ada\u2019daki bir parka \u2018\u015eehit Gazeteci Hrant Dink \u00c7ocuk Park\u0131\u2019 ad\u0131n\u0131 verdi. Belediye Meclisi\u2019nin oybirli\u011fiyle ald\u0131\u011f\u0131 karar\u0131n ard\u0131ndan park\u0131n yeni tabelas\u0131 \u00f6n\u00fcm\u00fczdeki g\u00fcnlerde as\u0131lacak.\u00a0<\/p>\n<p style=\"text-align: justify\">Adalar Belediye Meclis \u00dcyesi Raffi Hermon Araks, il\u00e7e belediyelerinde, herhangi bir sokak veya yer ad\u0131n\u0131 de\u011fi\u015ftirme karar\u0131 al\u0131nd\u0131\u011f\u0131nda B\u00fcy\u00fck\u015fehir Belediyesi\u2019nin onay\u0131 gerekti\u011fini belirterek, \u201cEskisini \u00e7\u0131kar\u0131p yenisini koydu\u011funuz zaman, B\u00fcy\u00fck\u015fehir reddedilebiliyor. B\u00fcy\u00fck Ada\u2019daki Kenan Evren adl\u0131 bir park\u0131n ad\u0131n\u0131 \u2018\u00d6zg\u00fcrl\u00fck ve Demokrasi\u2019 diye bir de\u011fi\u015ftirme \u00f6nergesi verdik, ama gelin g\u00f6r\u00fcn ki, \u0130stanbul B\u00fcy\u00fck\u015fehir Belediyesi bunu reddetti. Ancak ad\u0131 olmayan bir yere adland\u0131rma yapt\u0131\u011f\u0131n\u0131z zaman B\u00fcy\u00fck\u015fehir Belediyesi\u2019nin tasarrufuna tabi olmuyorsunuz\u201d dedi.<\/p>\n<p style=\"text-align: justify\">AVAD\u0130S ZORLU \u2013 Istanbul- taraf.com.tr, 10.6.2010<\/p>\n<p style=\"text-align: justify\">\u00a0<\/p>\n","protected":false},"excerpt":{"rendered":"<p>Adalar Belediyesi, K\u0131nal\u0131 Ada\u2019daki bir parka \u2018\u015eehit Gazeteci Hrant Dink \u00c7ocuk Park\u0131\u2019 ad\u0131n\u0131 verdi. Belediye Meclisi\u2019nin oybirli\u011fiyle ald\u0131\u011f\u0131 karar\u0131n ard\u0131ndan park\u0131n yeni tabelas\u0131 \u00f6n\u00fcm\u00fczdeki g\u00fcnlerde as\u0131lacak.\u00a0 Adalar Belediye Meclis \u00dcyesi Raffi Hermon Araks, il\u00e7e belediyelerinde, herhangi bir sokak veya yer ad\u0131n\u0131 de\u011fi\u015ftirme karar\u0131 al\u0131nd\u0131\u011f\u0131nda B\u00fcy\u00fck\u015fehir Belediyesi\u2019nin onay\u0131 gerekti\u011fini belirterek, \u201cEskisini \u00e7\u0131kar\u0131p yenisini koydu\u011funuz zaman, B\u00fcy\u00fck\u015fehir [&hellip;]<\/p>\n","protected":false},"author":3,"featured_media":0,"comment_status":"closed","ping_status":"open","sticky":false,"template":"","format":"standard","meta":{"footnotes":""},"categories":[14],"tags":[],"class_list":["post-969","post","type-post","status-publish","format-standard","hentry","category-haberler"],"yoast_head":"<!-- This site is optimized with the Yoast SEO plugin v27.4 - https:\/\/yoast.com\/product\/yoast-seo-wordpress\/ -->\n<title>K\u0131nal\u0131 Ada\u2019ya \u2018\u015eehit Gazeteci Hrant Dink \u00c7ocuk Park\u0131\u2019 a\u00e7\u0131ld\u0131 - Bati Ermenistan Ve Bati Ermenileri Sorunlari Ara\u015ftirmalar Merkezi<\/title>\n<meta name=\"robots\" content=\"index, follow, max-snippet:-1, max-image-preview:large, max-video-preview:-1\" \/>\n<link rel=\"canonical\" href=\"https:\/\/akunq.net\/turkish\/2010\/06\/12\/kinali-adaya-sehit-gazeteci-hrant-dink-cocuk-parki-acildi\/\" \/>\n<meta property=\"og:locale\" content=\"en_US\" \/>\n<meta property=\"og:type\" content=\"article\" \/>\n<meta property=\"og:title\" content=\"K\u0131nal\u0131 Ada\u2019ya \u2018\u015eehit Gazeteci Hrant Dink \u00c7ocuk Park\u0131\u2019 a\u00e7\u0131ld\u0131 - Bati Ermenistan Ve Bati Ermenileri Sorunlari Ara\u015ftirmalar Merkezi\" \/>\n<meta property=\"og:description\" content=\"Adalar Belediyesi, K\u0131nal\u0131 Ada\u2019daki bir parka \u2018\u015eehit Gazeteci Hrant Dink \u00c7ocuk Park\u0131\u2019 ad\u0131n\u0131 verdi. Belediye Meclisi\u2019nin oybirli\u011fiyle ald\u0131\u011f\u0131 karar\u0131n ard\u0131ndan park\u0131n yeni tabelas\u0131 \u00f6n\u00fcm\u00fczdeki g\u00fcnlerde as\u0131lacak.\u00a0 Adalar Belediye Meclis \u00dcyesi Raffi Hermon Araks, il\u00e7e belediyelerinde, herhangi bir sokak veya yer ad\u0131n\u0131 de\u011fi\u015ftirme karar\u0131 al\u0131nd\u0131\u011f\u0131nda B\u00fcy\u00fck\u015fehir Belediyesi\u2019nin onay\u0131 gerekti\u011fini belirterek, \u201cEskisini \u00e7\u0131kar\u0131p yenisini koydu\u011funuz zaman, B\u00fcy\u00fck\u015fehir [&hellip;]\" \/>\n<meta property=\"og:url\" content=\"https:\/\/akunq.net\/turkish\/2010\/06\/12\/kinali-adaya-sehit-gazeteci-hrant-dink-cocuk-parki-acildi\/\" \/>\n<meta property=\"og:site_name\" content=\"Bati Ermenistan Ve Bati Ermenileri Sorunlari Ara\u015ftirmalar Merkezi\" \/>\n<meta property=\"article:published_time\" content=\"2010-06-12T07:21:08+00:00\" \/>\n<meta name=\"author\" content=\"kalem\" \/>\n<meta name=\"twitter:card\" content=\"summary_large_image\" \/>\n<meta name=\"twitter:label1\" content=\"Written by\" \/>\n\t<meta name=\"twitter:data1\" content=\"kalem\" \/>\n\t<meta name=\"twitter:label2\" content=\"Est. reading time\" \/>\n\t<meta name=\"twitter:data2\" content=\"1 minute\" \/>\n<script type=\"application\/ld+json\" class=\"yoast-schema-graph\">{\"@context\":\"https:\\\/\\\/schema.org\",\"@graph\":[{\"@type\":\"Article\",\"@id\":\"https:\\\/\\\/akunq.net\\\/turkish\\\/2010\\\/06\\\/12\\\/kinali-adaya-sehit-gazeteci-hrant-dink-cocuk-parki-acildi\\\/#article\",\"isPartOf\":{\"@id\":\"https:\\\/\\\/akunq.net\\\/turkish\\\/2010\\\/06\\\/12\\\/kinali-adaya-sehit-gazeteci-hrant-dink-cocuk-parki-acildi\\\/\"},\"author\":{\"name\":\"kalem\",\"@id\":\"https:\\\/\\\/akunq.net\\\/turkish\\\/#\\\/schema\\\/person\\\/135e7923d1aeb8887890799619969a6c\"},\"headline\":\"K\u0131nal\u0131 Ada\u2019ya \u2018\u015eehit Gazeteci Hrant Dink \u00c7ocuk Park\u0131\u2019 a\u00e7\u0131ld\u0131\",\"datePublished\":\"2010-06-12T07:21:08+00:00\",\"mainEntityOfPage\":{\"@id\":\"https:\\\/\\\/akunq.net\\\/turkish\\\/2010\\\/06\\\/12\\\/kinali-adaya-sehit-gazeteci-hrant-dink-cocuk-parki-acildi\\\/\"},\"wordCount\":163,\"articleSection\":[\"Haberler\"],\"inLanguage\":\"en-US\"},{\"@type\":\"WebPage\",\"@id\":\"https:\\\/\\\/akunq.net\\\/turkish\\\/2010\\\/06\\\/12\\\/kinali-adaya-sehit-gazeteci-hrant-dink-cocuk-parki-acildi\\\/\",\"url\":\"https:\\\/\\\/akunq.net\\\/turkish\\\/2010\\\/06\\\/12\\\/kinali-adaya-sehit-gazeteci-hrant-dink-cocuk-parki-acildi\\\/\",\"name\":\"K\u0131nal\u0131 Ada\u2019ya \u2018\u015eehit Gazeteci Hrant Dink \u00c7ocuk Park\u0131\u2019 a\u00e7\u0131ld\u0131 - Bati Ermenistan Ve Bati Ermenileri Sorunlari Ara\u015ftirmalar Merkezi\",\"isPartOf\":{\"@id\":\"https:\\\/\\\/akunq.net\\\/turkish\\\/#website\"},\"datePublished\":\"2010-06-12T07:21:08+00:00\",\"author\":{\"@id\":\"https:\\\/\\\/akunq.net\\\/turkish\\\/#\\\/schema\\\/person\\\/135e7923d1aeb8887890799619969a6c\"},\"breadcrumb\":{\"@id\":\"https:\\\/\\\/akunq.net\\\/turkish\\\/2010\\\/06\\\/12\\\/kinali-adaya-sehit-gazeteci-hrant-dink-cocuk-parki-acildi\\\/#breadcrumb\"},\"inLanguage\":\"en-US\",\"potentialAction\":[{\"@type\":\"ReadAction\",\"target\":[\"https:\\\/\\\/akunq.net\\\/turkish\\\/2010\\\/06\\\/12\\\/kinali-adaya-sehit-gazeteci-hrant-dink-cocuk-parki-acildi\\\/\"]}]},{\"@type\":\"BreadcrumbList\",\"@id\":\"https:\\\/\\\/akunq.net\\\/turkish\\\/2010\\\/06\\\/12\\\/kinali-adaya-sehit-gazeteci-hrant-dink-cocuk-parki-acildi\\\/#breadcrumb\",\"itemListElement\":[{\"@type\":\"ListItem\",\"position\":1,\"name\":\"Home\",\"item\":\"https:\\\/\\\/akunq.net\\\/turkish\\\/\"},{\"@type\":\"ListItem\",\"position\":2,\"name\":\"K\u0131nal\u0131 Ada\u2019ya \u2018\u015eehit Gazeteci Hrant Dink \u00c7ocuk Park\u0131\u2019 a\u00e7\u0131ld\u0131\"}]},{\"@type\":\"WebSite\",\"@id\":\"https:\\\/\\\/akunq.net\\\/turkish\\\/#website\",\"url\":\"https:\\\/\\\/akunq.net\\\/turkish\\\/\",\"name\":\"Bati Ermenistan Ve Bati Ermenileri Sorunlari Ara\u015ftirmalar Merkezi\",\"description\":\"\",\"potentialAction\":[{\"@type\":\"SearchAction\",\"target\":{\"@type\":\"EntryPoint\",\"urlTemplate\":\"https:\\\/\\\/akunq.net\\\/turkish\\\/?s={search_term_string}\"},\"query-input\":{\"@type\":\"PropertyValueSpecification\",\"valueRequired\":true,\"valueName\":\"search_term_string\"}}],\"inLanguage\":\"en-US\"},{\"@type\":\"Person\",\"@id\":\"https:\\\/\\\/akunq.net\\\/turkish\\\/#\\\/schema\\\/person\\\/135e7923d1aeb8887890799619969a6c\",\"name\":\"kalem\",\"image\":{\"@type\":\"ImageObject\",\"inLanguage\":\"en-US\",\"@id\":\"https:\\\/\\\/secure.gravatar.com\\\/avatar\\\/a06875e4b25feb5674296adf8e8a7ae1e587cebce2493fe63c456109967e27d3?s=96&d=mm&r=g\",\"url\":\"https:\\\/\\\/secure.gravatar.com\\\/avatar\\\/a06875e4b25feb5674296adf8e8a7ae1e587cebce2493fe63c456109967e27d3?s=96&d=mm&r=g\",\"contentUrl\":\"https:\\\/\\\/secure.gravatar.com\\\/avatar\\\/a06875e4b25feb5674296adf8e8a7ae1e587cebce2493fe63c456109967e27d3?s=96&d=mm&r=g\",\"caption\":\"kalem\"},\"url\":\"https:\\\/\\\/akunq.net\\\/turkish\\\/author\\\/kalem\\\/\"}]}<\/script>\n<!-- \/ Yoast SEO plugin. -->","yoast_head_json":{"title":"K\u0131nal\u0131 Ada\u2019ya \u2018\u015eehit Gazeteci Hrant Dink \u00c7ocuk Park\u0131\u2019 a\u00e7\u0131ld\u0131 - Bati Ermenistan Ve Bati Ermenileri Sorunlari Ara\u015ftirmalar Merkezi","robots":{"index":"index","follow":"follow","max-snippet":"max-snippet:-1","max-image-preview":"max-image-preview:large","max-video-preview":"max-video-preview:-1"},"canonical":"https:\/\/akunq.net\/turkish\/2010\/06\/12\/kinali-adaya-sehit-gazeteci-hrant-dink-cocuk-parki-acildi\/","og_locale":"en_US","og_type":"article","og_title":"K\u0131nal\u0131 Ada\u2019ya \u2018\u015eehit Gazeteci Hrant Dink \u00c7ocuk Park\u0131\u2019 a\u00e7\u0131ld\u0131 - Bati Ermenistan Ve Bati Ermenileri Sorunlari Ara\u015ftirmalar Merkezi","og_description":"Adalar Belediyesi, K\u0131nal\u0131 Ada\u2019daki bir parka \u2018\u015eehit Gazeteci Hrant Dink \u00c7ocuk Park\u0131\u2019 ad\u0131n\u0131 verdi. Belediye Meclisi\u2019nin oybirli\u011fiyle ald\u0131\u011f\u0131 karar\u0131n ard\u0131ndan park\u0131n yeni tabelas\u0131 \u00f6n\u00fcm\u00fczdeki g\u00fcnlerde as\u0131lacak.\u00a0 Adalar Belediye Meclis \u00dcyesi Raffi Hermon Araks, il\u00e7e belediyelerinde, herhangi bir sokak veya yer ad\u0131n\u0131 de\u011fi\u015ftirme karar\u0131 al\u0131nd\u0131\u011f\u0131nda B\u00fcy\u00fck\u015fehir Belediyesi\u2019nin onay\u0131 gerekti\u011fini belirterek, \u201cEskisini \u00e7\u0131kar\u0131p yenisini koydu\u011funuz zaman, B\u00fcy\u00fck\u015fehir [&hellip;]","og_url":"https:\/\/akunq.net\/turkish\/2010\/06\/12\/kinali-adaya-sehit-gazeteci-hrant-dink-cocuk-parki-acildi\/","og_site_name":"Bati Ermenistan Ve Bati Ermenileri Sorunlari Ara\u015ftirmalar Merkezi","article_published_time":"2010-06-12T07:21:08+00:00","author":"kalem","twitter_card":"summary_large_image","twitter_misc":{"Written by":"kalem","Est. reading time":"1 minute"},"schema":{"@context":"https:\/\/schema.org","@graph":[{"@type":"Article","@id":"https:\/\/akunq.net\/turkish\/2010\/06\/12\/kinali-adaya-sehit-gazeteci-hrant-dink-cocuk-parki-acildi\/#article","isPartOf":{"@id":"https:\/\/akunq.net\/turkish\/2010\/06\/12\/kinali-adaya-sehit-gazeteci-hrant-dink-cocuk-parki-acildi\/"},"author":{"name":"kalem","@id":"https:\/\/akunq.net\/turkish\/#\/schema\/person\/135e7923d1aeb8887890799619969a6c"},"headline":"K\u0131nal\u0131 Ada\u2019ya \u2018\u015eehit Gazeteci Hrant Dink \u00c7ocuk Park\u0131\u2019 a\u00e7\u0131ld\u0131","datePublished":"2010-06-12T07:21:08+00:00","mainEntityOfPage":{"@id":"https:\/\/akunq.net\/turkish\/2010\/06\/12\/kinali-adaya-sehit-gazeteci-hrant-dink-cocuk-parki-acildi\/"},"wordCount":163,"articleSection":["Haberler"],"inLanguage":"en-US"},{"@type":"WebPage","@id":"https:\/\/akunq.net\/turkish\/2010\/06\/12\/kinali-adaya-sehit-gazeteci-hrant-dink-cocuk-parki-acildi\/","url":"https:\/\/akunq.net\/turkish\/2010\/06\/12\/kinali-adaya-sehit-gazeteci-hrant-dink-cocuk-parki-acildi\/","name":"K\u0131nal\u0131 Ada\u2019ya \u2018\u015eehit Gazeteci Hrant Dink \u00c7ocuk Park\u0131\u2019 a\u00e7\u0131ld\u0131 - Bati Ermenistan Ve Bati Ermenileri Sorunlari Ara\u015ftirmalar Merkezi","isPartOf":{"@id":"https:\/\/akunq.net\/turkish\/#website"},"datePublished":"2010-06-12T07:21:08+00:00","author":{"@id":"https:\/\/akunq.net\/turkish\/#\/schema\/person\/135e7923d1aeb8887890799619969a6c"},"breadcrumb":{"@id":"https:\/\/akunq.net\/turkish\/2010\/06\/12\/kinali-adaya-sehit-gazeteci-hrant-dink-cocuk-parki-acildi\/#breadcrumb"},"inLanguage":"en-US","potentialAction":[{"@type":"ReadAction","target":["https:\/\/akunq.net\/turkish\/2010\/06\/12\/kinali-adaya-sehit-gazeteci-hrant-dink-cocuk-parki-acildi\/"]}]},{"@type":"BreadcrumbList","@id":"https:\/\/akunq.net\/turkish\/2010\/06\/12\/kinali-adaya-sehit-gazeteci-hrant-dink-cocuk-parki-acildi\/#breadcrumb","itemListElement":[{"@type":"ListItem","position":1,"name":"Home","item":"https:\/\/akunq.net\/turkish\/"},{"@type":"ListItem","position":2,"name":"K\u0131nal\u0131 Ada\u2019ya \u2018\u015eehit Gazeteci Hrant Dink \u00c7ocuk Park\u0131\u2019 a\u00e7\u0131ld\u0131"}]},{"@type":"WebSite","@id":"https:\/\/akunq.net\/turkish\/#website","url":"https:\/\/akunq.net\/turkish\/","name":"Bati Ermenistan Ve Bati Ermenileri Sorunlari Ara\u015ftirmalar Merkezi","description":"","potentialAction":[{"@type":"SearchAction","target":{"@type":"EntryPoint","urlTemplate":"https:\/\/akunq.net\/turkish\/?s={search_term_string}"},"query-input":{"@type":"PropertyValueSpecification","valueRequired":true,"valueName":"search_term_string"}}],"inLanguage":"en-US"},{"@type":"Person","@id":"https:\/\/akunq.net\/turkish\/#\/schema\/person\/135e7923d1aeb8887890799619969a6c","name":"kalem","image":{"@type":"ImageObject","inLanguage":"en-US","@id":"https:\/\/secure.gravatar.com\/avatar\/a06875e4b25feb5674296adf8e8a7ae1e587cebce2493fe63c456109967e27d3?s=96&d=mm&r=g","url":"https:\/\/secure.gravatar.com\/avatar\/a06875e4b25feb5674296adf8e8a7ae1e587cebce2493fe63c456109967e27d3?s=96&d=mm&r=g","contentUrl":"https:\/\/secure.gravatar.com\/avatar\/a06875e4b25feb5674296adf8e8a7ae1e587cebce2493fe63c456109967e27d3?s=96&d=mm&r=g","caption":"kalem"},"url":"https:\/\/akunq.net\/turkish\/author\/kalem\/"}]}},"_links":{"self":[{"href":"https:\/\/akunq.net\/turkish\/wp-json\/wp\/v2\/posts\/969","targetHints":{"allow":["GET"]}}],"collection":[{"href":"https:\/\/akunq.net\/turkish\/wp-json\/wp\/v2\/posts"}],"about":[{"href":"https:\/\/akunq.net\/turkish\/wp-json\/wp\/v2\/types\/post"}],"author":[{"embeddable":true,"href":"https:\/\/akunq.net\/turkish\/wp-json\/wp\/v2\/users\/3"}],"replies":[{"embeddable":true,"href":"https:\/\/akunq.net\/turkish\/wp-json\/wp\/v2\/comments?post=969"}],"version-history":[{"count":0,"href":"https:\/\/akunq.net\/turkish\/wp-json\/wp\/v2\/posts\/969\/revisions"}],"wp:attachment":[{"href":"https:\/\/akunq.net\/turkish\/wp-json\/wp\/v2\/media?parent=969"}],"wp:term":[{"taxonomy":"category","embeddable":true,"href":"https:\/\/akunq.net\/turkish\/wp-json\/wp\/v2\/categories?post=969"},{"taxonomy":"post_tag","embeddable":true,"href":"https:\/\/akunq.net\/turkish\/wp-json\/wp\/v2\/tags?post=969"}],"curies":[{"name":"wp","href":"https:\/\/api.w.org\/{rel}","templated":true}]}}