{"id":958,"date":"2010-06-11T01:05:03","date_gmt":"2010-06-11T06:05:03","guid":{"rendered":"http:\/\/akunq.net\/tr\/?p=958"},"modified":"2010-06-11T01:05:03","modified_gmt":"2010-06-11T06:05:03","slug":"akdamardaki-ilk-ibadet-icin-otelciler-bir-araya-geldi","status":"publish","type":"post","link":"https:\/\/akunq.net\/turkish\/2010\/06\/11\/akdamardaki-ilk-ibadet-icin-otelciler-bir-araya-geldi\/","title":{"rendered":"AKDAMAR&#8217;DAK\u0130 \u0130LK \u0130BADET \u0130\u00c7\u0130N OTELC\u0130LER B\u0130R ARAYA GELD\u0130"},"content":{"rendered":"<p style=\"text-align: justify\">VAN Valisi M\u00fcnir Karalo\u011flu, Akdamar Kilisesi&#8217;nde yap\u0131lacak ilk ibadet i\u00e7in kentteki otel ve misafirhane y\u00f6neticiler ile bir araya geldi. Vali Karalo\u011flu 19 Eyl\u00fcl&#8217;e haz\u0131rland\u0131klar\u0131n\u0131 belirtirken &#8216;Van&#8217;a gelecek Ermenilere evlerimizi a\u00e7\u0131yoruz&#8217; kampanyas\u0131n\u0131 ba\u015flatan yerel gazete sahibini de te\u015fekk\u00fcr etti. Vali Karalo\u011flu &#8220;Tarihimizde farkl\u0131 inan\u00e7lara ve etnik gruplara kar\u015f\u0131 \u00f6teki muamelesi yapmad\u0131k. Bunun en b\u00fcy\u00fck \u00f6rne\u011fi de eski Van \u015fehrinde g\u00f6r\u00fcrs\u00fcn\u00fcz. Camii ve \u015fapel yan yanad\u0131r&#8221; dedi.<\/p>\n<p style=\"text-align: justify\">Vali Ali Pa\u015fa toplant\u0131 salonunda Van Valisi M\u00fcnir Karalo\u011flu ba\u015fkanl\u0131\u011f\u0131nda yap\u0131lan toplant\u0131ya, Vali yard\u0131mc\u0131s\u0131 Halil Berk, K\u00fclt\u00fcr ve Turizm M\u00fcd\u00fcr\u00fc Zeki Ta\u015ftan, kentteki otel ve misafirhane yetkilileri kat\u0131ld\u0131. Vali Karalo\u011flu, 19 Eyl\u00fcl&#8217;de Akdamar Kilisesi&#8217;nde yap\u0131lacak olan ibadete, kentteki yatak kapasitesinin \u00fczerinde misafir gelece\u011fini s\u00f6yledi. Vali Karalo\u011flu, otellerin ve misafirlerin gelecek turistleri en iyi \u015fekilde a\u011f\u0131rlamalar\u0131n\u0131 isterken, 2 hafta \u00f6nce g\u00fcnl\u00fck yerel gazeteleri olan Van Times ve \u015eehriVan&#8217;da &#8216;Van&#8217;a gelecek Ermenilere evlerimizi a\u00e7\u0131yoruz&#8217; kampanyas\u0131 ba\u015flatan Aziz Ayka\u00e7&#8217;a da te\u015fekk\u00fcr etti. Vali Karalo\u011flu \u015f\u00f6yle konu\u015ftu:<\/p>\n<p style=\"text-align: justify\">&#8220;Y\u0131lda bir g\u00fcn izin verilen ve 12 Eyl\u00fcl&#8217;de yap\u0131lmas\u0131 d\u00fc\u015f\u00fcn\u00fclen ibadet referandum nedeniyle 19 Eyl\u00fcl&#8217;e ertelendi. Okullarda 20 Eyl\u00fcl&#8217;de a\u00e7\u0131lacak. \u00dcniversitemizde bizim talebimiz do\u011frultusunda bir hafta erteleyerek 27 Eyl\u00fcl&#8217;de a\u00e7\u0131lacak. 19 Eyl\u00fcl&#8217;de kentteki mevcut yatak kapasitesinin \u00fczerinde misafir gelece\u011fi kesin. \u00c7\u00fcnk\u00fc rezervasyonlar bunu g\u00f6steriyor. Toplam otel ve misafirhanelerle birlikte 3 bin 600 yata\u011f\u0131m\u0131z var. Nas\u0131l \u00e7\u00f6z\u00fcm \u00fcretece\u011fiz i\u015fte bunu beraber tart\u0131\u015faca\u011f\u0131z. Bu arada hepimizin g\u00f6\u011fs\u00fcn\u00fc kabartan bir geli\u015fme oldu. Sivil bir insiyatif &#8216;evlerimizi a\u00e7\u0131yoruz&#8217; kampanyas\u0131 ba\u015flatt\u0131. Ba\u015flatanlar\u0131 tebrik ediyorum. \u015eu ana kadar bin 500 ki\u015fi a\u011f\u0131rlayabiliyoruz diye isim yazd\u0131rm\u0131\u015f. Tarihimizde farkl\u0131 inan\u00e7lara ve etnik guruplara kar\u015f\u0131 \u00f6teki muamelesi yapmad\u0131k. Bunun en b\u00fcy\u00fck \u00f6rne\u011fi de eski Van \u015fehrinde g\u00f6r\u00fcrs\u00fcn\u00fcz. Cami ve \u015fapel yan yanad\u0131r. Bu arada \u00f6nemli olan iyi organize olabilmek. Otelinizde kentle ilgili materyaller bulundurun. Gezip g\u00f6r\u00fclecek yerlerle ilgili bro\u015f\u00fcrleriniz olsun.&#8221;<\/p>\n<p style=\"text-align: justify\">Valilikteki toplant\u0131 daha sonra bas\u0131na kapal\u0131 olarak devam etti.<\/p>\n<p style=\"text-align: justify\">\u00a0<strong>G\u00fclay \u00d6ZEK\/ VAN<\/strong><\/p>\n<p style=\"text-align: justify\"><strong>(DHA)<\/strong>\\<strong><em>10 Haziran 2010 <\/em><\/strong><\/p>\n","protected":false},"excerpt":{"rendered":"<p>VAN Valisi M\u00fcnir Karalo\u011flu, Akdamar Kilisesi&#8217;nde yap\u0131lacak ilk ibadet i\u00e7in kentteki otel ve misafirhane y\u00f6neticiler ile bir araya geldi. Vali Karalo\u011flu 19 Eyl\u00fcl&#8217;e haz\u0131rland\u0131klar\u0131n\u0131 belirtirken &#8216;Van&#8217;a gelecek Ermenilere evlerimizi a\u00e7\u0131yoruz&#8217; kampanyas\u0131n\u0131 ba\u015flatan yerel gazete sahibini de te\u015fekk\u00fcr etti. Vali Karalo\u011flu &#8220;Tarihimizde farkl\u0131 inan\u00e7lara ve etnik gruplara kar\u015f\u0131 \u00f6teki muamelesi yapmad\u0131k. Bunun en b\u00fcy\u00fck \u00f6rne\u011fi de [&hellip;]<\/p>\n","protected":false},"author":3,"featured_media":0,"comment_status":"closed","ping_status":"open","sticky":false,"template":"","format":"standard","meta":{"footnotes":""},"categories":[14],"tags":[],"class_list":["post-958","post","type-post","status-publish","format-standard","hentry","category-haberler"],"yoast_head":"<!-- This site is optimized with the Yoast SEO plugin v27.4 - https:\/\/yoast.com\/product\/yoast-seo-wordpress\/ -->\n<title>AKDAMAR&#039;DAK\u0130 \u0130LK \u0130BADET \u0130\u00c7\u0130N OTELC\u0130LER B\u0130R ARAYA GELD\u0130 - Bati Ermenistan Ve Bati Ermenileri Sorunlari Ara\u015ftirmalar Merkezi<\/title>\n<meta name=\"robots\" content=\"index, follow, max-snippet:-1, max-image-preview:large, max-video-preview:-1\" \/>\n<link rel=\"canonical\" href=\"https:\/\/akunq.net\/turkish\/2010\/06\/11\/akdamardaki-ilk-ibadet-icin-otelciler-bir-araya-geldi\/\" \/>\n<meta property=\"og:locale\" content=\"en_US\" \/>\n<meta property=\"og:type\" content=\"article\" \/>\n<meta property=\"og:title\" content=\"AKDAMAR&#039;DAK\u0130 \u0130LK \u0130BADET \u0130\u00c7\u0130N OTELC\u0130LER B\u0130R ARAYA GELD\u0130 - Bati Ermenistan Ve Bati Ermenileri Sorunlari Ara\u015ftirmalar Merkezi\" \/>\n<meta property=\"og:description\" content=\"VAN Valisi M\u00fcnir Karalo\u011flu, Akdamar Kilisesi&#8217;nde yap\u0131lacak ilk ibadet i\u00e7in kentteki otel ve misafirhane y\u00f6neticiler ile bir araya geldi. Vali Karalo\u011flu 19 Eyl\u00fcl&#8217;e haz\u0131rland\u0131klar\u0131n\u0131 belirtirken &#8216;Van&#8217;a gelecek Ermenilere evlerimizi a\u00e7\u0131yoruz&#8217; kampanyas\u0131n\u0131 ba\u015flatan yerel gazete sahibini de te\u015fekk\u00fcr etti. Vali Karalo\u011flu &#8220;Tarihimizde farkl\u0131 inan\u00e7lara ve etnik gruplara kar\u015f\u0131 \u00f6teki muamelesi yapmad\u0131k. Bunun en b\u00fcy\u00fck \u00f6rne\u011fi de [&hellip;]\" \/>\n<meta property=\"og:url\" content=\"https:\/\/akunq.net\/turkish\/2010\/06\/11\/akdamardaki-ilk-ibadet-icin-otelciler-bir-araya-geldi\/\" \/>\n<meta property=\"og:site_name\" content=\"Bati Ermenistan Ve Bati Ermenileri Sorunlari Ara\u015ftirmalar Merkezi\" \/>\n<meta property=\"article:published_time\" content=\"2010-06-11T06:05:03+00:00\" \/>\n<meta name=\"author\" content=\"kalem\" \/>\n<meta name=\"twitter:card\" content=\"summary_large_image\" \/>\n<meta name=\"twitter:label1\" content=\"Written by\" \/>\n\t<meta name=\"twitter:data1\" content=\"kalem\" \/>\n\t<meta name=\"twitter:label2\" content=\"Est. reading time\" \/>\n\t<meta name=\"twitter:data2\" content=\"2 minutes\" \/>\n<script type=\"application\/ld+json\" class=\"yoast-schema-graph\">{\"@context\":\"https:\\\/\\\/schema.org\",\"@graph\":[{\"@type\":\"Article\",\"@id\":\"https:\\\/\\\/akunq.net\\\/turkish\\\/2010\\\/06\\\/11\\\/akdamardaki-ilk-ibadet-icin-otelciler-bir-araya-geldi\\\/#article\",\"isPartOf\":{\"@id\":\"https:\\\/\\\/akunq.net\\\/turkish\\\/2010\\\/06\\\/11\\\/akdamardaki-ilk-ibadet-icin-otelciler-bir-araya-geldi\\\/\"},\"author\":{\"name\":\"kalem\",\"@id\":\"https:\\\/\\\/akunq.net\\\/turkish\\\/#\\\/schema\\\/person\\\/135e7923d1aeb8887890799619969a6c\"},\"headline\":\"AKDAMAR&#8217;DAK\u0130 \u0130LK \u0130BADET \u0130\u00c7\u0130N OTELC\u0130LER B\u0130R ARAYA GELD\u0130\",\"datePublished\":\"2010-06-11T06:05:03+00:00\",\"mainEntityOfPage\":{\"@id\":\"https:\\\/\\\/akunq.net\\\/turkish\\\/2010\\\/06\\\/11\\\/akdamardaki-ilk-ibadet-icin-otelciler-bir-araya-geldi\\\/\"},\"wordCount\":397,\"articleSection\":[\"Haberler\"],\"inLanguage\":\"en-US\"},{\"@type\":\"WebPage\",\"@id\":\"https:\\\/\\\/akunq.net\\\/turkish\\\/2010\\\/06\\\/11\\\/akdamardaki-ilk-ibadet-icin-otelciler-bir-araya-geldi\\\/\",\"url\":\"https:\\\/\\\/akunq.net\\\/turkish\\\/2010\\\/06\\\/11\\\/akdamardaki-ilk-ibadet-icin-otelciler-bir-araya-geldi\\\/\",\"name\":\"AKDAMAR'DAK\u0130 \u0130LK \u0130BADET \u0130\u00c7\u0130N OTELC\u0130LER B\u0130R ARAYA GELD\u0130 - Bati Ermenistan Ve Bati Ermenileri Sorunlari Ara\u015ftirmalar Merkezi\",\"isPartOf\":{\"@id\":\"https:\\\/\\\/akunq.net\\\/turkish\\\/#website\"},\"datePublished\":\"2010-06-11T06:05:03+00:00\",\"author\":{\"@id\":\"https:\\\/\\\/akunq.net\\\/turkish\\\/#\\\/schema\\\/person\\\/135e7923d1aeb8887890799619969a6c\"},\"breadcrumb\":{\"@id\":\"https:\\\/\\\/akunq.net\\\/turkish\\\/2010\\\/06\\\/11\\\/akdamardaki-ilk-ibadet-icin-otelciler-bir-araya-geldi\\\/#breadcrumb\"},\"inLanguage\":\"en-US\",\"potentialAction\":[{\"@type\":\"ReadAction\",\"target\":[\"https:\\\/\\\/akunq.net\\\/turkish\\\/2010\\\/06\\\/11\\\/akdamardaki-ilk-ibadet-icin-otelciler-bir-araya-geldi\\\/\"]}]},{\"@type\":\"BreadcrumbList\",\"@id\":\"https:\\\/\\\/akunq.net\\\/turkish\\\/2010\\\/06\\\/11\\\/akdamardaki-ilk-ibadet-icin-otelciler-bir-araya-geldi\\\/#breadcrumb\",\"itemListElement\":[{\"@type\":\"ListItem\",\"position\":1,\"name\":\"Home\",\"item\":\"https:\\\/\\\/akunq.net\\\/turkish\\\/\"},{\"@type\":\"ListItem\",\"position\":2,\"name\":\"AKDAMAR&#8217;DAK\u0130 \u0130LK \u0130BADET \u0130\u00c7\u0130N OTELC\u0130LER B\u0130R ARAYA GELD\u0130\"}]},{\"@type\":\"WebSite\",\"@id\":\"https:\\\/\\\/akunq.net\\\/turkish\\\/#website\",\"url\":\"https:\\\/\\\/akunq.net\\\/turkish\\\/\",\"name\":\"Bati Ermenistan Ve Bati Ermenileri Sorunlari Ara\u015ftirmalar Merkezi\",\"description\":\"\",\"potentialAction\":[{\"@type\":\"SearchAction\",\"target\":{\"@type\":\"EntryPoint\",\"urlTemplate\":\"https:\\\/\\\/akunq.net\\\/turkish\\\/?s={search_term_string}\"},\"query-input\":{\"@type\":\"PropertyValueSpecification\",\"valueRequired\":true,\"valueName\":\"search_term_string\"}}],\"inLanguage\":\"en-US\"},{\"@type\":\"Person\",\"@id\":\"https:\\\/\\\/akunq.net\\\/turkish\\\/#\\\/schema\\\/person\\\/135e7923d1aeb8887890799619969a6c\",\"name\":\"kalem\",\"image\":{\"@type\":\"ImageObject\",\"inLanguage\":\"en-US\",\"@id\":\"https:\\\/\\\/secure.gravatar.com\\\/avatar\\\/a06875e4b25feb5674296adf8e8a7ae1e587cebce2493fe63c456109967e27d3?s=96&d=mm&r=g\",\"url\":\"https:\\\/\\\/secure.gravatar.com\\\/avatar\\\/a06875e4b25feb5674296adf8e8a7ae1e587cebce2493fe63c456109967e27d3?s=96&d=mm&r=g\",\"contentUrl\":\"https:\\\/\\\/secure.gravatar.com\\\/avatar\\\/a06875e4b25feb5674296adf8e8a7ae1e587cebce2493fe63c456109967e27d3?s=96&d=mm&r=g\",\"caption\":\"kalem\"},\"url\":\"https:\\\/\\\/akunq.net\\\/turkish\\\/author\\\/kalem\\\/\"}]}<\/script>\n<!-- \/ Yoast SEO plugin. -->","yoast_head_json":{"title":"AKDAMAR'DAK\u0130 \u0130LK \u0130BADET \u0130\u00c7\u0130N OTELC\u0130LER B\u0130R ARAYA GELD\u0130 - Bati Ermenistan Ve Bati Ermenileri Sorunlari Ara\u015ftirmalar Merkezi","robots":{"index":"index","follow":"follow","max-snippet":"max-snippet:-1","max-image-preview":"max-image-preview:large","max-video-preview":"max-video-preview:-1"},"canonical":"https:\/\/akunq.net\/turkish\/2010\/06\/11\/akdamardaki-ilk-ibadet-icin-otelciler-bir-araya-geldi\/","og_locale":"en_US","og_type":"article","og_title":"AKDAMAR'DAK\u0130 \u0130LK \u0130BADET \u0130\u00c7\u0130N OTELC\u0130LER B\u0130R ARAYA GELD\u0130 - Bati Ermenistan Ve Bati Ermenileri Sorunlari Ara\u015ftirmalar Merkezi","og_description":"VAN Valisi M\u00fcnir Karalo\u011flu, Akdamar Kilisesi&#8217;nde yap\u0131lacak ilk ibadet i\u00e7in kentteki otel ve misafirhane y\u00f6neticiler ile bir araya geldi. Vali Karalo\u011flu 19 Eyl\u00fcl&#8217;e haz\u0131rland\u0131klar\u0131n\u0131 belirtirken &#8216;Van&#8217;a gelecek Ermenilere evlerimizi a\u00e7\u0131yoruz&#8217; kampanyas\u0131n\u0131 ba\u015flatan yerel gazete sahibini de te\u015fekk\u00fcr etti. Vali Karalo\u011flu &#8220;Tarihimizde farkl\u0131 inan\u00e7lara ve etnik gruplara kar\u015f\u0131 \u00f6teki muamelesi yapmad\u0131k. Bunun en b\u00fcy\u00fck \u00f6rne\u011fi de [&hellip;]","og_url":"https:\/\/akunq.net\/turkish\/2010\/06\/11\/akdamardaki-ilk-ibadet-icin-otelciler-bir-araya-geldi\/","og_site_name":"Bati Ermenistan Ve Bati Ermenileri Sorunlari Ara\u015ftirmalar Merkezi","article_published_time":"2010-06-11T06:05:03+00:00","author":"kalem","twitter_card":"summary_large_image","twitter_misc":{"Written by":"kalem","Est. reading time":"2 minutes"},"schema":{"@context":"https:\/\/schema.org","@graph":[{"@type":"Article","@id":"https:\/\/akunq.net\/turkish\/2010\/06\/11\/akdamardaki-ilk-ibadet-icin-otelciler-bir-araya-geldi\/#article","isPartOf":{"@id":"https:\/\/akunq.net\/turkish\/2010\/06\/11\/akdamardaki-ilk-ibadet-icin-otelciler-bir-araya-geldi\/"},"author":{"name":"kalem","@id":"https:\/\/akunq.net\/turkish\/#\/schema\/person\/135e7923d1aeb8887890799619969a6c"},"headline":"AKDAMAR&#8217;DAK\u0130 \u0130LK \u0130BADET \u0130\u00c7\u0130N OTELC\u0130LER B\u0130R ARAYA GELD\u0130","datePublished":"2010-06-11T06:05:03+00:00","mainEntityOfPage":{"@id":"https:\/\/akunq.net\/turkish\/2010\/06\/11\/akdamardaki-ilk-ibadet-icin-otelciler-bir-araya-geldi\/"},"wordCount":397,"articleSection":["Haberler"],"inLanguage":"en-US"},{"@type":"WebPage","@id":"https:\/\/akunq.net\/turkish\/2010\/06\/11\/akdamardaki-ilk-ibadet-icin-otelciler-bir-araya-geldi\/","url":"https:\/\/akunq.net\/turkish\/2010\/06\/11\/akdamardaki-ilk-ibadet-icin-otelciler-bir-araya-geldi\/","name":"AKDAMAR'DAK\u0130 \u0130LK \u0130BADET \u0130\u00c7\u0130N OTELC\u0130LER B\u0130R ARAYA GELD\u0130 - Bati Ermenistan Ve Bati Ermenileri Sorunlari Ara\u015ftirmalar Merkezi","isPartOf":{"@id":"https:\/\/akunq.net\/turkish\/#website"},"datePublished":"2010-06-11T06:05:03+00:00","author":{"@id":"https:\/\/akunq.net\/turkish\/#\/schema\/person\/135e7923d1aeb8887890799619969a6c"},"breadcrumb":{"@id":"https:\/\/akunq.net\/turkish\/2010\/06\/11\/akdamardaki-ilk-ibadet-icin-otelciler-bir-araya-geldi\/#breadcrumb"},"inLanguage":"en-US","potentialAction":[{"@type":"ReadAction","target":["https:\/\/akunq.net\/turkish\/2010\/06\/11\/akdamardaki-ilk-ibadet-icin-otelciler-bir-araya-geldi\/"]}]},{"@type":"BreadcrumbList","@id":"https:\/\/akunq.net\/turkish\/2010\/06\/11\/akdamardaki-ilk-ibadet-icin-otelciler-bir-araya-geldi\/#breadcrumb","itemListElement":[{"@type":"ListItem","position":1,"name":"Home","item":"https:\/\/akunq.net\/turkish\/"},{"@type":"ListItem","position":2,"name":"AKDAMAR&#8217;DAK\u0130 \u0130LK \u0130BADET \u0130\u00c7\u0130N OTELC\u0130LER B\u0130R ARAYA GELD\u0130"}]},{"@type":"WebSite","@id":"https:\/\/akunq.net\/turkish\/#website","url":"https:\/\/akunq.net\/turkish\/","name":"Bati Ermenistan Ve Bati Ermenileri Sorunlari Ara\u015ftirmalar Merkezi","description":"","potentialAction":[{"@type":"SearchAction","target":{"@type":"EntryPoint","urlTemplate":"https:\/\/akunq.net\/turkish\/?s={search_term_string}"},"query-input":{"@type":"PropertyValueSpecification","valueRequired":true,"valueName":"search_term_string"}}],"inLanguage":"en-US"},{"@type":"Person","@id":"https:\/\/akunq.net\/turkish\/#\/schema\/person\/135e7923d1aeb8887890799619969a6c","name":"kalem","image":{"@type":"ImageObject","inLanguage":"en-US","@id":"https:\/\/secure.gravatar.com\/avatar\/a06875e4b25feb5674296adf8e8a7ae1e587cebce2493fe63c456109967e27d3?s=96&d=mm&r=g","url":"https:\/\/secure.gravatar.com\/avatar\/a06875e4b25feb5674296adf8e8a7ae1e587cebce2493fe63c456109967e27d3?s=96&d=mm&r=g","contentUrl":"https:\/\/secure.gravatar.com\/avatar\/a06875e4b25feb5674296adf8e8a7ae1e587cebce2493fe63c456109967e27d3?s=96&d=mm&r=g","caption":"kalem"},"url":"https:\/\/akunq.net\/turkish\/author\/kalem\/"}]}},"_links":{"self":[{"href":"https:\/\/akunq.net\/turkish\/wp-json\/wp\/v2\/posts\/958","targetHints":{"allow":["GET"]}}],"collection":[{"href":"https:\/\/akunq.net\/turkish\/wp-json\/wp\/v2\/posts"}],"about":[{"href":"https:\/\/akunq.net\/turkish\/wp-json\/wp\/v2\/types\/post"}],"author":[{"embeddable":true,"href":"https:\/\/akunq.net\/turkish\/wp-json\/wp\/v2\/users\/3"}],"replies":[{"embeddable":true,"href":"https:\/\/akunq.net\/turkish\/wp-json\/wp\/v2\/comments?post=958"}],"version-history":[{"count":0,"href":"https:\/\/akunq.net\/turkish\/wp-json\/wp\/v2\/posts\/958\/revisions"}],"wp:attachment":[{"href":"https:\/\/akunq.net\/turkish\/wp-json\/wp\/v2\/media?parent=958"}],"wp:term":[{"taxonomy":"category","embeddable":true,"href":"https:\/\/akunq.net\/turkish\/wp-json\/wp\/v2\/categories?post=958"},{"taxonomy":"post_tag","embeddable":true,"href":"https:\/\/akunq.net\/turkish\/wp-json\/wp\/v2\/tags?post=958"}],"curies":[{"name":"wp","href":"https:\/\/api.w.org\/{rel}","templated":true}]}}