{"id":952,"date":"2010-06-10T06:06:30","date_gmt":"2010-06-10T11:06:30","guid":{"rendered":"http:\/\/akunq.net\/tr\/?p=952"},"modified":"2010-06-10T06:06:30","modified_gmt":"2010-06-10T11:06:30","slug":"tarih-boyunca-turk-ermeni-iliskileri","status":"publish","type":"post","link":"https:\/\/akunq.net\/turkish\/2010\/06\/10\/tarih-boyunca-turk-ermeni-iliskileri\/","title":{"rendered":"\u201cTarih Boyunca T\u00fcrk-Ermeni \u0130li\u015fkileri\u201d"},"content":{"rendered":"<p style=\"text-align: justify\"><strong>&#8216;Tarih Boyunca T\u00fcrk-Ermeni \u0130li\u015fkileri, Ermeni Sorunu ve Geli\u015fimi Projesi&#8217;ne Yakla\u015f\u0131k 350 Akademisyen 500&#8217;e Yak\u0131n Ara\u015ft\u0131rma ve Makalesiyle Katk\u0131 Sa\u011flayacak <\/strong><\/p>\n<p style=\"text-align: justify\">&#8216;Tarih Boyunca T\u00fcrk-Ermeni \u0130li\u015fkileri, Ermeni Sorunu ve <strong>Geli\u015fimi<\/strong> Projesi&#8217;ne yakla\u015f\u0131k 350 akademisyen 500&#8217;e yak\u0131n ara\u015ft\u0131rma ve makalesiyle katk\u0131 sa\u011flayacak. 20&#8217;ye yak\u0131n ciltten olu\u015fmas\u0131 \u00f6ng\u00f6r\u00fclen eserin T\u00fcrk-Ermeni ili\u015fkileri ve Ermeni sorunu konusunda T\u00fcrkiye&#8217;deki en geni\u015f kapsaml\u0131 kaynak olmas\u0131 hedefleniyor.<\/p>\n<p style=\"text-align: justify\">T\u00fcrk Tarih Kurumu Ermeni Masas\u0131&#8217;nda g\u00f6revli Sakarya \u00dcniversitesi (SA\u00dc) Fen Edebiyat Fak\u00fcltesi Tarih B\u00f6l\u00fcm\u00fc \u00d6\u011fretim \u00dcyesi Do\u00e7. Dr. Enis \u015eahin edit\u00f6rl\u00fc\u011f\u00fcnde yakla\u015f\u0131k 20 ciltten olu\u015facak bilimsel bir eser haz\u0131rlan\u0131yor.<\/p>\n<p style=\"text-align: justify\">2009 y\u0131l\u0131 Ekim ay\u0131nda duyurusu yap\u0131lan projeye, yakla\u015f\u0131k 350 akademisyenin 473 ara\u015ft\u0131rma ve makalesiyle katk\u0131 verece\u011fini bildirdi. <strong>Ba\u015fvuru<\/strong> s\u00fcresinin devam etti\u011fi projede 500&#8217;e yak\u0131n makale ve ara\u015ft\u0131rman\u0131n yer almas\u0131 bekleniyor. Esere katk\u0131 verecek ki\u015filer aras\u0131nda Azerbaycan, \u0130talya, Fransa, Amerika, Brezilya, Arjantin, \u015eili, G\u00fcrcistan ve Ermenistan&#8217;dan akademisyenler de bulunuyor.<\/p>\n<p style=\"text-align: justify\">Proje edit\u00f6r\u00fc Do\u00e7. Dr. \u015eahin, AA muhabirine yapt\u0131\u011f\u0131 a\u00e7\u0131klamada, projeye g\u00f6sterilen ilginin, beklentilerinin \u00fczerinde oldu\u011funu ifade ederek, projeyi a\u00e7\u0131klad\u0131klar\u0131nda 5-6 bin sayfal\u0131k bir eser olaca\u011f\u0131n\u0131 \u00f6ng\u00f6rd\u00fcklerini belirterek, &#8216;May\u0131s ay\u0131n\u0131 bitiriyoruz. Bug\u00fcn itibariyle konu say\u0131s\u0131 473. Projeye katk\u0131 sunacak akademisyenlere Kas\u0131m ay\u0131na kadar yaz\u0131lar\u0131n\u0131 yazma s\u00fcresi verdik. 473 konunun 500&#8217;\u00fcn \u00fczerine \u00e7\u0131kaca\u011f\u0131n\u0131 d\u00fc\u015f\u00fcn\u00fcyorum. Her cildin 600 veya 700 sayfadan olu\u015fmas\u0131 planlan\u0131yor. Cilt say\u0131s\u0131, eserin k\u00fclliyata do\u011fru gitti\u011fini g\u00f6steriyor. Eser, 15 cildi ge\u00e7ecek, muhtemelen 20 cildi zorlayacak&#8217; dedi.<\/p>\n<p style=\"text-align: justify\">\u015eahin, eserin ansiklopedi niteli\u011finde olaca\u011f\u0131na i\u015faret ederek, s\u00f6zlerini \u015f\u00f6yle s\u00fcrd\u00fcrd\u00fc: &#8216;Ermeniler&#8217;in ilk d\u00f6nemleri, \u0130slam Medeniyeti s\u00fcrecinde Ermeniler, Bizans Devleti, Sel\u00e7uklular, Osmanl\u0131 toplum ya\u015fant\u0131s\u0131nda Ermeniler, Osmanl\u0131 b\u00fcrokrasisinde Ermeniler, Ermeni meselesinin do\u011fu\u015fu ve geli\u015fimi, Ermeni meselesi ve misyonerlik, Ermeni meselesi ve din fakt\u00f6r\u00fc, Ermeni meselesi ve komiteler, Ermeni meselesi ve b\u00fcy\u00fck devletler, Ermeniler&#8217;e y\u00f6nelik \u0131slahat \u00e7al\u0131\u015fmalar\u0131, Ermeni g\u00f6\u00e7leri, Ermeni propagandas\u0131 ve kar\u015f\u0131 propaganda, Bat\u0131 bas\u0131n\u0131nda Ermeni meselesi, T\u00fcrk bas\u0131n\u0131nda Ermeni meselesi, Osmanl\u0131 ve Cumhuriyet d\u00f6neminde Ermeni bas\u0131n\u0131, Ermeni diasporas\u0131 ve lobicili\u011fi, T\u00fcrk d\u0131\u015f politikas\u0131nda Ermeniler, T\u00fcrk-Ermeni ili\u015fkilerinin ve Ermeni meselesinin gelece\u011fi, Ermeni meselesinin \u00e7\u00f6z\u00fcm \u00f6nerileri gibi tarih\u00ee konular\u0131n \u00f6tesinde, sanat, k\u00fclt\u00fcr, dil, edebiyat ve m\u00fczikte T\u00fcrk-Ermeni ili\u015fkileri gibi ana konular da eserde geni\u015f bir \u015fekilde yer alacak.&#8217;\u00a0<\/p>\n<p style=\"text-align: justify\">\u00a0&#8216;AZERBAYCAN, T\u00dcRK\u0130YE DI\u015eINDA EN \u00c7OK KATILIMIN OLDU\u011eU \u00dcLKE&#8217;<\/p>\n<p style=\"text-align: justify\">Projeye d\u00fcnyan\u0131n \u00e7e\u015fitli \u00fclkelerinden ba\u015fvurular da geldi\u011fini ifade eden Enis \u015eahin, &#8216;Azerbaycan, T\u00fcrkiye d\u0131\u015f\u0131nda en \u00e7ok kat\u0131l\u0131m\u0131n oldu\u011fu \u00fclke, 40&#8217;tan fazla akademisyenin katk\u0131s\u0131 var. \u0130talya, Fransa, Amerika, Rusya, Brezilya, Arjantin, \u015eili, G\u00fcrcistan&#8217;dan akademisyenler var. Hatta Ermenistan&#8217;dan da 4 veya 5 akademisyenle ba\u011flant\u0131ya ge\u00e7tik. Ermeniler&#8217;in hakk\u0131m\u0131zdaki g\u00f6r\u00fc\u015flerini de almak istedik, hakaret i\u00e7ermedi\u011fi ve bilimsel olarak ele al\u0131nd\u0131\u011f\u0131 taktirde onlar\u0131n da g\u00f6r\u00fc\u015flerine eserde yer verece\u011fiz&#8217; diye konu\u015ftu.<\/p>\n<p style=\"text-align: justify\">Do\u00e7. Dr. \u015eahin, Ermeni sorunu konusunda T\u00fcrkiye&#8217;de en fazla 3 veya 4 ciltten olu\u015fan eserler bulundu\u011funa dikkati \u00e7ekerek, haz\u0131rlad\u0131klar\u0131 eserin daha geni\u015f kapsaml\u0131 olaca\u011f\u0131n\u0131 s\u00f6yledi.<\/p>\n<p style=\"text-align: justify\">\u015eahin, T\u00fcrkiye&#8217;de bir\u00e7ok \u00fcniversitede tarih ve sosyal bilimlere ait b\u00f6l\u00fcmler bulundu\u011funu, Ermeni meselesi konusunda akademisyenlerin gerekli altyap\u0131ya sahip olduklar\u0131n\u0131 belirterek, &#8216;Akademisyenlerimiz bu konuda \u00e7ok duyarl\u0131. \u00dclke olarak bug\u00fcne kadar, bu g\u00fcc\u00fc harekete ge\u00e7irememi\u015ftik. Elimizde var olan ama \u00e7o\u011funlukla fark\u0131nda olmad\u0131\u011f\u0131m\u0131z veya m\u00fcnferit kalan bu g\u00fcc\u00fc, kolektif hale d\u00f6n\u00fc\u015ft\u00fcr\u00fcp harekete ge\u00e7irdik. \u00dclkemizin bu alandaki bilimsel g\u00fcc\u00fcn\u00fc bu eserle g\u00f6sterebilece\u011fimizi d\u00fc\u015f\u00fcn\u00fcyorum. Daha \u00f6nce birka\u00e7 ciltlik eserler \u00e7\u0131karabilirken, bug\u00fcn cilt say\u0131s\u0131n\u0131n 20 civar\u0131nda olaca\u011f\u0131n\u0131 tahminen s\u00f6yleyebilmek bile \u00e7ok heyecan verici bir geli\u015fme. Gelecek <strong>nesillere<\/strong>, T\u00fcrk-Ermeni ili\u015fkileriyle ilgili bug\u00fcn ula\u015fm\u0131\u015f oldu\u011fumuz bilgi <strong>birikimimizi<\/strong> aktarmak en \u00f6nemli vazifelerimizden birisidir&#8217; dedi.<\/p>\n<p style=\"text-align: justify\">Enis \u015eahin, eseri Ermeniler&#8217;in s\u00f6zde soyk\u0131r\u0131m iddialar\u0131n\u0131n 100. y\u0131l\u0131 olarak kabul ettikleri 2015 y\u0131l\u0131 haz\u0131rl\u0131klar\u0131na cevap olarak, 2011 y\u0131l\u0131 Nisan ay\u0131nda yay\u0131mlayacaklar\u0131n\u0131 bildirdi.<\/p>\n<p><strong><em>SAKARYA (Anadolu Ajans\u0131)\u00a0 <\/em><\/strong><strong><em>10.06.10<\/em><\/strong><strong><em><\/em><\/strong><\/p>\n<p style=\"text-align: justify\"><a href=\"http:\/\/www.haberler.com\/tarih-boyunca-turk-2096331-haberi\/\"><strong><em>http:\/\/www.haberler.com\/tarih-boyunca-turk-2096331-haberi\/<\/em><\/strong><\/a><\/p>\n","protected":false},"excerpt":{"rendered":"<p>&#8216;Tarih Boyunca T\u00fcrk-Ermeni \u0130li\u015fkileri, Ermeni Sorunu ve Geli\u015fimi Projesi&#8217;ne Yakla\u015f\u0131k 350 Akademisyen 500&#8217;e Yak\u0131n Ara\u015ft\u0131rma ve Makalesiyle Katk\u0131 Sa\u011flayacak &#8216;Tarih Boyunca T\u00fcrk-Ermeni \u0130li\u015fkileri, Ermeni Sorunu ve Geli\u015fimi Projesi&#8217;ne yakla\u015f\u0131k 350 akademisyen 500&#8217;e yak\u0131n ara\u015ft\u0131rma ve makalesiyle katk\u0131 sa\u011flayacak. 20&#8217;ye yak\u0131n ciltten olu\u015fmas\u0131 \u00f6ng\u00f6r\u00fclen eserin T\u00fcrk-Ermeni ili\u015fkileri ve Ermeni sorunu konusunda T\u00fcrkiye&#8217;deki en geni\u015f kapsaml\u0131 kaynak [&hellip;]<\/p>\n","protected":false},"author":3,"featured_media":0,"comment_status":"closed","ping_status":"open","sticky":false,"template":"","format":"standard","meta":{"footnotes":""},"categories":[14],"tags":[],"class_list":["post-952","post","type-post","status-publish","format-standard","hentry","category-haberler"],"yoast_head":"<!-- This site is optimized with the Yoast SEO plugin v27.4 - https:\/\/yoast.com\/product\/yoast-seo-wordpress\/ -->\n<title>\u201cTarih Boyunca T\u00fcrk-Ermeni \u0130li\u015fkileri\u201d - Bati Ermenistan Ve Bati Ermenileri Sorunlari Ara\u015ftirmalar Merkezi<\/title>\n<meta name=\"robots\" content=\"index, follow, max-snippet:-1, max-image-preview:large, max-video-preview:-1\" \/>\n<link rel=\"canonical\" href=\"https:\/\/akunq.net\/turkish\/2010\/06\/10\/tarih-boyunca-turk-ermeni-iliskileri\/\" \/>\n<meta property=\"og:locale\" content=\"en_US\" \/>\n<meta property=\"og:type\" content=\"article\" \/>\n<meta property=\"og:title\" content=\"\u201cTarih Boyunca T\u00fcrk-Ermeni \u0130li\u015fkileri\u201d - Bati Ermenistan Ve Bati Ermenileri Sorunlari Ara\u015ftirmalar Merkezi\" \/>\n<meta property=\"og:description\" content=\"&#8216;Tarih Boyunca T\u00fcrk-Ermeni \u0130li\u015fkileri, Ermeni Sorunu ve Geli\u015fimi Projesi&#8217;ne Yakla\u015f\u0131k 350 Akademisyen 500&#8217;e Yak\u0131n Ara\u015ft\u0131rma ve Makalesiyle Katk\u0131 Sa\u011flayacak &#8216;Tarih Boyunca T\u00fcrk-Ermeni \u0130li\u015fkileri, Ermeni Sorunu ve Geli\u015fimi Projesi&#8217;ne yakla\u015f\u0131k 350 akademisyen 500&#8217;e yak\u0131n ara\u015ft\u0131rma ve makalesiyle katk\u0131 sa\u011flayacak. 20&#8217;ye yak\u0131n ciltten olu\u015fmas\u0131 \u00f6ng\u00f6r\u00fclen eserin T\u00fcrk-Ermeni ili\u015fkileri ve Ermeni sorunu konusunda T\u00fcrkiye&#8217;deki en geni\u015f kapsaml\u0131 kaynak [&hellip;]\" \/>\n<meta property=\"og:url\" content=\"https:\/\/akunq.net\/turkish\/2010\/06\/10\/tarih-boyunca-turk-ermeni-iliskileri\/\" \/>\n<meta property=\"og:site_name\" content=\"Bati Ermenistan Ve Bati Ermenileri Sorunlari Ara\u015ftirmalar Merkezi\" \/>\n<meta property=\"article:published_time\" content=\"2010-06-10T11:06:30+00:00\" \/>\n<meta name=\"author\" content=\"kalem\" \/>\n<meta name=\"twitter:card\" content=\"summary_large_image\" \/>\n<meta name=\"twitter:label1\" content=\"Written by\" \/>\n\t<meta name=\"twitter:data1\" content=\"kalem\" \/>\n\t<meta name=\"twitter:label2\" content=\"Est. reading time\" \/>\n\t<meta name=\"twitter:data2\" content=\"4 minutes\" \/>\n<script type=\"application\/ld+json\" class=\"yoast-schema-graph\">{\"@context\":\"https:\\\/\\\/schema.org\",\"@graph\":[{\"@type\":\"Article\",\"@id\":\"https:\\\/\\\/akunq.net\\\/turkish\\\/2010\\\/06\\\/10\\\/tarih-boyunca-turk-ermeni-iliskileri\\\/#article\",\"isPartOf\":{\"@id\":\"https:\\\/\\\/akunq.net\\\/turkish\\\/2010\\\/06\\\/10\\\/tarih-boyunca-turk-ermeni-iliskileri\\\/\"},\"author\":{\"name\":\"kalem\",\"@id\":\"https:\\\/\\\/akunq.net\\\/turkish\\\/#\\\/schema\\\/person\\\/135e7923d1aeb8887890799619969a6c\"},\"headline\":\"\u201cTarih Boyunca T\u00fcrk-Ermeni \u0130li\u015fkileri\u201d\",\"datePublished\":\"2010-06-10T11:06:30+00:00\",\"mainEntityOfPage\":{\"@id\":\"https:\\\/\\\/akunq.net\\\/turkish\\\/2010\\\/06\\\/10\\\/tarih-boyunca-turk-ermeni-iliskileri\\\/\"},\"wordCount\":757,\"articleSection\":[\"Haberler\"],\"inLanguage\":\"en-US\"},{\"@type\":\"WebPage\",\"@id\":\"https:\\\/\\\/akunq.net\\\/turkish\\\/2010\\\/06\\\/10\\\/tarih-boyunca-turk-ermeni-iliskileri\\\/\",\"url\":\"https:\\\/\\\/akunq.net\\\/turkish\\\/2010\\\/06\\\/10\\\/tarih-boyunca-turk-ermeni-iliskileri\\\/\",\"name\":\"\u201cTarih Boyunca T\u00fcrk-Ermeni \u0130li\u015fkileri\u201d - Bati Ermenistan Ve Bati Ermenileri Sorunlari Ara\u015ftirmalar Merkezi\",\"isPartOf\":{\"@id\":\"https:\\\/\\\/akunq.net\\\/turkish\\\/#website\"},\"datePublished\":\"2010-06-10T11:06:30+00:00\",\"author\":{\"@id\":\"https:\\\/\\\/akunq.net\\\/turkish\\\/#\\\/schema\\\/person\\\/135e7923d1aeb8887890799619969a6c\"},\"breadcrumb\":{\"@id\":\"https:\\\/\\\/akunq.net\\\/turkish\\\/2010\\\/06\\\/10\\\/tarih-boyunca-turk-ermeni-iliskileri\\\/#breadcrumb\"},\"inLanguage\":\"en-US\",\"potentialAction\":[{\"@type\":\"ReadAction\",\"target\":[\"https:\\\/\\\/akunq.net\\\/turkish\\\/2010\\\/06\\\/10\\\/tarih-boyunca-turk-ermeni-iliskileri\\\/\"]}]},{\"@type\":\"BreadcrumbList\",\"@id\":\"https:\\\/\\\/akunq.net\\\/turkish\\\/2010\\\/06\\\/10\\\/tarih-boyunca-turk-ermeni-iliskileri\\\/#breadcrumb\",\"itemListElement\":[{\"@type\":\"ListItem\",\"position\":1,\"name\":\"Home\",\"item\":\"https:\\\/\\\/akunq.net\\\/turkish\\\/\"},{\"@type\":\"ListItem\",\"position\":2,\"name\":\"\u201cTarih Boyunca T\u00fcrk-Ermeni \u0130li\u015fkileri\u201d\"}]},{\"@type\":\"WebSite\",\"@id\":\"https:\\\/\\\/akunq.net\\\/turkish\\\/#website\",\"url\":\"https:\\\/\\\/akunq.net\\\/turkish\\\/\",\"name\":\"Bati Ermenistan Ve Bati Ermenileri Sorunlari Ara\u015ftirmalar Merkezi\",\"description\":\"\",\"potentialAction\":[{\"@type\":\"SearchAction\",\"target\":{\"@type\":\"EntryPoint\",\"urlTemplate\":\"https:\\\/\\\/akunq.net\\\/turkish\\\/?s={search_term_string}\"},\"query-input\":{\"@type\":\"PropertyValueSpecification\",\"valueRequired\":true,\"valueName\":\"search_term_string\"}}],\"inLanguage\":\"en-US\"},{\"@type\":\"Person\",\"@id\":\"https:\\\/\\\/akunq.net\\\/turkish\\\/#\\\/schema\\\/person\\\/135e7923d1aeb8887890799619969a6c\",\"name\":\"kalem\",\"image\":{\"@type\":\"ImageObject\",\"inLanguage\":\"en-US\",\"@id\":\"https:\\\/\\\/secure.gravatar.com\\\/avatar\\\/a06875e4b25feb5674296adf8e8a7ae1e587cebce2493fe63c456109967e27d3?s=96&d=mm&r=g\",\"url\":\"https:\\\/\\\/secure.gravatar.com\\\/avatar\\\/a06875e4b25feb5674296adf8e8a7ae1e587cebce2493fe63c456109967e27d3?s=96&d=mm&r=g\",\"contentUrl\":\"https:\\\/\\\/secure.gravatar.com\\\/avatar\\\/a06875e4b25feb5674296adf8e8a7ae1e587cebce2493fe63c456109967e27d3?s=96&d=mm&r=g\",\"caption\":\"kalem\"},\"url\":\"https:\\\/\\\/akunq.net\\\/turkish\\\/author\\\/kalem\\\/\"}]}<\/script>\n<!-- \/ Yoast SEO plugin. -->","yoast_head_json":{"title":"\u201cTarih Boyunca T\u00fcrk-Ermeni \u0130li\u015fkileri\u201d - Bati Ermenistan Ve Bati Ermenileri Sorunlari Ara\u015ftirmalar Merkezi","robots":{"index":"index","follow":"follow","max-snippet":"max-snippet:-1","max-image-preview":"max-image-preview:large","max-video-preview":"max-video-preview:-1"},"canonical":"https:\/\/akunq.net\/turkish\/2010\/06\/10\/tarih-boyunca-turk-ermeni-iliskileri\/","og_locale":"en_US","og_type":"article","og_title":"\u201cTarih Boyunca T\u00fcrk-Ermeni \u0130li\u015fkileri\u201d - Bati Ermenistan Ve Bati Ermenileri Sorunlari Ara\u015ftirmalar Merkezi","og_description":"&#8216;Tarih Boyunca T\u00fcrk-Ermeni \u0130li\u015fkileri, Ermeni Sorunu ve Geli\u015fimi Projesi&#8217;ne Yakla\u015f\u0131k 350 Akademisyen 500&#8217;e Yak\u0131n Ara\u015ft\u0131rma ve Makalesiyle Katk\u0131 Sa\u011flayacak &#8216;Tarih Boyunca T\u00fcrk-Ermeni \u0130li\u015fkileri, Ermeni Sorunu ve Geli\u015fimi Projesi&#8217;ne yakla\u015f\u0131k 350 akademisyen 500&#8217;e yak\u0131n ara\u015ft\u0131rma ve makalesiyle katk\u0131 sa\u011flayacak. 20&#8217;ye yak\u0131n ciltten olu\u015fmas\u0131 \u00f6ng\u00f6r\u00fclen eserin T\u00fcrk-Ermeni ili\u015fkileri ve Ermeni sorunu konusunda T\u00fcrkiye&#8217;deki en geni\u015f kapsaml\u0131 kaynak [&hellip;]","og_url":"https:\/\/akunq.net\/turkish\/2010\/06\/10\/tarih-boyunca-turk-ermeni-iliskileri\/","og_site_name":"Bati Ermenistan Ve Bati Ermenileri Sorunlari Ara\u015ftirmalar Merkezi","article_published_time":"2010-06-10T11:06:30+00:00","author":"kalem","twitter_card":"summary_large_image","twitter_misc":{"Written by":"kalem","Est. reading time":"4 minutes"},"schema":{"@context":"https:\/\/schema.org","@graph":[{"@type":"Article","@id":"https:\/\/akunq.net\/turkish\/2010\/06\/10\/tarih-boyunca-turk-ermeni-iliskileri\/#article","isPartOf":{"@id":"https:\/\/akunq.net\/turkish\/2010\/06\/10\/tarih-boyunca-turk-ermeni-iliskileri\/"},"author":{"name":"kalem","@id":"https:\/\/akunq.net\/turkish\/#\/schema\/person\/135e7923d1aeb8887890799619969a6c"},"headline":"\u201cTarih Boyunca T\u00fcrk-Ermeni \u0130li\u015fkileri\u201d","datePublished":"2010-06-10T11:06:30+00:00","mainEntityOfPage":{"@id":"https:\/\/akunq.net\/turkish\/2010\/06\/10\/tarih-boyunca-turk-ermeni-iliskileri\/"},"wordCount":757,"articleSection":["Haberler"],"inLanguage":"en-US"},{"@type":"WebPage","@id":"https:\/\/akunq.net\/turkish\/2010\/06\/10\/tarih-boyunca-turk-ermeni-iliskileri\/","url":"https:\/\/akunq.net\/turkish\/2010\/06\/10\/tarih-boyunca-turk-ermeni-iliskileri\/","name":"\u201cTarih Boyunca T\u00fcrk-Ermeni \u0130li\u015fkileri\u201d - Bati Ermenistan Ve Bati Ermenileri Sorunlari Ara\u015ftirmalar Merkezi","isPartOf":{"@id":"https:\/\/akunq.net\/turkish\/#website"},"datePublished":"2010-06-10T11:06:30+00:00","author":{"@id":"https:\/\/akunq.net\/turkish\/#\/schema\/person\/135e7923d1aeb8887890799619969a6c"},"breadcrumb":{"@id":"https:\/\/akunq.net\/turkish\/2010\/06\/10\/tarih-boyunca-turk-ermeni-iliskileri\/#breadcrumb"},"inLanguage":"en-US","potentialAction":[{"@type":"ReadAction","target":["https:\/\/akunq.net\/turkish\/2010\/06\/10\/tarih-boyunca-turk-ermeni-iliskileri\/"]}]},{"@type":"BreadcrumbList","@id":"https:\/\/akunq.net\/turkish\/2010\/06\/10\/tarih-boyunca-turk-ermeni-iliskileri\/#breadcrumb","itemListElement":[{"@type":"ListItem","position":1,"name":"Home","item":"https:\/\/akunq.net\/turkish\/"},{"@type":"ListItem","position":2,"name":"\u201cTarih Boyunca T\u00fcrk-Ermeni \u0130li\u015fkileri\u201d"}]},{"@type":"WebSite","@id":"https:\/\/akunq.net\/turkish\/#website","url":"https:\/\/akunq.net\/turkish\/","name":"Bati Ermenistan Ve Bati Ermenileri Sorunlari Ara\u015ftirmalar Merkezi","description":"","potentialAction":[{"@type":"SearchAction","target":{"@type":"EntryPoint","urlTemplate":"https:\/\/akunq.net\/turkish\/?s={search_term_string}"},"query-input":{"@type":"PropertyValueSpecification","valueRequired":true,"valueName":"search_term_string"}}],"inLanguage":"en-US"},{"@type":"Person","@id":"https:\/\/akunq.net\/turkish\/#\/schema\/person\/135e7923d1aeb8887890799619969a6c","name":"kalem","image":{"@type":"ImageObject","inLanguage":"en-US","@id":"https:\/\/secure.gravatar.com\/avatar\/a06875e4b25feb5674296adf8e8a7ae1e587cebce2493fe63c456109967e27d3?s=96&d=mm&r=g","url":"https:\/\/secure.gravatar.com\/avatar\/a06875e4b25feb5674296adf8e8a7ae1e587cebce2493fe63c456109967e27d3?s=96&d=mm&r=g","contentUrl":"https:\/\/secure.gravatar.com\/avatar\/a06875e4b25feb5674296adf8e8a7ae1e587cebce2493fe63c456109967e27d3?s=96&d=mm&r=g","caption":"kalem"},"url":"https:\/\/akunq.net\/turkish\/author\/kalem\/"}]}},"_links":{"self":[{"href":"https:\/\/akunq.net\/turkish\/wp-json\/wp\/v2\/posts\/952","targetHints":{"allow":["GET"]}}],"collection":[{"href":"https:\/\/akunq.net\/turkish\/wp-json\/wp\/v2\/posts"}],"about":[{"href":"https:\/\/akunq.net\/turkish\/wp-json\/wp\/v2\/types\/post"}],"author":[{"embeddable":true,"href":"https:\/\/akunq.net\/turkish\/wp-json\/wp\/v2\/users\/3"}],"replies":[{"embeddable":true,"href":"https:\/\/akunq.net\/turkish\/wp-json\/wp\/v2\/comments?post=952"}],"version-history":[{"count":0,"href":"https:\/\/akunq.net\/turkish\/wp-json\/wp\/v2\/posts\/952\/revisions"}],"wp:attachment":[{"href":"https:\/\/akunq.net\/turkish\/wp-json\/wp\/v2\/media?parent=952"}],"wp:term":[{"taxonomy":"category","embeddable":true,"href":"https:\/\/akunq.net\/turkish\/wp-json\/wp\/v2\/categories?post=952"},{"taxonomy":"post_tag","embeddable":true,"href":"https:\/\/akunq.net\/turkish\/wp-json\/wp\/v2\/tags?post=952"}],"curies":[{"name":"wp","href":"https:\/\/api.w.org\/{rel}","templated":true}]}}