{"id":945,"date":"2010-06-10T04:15:49","date_gmt":"2010-06-10T09:15:49","guid":{"rendered":"http:\/\/akunq.net\/tr\/?p=945"},"modified":"2010-06-10T04:15:49","modified_gmt":"2010-06-10T09:15:49","slug":"cubukcu-ermeni-okulu-etkinliginde","status":"publish","type":"post","link":"https:\/\/akunq.net\/turkish\/2010\/06\/10\/cubukcu-ermeni-okulu-etkinliginde\/","title":{"rendered":"\u00c7ubuk\u00e7u Ermeni okulu etkinli\u011finde"},"content":{"rendered":"<p style=\"text-align: justify\"><strong><a rel=\"attachment wp-att-949\" href=\"http:\/\/akunq.net\/tr\/2010\/06\/10\/cubukcu-ermeni-okulu-etkinliginde\/%d5%b9%d5%b8%d6%82%d5%a2%d5%b8%d6%82%d6%84%d5%b9%d5%b8%d6%82-2\/\"><img loading=\"lazy\" decoding=\"async\" class=\"alignleft size-full wp-image-949\" title=\"\u0549\u0578\u0582\u0562\u0578\u0582\u0584\u0579\u0578\u0582\" src=\"http:\/\/akunq.net\/tr\/wp-content\/uploads\/2010\/06\/\u0549\u0578\u0582\u0562\u0578\u0582\u0584\u0579\u0578\u05821.jpg\" alt=\"\" width=\"329\" height=\"300\" srcset=\"https:\/\/akunq.net\/turkish\/wp-content\/uploads\/sites\/5\/2010\/06\/\u0549\u0578\u0582\u0562\u0578\u0582\u0584\u0579\u0578\u05821.jpg 329w, https:\/\/akunq.net\/turkish\/wp-content\/uploads\/sites\/5\/2010\/06\/\u0549\u0578\u0582\u0562\u0578\u0582\u0584\u0579\u0578\u05821-300x274.jpg 300w\" sizes=\"auto, (max-width: 329px) 100vw, 329px\" \/><\/a>\u00a0<\/strong>Milli E\u011fitim Bakan\u0131 Nimet \u00c7ubuk\u00e7u, Ermeni okullar\u0131n\u0131n y\u0131l sonu etkinli\u011fine kat\u0131ld\u0131.\u00a0 \u00c7ubuk\u00e7u, \u201cCemaatiniz okullar\u0131nda anadillerinde okutulan derslerle ilgili kitap haz\u0131rlama \u00e7al\u0131\u015fmalar\u0131 da <strong>son<\/strong> noktaya gelmi\u015ftir. Bu \u00e7al\u0131\u015fmalar tamamlan\u0131nca anadilinizde kitaplar da bakanl\u0131\u011f\u0131m\u0131z taraf\u0131ndan \u00fccretsiz olarak bas\u0131l\u0131p da\u011f\u0131t\u0131lacakt\u0131r\u201d m\u00fcjdesi verdi.<\/p>\n<p style=\"text-align: justify\">Kumkap\u0131\u2019daki Kazaz Amira Salonu\u2019nda bir anaokulu, 14 ilk\u00f6\u011fretim okulu ve be\u015f lisenin ortakla\u015fa d\u00fczenledi\u011fi \u2018\u00d6zel Ermeni Az\u0131nl\u0131k Okullar\u0131 Y\u0131l Sonu Etkinlik Program\u0131\u2019na kat\u0131lan \u00c7ubuk\u00e7u, a\u00e7\u0131l\u0131\u015fta yapt\u0131\u011f\u0131 konu\u015fmada, bug\u00fcn itibar\u0131yla bir anaokulu, 16 ilk\u00f6\u011fretim okulu, be\u015fi de orta \u00f6\u011fretim kurumu olmak \u00fczere 22 Ermeni az\u0131nl\u0131k okulunda 2633 \u00f6\u011frenciye \u00f6\u011fretim verildi\u011fini belirterek, \u015funlar\u0131 kaydetti: \u201cLozan Antla\u015fmas\u0131 h\u00fck\u00fcmleri \u00e7er\u00e7evesinde g\u00fcvence alt\u0131na al\u0131nan az\u0131nl\u0131k okullar\u0131, e\u011fitim ve \u00f6\u011fretim g\u00f6revlerini eksiksiz olarak yerine getirerek T\u00fcrkiye\u2019ye \u00e7ok \u00f6nemli katk\u0131lar yapt\u0131. Bu okullar\u0131m\u0131zda baz\u0131 problemlerin oldu\u011funu biliyoruz. Bakanl\u0131\u011f\u0131m\u0131z cemaatinize mensup okullardaki e\u011fitim ve \u00f6\u011fretim \u00e7al\u0131\u015fmalar\u0131n\u0131n daha etkin bir \u015fekilde y\u00fcr\u00fct\u00fclmesi i\u00e7in okul y\u00f6netimleriyle i\u015fbirli\u011fi yaparak \u00f6nemli d\u00fczenlemeler yapm\u0131\u015ft\u0131r. Az\u0131nl\u0131k okullar\u0131nda okuyan b\u00fct\u00fcn \u00f6\u011frencilere T\u00fcrk\u00e7e ve T\u00fcrk k\u00fclt\u00fcr\u00fc dersleri kitaplar\u0131n\u0131n \u00fccretsiz olarak da\u011f\u0131t\u0131lmas\u0131 sa\u011flanm\u0131\u015ft\u0131r. Ayr\u0131ca cemaatiniz okullar\u0131nda anadillerinde okutulan derslerle ilgili kitap haz\u0131rlama \u00e7al\u0131\u015fmalar\u0131 da son noktaya gelmi\u015ftir. Bu \u00e7al\u0131\u015fmalar tamamlan\u0131nca anadilinizde kitaplar da \u00fccretsiz olarak bas\u0131l\u0131p da\u011f\u0131t\u0131lacakt\u0131r.\u201d<\/p>\n<p style=\"text-align: justify\">Okullarda alan mezunu Ermenice dersi ile din k\u00fclt\u00fcr\u00fc ve ahlak bilgisi \u00f6\u011fretmeni bulmakta sorun ya\u015fand\u0131\u011f\u0131n\u0131 belirten \u00c7ubuk\u00e7u, \u015f\u00f6yle devam etti: \u201cBu problemi gidermek i\u00e7in de Ermeni soylu T\u00fcrkiye Cumhuriyeti vatanda\u015fl\u0131\u011f\u0131nda fak\u00fclte mezunlar\u0131ndan \u00f6\u011fretmenlik yapma nitelik ve \u015fartlar\u0131n\u0131 ta\u015f\u0131yanlar\u0131n Ermenice dersi ve din k\u00fclt\u00fcr\u00fc ve ahlak bilgisi dersi \u00f6\u011fretmeni olarak g\u00f6revlendirilmelerine imk\u00e2n sa\u011fland\u0131.\u201d<\/p>\n<p style=\"text-align: justify\">Konu\u015fmas\u0131n\u0131n ard\u0131ndan g\u00f6sterileri izleyen \u00c7ubuk\u00e7u, okul birincilerine temsili diplomalar\u0131n\u0131 verdi. \u00c7ubuk\u00e7u\u2019ya da t\u00fcm okullar ad\u0131na, \u00fczerinde 22 Ermeni okulunun ambleminin yer ald\u0131\u011f\u0131 \u0130stanbul tablo hediye edildi.<\/p>\n<p style=\"text-align: justify\"><strong>Radikal,<\/strong> \u0130STANBUL &#8211; 10\/06\/2010 \u00a0\u00a0<\/p>\n","protected":false},"excerpt":{"rendered":"<p>\u00a0Milli E\u011fitim Bakan\u0131 Nimet \u00c7ubuk\u00e7u, Ermeni okullar\u0131n\u0131n y\u0131l sonu etkinli\u011fine kat\u0131ld\u0131.\u00a0 \u00c7ubuk\u00e7u, \u201cCemaatiniz okullar\u0131nda anadillerinde okutulan derslerle ilgili kitap haz\u0131rlama \u00e7al\u0131\u015fmalar\u0131 da son noktaya gelmi\u015ftir. Bu \u00e7al\u0131\u015fmalar tamamlan\u0131nca anadilinizde kitaplar da bakanl\u0131\u011f\u0131m\u0131z taraf\u0131ndan \u00fccretsiz olarak bas\u0131l\u0131p da\u011f\u0131t\u0131lacakt\u0131r\u201d m\u00fcjdesi verdi. Kumkap\u0131\u2019daki Kazaz Amira Salonu\u2019nda bir anaokulu, 14 ilk\u00f6\u011fretim okulu ve be\u015f lisenin ortakla\u015fa d\u00fczenledi\u011fi \u2018\u00d6zel Ermeni [&hellip;]<\/p>\n","protected":false},"author":3,"featured_media":0,"comment_status":"closed","ping_status":"open","sticky":false,"template":"","format":"standard","meta":{"footnotes":""},"categories":[14],"tags":[],"class_list":["post-945","post","type-post","status-publish","format-standard","hentry","category-haberler"],"yoast_head":"<!-- This site is optimized with the Yoast SEO plugin v27.4 - https:\/\/yoast.com\/product\/yoast-seo-wordpress\/ -->\n<title>\u00c7ubuk\u00e7u Ermeni okulu etkinli\u011finde - Bati Ermenistan Ve Bati Ermenileri Sorunlari Ara\u015ftirmalar Merkezi<\/title>\n<meta name=\"robots\" content=\"index, follow, max-snippet:-1, max-image-preview:large, max-video-preview:-1\" \/>\n<link rel=\"canonical\" href=\"https:\/\/akunq.net\/turkish\/2010\/06\/10\/cubukcu-ermeni-okulu-etkinliginde\/\" \/>\n<meta property=\"og:locale\" content=\"en_US\" \/>\n<meta property=\"og:type\" content=\"article\" \/>\n<meta property=\"og:title\" content=\"\u00c7ubuk\u00e7u Ermeni okulu etkinli\u011finde - Bati Ermenistan Ve Bati Ermenileri Sorunlari Ara\u015ftirmalar Merkezi\" \/>\n<meta property=\"og:description\" content=\"\u00a0Milli E\u011fitim Bakan\u0131 Nimet \u00c7ubuk\u00e7u, Ermeni okullar\u0131n\u0131n y\u0131l sonu etkinli\u011fine kat\u0131ld\u0131.\u00a0 \u00c7ubuk\u00e7u, \u201cCemaatiniz okullar\u0131nda anadillerinde okutulan derslerle ilgili kitap haz\u0131rlama \u00e7al\u0131\u015fmalar\u0131 da son noktaya gelmi\u015ftir. Bu \u00e7al\u0131\u015fmalar tamamlan\u0131nca anadilinizde kitaplar da bakanl\u0131\u011f\u0131m\u0131z taraf\u0131ndan \u00fccretsiz olarak bas\u0131l\u0131p da\u011f\u0131t\u0131lacakt\u0131r\u201d m\u00fcjdesi verdi. Kumkap\u0131\u2019daki Kazaz Amira Salonu\u2019nda bir anaokulu, 14 ilk\u00f6\u011fretim okulu ve be\u015f lisenin ortakla\u015fa d\u00fczenledi\u011fi \u2018\u00d6zel Ermeni [&hellip;]\" \/>\n<meta property=\"og:url\" content=\"https:\/\/akunq.net\/turkish\/2010\/06\/10\/cubukcu-ermeni-okulu-etkinliginde\/\" \/>\n<meta property=\"og:site_name\" content=\"Bati Ermenistan Ve Bati Ermenileri Sorunlari Ara\u015ftirmalar Merkezi\" \/>\n<meta property=\"article:published_time\" content=\"2010-06-10T09:15:49+00:00\" \/>\n<meta name=\"author\" content=\"kalem\" \/>\n<meta name=\"twitter:card\" content=\"summary_large_image\" \/>\n<meta name=\"twitter:label1\" content=\"Written by\" \/>\n\t<meta name=\"twitter:data1\" content=\"kalem\" \/>\n\t<meta name=\"twitter:label2\" content=\"Est. reading time\" \/>\n\t<meta name=\"twitter:data2\" content=\"2 minutes\" \/>\n<script type=\"application\/ld+json\" class=\"yoast-schema-graph\">{\"@context\":\"https:\\\/\\\/schema.org\",\"@graph\":[{\"@type\":\"Article\",\"@id\":\"https:\\\/\\\/akunq.net\\\/turkish\\\/2010\\\/06\\\/10\\\/cubukcu-ermeni-okulu-etkinliginde\\\/#article\",\"isPartOf\":{\"@id\":\"https:\\\/\\\/akunq.net\\\/turkish\\\/2010\\\/06\\\/10\\\/cubukcu-ermeni-okulu-etkinliginde\\\/\"},\"author\":{\"name\":\"kalem\",\"@id\":\"https:\\\/\\\/akunq.net\\\/turkish\\\/#\\\/schema\\\/person\\\/135e7923d1aeb8887890799619969a6c\"},\"headline\":\"\u00c7ubuk\u00e7u Ermeni okulu etkinli\u011finde\",\"datePublished\":\"2010-06-10T09:15:49+00:00\",\"mainEntityOfPage\":{\"@id\":\"https:\\\/\\\/akunq.net\\\/turkish\\\/2010\\\/06\\\/10\\\/cubukcu-ermeni-okulu-etkinliginde\\\/\"},\"wordCount\":398,\"articleSection\":[\"Haberler\"],\"inLanguage\":\"en-US\"},{\"@type\":\"WebPage\",\"@id\":\"https:\\\/\\\/akunq.net\\\/turkish\\\/2010\\\/06\\\/10\\\/cubukcu-ermeni-okulu-etkinliginde\\\/\",\"url\":\"https:\\\/\\\/akunq.net\\\/turkish\\\/2010\\\/06\\\/10\\\/cubukcu-ermeni-okulu-etkinliginde\\\/\",\"name\":\"\u00c7ubuk\u00e7u Ermeni okulu etkinli\u011finde - Bati Ermenistan Ve Bati Ermenileri Sorunlari Ara\u015ftirmalar Merkezi\",\"isPartOf\":{\"@id\":\"https:\\\/\\\/akunq.net\\\/turkish\\\/#website\"},\"datePublished\":\"2010-06-10T09:15:49+00:00\",\"author\":{\"@id\":\"https:\\\/\\\/akunq.net\\\/turkish\\\/#\\\/schema\\\/person\\\/135e7923d1aeb8887890799619969a6c\"},\"breadcrumb\":{\"@id\":\"https:\\\/\\\/akunq.net\\\/turkish\\\/2010\\\/06\\\/10\\\/cubukcu-ermeni-okulu-etkinliginde\\\/#breadcrumb\"},\"inLanguage\":\"en-US\",\"potentialAction\":[{\"@type\":\"ReadAction\",\"target\":[\"https:\\\/\\\/akunq.net\\\/turkish\\\/2010\\\/06\\\/10\\\/cubukcu-ermeni-okulu-etkinliginde\\\/\"]}]},{\"@type\":\"BreadcrumbList\",\"@id\":\"https:\\\/\\\/akunq.net\\\/turkish\\\/2010\\\/06\\\/10\\\/cubukcu-ermeni-okulu-etkinliginde\\\/#breadcrumb\",\"itemListElement\":[{\"@type\":\"ListItem\",\"position\":1,\"name\":\"Home\",\"item\":\"https:\\\/\\\/akunq.net\\\/turkish\\\/\"},{\"@type\":\"ListItem\",\"position\":2,\"name\":\"\u00c7ubuk\u00e7u Ermeni okulu etkinli\u011finde\"}]},{\"@type\":\"WebSite\",\"@id\":\"https:\\\/\\\/akunq.net\\\/turkish\\\/#website\",\"url\":\"https:\\\/\\\/akunq.net\\\/turkish\\\/\",\"name\":\"Bati Ermenistan Ve Bati Ermenileri Sorunlari Ara\u015ftirmalar Merkezi\",\"description\":\"\",\"potentialAction\":[{\"@type\":\"SearchAction\",\"target\":{\"@type\":\"EntryPoint\",\"urlTemplate\":\"https:\\\/\\\/akunq.net\\\/turkish\\\/?s={search_term_string}\"},\"query-input\":{\"@type\":\"PropertyValueSpecification\",\"valueRequired\":true,\"valueName\":\"search_term_string\"}}],\"inLanguage\":\"en-US\"},{\"@type\":\"Person\",\"@id\":\"https:\\\/\\\/akunq.net\\\/turkish\\\/#\\\/schema\\\/person\\\/135e7923d1aeb8887890799619969a6c\",\"name\":\"kalem\",\"image\":{\"@type\":\"ImageObject\",\"inLanguage\":\"en-US\",\"@id\":\"https:\\\/\\\/secure.gravatar.com\\\/avatar\\\/a06875e4b25feb5674296adf8e8a7ae1e587cebce2493fe63c456109967e27d3?s=96&d=mm&r=g\",\"url\":\"https:\\\/\\\/secure.gravatar.com\\\/avatar\\\/a06875e4b25feb5674296adf8e8a7ae1e587cebce2493fe63c456109967e27d3?s=96&d=mm&r=g\",\"contentUrl\":\"https:\\\/\\\/secure.gravatar.com\\\/avatar\\\/a06875e4b25feb5674296adf8e8a7ae1e587cebce2493fe63c456109967e27d3?s=96&d=mm&r=g\",\"caption\":\"kalem\"},\"url\":\"https:\\\/\\\/akunq.net\\\/turkish\\\/author\\\/kalem\\\/\"}]}<\/script>\n<!-- \/ Yoast SEO plugin. -->","yoast_head_json":{"title":"\u00c7ubuk\u00e7u Ermeni okulu etkinli\u011finde - Bati Ermenistan Ve Bati Ermenileri Sorunlari Ara\u015ftirmalar Merkezi","robots":{"index":"index","follow":"follow","max-snippet":"max-snippet:-1","max-image-preview":"max-image-preview:large","max-video-preview":"max-video-preview:-1"},"canonical":"https:\/\/akunq.net\/turkish\/2010\/06\/10\/cubukcu-ermeni-okulu-etkinliginde\/","og_locale":"en_US","og_type":"article","og_title":"\u00c7ubuk\u00e7u Ermeni okulu etkinli\u011finde - Bati Ermenistan Ve Bati Ermenileri Sorunlari Ara\u015ftirmalar Merkezi","og_description":"\u00a0Milli E\u011fitim Bakan\u0131 Nimet \u00c7ubuk\u00e7u, Ermeni okullar\u0131n\u0131n y\u0131l sonu etkinli\u011fine kat\u0131ld\u0131.\u00a0 \u00c7ubuk\u00e7u, \u201cCemaatiniz okullar\u0131nda anadillerinde okutulan derslerle ilgili kitap haz\u0131rlama \u00e7al\u0131\u015fmalar\u0131 da son noktaya gelmi\u015ftir. Bu \u00e7al\u0131\u015fmalar tamamlan\u0131nca anadilinizde kitaplar da bakanl\u0131\u011f\u0131m\u0131z taraf\u0131ndan \u00fccretsiz olarak bas\u0131l\u0131p da\u011f\u0131t\u0131lacakt\u0131r\u201d m\u00fcjdesi verdi. Kumkap\u0131\u2019daki Kazaz Amira Salonu\u2019nda bir anaokulu, 14 ilk\u00f6\u011fretim okulu ve be\u015f lisenin ortakla\u015fa d\u00fczenledi\u011fi \u2018\u00d6zel Ermeni [&hellip;]","og_url":"https:\/\/akunq.net\/turkish\/2010\/06\/10\/cubukcu-ermeni-okulu-etkinliginde\/","og_site_name":"Bati Ermenistan Ve Bati Ermenileri Sorunlari Ara\u015ftirmalar Merkezi","article_published_time":"2010-06-10T09:15:49+00:00","author":"kalem","twitter_card":"summary_large_image","twitter_misc":{"Written by":"kalem","Est. reading time":"2 minutes"},"schema":{"@context":"https:\/\/schema.org","@graph":[{"@type":"Article","@id":"https:\/\/akunq.net\/turkish\/2010\/06\/10\/cubukcu-ermeni-okulu-etkinliginde\/#article","isPartOf":{"@id":"https:\/\/akunq.net\/turkish\/2010\/06\/10\/cubukcu-ermeni-okulu-etkinliginde\/"},"author":{"name":"kalem","@id":"https:\/\/akunq.net\/turkish\/#\/schema\/person\/135e7923d1aeb8887890799619969a6c"},"headline":"\u00c7ubuk\u00e7u Ermeni okulu etkinli\u011finde","datePublished":"2010-06-10T09:15:49+00:00","mainEntityOfPage":{"@id":"https:\/\/akunq.net\/turkish\/2010\/06\/10\/cubukcu-ermeni-okulu-etkinliginde\/"},"wordCount":398,"articleSection":["Haberler"],"inLanguage":"en-US"},{"@type":"WebPage","@id":"https:\/\/akunq.net\/turkish\/2010\/06\/10\/cubukcu-ermeni-okulu-etkinliginde\/","url":"https:\/\/akunq.net\/turkish\/2010\/06\/10\/cubukcu-ermeni-okulu-etkinliginde\/","name":"\u00c7ubuk\u00e7u Ermeni okulu etkinli\u011finde - Bati Ermenistan Ve Bati Ermenileri Sorunlari Ara\u015ftirmalar Merkezi","isPartOf":{"@id":"https:\/\/akunq.net\/turkish\/#website"},"datePublished":"2010-06-10T09:15:49+00:00","author":{"@id":"https:\/\/akunq.net\/turkish\/#\/schema\/person\/135e7923d1aeb8887890799619969a6c"},"breadcrumb":{"@id":"https:\/\/akunq.net\/turkish\/2010\/06\/10\/cubukcu-ermeni-okulu-etkinliginde\/#breadcrumb"},"inLanguage":"en-US","potentialAction":[{"@type":"ReadAction","target":["https:\/\/akunq.net\/turkish\/2010\/06\/10\/cubukcu-ermeni-okulu-etkinliginde\/"]}]},{"@type":"BreadcrumbList","@id":"https:\/\/akunq.net\/turkish\/2010\/06\/10\/cubukcu-ermeni-okulu-etkinliginde\/#breadcrumb","itemListElement":[{"@type":"ListItem","position":1,"name":"Home","item":"https:\/\/akunq.net\/turkish\/"},{"@type":"ListItem","position":2,"name":"\u00c7ubuk\u00e7u Ermeni okulu etkinli\u011finde"}]},{"@type":"WebSite","@id":"https:\/\/akunq.net\/turkish\/#website","url":"https:\/\/akunq.net\/turkish\/","name":"Bati Ermenistan Ve Bati Ermenileri Sorunlari Ara\u015ftirmalar Merkezi","description":"","potentialAction":[{"@type":"SearchAction","target":{"@type":"EntryPoint","urlTemplate":"https:\/\/akunq.net\/turkish\/?s={search_term_string}"},"query-input":{"@type":"PropertyValueSpecification","valueRequired":true,"valueName":"search_term_string"}}],"inLanguage":"en-US"},{"@type":"Person","@id":"https:\/\/akunq.net\/turkish\/#\/schema\/person\/135e7923d1aeb8887890799619969a6c","name":"kalem","image":{"@type":"ImageObject","inLanguage":"en-US","@id":"https:\/\/secure.gravatar.com\/avatar\/a06875e4b25feb5674296adf8e8a7ae1e587cebce2493fe63c456109967e27d3?s=96&d=mm&r=g","url":"https:\/\/secure.gravatar.com\/avatar\/a06875e4b25feb5674296adf8e8a7ae1e587cebce2493fe63c456109967e27d3?s=96&d=mm&r=g","contentUrl":"https:\/\/secure.gravatar.com\/avatar\/a06875e4b25feb5674296adf8e8a7ae1e587cebce2493fe63c456109967e27d3?s=96&d=mm&r=g","caption":"kalem"},"url":"https:\/\/akunq.net\/turkish\/author\/kalem\/"}]}},"_links":{"self":[{"href":"https:\/\/akunq.net\/turkish\/wp-json\/wp\/v2\/posts\/945","targetHints":{"allow":["GET"]}}],"collection":[{"href":"https:\/\/akunq.net\/turkish\/wp-json\/wp\/v2\/posts"}],"about":[{"href":"https:\/\/akunq.net\/turkish\/wp-json\/wp\/v2\/types\/post"}],"author":[{"embeddable":true,"href":"https:\/\/akunq.net\/turkish\/wp-json\/wp\/v2\/users\/3"}],"replies":[{"embeddable":true,"href":"https:\/\/akunq.net\/turkish\/wp-json\/wp\/v2\/comments?post=945"}],"version-history":[{"count":0,"href":"https:\/\/akunq.net\/turkish\/wp-json\/wp\/v2\/posts\/945\/revisions"}],"wp:attachment":[{"href":"https:\/\/akunq.net\/turkish\/wp-json\/wp\/v2\/media?parent=945"}],"wp:term":[{"taxonomy":"category","embeddable":true,"href":"https:\/\/akunq.net\/turkish\/wp-json\/wp\/v2\/categories?post=945"},{"taxonomy":"post_tag","embeddable":true,"href":"https:\/\/akunq.net\/turkish\/wp-json\/wp\/v2\/tags?post=945"}],"curies":[{"name":"wp","href":"https:\/\/api.w.org\/{rel}","templated":true}]}}