{"id":920,"date":"2010-06-08T02:02:40","date_gmt":"2010-06-08T07:02:40","guid":{"rendered":"http:\/\/akunq.net\/tr\/?p=920"},"modified":"2010-06-08T02:02:40","modified_gmt":"2010-06-08T07:02:40","slug":"ilk-24-nisan-aniti-istanbulda-acilmisti-markar-esayan","status":"publish","type":"post","link":"https:\/\/akunq.net\/turkish\/2010\/06\/08\/ilk-24-nisan-aniti-istanbulda-acilmisti-markar-esayan\/","title":{"rendered":"\u0130lk 24 Nisan an\u0131t\u0131 \u0130stanbul\u2019da a\u00e7\u0131lm\u0131\u015ft\u0131 Markar Esayan"},"content":{"rendered":"<p style=\"text-align: justify\"><a rel=\"attachment wp-att-922\" href=\"http:\/\/akunq.net\/tr\/2010\/06\/08\/ilk-24-nisan-aniti-istanbul%e2%80%99da-acilmisti-markar-esayan\/untitled-2\/\"><img loading=\"lazy\" decoding=\"async\" width=\"300\" height=\"228\" class=\"alignleft size-full wp-image-922\" title=\"untitled\" src=\"http:\/\/akunq.net\/tr\/wp-content\/uploads\/2010\/06\/untitled.bmp\" alt=\"\" \/><\/a>\u00a0Hu\u015fartsan Ermenice bir kelime. Manas\u0131, abide, an\u0131t demek.<\/p>\n<p style=\"text-align: justify\">Ge\u00e7en g\u00fcn gazetede \u00e7al\u0131\u015f\u0131rken kal\u0131nca bir kargo paket geldi \u00f6n\u00fcme. A\u00e7t\u0131m. \u0130\u00e7inden sevgili Rag\u0131p Zarakolu\u2019nun bin bir dava ve bin bir zorlukla ayakta tuttu\u011fu Belge Yay\u0131nevi\u2019nden yay\u0131mlanm\u0131\u015f bir kitap \u00e7\u0131kt\u0131.<\/p>\n<p style=\"text-align: justify\">Teotig\u2019in (Teodoros Lapcinciyan) 24 Nisan 1915 kurbanlar\u0131n\u0131 anmak \u00fczere 1919\u2019da \u0130stanbul\u2019da kurulan yas komisyonunun tertipledi\u011fi t\u00f6renleri konu alan bir almanakt\u0131 bu.<\/p>\n<p style=\"text-align: justify\">Hrant Dink i\u00e7in de \u00e7ok \u00f6nemli bir kitapt\u0131 Hu\u015fartsan. Kitab\u0131n ba\u015f\u0131na gelenler Dan Brown\u2019un kurgular\u0131n\u0131 aratmayacak bir gizeme sahipti. 12 Nisan 1919\u2019da \u0130stanbul\u2019da bas\u0131lan kitab\u0131n kopyalar\u0131, esrarengiz bir bi\u00e7imde ortadan kaybolmu\u015ftu. 1920\u2019lerden sonra, herkesin lanetledi\u011fi bir vaka olan \u0130ttihat\u00e7\u0131lar\u0131n Osmanl\u0131 vatanda\u015f\u0131 Ermenilere kar\u015f\u0131 i\u015fledikleri bu b\u00fcy\u00fck insanl\u0131k su\u00e7u Osmanl\u0131\u2019ya yap\u0131lan reddi mirastaki birka\u00e7 istisnadan birisi olmu\u015ftu.<\/p>\n<p style=\"text-align: justify\">T\u00fcm d\u00fcnyan\u0131n g\u00f6rmezden geldi\u011fi bir meseleyi, eski \u0130ttihat\u00e7\u0131lar\u0131n devlet deneyimlerinden ziyadesiyle faydalanma yoluna giden \u00e7i\u00e7e\u011fi burnunda bir \u00fclke niye mesele etsindi ki?<\/p>\n<p style=\"text-align: justify\">Denebilir ki, T\u00fcrkiye Cumhuriyeti\u2019ne \u0130ttihat\u00e7\u0131lar\u0131n sirayeti ile K\u00fcrt, Alevi ve K\u0131br\u0131s sorunlar\u0131n\u0131n \u00fclkeye ayak ba\u011f\u0131 olmas\u0131nda, darbedar demokrasinin bir t\u00fcrl\u00fc geli\u015fememesi aras\u0131nda bir korelasyon vard\u0131 ve 1915\u2019in ink\u00e2r\u0131 bunda bir manivela vazifesi g\u00f6rm\u00fc\u015ft\u00fc. T\u00fcrkiye ink\u00e2r yoluna bu \u0130ttihat\u00e7\u0131 a\u015f\u0131s\u0131 ile sapt\u0131. Bir deli g\u00f6mle\u011fi giymi\u015f gibi, ko\u015fulsuz \u00f6zg\u00fcrl\u00fc\u011fe h\u00e2l\u00e2 soyunamamam\u0131z da bundan.<\/p>\n<p style=\"text-align: justify\">\u0130ran\u2019a ABD m\u00fcdahalesini \u00f6nleyebiliyor, Gazze\u2019deki insanl\u0131k dram\u0131na dikkati \u00e7ekebiliyor, \u0130slamofobia konusunda d\u00fcnyan\u0131n takdir etti\u011fi bir s\u00f6ylemi \u00fcretebiliyorken, kendi i\u00e7imizdeki K\u00fcrt ve Ermeni meselesini \u00e7\u00f6zememek, bu zehirli a\u015f\u0131n\u0131n h\u00e2l\u00e2 zehirli meyvelerini veriyor olmas\u0131 d\u0131\u015f\u0131nda nas\u0131l a\u00e7\u0131klanabilir?<\/p>\n<p style=\"text-align: justify\">\u0130\u015fte 1920\u2019lerde ya\u015fanan bu k\u0131r\u0131lman\u0131n kurban\u0131 olmu\u015ftu Hu\u015fartsan. Kurban tek de\u011fildi.<br \/>\nKitab\u0131n kapa\u011f\u0131nda yer alan ve bug\u00fcn Divan Oteli, \u0130stanbul Radyosu ve Harbiye Orduevi\u2019ni i\u00e7ine alan alanda 1915 kurbanlar\u0131na adanan 24 Nisan An\u0131t\u0131 da, esrarengiz bir bi\u00e7imde yok edilmi\u015fti. \u201cTarih\u00e7i Pamukciyan, bu an\u0131t\u0131n kaidelerini Harbiye Orduevi\u2019nin bah\u00e7esinde g\u00f6rd\u00fc\u011f\u00fcnden bahseder\u201d diyor Zarakolu kitab\u0131n \u00f6ns\u00f6z\u00fcnde&#8230;<\/p>\n<p style=\"text-align: justify\">***<br \/>\n\u0130\u015fte kapa\u011f\u0131nda o an\u0131t\u0131n da resminin bulundu\u011fu o k\u0131ymetli n\u00fcsha bir kitap sevdal\u0131s\u0131 taraf\u0131ndan Hrant Dink\u2019e getirilmi\u015fti. Zarakolu, \u201cSanki d\u00fcnyan\u0131n en b\u00fcy\u00fck hazinesi kendisine verilmi\u015f gibi hissetmi\u015fti Hrant\u201d diyor.<\/p>\n<p style=\"text-align: justify\"><strong>Nas\u0131l \u00f6yle hissetmesin? <\/strong><\/p>\n<p style=\"text-align: justify\">B\u00fcy\u00fck felaketin ilk \u015feytani hamlesinin yap\u0131ld\u0131\u011f\u0131 bu \u015fehirde, Ermeniler 1919 y\u0131l\u0131nda kay\u0131plar\u0131 i\u00e7in bir an\u0131t dikmi\u015f, ayin-i ruhaniler tertip etmi\u015f ve M\u00fcsl\u00fcman kom\u015fular\u0131yla birlikte ac\u0131lar\u0131 i\u00e7in yas tutmu\u015flard\u0131. Ge\u00e7mi\u015fin ac\u0131lar\u0131n\u0131 ge\u00e7mi\u015fte b\u0131rakabilmek i\u00e7in ihtiyac\u0131m\u0131z olan, y\u00fczy\u0131la yak\u0131nd\u0131r \u00f6zlemle bekledi\u011fimiz o en insani imk\u00e2na, birka\u00e7 y\u0131ll\u0131\u011f\u0131na da olsa eri\u015febilmi\u015flerdi.<\/p>\n<p style=\"text-align: justify\">Hrant kitab\u0131 hemen T\u00fcrk\u00e7eye \u00e7evirtmi\u015f ve yay\u0131mlamak i\u00e7in giri\u015fimde bulunmu\u015ftu.<\/p>\n<p style=\"text-align: justify\">Amma vel\u00e2kin, i\u00e7inde kendi \u00e7al\u0131\u015fmalar\u0131 da bulunan bilgisayar\u0131 esrarengiz bir bi\u00e7imde \u00e7\u00f6km\u00fc\u015ft\u00fc.<\/p>\n<p style=\"text-align: justify\">Dile kolay, tam 761 Ermeni fikir insan\u0131, edebiyat\u00e7\u0131, din adam\u0131, e\u011fitmen yer al\u0131yor Teotig\u2019in 24 Nisan kurbanlar\u0131n\u0131 tan\u0131tt\u0131\u011f\u0131 almanakta. Bir milletin akl\u0131n\u0131, y\u00fcre\u011fini, k\u00fclt\u00fcr\u00fcn\u00fc, dilini ta\u015f\u0131yan 761 masum insan, katledilmek \u00fczere Anadolu\u2019nun lo\u015f k\u00f6\u015felerinde \u00e7etelere teslim ediliyor. Yok edilen k\u00fclt\u00fcr\u00fcn devasa derinli\u011fini, kitab\u0131 okudu\u011funuzda anlayacaks\u0131n\u0131z. T\u00fcrkiye\u2019nin nas\u0131l b\u00fcy\u00fck bir zenginli\u011finin yok edilmi\u015f oldu\u011funa yanacaks\u0131n\u0131z; i\u00e7iniz c\u0131z edecek.<\/p>\n<p style=\"text-align: justify\">O tarihten beri, Ermeniler kafas\u0131 kesilmi\u015f horoz gibi d\u00fcnyan\u0131n ortal\u0131\u011f\u0131nda debelenip duruyorlar i\u015fte. \u00d6ld\u00fcklerini ispat etmek i\u00e7in u\u011fra\u015f\u0131p duruyorlar. Derin bir keder bal\u00e7\u0131\u011f\u0131, hem Ermenileri, hem T\u00fcrkleri s\u00fcrekli a\u015fa\u011f\u0131 \u00e7ekiyor.<\/p>\n<p style=\"text-align: justify\">***<br \/>\nKitab\u0131 okurken akl\u0131ma birdenbire geldi&#8230; Hrant\u2019\u0131n 23 May\u0131s 2005 tarihinde Ne\u015fe D\u00fczel\u2019e verdi\u011fi o m\u00fcthi\u015f m\u00fclakatta, bu kitaptan da bahsetti\u011fini hat\u0131rlad\u0131m birden.<br \/>\n\u201cO d\u00f6nemde T\u00fcrkiye\u2019de Ermeni toplumu bir yas komisyonu kurmu\u015f. Bende kitab\u0131 var bunun. 1919\u2019da Ermenice yay\u0131mlanm\u0131\u015f bu kitapta 24 Nisan\u2019da tutuklanan b\u00fct\u00fcn \u00f6nderlerin, ayd\u0131nlar\u0131n biyografileri var. Ben bu kitab\u0131 \u015fimdi T\u00fcrk\u00e7e olarak yay\u0131mlayaca\u011f\u0131m. Ama 1920\u2019den sonra birdenbire T\u00fcrkiye\u2019de konjonkt\u00fcr de\u011fi\u015fmi\u015f.\u201d<\/p>\n<p style=\"text-align: justify\">Hrant her zamanki a\u00e7\u0131k y\u00fcreklili\u011fi, samimiyeti ve hesaps\u0131zl\u0131\u011f\u0131 ile D\u00fczel\u2019e bu \u00f6nemli bilgiyi veriyor. Sonras\u0131nda ise, bilgisayar\u0131, bir daha geriye getirilemeyecek \u015fekilde \u00e7\u00f6k\u00fcyor. Arada bir ba\u011flant\u0131 var m\u0131d\u0131r, bilinmez. Takdir sizin.<\/p>\n<p style=\"text-align: justify\">***<br \/>\nHrant\u2019\u0131n bu b\u00fcy\u00fck arzusunu bir vasiyet belleyip, sevgili Rag\u0131p Zarakolu yerine getirmi\u015f ve yay\u0131mlam\u0131\u015f Hu\u015fartsan\u2019\u0131. T\u00fcrkiye\u2019nin biraz olsun de\u011fi\u015fti\u011fini g\u00f6rmek, bunca bedelin bo\u015fa \u00f6denmedi\u011fini de bilmek demek, \u00fcmit demek.<\/p>\n<p style=\"text-align: justify\">Y\u00fcre\u011fin dert g\u00f6rmesin sevgili Rag\u0131p, Hrant senden raz\u0131 olsun.<\/p>\n<p style=\"text-align: justify\"><strong>markaresayan@hotmail.com<\/strong><\/p>\n<p style=\"text-align: justify\"><strong>taraf.com.tr, 01.06.2010<\/strong><\/p>\n","protected":false},"excerpt":{"rendered":"<p>\u00a0Hu\u015fartsan Ermenice bir kelime. Manas\u0131, abide, an\u0131t demek. Ge\u00e7en g\u00fcn gazetede \u00e7al\u0131\u015f\u0131rken kal\u0131nca bir kargo paket geldi \u00f6n\u00fcme. A\u00e7t\u0131m. \u0130\u00e7inden sevgili Rag\u0131p Zarakolu\u2019nun bin bir dava ve bin bir zorlukla ayakta tuttu\u011fu Belge Yay\u0131nevi\u2019nden yay\u0131mlanm\u0131\u015f bir kitap \u00e7\u0131kt\u0131. Teotig\u2019in (Teodoros Lapcinciyan) 24 Nisan 1915 kurbanlar\u0131n\u0131 anmak \u00fczere 1919\u2019da \u0130stanbul\u2019da kurulan yas komisyonunun tertipledi\u011fi t\u00f6renleri konu [&hellip;]<\/p>\n","protected":false},"author":3,"featured_media":0,"comment_status":"closed","ping_status":"open","sticky":false,"template":"","format":"standard","meta":{"footnotes":""},"categories":[14],"tags":[],"class_list":["post-920","post","type-post","status-publish","format-standard","hentry","category-haberler"],"yoast_head":"<!-- This site is optimized with the Yoast SEO plugin v27.4 - https:\/\/yoast.com\/product\/yoast-seo-wordpress\/ -->\n<title>\u0130lk 24 Nisan an\u0131t\u0131 \u0130stanbul\u2019da a\u00e7\u0131lm\u0131\u015ft\u0131 Markar Esayan - Bati Ermenistan Ve Bati Ermenileri Sorunlari Ara\u015ftirmalar Merkezi<\/title>\n<meta name=\"robots\" content=\"index, follow, max-snippet:-1, max-image-preview:large, max-video-preview:-1\" \/>\n<link rel=\"canonical\" href=\"https:\/\/akunq.net\/turkish\/2010\/06\/08\/ilk-24-nisan-aniti-istanbulda-acilmisti-markar-esayan\/\" \/>\n<meta property=\"og:locale\" content=\"en_US\" \/>\n<meta property=\"og:type\" content=\"article\" \/>\n<meta property=\"og:title\" content=\"\u0130lk 24 Nisan an\u0131t\u0131 \u0130stanbul\u2019da a\u00e7\u0131lm\u0131\u015ft\u0131 Markar Esayan - Bati Ermenistan Ve Bati Ermenileri Sorunlari Ara\u015ftirmalar Merkezi\" \/>\n<meta property=\"og:description\" content=\"\u00a0Hu\u015fartsan Ermenice bir kelime. Manas\u0131, abide, an\u0131t demek. Ge\u00e7en g\u00fcn gazetede \u00e7al\u0131\u015f\u0131rken kal\u0131nca bir kargo paket geldi \u00f6n\u00fcme. A\u00e7t\u0131m. \u0130\u00e7inden sevgili Rag\u0131p Zarakolu\u2019nun bin bir dava ve bin bir zorlukla ayakta tuttu\u011fu Belge Yay\u0131nevi\u2019nden yay\u0131mlanm\u0131\u015f bir kitap \u00e7\u0131kt\u0131. Teotig\u2019in (Teodoros Lapcinciyan) 24 Nisan 1915 kurbanlar\u0131n\u0131 anmak \u00fczere 1919\u2019da \u0130stanbul\u2019da kurulan yas komisyonunun tertipledi\u011fi t\u00f6renleri konu [&hellip;]\" \/>\n<meta property=\"og:url\" content=\"https:\/\/akunq.net\/turkish\/2010\/06\/08\/ilk-24-nisan-aniti-istanbulda-acilmisti-markar-esayan\/\" \/>\n<meta property=\"og:site_name\" content=\"Bati Ermenistan Ve Bati Ermenileri Sorunlari Ara\u015ftirmalar Merkezi\" \/>\n<meta property=\"article:published_time\" content=\"2010-06-08T07:02:40+00:00\" \/>\n<meta name=\"author\" content=\"kalem\" \/>\n<meta name=\"twitter:card\" content=\"summary_large_image\" \/>\n<meta name=\"twitter:label1\" content=\"Written by\" \/>\n\t<meta name=\"twitter:data1\" content=\"kalem\" \/>\n\t<meta name=\"twitter:label2\" content=\"Est. reading time\" \/>\n\t<meta name=\"twitter:data2\" content=\"4 minutes\" \/>\n<script type=\"application\/ld+json\" class=\"yoast-schema-graph\">{\"@context\":\"https:\\\/\\\/schema.org\",\"@graph\":[{\"@type\":\"Article\",\"@id\":\"https:\\\/\\\/akunq.net\\\/turkish\\\/2010\\\/06\\\/08\\\/ilk-24-nisan-aniti-istanbulda-acilmisti-markar-esayan\\\/#article\",\"isPartOf\":{\"@id\":\"https:\\\/\\\/akunq.net\\\/turkish\\\/2010\\\/06\\\/08\\\/ilk-24-nisan-aniti-istanbulda-acilmisti-markar-esayan\\\/\"},\"author\":{\"name\":\"kalem\",\"@id\":\"https:\\\/\\\/akunq.net\\\/turkish\\\/#\\\/schema\\\/person\\\/135e7923d1aeb8887890799619969a6c\"},\"headline\":\"\u0130lk 24 Nisan an\u0131t\u0131 \u0130stanbul\u2019da a\u00e7\u0131lm\u0131\u015ft\u0131 Markar Esayan\",\"datePublished\":\"2010-06-08T07:02:40+00:00\",\"mainEntityOfPage\":{\"@id\":\"https:\\\/\\\/akunq.net\\\/turkish\\\/2010\\\/06\\\/08\\\/ilk-24-nisan-aniti-istanbulda-acilmisti-markar-esayan\\\/\"},\"wordCount\":886,\"image\":{\"@id\":\"https:\\\/\\\/akunq.net\\\/turkish\\\/2010\\\/06\\\/08\\\/ilk-24-nisan-aniti-istanbulda-acilmisti-markar-esayan\\\/#primaryimage\"},\"thumbnailUrl\":\"http:\\\/\\\/akunq.net\\\/tr\\\/wp-content\\\/uploads\\\/2010\\\/06\\\/untitled.bmp\",\"articleSection\":[\"Haberler\"],\"inLanguage\":\"en-US\"},{\"@type\":\"WebPage\",\"@id\":\"https:\\\/\\\/akunq.net\\\/turkish\\\/2010\\\/06\\\/08\\\/ilk-24-nisan-aniti-istanbulda-acilmisti-markar-esayan\\\/\",\"url\":\"https:\\\/\\\/akunq.net\\\/turkish\\\/2010\\\/06\\\/08\\\/ilk-24-nisan-aniti-istanbulda-acilmisti-markar-esayan\\\/\",\"name\":\"\u0130lk 24 Nisan an\u0131t\u0131 \u0130stanbul\u2019da a\u00e7\u0131lm\u0131\u015ft\u0131 Markar Esayan - Bati Ermenistan Ve Bati Ermenileri Sorunlari Ara\u015ftirmalar Merkezi\",\"isPartOf\":{\"@id\":\"https:\\\/\\\/akunq.net\\\/turkish\\\/#website\"},\"primaryImageOfPage\":{\"@id\":\"https:\\\/\\\/akunq.net\\\/turkish\\\/2010\\\/06\\\/08\\\/ilk-24-nisan-aniti-istanbulda-acilmisti-markar-esayan\\\/#primaryimage\"},\"image\":{\"@id\":\"https:\\\/\\\/akunq.net\\\/turkish\\\/2010\\\/06\\\/08\\\/ilk-24-nisan-aniti-istanbulda-acilmisti-markar-esayan\\\/#primaryimage\"},\"thumbnailUrl\":\"http:\\\/\\\/akunq.net\\\/tr\\\/wp-content\\\/uploads\\\/2010\\\/06\\\/untitled.bmp\",\"datePublished\":\"2010-06-08T07:02:40+00:00\",\"author\":{\"@id\":\"https:\\\/\\\/akunq.net\\\/turkish\\\/#\\\/schema\\\/person\\\/135e7923d1aeb8887890799619969a6c\"},\"breadcrumb\":{\"@id\":\"https:\\\/\\\/akunq.net\\\/turkish\\\/2010\\\/06\\\/08\\\/ilk-24-nisan-aniti-istanbulda-acilmisti-markar-esayan\\\/#breadcrumb\"},\"inLanguage\":\"en-US\",\"potentialAction\":[{\"@type\":\"ReadAction\",\"target\":[\"https:\\\/\\\/akunq.net\\\/turkish\\\/2010\\\/06\\\/08\\\/ilk-24-nisan-aniti-istanbulda-acilmisti-markar-esayan\\\/\"]}]},{\"@type\":\"ImageObject\",\"inLanguage\":\"en-US\",\"@id\":\"https:\\\/\\\/akunq.net\\\/turkish\\\/2010\\\/06\\\/08\\\/ilk-24-nisan-aniti-istanbulda-acilmisti-markar-esayan\\\/#primaryimage\",\"url\":\"http:\\\/\\\/akunq.net\\\/tr\\\/wp-content\\\/uploads\\\/2010\\\/06\\\/untitled.bmp\",\"contentUrl\":\"http:\\\/\\\/akunq.net\\\/tr\\\/wp-content\\\/uploads\\\/2010\\\/06\\\/untitled.bmp\"},{\"@type\":\"BreadcrumbList\",\"@id\":\"https:\\\/\\\/akunq.net\\\/turkish\\\/2010\\\/06\\\/08\\\/ilk-24-nisan-aniti-istanbulda-acilmisti-markar-esayan\\\/#breadcrumb\",\"itemListElement\":[{\"@type\":\"ListItem\",\"position\":1,\"name\":\"Home\",\"item\":\"https:\\\/\\\/akunq.net\\\/turkish\\\/\"},{\"@type\":\"ListItem\",\"position\":2,\"name\":\"\u0130lk 24 Nisan an\u0131t\u0131 \u0130stanbul\u2019da a\u00e7\u0131lm\u0131\u015ft\u0131 Markar Esayan\"}]},{\"@type\":\"WebSite\",\"@id\":\"https:\\\/\\\/akunq.net\\\/turkish\\\/#website\",\"url\":\"https:\\\/\\\/akunq.net\\\/turkish\\\/\",\"name\":\"Bati Ermenistan Ve Bati Ermenileri Sorunlari Ara\u015ftirmalar Merkezi\",\"description\":\"\",\"potentialAction\":[{\"@type\":\"SearchAction\",\"target\":{\"@type\":\"EntryPoint\",\"urlTemplate\":\"https:\\\/\\\/akunq.net\\\/turkish\\\/?s={search_term_string}\"},\"query-input\":{\"@type\":\"PropertyValueSpecification\",\"valueRequired\":true,\"valueName\":\"search_term_string\"}}],\"inLanguage\":\"en-US\"},{\"@type\":\"Person\",\"@id\":\"https:\\\/\\\/akunq.net\\\/turkish\\\/#\\\/schema\\\/person\\\/135e7923d1aeb8887890799619969a6c\",\"name\":\"kalem\",\"image\":{\"@type\":\"ImageObject\",\"inLanguage\":\"en-US\",\"@id\":\"https:\\\/\\\/secure.gravatar.com\\\/avatar\\\/a06875e4b25feb5674296adf8e8a7ae1e587cebce2493fe63c456109967e27d3?s=96&d=mm&r=g\",\"url\":\"https:\\\/\\\/secure.gravatar.com\\\/avatar\\\/a06875e4b25feb5674296adf8e8a7ae1e587cebce2493fe63c456109967e27d3?s=96&d=mm&r=g\",\"contentUrl\":\"https:\\\/\\\/secure.gravatar.com\\\/avatar\\\/a06875e4b25feb5674296adf8e8a7ae1e587cebce2493fe63c456109967e27d3?s=96&d=mm&r=g\",\"caption\":\"kalem\"},\"url\":\"https:\\\/\\\/akunq.net\\\/turkish\\\/author\\\/kalem\\\/\"}]}<\/script>\n<!-- \/ Yoast SEO plugin. -->","yoast_head_json":{"title":"\u0130lk 24 Nisan an\u0131t\u0131 \u0130stanbul\u2019da a\u00e7\u0131lm\u0131\u015ft\u0131 Markar Esayan - Bati Ermenistan Ve Bati Ermenileri Sorunlari Ara\u015ftirmalar Merkezi","robots":{"index":"index","follow":"follow","max-snippet":"max-snippet:-1","max-image-preview":"max-image-preview:large","max-video-preview":"max-video-preview:-1"},"canonical":"https:\/\/akunq.net\/turkish\/2010\/06\/08\/ilk-24-nisan-aniti-istanbulda-acilmisti-markar-esayan\/","og_locale":"en_US","og_type":"article","og_title":"\u0130lk 24 Nisan an\u0131t\u0131 \u0130stanbul\u2019da a\u00e7\u0131lm\u0131\u015ft\u0131 Markar Esayan - Bati Ermenistan Ve Bati Ermenileri Sorunlari Ara\u015ftirmalar Merkezi","og_description":"\u00a0Hu\u015fartsan Ermenice bir kelime. Manas\u0131, abide, an\u0131t demek. Ge\u00e7en g\u00fcn gazetede \u00e7al\u0131\u015f\u0131rken kal\u0131nca bir kargo paket geldi \u00f6n\u00fcme. A\u00e7t\u0131m. \u0130\u00e7inden sevgili Rag\u0131p Zarakolu\u2019nun bin bir dava ve bin bir zorlukla ayakta tuttu\u011fu Belge Yay\u0131nevi\u2019nden yay\u0131mlanm\u0131\u015f bir kitap \u00e7\u0131kt\u0131. Teotig\u2019in (Teodoros Lapcinciyan) 24 Nisan 1915 kurbanlar\u0131n\u0131 anmak \u00fczere 1919\u2019da \u0130stanbul\u2019da kurulan yas komisyonunun tertipledi\u011fi t\u00f6renleri konu [&hellip;]","og_url":"https:\/\/akunq.net\/turkish\/2010\/06\/08\/ilk-24-nisan-aniti-istanbulda-acilmisti-markar-esayan\/","og_site_name":"Bati Ermenistan Ve Bati Ermenileri Sorunlari Ara\u015ftirmalar Merkezi","article_published_time":"2010-06-08T07:02:40+00:00","author":"kalem","twitter_card":"summary_large_image","twitter_misc":{"Written by":"kalem","Est. reading time":"4 minutes"},"schema":{"@context":"https:\/\/schema.org","@graph":[{"@type":"Article","@id":"https:\/\/akunq.net\/turkish\/2010\/06\/08\/ilk-24-nisan-aniti-istanbulda-acilmisti-markar-esayan\/#article","isPartOf":{"@id":"https:\/\/akunq.net\/turkish\/2010\/06\/08\/ilk-24-nisan-aniti-istanbulda-acilmisti-markar-esayan\/"},"author":{"name":"kalem","@id":"https:\/\/akunq.net\/turkish\/#\/schema\/person\/135e7923d1aeb8887890799619969a6c"},"headline":"\u0130lk 24 Nisan an\u0131t\u0131 \u0130stanbul\u2019da a\u00e7\u0131lm\u0131\u015ft\u0131 Markar Esayan","datePublished":"2010-06-08T07:02:40+00:00","mainEntityOfPage":{"@id":"https:\/\/akunq.net\/turkish\/2010\/06\/08\/ilk-24-nisan-aniti-istanbulda-acilmisti-markar-esayan\/"},"wordCount":886,"image":{"@id":"https:\/\/akunq.net\/turkish\/2010\/06\/08\/ilk-24-nisan-aniti-istanbulda-acilmisti-markar-esayan\/#primaryimage"},"thumbnailUrl":"http:\/\/akunq.net\/tr\/wp-content\/uploads\/2010\/06\/untitled.bmp","articleSection":["Haberler"],"inLanguage":"en-US"},{"@type":"WebPage","@id":"https:\/\/akunq.net\/turkish\/2010\/06\/08\/ilk-24-nisan-aniti-istanbulda-acilmisti-markar-esayan\/","url":"https:\/\/akunq.net\/turkish\/2010\/06\/08\/ilk-24-nisan-aniti-istanbulda-acilmisti-markar-esayan\/","name":"\u0130lk 24 Nisan an\u0131t\u0131 \u0130stanbul\u2019da a\u00e7\u0131lm\u0131\u015ft\u0131 Markar Esayan - Bati Ermenistan Ve Bati Ermenileri Sorunlari Ara\u015ftirmalar Merkezi","isPartOf":{"@id":"https:\/\/akunq.net\/turkish\/#website"},"primaryImageOfPage":{"@id":"https:\/\/akunq.net\/turkish\/2010\/06\/08\/ilk-24-nisan-aniti-istanbulda-acilmisti-markar-esayan\/#primaryimage"},"image":{"@id":"https:\/\/akunq.net\/turkish\/2010\/06\/08\/ilk-24-nisan-aniti-istanbulda-acilmisti-markar-esayan\/#primaryimage"},"thumbnailUrl":"http:\/\/akunq.net\/tr\/wp-content\/uploads\/2010\/06\/untitled.bmp","datePublished":"2010-06-08T07:02:40+00:00","author":{"@id":"https:\/\/akunq.net\/turkish\/#\/schema\/person\/135e7923d1aeb8887890799619969a6c"},"breadcrumb":{"@id":"https:\/\/akunq.net\/turkish\/2010\/06\/08\/ilk-24-nisan-aniti-istanbulda-acilmisti-markar-esayan\/#breadcrumb"},"inLanguage":"en-US","potentialAction":[{"@type":"ReadAction","target":["https:\/\/akunq.net\/turkish\/2010\/06\/08\/ilk-24-nisan-aniti-istanbulda-acilmisti-markar-esayan\/"]}]},{"@type":"ImageObject","inLanguage":"en-US","@id":"https:\/\/akunq.net\/turkish\/2010\/06\/08\/ilk-24-nisan-aniti-istanbulda-acilmisti-markar-esayan\/#primaryimage","url":"http:\/\/akunq.net\/tr\/wp-content\/uploads\/2010\/06\/untitled.bmp","contentUrl":"http:\/\/akunq.net\/tr\/wp-content\/uploads\/2010\/06\/untitled.bmp"},{"@type":"BreadcrumbList","@id":"https:\/\/akunq.net\/turkish\/2010\/06\/08\/ilk-24-nisan-aniti-istanbulda-acilmisti-markar-esayan\/#breadcrumb","itemListElement":[{"@type":"ListItem","position":1,"name":"Home","item":"https:\/\/akunq.net\/turkish\/"},{"@type":"ListItem","position":2,"name":"\u0130lk 24 Nisan an\u0131t\u0131 \u0130stanbul\u2019da a\u00e7\u0131lm\u0131\u015ft\u0131 Markar Esayan"}]},{"@type":"WebSite","@id":"https:\/\/akunq.net\/turkish\/#website","url":"https:\/\/akunq.net\/turkish\/","name":"Bati Ermenistan Ve Bati Ermenileri Sorunlari Ara\u015ftirmalar Merkezi","description":"","potentialAction":[{"@type":"SearchAction","target":{"@type":"EntryPoint","urlTemplate":"https:\/\/akunq.net\/turkish\/?s={search_term_string}"},"query-input":{"@type":"PropertyValueSpecification","valueRequired":true,"valueName":"search_term_string"}}],"inLanguage":"en-US"},{"@type":"Person","@id":"https:\/\/akunq.net\/turkish\/#\/schema\/person\/135e7923d1aeb8887890799619969a6c","name":"kalem","image":{"@type":"ImageObject","inLanguage":"en-US","@id":"https:\/\/secure.gravatar.com\/avatar\/a06875e4b25feb5674296adf8e8a7ae1e587cebce2493fe63c456109967e27d3?s=96&d=mm&r=g","url":"https:\/\/secure.gravatar.com\/avatar\/a06875e4b25feb5674296adf8e8a7ae1e587cebce2493fe63c456109967e27d3?s=96&d=mm&r=g","contentUrl":"https:\/\/secure.gravatar.com\/avatar\/a06875e4b25feb5674296adf8e8a7ae1e587cebce2493fe63c456109967e27d3?s=96&d=mm&r=g","caption":"kalem"},"url":"https:\/\/akunq.net\/turkish\/author\/kalem\/"}]}},"_links":{"self":[{"href":"https:\/\/akunq.net\/turkish\/wp-json\/wp\/v2\/posts\/920","targetHints":{"allow":["GET"]}}],"collection":[{"href":"https:\/\/akunq.net\/turkish\/wp-json\/wp\/v2\/posts"}],"about":[{"href":"https:\/\/akunq.net\/turkish\/wp-json\/wp\/v2\/types\/post"}],"author":[{"embeddable":true,"href":"https:\/\/akunq.net\/turkish\/wp-json\/wp\/v2\/users\/3"}],"replies":[{"embeddable":true,"href":"https:\/\/akunq.net\/turkish\/wp-json\/wp\/v2\/comments?post=920"}],"version-history":[{"count":0,"href":"https:\/\/akunq.net\/turkish\/wp-json\/wp\/v2\/posts\/920\/revisions"}],"wp:attachment":[{"href":"https:\/\/akunq.net\/turkish\/wp-json\/wp\/v2\/media?parent=920"}],"wp:term":[{"taxonomy":"category","embeddable":true,"href":"https:\/\/akunq.net\/turkish\/wp-json\/wp\/v2\/categories?post=920"},{"taxonomy":"post_tag","embeddable":true,"href":"https:\/\/akunq.net\/turkish\/wp-json\/wp\/v2\/tags?post=920"}],"curies":[{"name":"wp","href":"https:\/\/api.w.org\/{rel}","templated":true}]}}