{"id":918,"date":"2010-06-07T02:48:32","date_gmt":"2010-06-07T07:48:32","guid":{"rendered":"http:\/\/akunq.net\/tr\/?p=918"},"modified":"2010-06-07T02:48:32","modified_gmt":"2010-06-07T07:48:32","slug":"dil-ve-bellek-uzerine-konusmalar","status":"publish","type":"post","link":"https:\/\/akunq.net\/turkish\/2010\/06\/07\/dil-ve-bellek-uzerine-konusmalar\/","title":{"rendered":"\u201cDil ve bellek\u201d \u00fczerine konu\u015fmalar"},"content":{"rendered":"<p style=\"text-align: justify\"><em>Sabanc\u0131 \u00dcniversitesi ve Anadolu K\u00fclt\u00fcr taraf\u0131ndan \u00fc\u00e7\u00fcnc\u00fcs\u00fc d\u00fczenlenen \u2018Hrant Dink At\u00f6lye \u00c7al\u0131\u015fmalar\u0131\u2019 27-29 May\u0131s tarihlerinde Galatasaray\u2019daki Cezayir Toplant\u0131 Salonu\u2019nda yap\u0131ld\u0131.<\/em><\/p>\n<p style=\"text-align: justify\">Anadolu ve \u00e7evresindeki halklar\u0131n dilleri ve bellekleri \u00fczerinde yo\u011funla\u015fan sunumlar, T\u00fcrkiye\u2019nin ge\u00e7mi\u015fle y\u00fczle\u015fmesi yolundaki akademik \u00e7abalar\u0131n geldi\u011fi noktay\u0131 ifade ediyordu.<br \/>\nAt\u00f6lyelerde devlet politikalar\u0131, k\u00fclt\u00fcrel etkile\u015fimler, kad\u0131n, edebiyat, tarih, kimlik gibi \u00e7e\u015fitli kavramlar ele al\u0131nd\u0131. Silvina Der Meguerditchian ve Helin Anahit\u2019in kat\u0131ld\u0131\u011f\u0131 \u201cSanat, Dil ve Haf\u0131za \u00dczerine D\u00fc\u015f\u00fcnceler\u201d ba\u015fl\u0131kl\u0131 panelle a\u00e7\u0131lan at\u00f6lye \u00e7al\u0131\u015fmalar\u0131 kapsam\u0131nda, T\u00fcrkiye\u2019den ve yurtd\u0131\u015f\u0131ndan k\u0131rk\u0131 a\u015fk\u0131n akademisyen ve ara\u015ft\u0131rmac\u0131 konu\u015fma yapt\u0131.<\/p>\n<p style=\"text-align: justify\"><strong>Su\u00e7lu kim?<\/strong><\/p>\n<p style=\"text-align: justify\">At\u00f6lye \u00e7al\u0131\u015fmalar\u0131n\u0131n ikinci g\u00fcn\u00fcnde, Alparslan Nas \u201cM\u0131g\u0131rdi\u00e7 Margosyan: \u2018Min\u00f6r Edebiyat\u2019 Yolunda Otobiyografi ve Roman Birlikteli\u011fi: T\u00fcrkiye\u2019de Min\u00f6r-Olu\u015f\u2019a do\u011fru\u201d ba\u015fl\u0131kl\u0131 bir konu\u015fma yapt\u0131. Nas, Min\u00f6r edebiyat\u0131n ve bu \u00e7er\u00e7evede Margosyan\u2019\u0131n \u2018d\u00f6n\u00fc\u015ft\u00fcr\u00fcc\u00fc\u2019 oldu\u011funu anlatt\u0131 ve \u201cMin\u00f6r edebiyat politiktir. Failin dilini al\u0131r, onu ara\u00e7salla\u015ft\u0131rarak kurbanla\u015ft\u0131r\u0131r. Buradaki inat ve direni\u015fi edebiyata ta\u015f\u0131r\u2026 Hat\u0131rlat\u0131r. Bu hat\u0131rlamalar \u00e7o\u011funlukla varolu\u015fumuzu par\u00e7alar ve okuyucu da inat etmeye ve direnmeye ba\u015flar dedi.\u201d Sunumlar\u0131n ard\u0131ndan s\u00f6z alan Margosyan\u2019\u0131n, \u201cMe\u011fer ben neymi\u015fim?\u201d demesi salondakilere ne\u015feli anlar ya\u015fatt\u0131.<\/p>\n<p style=\"text-align: justify\">Kolombiya \u00dcniversitesinden Efe \u00c7akmak\u2019\u0131n ar\u015fiv kelimesinin anlam\u0131 ve edebiyat\u0131n siyasalla\u015fmas\u0131 ve paradigma kaymas\u0131 konular\u0131n\u0131 Halide Edip Ad\u0131var dolay\u0131m\u0131ndan ele alan ve i\u00e7erisinde \u201cedebiyat su\u00e7ludur\u201d c\u00fcmlesi ge\u00e7en\u00a0 \u2018provakatif\u2019 sunumu salonda sars\u0131c\u0131 bir etki yaratt\u0131. Oturumun tart\u0131\u015fmac\u0131s\u0131 Marc Nichanian da \u00c7akmak\u2019\u0131 destekleyerek, \u201cEdebiyat ve ayn\u0131 \u015fekilde tarih de su\u00e7ludur: \u00c7\u00fcnk\u00fc h\u00e2kim olan\u0131n, emperyalin, i\u015fkencecinin dilini kullan\u0131r. Kazanandan taraft\u0131r. A\u00e7\u0131k\u00e7as\u0131 ben edebiyattan s\u0131k\u0131ld\u0131m\u201d dedi.<\/p>\n<p style=\"text-align: justify\">G\u00fcn\u00fcn son oturumu at\u00f6lye \u00e7al\u0131\u015fmalar\u0131n\u0131n en \u00e7ok ilgi g\u00f6ren sunumlar\u0131na sahne oldu. Ayda Erbal, Seyhan Bayraktar ve Bilgin Ayata\u2019n\u0131n, T\u00fcrkiye\u2019de entelekt\u00fcellerin s\u00f6ylemlerini ve \u201cErmenilerden \u00d6z\u00fcr Diliyorum\u201d kampanyas\u0131n\u0131n metnini ele\u015ftirdi\u011fi sunumlar\u0131 geni\u015f bir tart\u0131\u015fman\u0131n kap\u0131s\u0131n\u0131 a\u00e7t\u0131.<\/p>\n<p style=\"text-align: justify\"><strong>Almanya\u2019da\u00a0\u00e7ifte \u00f6tekile\u015fme<\/strong><\/p>\n<p style=\"text-align: justify\">Cumartesi g\u00fcn\u00fc yap\u0131lan \u201c\u00c7okdillilik\u201d ba\u015fl\u0131kl\u0131 oturumda ise Alice Von Bieberstein, Berlin Ermeni toplumunu konu alan bir sunum yapt\u0131. Von Bieberstein, T\u00fcrkiye\u2019deki bask\u0131lardan dolay\u0131 Almanya\u2019ya g\u00f6\u00e7 edenlerin, orada ise T\u00fcrk olarak alg\u0131lanmalar\u0131 ve \u00f6tekile\u015ftirilmelerini, ayr\u0131ca aralar\u0131nda T\u00fcrk\u00e7e konu\u015ftuklar\u0131 i\u00e7in, ba\u015fka yerlerden gelen Ermeniler taraf\u0131ndan ele\u015ftirilmelerini anlatt\u0131.<br \/>\nAyn\u0131 oturumda Talin Bah\u00e7\u0131vano\u011flu, hen\u00fcz yap\u0131m a\u015famas\u0131nda olan 1938 Dersim Katliam\u0131n\u0131n Ermeni tan\u0131kl\u0131klar\u0131n\u0131 konu alan film \u00e7al\u0131\u015fmas\u0131n\u0131 anlatt\u0131 ve \u00f6zellikle kad\u0131nlardaki suskunlu\u011fa dikkat \u00e7ekti. Ayn\u0131 oturumda, Ramazan Aras, Diyarbak\u0131r Cezaevi\u2019nde ya\u015fanan i\u015fkenceleri Devlet-beden politikalar\u0131 \u00e7er\u00e7evesinde tart\u0131\u015fmaya a\u00e7t\u0131. Ayn\u0131 g\u00fcn, Yektan T\u00fcrky\u0131lmaz ise, Van\u2019da 1915\u2019te kurulan yakla\u015f\u0131k iki ayl\u0131k Ermeni y\u00f6netimi s\u0131ras\u0131nda yerel halk\u0131n maruz kald\u0131\u011f\u0131 bask\u0131lar\u0131 anlatt\u0131\u011f\u0131 konu\u015fmas\u0131yla izleyicilerin ilgisini toplad\u0131.<em><\/em><\/p>\n<p style=\"text-align: justify\"><strong>Agos<\/strong> gazetesi, \u00a0Sayi 740, 04.06.2010<strong><em><\/em><\/strong><\/p>\n","protected":false},"excerpt":{"rendered":"<p>Sabanc\u0131 \u00dcniversitesi ve Anadolu K\u00fclt\u00fcr taraf\u0131ndan \u00fc\u00e7\u00fcnc\u00fcs\u00fc d\u00fczenlenen \u2018Hrant Dink At\u00f6lye \u00c7al\u0131\u015fmalar\u0131\u2019 27-29 May\u0131s tarihlerinde Galatasaray\u2019daki Cezayir Toplant\u0131 Salonu\u2019nda yap\u0131ld\u0131. Anadolu ve \u00e7evresindeki halklar\u0131n dilleri ve bellekleri \u00fczerinde yo\u011funla\u015fan sunumlar, T\u00fcrkiye\u2019nin ge\u00e7mi\u015fle y\u00fczle\u015fmesi yolundaki akademik \u00e7abalar\u0131n geldi\u011fi noktay\u0131 ifade ediyordu. At\u00f6lyelerde devlet politikalar\u0131, k\u00fclt\u00fcrel etkile\u015fimler, kad\u0131n, edebiyat, tarih, kimlik gibi \u00e7e\u015fitli kavramlar ele al\u0131nd\u0131. Silvina [&hellip;]<\/p>\n","protected":false},"author":3,"featured_media":0,"comment_status":"closed","ping_status":"open","sticky":false,"template":"","format":"standard","meta":{"footnotes":""},"categories":[14],"tags":[],"class_list":["post-918","post","type-post","status-publish","format-standard","hentry","category-haberler"],"yoast_head":"<!-- This site is optimized with the Yoast SEO plugin v27.4 - https:\/\/yoast.com\/product\/yoast-seo-wordpress\/ -->\n<title>\u201cDil ve bellek\u201d \u00fczerine konu\u015fmalar - Bati Ermenistan Ve Bati Ermenileri Sorunlari Ara\u015ftirmalar Merkezi<\/title>\n<meta name=\"robots\" content=\"index, follow, max-snippet:-1, max-image-preview:large, max-video-preview:-1\" \/>\n<link rel=\"canonical\" href=\"https:\/\/akunq.net\/turkish\/2010\/06\/07\/dil-ve-bellek-uzerine-konusmalar\/\" \/>\n<meta property=\"og:locale\" content=\"en_US\" \/>\n<meta property=\"og:type\" content=\"article\" \/>\n<meta property=\"og:title\" content=\"\u201cDil ve bellek\u201d \u00fczerine konu\u015fmalar - Bati Ermenistan Ve Bati Ermenileri Sorunlari Ara\u015ftirmalar Merkezi\" \/>\n<meta property=\"og:description\" content=\"Sabanc\u0131 \u00dcniversitesi ve Anadolu K\u00fclt\u00fcr taraf\u0131ndan \u00fc\u00e7\u00fcnc\u00fcs\u00fc d\u00fczenlenen \u2018Hrant Dink At\u00f6lye \u00c7al\u0131\u015fmalar\u0131\u2019 27-29 May\u0131s tarihlerinde Galatasaray\u2019daki Cezayir Toplant\u0131 Salonu\u2019nda yap\u0131ld\u0131. Anadolu ve \u00e7evresindeki halklar\u0131n dilleri ve bellekleri \u00fczerinde yo\u011funla\u015fan sunumlar, T\u00fcrkiye\u2019nin ge\u00e7mi\u015fle y\u00fczle\u015fmesi yolundaki akademik \u00e7abalar\u0131n geldi\u011fi noktay\u0131 ifade ediyordu. At\u00f6lyelerde devlet politikalar\u0131, k\u00fclt\u00fcrel etkile\u015fimler, kad\u0131n, edebiyat, tarih, kimlik gibi \u00e7e\u015fitli kavramlar ele al\u0131nd\u0131. Silvina [&hellip;]\" \/>\n<meta property=\"og:url\" content=\"https:\/\/akunq.net\/turkish\/2010\/06\/07\/dil-ve-bellek-uzerine-konusmalar\/\" \/>\n<meta property=\"og:site_name\" content=\"Bati Ermenistan Ve Bati Ermenileri Sorunlari Ara\u015ftirmalar Merkezi\" \/>\n<meta property=\"article:published_time\" content=\"2010-06-07T07:48:32+00:00\" \/>\n<meta name=\"author\" content=\"kalem\" \/>\n<meta name=\"twitter:card\" content=\"summary_large_image\" \/>\n<meta name=\"twitter:label1\" content=\"Written by\" \/>\n\t<meta name=\"twitter:data1\" content=\"kalem\" \/>\n\t<meta name=\"twitter:label2\" content=\"Est. reading time\" \/>\n\t<meta name=\"twitter:data2\" content=\"3 minutes\" \/>\n<script type=\"application\/ld+json\" class=\"yoast-schema-graph\">{\"@context\":\"https:\\\/\\\/schema.org\",\"@graph\":[{\"@type\":\"Article\",\"@id\":\"https:\\\/\\\/akunq.net\\\/turkish\\\/2010\\\/06\\\/07\\\/dil-ve-bellek-uzerine-konusmalar\\\/#article\",\"isPartOf\":{\"@id\":\"https:\\\/\\\/akunq.net\\\/turkish\\\/2010\\\/06\\\/07\\\/dil-ve-bellek-uzerine-konusmalar\\\/\"},\"author\":{\"name\":\"kalem\",\"@id\":\"https:\\\/\\\/akunq.net\\\/turkish\\\/#\\\/schema\\\/person\\\/135e7923d1aeb8887890799619969a6c\"},\"headline\":\"\u201cDil ve bellek\u201d \u00fczerine konu\u015fmalar\",\"datePublished\":\"2010-06-07T07:48:32+00:00\",\"mainEntityOfPage\":{\"@id\":\"https:\\\/\\\/akunq.net\\\/turkish\\\/2010\\\/06\\\/07\\\/dil-ve-bellek-uzerine-konusmalar\\\/\"},\"wordCount\":582,\"articleSection\":[\"Haberler\"],\"inLanguage\":\"en-US\"},{\"@type\":\"WebPage\",\"@id\":\"https:\\\/\\\/akunq.net\\\/turkish\\\/2010\\\/06\\\/07\\\/dil-ve-bellek-uzerine-konusmalar\\\/\",\"url\":\"https:\\\/\\\/akunq.net\\\/turkish\\\/2010\\\/06\\\/07\\\/dil-ve-bellek-uzerine-konusmalar\\\/\",\"name\":\"\u201cDil ve bellek\u201d \u00fczerine konu\u015fmalar - Bati Ermenistan Ve Bati Ermenileri Sorunlari Ara\u015ftirmalar Merkezi\",\"isPartOf\":{\"@id\":\"https:\\\/\\\/akunq.net\\\/turkish\\\/#website\"},\"datePublished\":\"2010-06-07T07:48:32+00:00\",\"author\":{\"@id\":\"https:\\\/\\\/akunq.net\\\/turkish\\\/#\\\/schema\\\/person\\\/135e7923d1aeb8887890799619969a6c\"},\"breadcrumb\":{\"@id\":\"https:\\\/\\\/akunq.net\\\/turkish\\\/2010\\\/06\\\/07\\\/dil-ve-bellek-uzerine-konusmalar\\\/#breadcrumb\"},\"inLanguage\":\"en-US\",\"potentialAction\":[{\"@type\":\"ReadAction\",\"target\":[\"https:\\\/\\\/akunq.net\\\/turkish\\\/2010\\\/06\\\/07\\\/dil-ve-bellek-uzerine-konusmalar\\\/\"]}]},{\"@type\":\"BreadcrumbList\",\"@id\":\"https:\\\/\\\/akunq.net\\\/turkish\\\/2010\\\/06\\\/07\\\/dil-ve-bellek-uzerine-konusmalar\\\/#breadcrumb\",\"itemListElement\":[{\"@type\":\"ListItem\",\"position\":1,\"name\":\"Home\",\"item\":\"https:\\\/\\\/akunq.net\\\/turkish\\\/\"},{\"@type\":\"ListItem\",\"position\":2,\"name\":\"\u201cDil ve bellek\u201d \u00fczerine konu\u015fmalar\"}]},{\"@type\":\"WebSite\",\"@id\":\"https:\\\/\\\/akunq.net\\\/turkish\\\/#website\",\"url\":\"https:\\\/\\\/akunq.net\\\/turkish\\\/\",\"name\":\"Bati Ermenistan Ve Bati Ermenileri Sorunlari Ara\u015ftirmalar Merkezi\",\"description\":\"\",\"potentialAction\":[{\"@type\":\"SearchAction\",\"target\":{\"@type\":\"EntryPoint\",\"urlTemplate\":\"https:\\\/\\\/akunq.net\\\/turkish\\\/?s={search_term_string}\"},\"query-input\":{\"@type\":\"PropertyValueSpecification\",\"valueRequired\":true,\"valueName\":\"search_term_string\"}}],\"inLanguage\":\"en-US\"},{\"@type\":\"Person\",\"@id\":\"https:\\\/\\\/akunq.net\\\/turkish\\\/#\\\/schema\\\/person\\\/135e7923d1aeb8887890799619969a6c\",\"name\":\"kalem\",\"image\":{\"@type\":\"ImageObject\",\"inLanguage\":\"en-US\",\"@id\":\"https:\\\/\\\/secure.gravatar.com\\\/avatar\\\/a06875e4b25feb5674296adf8e8a7ae1e587cebce2493fe63c456109967e27d3?s=96&d=mm&r=g\",\"url\":\"https:\\\/\\\/secure.gravatar.com\\\/avatar\\\/a06875e4b25feb5674296adf8e8a7ae1e587cebce2493fe63c456109967e27d3?s=96&d=mm&r=g\",\"contentUrl\":\"https:\\\/\\\/secure.gravatar.com\\\/avatar\\\/a06875e4b25feb5674296adf8e8a7ae1e587cebce2493fe63c456109967e27d3?s=96&d=mm&r=g\",\"caption\":\"kalem\"},\"url\":\"https:\\\/\\\/akunq.net\\\/turkish\\\/author\\\/kalem\\\/\"}]}<\/script>\n<!-- \/ Yoast SEO plugin. -->","yoast_head_json":{"title":"\u201cDil ve bellek\u201d \u00fczerine konu\u015fmalar - Bati Ermenistan Ve Bati Ermenileri Sorunlari Ara\u015ftirmalar Merkezi","robots":{"index":"index","follow":"follow","max-snippet":"max-snippet:-1","max-image-preview":"max-image-preview:large","max-video-preview":"max-video-preview:-1"},"canonical":"https:\/\/akunq.net\/turkish\/2010\/06\/07\/dil-ve-bellek-uzerine-konusmalar\/","og_locale":"en_US","og_type":"article","og_title":"\u201cDil ve bellek\u201d \u00fczerine konu\u015fmalar - Bati Ermenistan Ve Bati Ermenileri Sorunlari Ara\u015ftirmalar Merkezi","og_description":"Sabanc\u0131 \u00dcniversitesi ve Anadolu K\u00fclt\u00fcr taraf\u0131ndan \u00fc\u00e7\u00fcnc\u00fcs\u00fc d\u00fczenlenen \u2018Hrant Dink At\u00f6lye \u00c7al\u0131\u015fmalar\u0131\u2019 27-29 May\u0131s tarihlerinde Galatasaray\u2019daki Cezayir Toplant\u0131 Salonu\u2019nda yap\u0131ld\u0131. Anadolu ve \u00e7evresindeki halklar\u0131n dilleri ve bellekleri \u00fczerinde yo\u011funla\u015fan sunumlar, T\u00fcrkiye\u2019nin ge\u00e7mi\u015fle y\u00fczle\u015fmesi yolundaki akademik \u00e7abalar\u0131n geldi\u011fi noktay\u0131 ifade ediyordu. At\u00f6lyelerde devlet politikalar\u0131, k\u00fclt\u00fcrel etkile\u015fimler, kad\u0131n, edebiyat, tarih, kimlik gibi \u00e7e\u015fitli kavramlar ele al\u0131nd\u0131. Silvina [&hellip;]","og_url":"https:\/\/akunq.net\/turkish\/2010\/06\/07\/dil-ve-bellek-uzerine-konusmalar\/","og_site_name":"Bati Ermenistan Ve Bati Ermenileri Sorunlari Ara\u015ftirmalar Merkezi","article_published_time":"2010-06-07T07:48:32+00:00","author":"kalem","twitter_card":"summary_large_image","twitter_misc":{"Written by":"kalem","Est. reading time":"3 minutes"},"schema":{"@context":"https:\/\/schema.org","@graph":[{"@type":"Article","@id":"https:\/\/akunq.net\/turkish\/2010\/06\/07\/dil-ve-bellek-uzerine-konusmalar\/#article","isPartOf":{"@id":"https:\/\/akunq.net\/turkish\/2010\/06\/07\/dil-ve-bellek-uzerine-konusmalar\/"},"author":{"name":"kalem","@id":"https:\/\/akunq.net\/turkish\/#\/schema\/person\/135e7923d1aeb8887890799619969a6c"},"headline":"\u201cDil ve bellek\u201d \u00fczerine konu\u015fmalar","datePublished":"2010-06-07T07:48:32+00:00","mainEntityOfPage":{"@id":"https:\/\/akunq.net\/turkish\/2010\/06\/07\/dil-ve-bellek-uzerine-konusmalar\/"},"wordCount":582,"articleSection":["Haberler"],"inLanguage":"en-US"},{"@type":"WebPage","@id":"https:\/\/akunq.net\/turkish\/2010\/06\/07\/dil-ve-bellek-uzerine-konusmalar\/","url":"https:\/\/akunq.net\/turkish\/2010\/06\/07\/dil-ve-bellek-uzerine-konusmalar\/","name":"\u201cDil ve bellek\u201d \u00fczerine konu\u015fmalar - Bati Ermenistan Ve Bati Ermenileri Sorunlari Ara\u015ftirmalar Merkezi","isPartOf":{"@id":"https:\/\/akunq.net\/turkish\/#website"},"datePublished":"2010-06-07T07:48:32+00:00","author":{"@id":"https:\/\/akunq.net\/turkish\/#\/schema\/person\/135e7923d1aeb8887890799619969a6c"},"breadcrumb":{"@id":"https:\/\/akunq.net\/turkish\/2010\/06\/07\/dil-ve-bellek-uzerine-konusmalar\/#breadcrumb"},"inLanguage":"en-US","potentialAction":[{"@type":"ReadAction","target":["https:\/\/akunq.net\/turkish\/2010\/06\/07\/dil-ve-bellek-uzerine-konusmalar\/"]}]},{"@type":"BreadcrumbList","@id":"https:\/\/akunq.net\/turkish\/2010\/06\/07\/dil-ve-bellek-uzerine-konusmalar\/#breadcrumb","itemListElement":[{"@type":"ListItem","position":1,"name":"Home","item":"https:\/\/akunq.net\/turkish\/"},{"@type":"ListItem","position":2,"name":"\u201cDil ve bellek\u201d \u00fczerine konu\u015fmalar"}]},{"@type":"WebSite","@id":"https:\/\/akunq.net\/turkish\/#website","url":"https:\/\/akunq.net\/turkish\/","name":"Bati Ermenistan Ve Bati Ermenileri Sorunlari Ara\u015ftirmalar Merkezi","description":"","potentialAction":[{"@type":"SearchAction","target":{"@type":"EntryPoint","urlTemplate":"https:\/\/akunq.net\/turkish\/?s={search_term_string}"},"query-input":{"@type":"PropertyValueSpecification","valueRequired":true,"valueName":"search_term_string"}}],"inLanguage":"en-US"},{"@type":"Person","@id":"https:\/\/akunq.net\/turkish\/#\/schema\/person\/135e7923d1aeb8887890799619969a6c","name":"kalem","image":{"@type":"ImageObject","inLanguage":"en-US","@id":"https:\/\/secure.gravatar.com\/avatar\/a06875e4b25feb5674296adf8e8a7ae1e587cebce2493fe63c456109967e27d3?s=96&d=mm&r=g","url":"https:\/\/secure.gravatar.com\/avatar\/a06875e4b25feb5674296adf8e8a7ae1e587cebce2493fe63c456109967e27d3?s=96&d=mm&r=g","contentUrl":"https:\/\/secure.gravatar.com\/avatar\/a06875e4b25feb5674296adf8e8a7ae1e587cebce2493fe63c456109967e27d3?s=96&d=mm&r=g","caption":"kalem"},"url":"https:\/\/akunq.net\/turkish\/author\/kalem\/"}]}},"_links":{"self":[{"href":"https:\/\/akunq.net\/turkish\/wp-json\/wp\/v2\/posts\/918","targetHints":{"allow":["GET"]}}],"collection":[{"href":"https:\/\/akunq.net\/turkish\/wp-json\/wp\/v2\/posts"}],"about":[{"href":"https:\/\/akunq.net\/turkish\/wp-json\/wp\/v2\/types\/post"}],"author":[{"embeddable":true,"href":"https:\/\/akunq.net\/turkish\/wp-json\/wp\/v2\/users\/3"}],"replies":[{"embeddable":true,"href":"https:\/\/akunq.net\/turkish\/wp-json\/wp\/v2\/comments?post=918"}],"version-history":[{"count":0,"href":"https:\/\/akunq.net\/turkish\/wp-json\/wp\/v2\/posts\/918\/revisions"}],"wp:attachment":[{"href":"https:\/\/akunq.net\/turkish\/wp-json\/wp\/v2\/media?parent=918"}],"wp:term":[{"taxonomy":"category","embeddable":true,"href":"https:\/\/akunq.net\/turkish\/wp-json\/wp\/v2\/categories?post=918"},{"taxonomy":"post_tag","embeddable":true,"href":"https:\/\/akunq.net\/turkish\/wp-json\/wp\/v2\/tags?post=918"}],"curies":[{"name":"wp","href":"https:\/\/api.w.org\/{rel}","templated":true}]}}