{"id":913,"date":"2010-06-04T04:59:59","date_gmt":"2010-06-04T09:59:59","guid":{"rendered":"http:\/\/akunq.net\/tr\/?p=913"},"modified":"2010-06-04T04:59:59","modified_gmt":"2010-06-04T09:59:59","slug":"mezuniyet-acilimi","status":"publish","type":"post","link":"https:\/\/akunq.net\/turkish\/2010\/06\/04\/mezuniyet-acilimi\/","title":{"rendered":"Mezuniyet a\u00e7\u0131l\u0131m\u0131"},"content":{"rendered":"<p style=\"text-align: justify\"><strong>Esra KAYA \/ ANKARA 4 Haziran 2010 <\/strong><\/p>\n<p style=\"text-align: justify\">Milli E\u011fitim Bakan\u0131 Nimet \u00c7ubuk\u00e7u, bir ilki ger\u00e7ekle\u015ftirerek, Ermeni ve Fener Rum az\u0131nl\u0131k okullar\u0131n\u0131n mezuniyet t\u00f6renlerine kat\u0131l\u0131p, diploma da\u011f\u0131tacak.<\/p>\n<p style=\"text-align: justify\">N\u0130MET \u00c7ubuk\u00e7u az\u0131nl\u0131k okullar\u0131n\u0131n mezuniyet t\u00f6renlerine kat\u0131lacak ilk Milli E\u011fitim Bakan\u0131 olacak. Bakan \u00c7ubuk\u00e7u, \u0130stanbul\u2019da, 9 Haziran\u2019da Ermeni, 11 Haziran\u2019da da Fener Rum az\u0131nl\u0131k okullar\u0131n\u0131n \u00f6\u011frencilerine diplomalar\u0131n\u0131 verecek.<\/p>\n<p style=\"text-align: justify\"><strong>hurriyet.com.tr 3.6.2010<\/strong><strong><\/strong><\/p>\n","protected":false},"excerpt":{"rendered":"<p>Esra KAYA \/ ANKARA 4 Haziran 2010 Milli E\u011fitim Bakan\u0131 Nimet \u00c7ubuk\u00e7u, bir ilki ger\u00e7ekle\u015ftirerek, Ermeni ve Fener Rum az\u0131nl\u0131k okullar\u0131n\u0131n mezuniyet t\u00f6renlerine kat\u0131l\u0131p, diploma da\u011f\u0131tacak. N\u0130MET \u00c7ubuk\u00e7u az\u0131nl\u0131k okullar\u0131n\u0131n mezuniyet t\u00f6renlerine kat\u0131lacak ilk Milli E\u011fitim Bakan\u0131 olacak. Bakan \u00c7ubuk\u00e7u, \u0130stanbul\u2019da, 9 Haziran\u2019da Ermeni, 11 Haziran\u2019da da Fener Rum az\u0131nl\u0131k okullar\u0131n\u0131n \u00f6\u011frencilerine diplomalar\u0131n\u0131 verecek. hurriyet.com.tr [&hellip;]<\/p>\n","protected":false},"author":3,"featured_media":0,"comment_status":"closed","ping_status":"open","sticky":false,"template":"","format":"standard","meta":{"footnotes":""},"categories":[14],"tags":[],"class_list":["post-913","post","type-post","status-publish","format-standard","hentry","category-haberler"],"yoast_head":"<!-- This site is optimized with the Yoast SEO plugin v27.4 - https:\/\/yoast.com\/product\/yoast-seo-wordpress\/ -->\n<title>Mezuniyet a\u00e7\u0131l\u0131m\u0131 - Bati Ermenistan Ve Bati Ermenileri Sorunlari Ara\u015ftirmalar Merkezi<\/title>\n<meta name=\"robots\" content=\"index, follow, max-snippet:-1, max-image-preview:large, max-video-preview:-1\" \/>\n<link rel=\"canonical\" href=\"https:\/\/akunq.net\/turkish\/2010\/06\/04\/mezuniyet-acilimi\/\" \/>\n<meta property=\"og:locale\" content=\"en_US\" \/>\n<meta property=\"og:type\" content=\"article\" \/>\n<meta property=\"og:title\" content=\"Mezuniyet a\u00e7\u0131l\u0131m\u0131 - Bati Ermenistan Ve Bati Ermenileri Sorunlari Ara\u015ftirmalar Merkezi\" \/>\n<meta property=\"og:description\" content=\"Esra KAYA \/ ANKARA 4 Haziran 2010 Milli E\u011fitim Bakan\u0131 Nimet \u00c7ubuk\u00e7u, bir ilki ger\u00e7ekle\u015ftirerek, Ermeni ve Fener Rum az\u0131nl\u0131k okullar\u0131n\u0131n mezuniyet t\u00f6renlerine kat\u0131l\u0131p, diploma da\u011f\u0131tacak. N\u0130MET \u00c7ubuk\u00e7u az\u0131nl\u0131k okullar\u0131n\u0131n mezuniyet t\u00f6renlerine kat\u0131lacak ilk Milli E\u011fitim Bakan\u0131 olacak. Bakan \u00c7ubuk\u00e7u, \u0130stanbul\u2019da, 9 Haziran\u2019da Ermeni, 11 Haziran\u2019da da Fener Rum az\u0131nl\u0131k okullar\u0131n\u0131n \u00f6\u011frencilerine diplomalar\u0131n\u0131 verecek. hurriyet.com.tr [&hellip;]\" \/>\n<meta property=\"og:url\" content=\"https:\/\/akunq.net\/turkish\/2010\/06\/04\/mezuniyet-acilimi\/\" \/>\n<meta property=\"og:site_name\" content=\"Bati Ermenistan Ve Bati Ermenileri Sorunlari Ara\u015ftirmalar Merkezi\" \/>\n<meta property=\"article:published_time\" content=\"2010-06-04T09:59:59+00:00\" \/>\n<meta name=\"author\" content=\"kalem\" \/>\n<meta name=\"twitter:card\" content=\"summary_large_image\" \/>\n<meta name=\"twitter:label1\" content=\"Written by\" \/>\n\t<meta name=\"twitter:data1\" content=\"kalem\" \/>\n<script type=\"application\/ld+json\" class=\"yoast-schema-graph\">{\"@context\":\"https:\\\/\\\/schema.org\",\"@graph\":[{\"@type\":\"Article\",\"@id\":\"https:\\\/\\\/akunq.net\\\/turkish\\\/2010\\\/06\\\/04\\\/mezuniyet-acilimi\\\/#article\",\"isPartOf\":{\"@id\":\"https:\\\/\\\/akunq.net\\\/turkish\\\/2010\\\/06\\\/04\\\/mezuniyet-acilimi\\\/\"},\"author\":{\"name\":\"kalem\",\"@id\":\"https:\\\/\\\/akunq.net\\\/turkish\\\/#\\\/schema\\\/person\\\/135e7923d1aeb8887890799619969a6c\"},\"headline\":\"Mezuniyet a\u00e7\u0131l\u0131m\u0131\",\"datePublished\":\"2010-06-04T09:59:59+00:00\",\"mainEntityOfPage\":{\"@id\":\"https:\\\/\\\/akunq.net\\\/turkish\\\/2010\\\/06\\\/04\\\/mezuniyet-acilimi\\\/\"},\"wordCount\":86,\"articleSection\":[\"Haberler\"],\"inLanguage\":\"en-US\"},{\"@type\":\"WebPage\",\"@id\":\"https:\\\/\\\/akunq.net\\\/turkish\\\/2010\\\/06\\\/04\\\/mezuniyet-acilimi\\\/\",\"url\":\"https:\\\/\\\/akunq.net\\\/turkish\\\/2010\\\/06\\\/04\\\/mezuniyet-acilimi\\\/\",\"name\":\"Mezuniyet a\u00e7\u0131l\u0131m\u0131 - Bati Ermenistan Ve Bati Ermenileri Sorunlari Ara\u015ftirmalar Merkezi\",\"isPartOf\":{\"@id\":\"https:\\\/\\\/akunq.net\\\/turkish\\\/#website\"},\"datePublished\":\"2010-06-04T09:59:59+00:00\",\"author\":{\"@id\":\"https:\\\/\\\/akunq.net\\\/turkish\\\/#\\\/schema\\\/person\\\/135e7923d1aeb8887890799619969a6c\"},\"breadcrumb\":{\"@id\":\"https:\\\/\\\/akunq.net\\\/turkish\\\/2010\\\/06\\\/04\\\/mezuniyet-acilimi\\\/#breadcrumb\"},\"inLanguage\":\"en-US\",\"potentialAction\":[{\"@type\":\"ReadAction\",\"target\":[\"https:\\\/\\\/akunq.net\\\/turkish\\\/2010\\\/06\\\/04\\\/mezuniyet-acilimi\\\/\"]}]},{\"@type\":\"BreadcrumbList\",\"@id\":\"https:\\\/\\\/akunq.net\\\/turkish\\\/2010\\\/06\\\/04\\\/mezuniyet-acilimi\\\/#breadcrumb\",\"itemListElement\":[{\"@type\":\"ListItem\",\"position\":1,\"name\":\"Home\",\"item\":\"https:\\\/\\\/akunq.net\\\/turkish\\\/\"},{\"@type\":\"ListItem\",\"position\":2,\"name\":\"Mezuniyet a\u00e7\u0131l\u0131m\u0131\"}]},{\"@type\":\"WebSite\",\"@id\":\"https:\\\/\\\/akunq.net\\\/turkish\\\/#website\",\"url\":\"https:\\\/\\\/akunq.net\\\/turkish\\\/\",\"name\":\"Bati Ermenistan Ve Bati Ermenileri Sorunlari Ara\u015ftirmalar Merkezi\",\"description\":\"\",\"potentialAction\":[{\"@type\":\"SearchAction\",\"target\":{\"@type\":\"EntryPoint\",\"urlTemplate\":\"https:\\\/\\\/akunq.net\\\/turkish\\\/?s={search_term_string}\"},\"query-input\":{\"@type\":\"PropertyValueSpecification\",\"valueRequired\":true,\"valueName\":\"search_term_string\"}}],\"inLanguage\":\"en-US\"},{\"@type\":\"Person\",\"@id\":\"https:\\\/\\\/akunq.net\\\/turkish\\\/#\\\/schema\\\/person\\\/135e7923d1aeb8887890799619969a6c\",\"name\":\"kalem\",\"image\":{\"@type\":\"ImageObject\",\"inLanguage\":\"en-US\",\"@id\":\"https:\\\/\\\/secure.gravatar.com\\\/avatar\\\/a06875e4b25feb5674296adf8e8a7ae1e587cebce2493fe63c456109967e27d3?s=96&d=mm&r=g\",\"url\":\"https:\\\/\\\/secure.gravatar.com\\\/avatar\\\/a06875e4b25feb5674296adf8e8a7ae1e587cebce2493fe63c456109967e27d3?s=96&d=mm&r=g\",\"contentUrl\":\"https:\\\/\\\/secure.gravatar.com\\\/avatar\\\/a06875e4b25feb5674296adf8e8a7ae1e587cebce2493fe63c456109967e27d3?s=96&d=mm&r=g\",\"caption\":\"kalem\"},\"url\":\"https:\\\/\\\/akunq.net\\\/turkish\\\/author\\\/kalem\\\/\"}]}<\/script>\n<!-- \/ Yoast SEO plugin. -->","yoast_head_json":{"title":"Mezuniyet a\u00e7\u0131l\u0131m\u0131 - Bati Ermenistan Ve Bati Ermenileri Sorunlari Ara\u015ftirmalar Merkezi","robots":{"index":"index","follow":"follow","max-snippet":"max-snippet:-1","max-image-preview":"max-image-preview:large","max-video-preview":"max-video-preview:-1"},"canonical":"https:\/\/akunq.net\/turkish\/2010\/06\/04\/mezuniyet-acilimi\/","og_locale":"en_US","og_type":"article","og_title":"Mezuniyet a\u00e7\u0131l\u0131m\u0131 - Bati Ermenistan Ve Bati Ermenileri Sorunlari Ara\u015ftirmalar Merkezi","og_description":"Esra KAYA \/ ANKARA 4 Haziran 2010 Milli E\u011fitim Bakan\u0131 Nimet \u00c7ubuk\u00e7u, bir ilki ger\u00e7ekle\u015ftirerek, Ermeni ve Fener Rum az\u0131nl\u0131k okullar\u0131n\u0131n mezuniyet t\u00f6renlerine kat\u0131l\u0131p, diploma da\u011f\u0131tacak. N\u0130MET \u00c7ubuk\u00e7u az\u0131nl\u0131k okullar\u0131n\u0131n mezuniyet t\u00f6renlerine kat\u0131lacak ilk Milli E\u011fitim Bakan\u0131 olacak. Bakan \u00c7ubuk\u00e7u, \u0130stanbul\u2019da, 9 Haziran\u2019da Ermeni, 11 Haziran\u2019da da Fener Rum az\u0131nl\u0131k okullar\u0131n\u0131n \u00f6\u011frencilerine diplomalar\u0131n\u0131 verecek. hurriyet.com.tr [&hellip;]","og_url":"https:\/\/akunq.net\/turkish\/2010\/06\/04\/mezuniyet-acilimi\/","og_site_name":"Bati Ermenistan Ve Bati Ermenileri Sorunlari Ara\u015ftirmalar Merkezi","article_published_time":"2010-06-04T09:59:59+00:00","author":"kalem","twitter_card":"summary_large_image","twitter_misc":{"Written by":"kalem"},"schema":{"@context":"https:\/\/schema.org","@graph":[{"@type":"Article","@id":"https:\/\/akunq.net\/turkish\/2010\/06\/04\/mezuniyet-acilimi\/#article","isPartOf":{"@id":"https:\/\/akunq.net\/turkish\/2010\/06\/04\/mezuniyet-acilimi\/"},"author":{"name":"kalem","@id":"https:\/\/akunq.net\/turkish\/#\/schema\/person\/135e7923d1aeb8887890799619969a6c"},"headline":"Mezuniyet a\u00e7\u0131l\u0131m\u0131","datePublished":"2010-06-04T09:59:59+00:00","mainEntityOfPage":{"@id":"https:\/\/akunq.net\/turkish\/2010\/06\/04\/mezuniyet-acilimi\/"},"wordCount":86,"articleSection":["Haberler"],"inLanguage":"en-US"},{"@type":"WebPage","@id":"https:\/\/akunq.net\/turkish\/2010\/06\/04\/mezuniyet-acilimi\/","url":"https:\/\/akunq.net\/turkish\/2010\/06\/04\/mezuniyet-acilimi\/","name":"Mezuniyet a\u00e7\u0131l\u0131m\u0131 - Bati Ermenistan Ve Bati Ermenileri Sorunlari Ara\u015ftirmalar Merkezi","isPartOf":{"@id":"https:\/\/akunq.net\/turkish\/#website"},"datePublished":"2010-06-04T09:59:59+00:00","author":{"@id":"https:\/\/akunq.net\/turkish\/#\/schema\/person\/135e7923d1aeb8887890799619969a6c"},"breadcrumb":{"@id":"https:\/\/akunq.net\/turkish\/2010\/06\/04\/mezuniyet-acilimi\/#breadcrumb"},"inLanguage":"en-US","potentialAction":[{"@type":"ReadAction","target":["https:\/\/akunq.net\/turkish\/2010\/06\/04\/mezuniyet-acilimi\/"]}]},{"@type":"BreadcrumbList","@id":"https:\/\/akunq.net\/turkish\/2010\/06\/04\/mezuniyet-acilimi\/#breadcrumb","itemListElement":[{"@type":"ListItem","position":1,"name":"Home","item":"https:\/\/akunq.net\/turkish\/"},{"@type":"ListItem","position":2,"name":"Mezuniyet a\u00e7\u0131l\u0131m\u0131"}]},{"@type":"WebSite","@id":"https:\/\/akunq.net\/turkish\/#website","url":"https:\/\/akunq.net\/turkish\/","name":"Bati Ermenistan Ve Bati Ermenileri Sorunlari Ara\u015ftirmalar Merkezi","description":"","potentialAction":[{"@type":"SearchAction","target":{"@type":"EntryPoint","urlTemplate":"https:\/\/akunq.net\/turkish\/?s={search_term_string}"},"query-input":{"@type":"PropertyValueSpecification","valueRequired":true,"valueName":"search_term_string"}}],"inLanguage":"en-US"},{"@type":"Person","@id":"https:\/\/akunq.net\/turkish\/#\/schema\/person\/135e7923d1aeb8887890799619969a6c","name":"kalem","image":{"@type":"ImageObject","inLanguage":"en-US","@id":"https:\/\/secure.gravatar.com\/avatar\/a06875e4b25feb5674296adf8e8a7ae1e587cebce2493fe63c456109967e27d3?s=96&d=mm&r=g","url":"https:\/\/secure.gravatar.com\/avatar\/a06875e4b25feb5674296adf8e8a7ae1e587cebce2493fe63c456109967e27d3?s=96&d=mm&r=g","contentUrl":"https:\/\/secure.gravatar.com\/avatar\/a06875e4b25feb5674296adf8e8a7ae1e587cebce2493fe63c456109967e27d3?s=96&d=mm&r=g","caption":"kalem"},"url":"https:\/\/akunq.net\/turkish\/author\/kalem\/"}]}},"_links":{"self":[{"href":"https:\/\/akunq.net\/turkish\/wp-json\/wp\/v2\/posts\/913","targetHints":{"allow":["GET"]}}],"collection":[{"href":"https:\/\/akunq.net\/turkish\/wp-json\/wp\/v2\/posts"}],"about":[{"href":"https:\/\/akunq.net\/turkish\/wp-json\/wp\/v2\/types\/post"}],"author":[{"embeddable":true,"href":"https:\/\/akunq.net\/turkish\/wp-json\/wp\/v2\/users\/3"}],"replies":[{"embeddable":true,"href":"https:\/\/akunq.net\/turkish\/wp-json\/wp\/v2\/comments?post=913"}],"version-history":[{"count":0,"href":"https:\/\/akunq.net\/turkish\/wp-json\/wp\/v2\/posts\/913\/revisions"}],"wp:attachment":[{"href":"https:\/\/akunq.net\/turkish\/wp-json\/wp\/v2\/media?parent=913"}],"wp:term":[{"taxonomy":"category","embeddable":true,"href":"https:\/\/akunq.net\/turkish\/wp-json\/wp\/v2\/categories?post=913"},{"taxonomy":"post_tag","embeddable":true,"href":"https:\/\/akunq.net\/turkish\/wp-json\/wp\/v2\/tags?post=913"}],"curies":[{"name":"wp","href":"https:\/\/api.w.org\/{rel}","templated":true}]}}