{"id":908,"date":"2010-06-03T03:01:29","date_gmt":"2010-06-03T08:01:29","guid":{"rendered":"http:\/\/akunq.net\/tr\/?p=908"},"modified":"2010-06-03T03:01:29","modified_gmt":"2010-06-03T08:01:29","slug":"ermeni-kilisesi-kultur-merkezi-oluyor","status":"publish","type":"post","link":"https:\/\/akunq.net\/turkish\/2010\/06\/03\/ermeni-kilisesi-kultur-merkezi-oluyor\/","title":{"rendered":"Ermeni Kilisesi k\u00fclt\u00fcr merkezi oluyor"},"content":{"rendered":"<p style=\"text-align: justify\"><strong><em>\u0130stanbul 2010 Avrupa K\u00fclt\u00fcr Ba\u015fkenti Ajans\u0131, Kumkap\u0131&#8217;daki Surp Vortvots Vorodman Kilisesi i\u00e7in, restorasyon \u00e7al\u0131\u015fmas\u0131na ba\u015flad\u0131.<\/em><\/strong><\/p>\n<p style=\"text-align: justify\">\u0130stanbul 2010 Avrupa K\u00fclt\u00fcr Ba\u015fkenti Ajans\u0131, planlar\u0131 saray mimar\u0131 Kirkor Amira Balyan ile Devlet Garabet taraf\u0131ndan \u00e7izilerek bir katedral (Meryem Ana) ve iki \u015fapelden (Surp Ha\u00e7 ve Surp Vortvots Vorodman) olu\u015fan ve 14 Ekim 1828&#8217;de ibadete a\u00e7\u0131lan an\u0131t yap\u0131n\u0131n restorasyonu i\u00e7in \u00e7al\u0131\u015fmalara ba\u015flad\u0131.<br \/>\nKumkap\u0131&#8217;da varl\u0131\u011f\u0131 bilinen 3 Ermeni kilisesinden biri olarak 1641&#8217;den bu yana patrikhane kilisesi olarak hizmet veren, 1940&#8217;l\u0131 y\u0131llarda zincir ve halat fabrikas\u0131 olarak kullan\u0131lan kilise, Varto ve Lice depremleri s\u0131ras\u0131nda, bar\u0131nma ihtiyac\u0131n\u0131 kar\u015f\u0131lad\u0131.<\/p>\n<p style=\"text-align: justify\">Projeyle \u0130stanbul&#8217;un \u00e7oktand\u0131r i\u015flevsiz kalan kilisesi, sanatsal etkinlikler ve mimarl\u0131k yoluyla yeniden ke\u015ffedilecek. \u015eehrin yeni k\u00fclt\u00fcr odaklar\u0131ndan biri olmas\u0131 i\u00e7in \u00e7al\u0131\u015f\u0131lan kilisenin k\u00fclt\u00fcr merkezine d\u00f6n\u00fc\u015f\u00fcm\u00fc mimari a\u00e7\u0131dan \u00f6rnek bir proje olacak. Projenin di\u011fer kiliseler i\u00e7in de mimari bir \u00f6rnek olu\u015fturmas\u0131 ama\u00e7lan\u0131yor.<\/p>\n<p style=\"text-align: justify\">B\u00f6ylece kullan\u0131c\u0131lar\u0131 de\u011fi\u015fmeden bir dini yap\u0131n\u0131n sahiplerinin kendi r\u0131zalar\u0131, iradesiyle d\u00f6n\u00fc\u015f\u00fcm\u00fc \u0130stanbul&#8217;da ilk kez ya\u015fanacak.<\/p>\n<p style=\"text-align: justify\">D\u00f6n\u00fc\u015f\u00fcm\u00fcn mimari ve sanatsal y\u00f6nlerini geli\u015ftirmek i\u00e7in restorasyon projesi b\u00fct\u00fcnsel bir yakla\u015f\u0131mla ele al\u0131nacak, d\u00fczenli at\u00f6lye \u00e7al\u0131\u015fmalar\u0131yla mimarlara ve sanat insanlar\u0131n\u0131n kat\u0131l\u0131m\u0131na a\u00e7\u0131lacak.<\/p>\n<p style=\"text-align: justify\">Bu a\u00e7\u0131dan bak\u0131ld\u0131\u011f\u0131nda, \u00f6nemli bir k\u00fclt\u00fcr miras\u0131 olan bu yap\u0131n\u0131n, \u00e7o\u011fulcu bir mimari y\u00f6ntemle tart\u0131\u015f\u0131lmas\u0131, kullan\u0131m \u00f6zelliklerinin dini vecibeler dikkate al\u0131narak yarat\u0131c\u0131 bir bi\u00e7imde yeniden tan\u0131mlanmaya \u00e7al\u0131\u015f\u0131lmas\u0131 yan\u0131nda bir k\u00fclt\u00fcr varl\u0131\u011f\u0131n\u0131n nas\u0131l \u00f6ncelikler g\u00f6zetilerek korunabilece\u011fine \u00e7ok iyi bir \u00f6rnek olu\u015fturacak.<\/p>\n<p style=\"text-align: justify\"><strong>internethaber.com, 2.6.2010<\/strong><strong><\/strong><\/p>\n","protected":false},"excerpt":{"rendered":"<p>\u0130stanbul 2010 Avrupa K\u00fclt\u00fcr Ba\u015fkenti Ajans\u0131, Kumkap\u0131&#8217;daki Surp Vortvots Vorodman Kilisesi i\u00e7in, restorasyon \u00e7al\u0131\u015fmas\u0131na ba\u015flad\u0131. \u0130stanbul 2010 Avrupa K\u00fclt\u00fcr Ba\u015fkenti Ajans\u0131, planlar\u0131 saray mimar\u0131 Kirkor Amira Balyan ile Devlet Garabet taraf\u0131ndan \u00e7izilerek bir katedral (Meryem Ana) ve iki \u015fapelden (Surp Ha\u00e7 ve Surp Vortvots Vorodman) olu\u015fan ve 14 Ekim 1828&#8217;de ibadete a\u00e7\u0131lan an\u0131t yap\u0131n\u0131n restorasyonu [&hellip;]<\/p>\n","protected":false},"author":3,"featured_media":0,"comment_status":"closed","ping_status":"open","sticky":false,"template":"","format":"standard","meta":{"footnotes":""},"categories":[14],"tags":[],"class_list":["post-908","post","type-post","status-publish","format-standard","hentry","category-haberler"],"yoast_head":"<!-- This site is optimized with the Yoast SEO plugin v27.4 - https:\/\/yoast.com\/product\/yoast-seo-wordpress\/ -->\n<title>Ermeni Kilisesi k\u00fclt\u00fcr merkezi oluyor - Bati Ermenistan Ve Bati Ermenileri Sorunlari Ara\u015ftirmalar Merkezi<\/title>\n<meta name=\"robots\" content=\"index, follow, max-snippet:-1, max-image-preview:large, max-video-preview:-1\" \/>\n<link rel=\"canonical\" href=\"https:\/\/akunq.net\/turkish\/2010\/06\/03\/ermeni-kilisesi-kultur-merkezi-oluyor\/\" \/>\n<meta property=\"og:locale\" content=\"en_US\" \/>\n<meta property=\"og:type\" content=\"article\" \/>\n<meta property=\"og:title\" content=\"Ermeni Kilisesi k\u00fclt\u00fcr merkezi oluyor - Bati Ermenistan Ve Bati Ermenileri Sorunlari Ara\u015ftirmalar Merkezi\" \/>\n<meta property=\"og:description\" content=\"\u0130stanbul 2010 Avrupa K\u00fclt\u00fcr Ba\u015fkenti Ajans\u0131, Kumkap\u0131&#8217;daki Surp Vortvots Vorodman Kilisesi i\u00e7in, restorasyon \u00e7al\u0131\u015fmas\u0131na ba\u015flad\u0131. \u0130stanbul 2010 Avrupa K\u00fclt\u00fcr Ba\u015fkenti Ajans\u0131, planlar\u0131 saray mimar\u0131 Kirkor Amira Balyan ile Devlet Garabet taraf\u0131ndan \u00e7izilerek bir katedral (Meryem Ana) ve iki \u015fapelden (Surp Ha\u00e7 ve Surp Vortvots Vorodman) olu\u015fan ve 14 Ekim 1828&#8217;de ibadete a\u00e7\u0131lan an\u0131t yap\u0131n\u0131n restorasyonu [&hellip;]\" \/>\n<meta property=\"og:url\" content=\"https:\/\/akunq.net\/turkish\/2010\/06\/03\/ermeni-kilisesi-kultur-merkezi-oluyor\/\" \/>\n<meta property=\"og:site_name\" content=\"Bati Ermenistan Ve Bati Ermenileri Sorunlari Ara\u015ftirmalar Merkezi\" \/>\n<meta property=\"article:published_time\" content=\"2010-06-03T08:01:29+00:00\" \/>\n<meta name=\"author\" content=\"kalem\" \/>\n<meta name=\"twitter:card\" content=\"summary_large_image\" \/>\n<meta name=\"twitter:label1\" content=\"Written by\" \/>\n\t<meta name=\"twitter:data1\" content=\"kalem\" \/>\n\t<meta name=\"twitter:label2\" content=\"Est. reading time\" \/>\n\t<meta name=\"twitter:data2\" content=\"2 minutes\" \/>\n<script type=\"application\/ld+json\" class=\"yoast-schema-graph\">{\"@context\":\"https:\\\/\\\/schema.org\",\"@graph\":[{\"@type\":\"Article\",\"@id\":\"https:\\\/\\\/akunq.net\\\/turkish\\\/2010\\\/06\\\/03\\\/ermeni-kilisesi-kultur-merkezi-oluyor\\\/#article\",\"isPartOf\":{\"@id\":\"https:\\\/\\\/akunq.net\\\/turkish\\\/2010\\\/06\\\/03\\\/ermeni-kilisesi-kultur-merkezi-oluyor\\\/\"},\"author\":{\"name\":\"kalem\",\"@id\":\"https:\\\/\\\/akunq.net\\\/turkish\\\/#\\\/schema\\\/person\\\/135e7923d1aeb8887890799619969a6c\"},\"headline\":\"Ermeni Kilisesi k\u00fclt\u00fcr merkezi oluyor\",\"datePublished\":\"2010-06-03T08:01:29+00:00\",\"mainEntityOfPage\":{\"@id\":\"https:\\\/\\\/akunq.net\\\/turkish\\\/2010\\\/06\\\/03\\\/ermeni-kilisesi-kultur-merkezi-oluyor\\\/\"},\"wordCount\":318,\"articleSection\":[\"Haberler\"],\"inLanguage\":\"en-US\"},{\"@type\":\"WebPage\",\"@id\":\"https:\\\/\\\/akunq.net\\\/turkish\\\/2010\\\/06\\\/03\\\/ermeni-kilisesi-kultur-merkezi-oluyor\\\/\",\"url\":\"https:\\\/\\\/akunq.net\\\/turkish\\\/2010\\\/06\\\/03\\\/ermeni-kilisesi-kultur-merkezi-oluyor\\\/\",\"name\":\"Ermeni Kilisesi k\u00fclt\u00fcr merkezi oluyor - Bati Ermenistan Ve Bati Ermenileri Sorunlari Ara\u015ftirmalar Merkezi\",\"isPartOf\":{\"@id\":\"https:\\\/\\\/akunq.net\\\/turkish\\\/#website\"},\"datePublished\":\"2010-06-03T08:01:29+00:00\",\"author\":{\"@id\":\"https:\\\/\\\/akunq.net\\\/turkish\\\/#\\\/schema\\\/person\\\/135e7923d1aeb8887890799619969a6c\"},\"breadcrumb\":{\"@id\":\"https:\\\/\\\/akunq.net\\\/turkish\\\/2010\\\/06\\\/03\\\/ermeni-kilisesi-kultur-merkezi-oluyor\\\/#breadcrumb\"},\"inLanguage\":\"en-US\",\"potentialAction\":[{\"@type\":\"ReadAction\",\"target\":[\"https:\\\/\\\/akunq.net\\\/turkish\\\/2010\\\/06\\\/03\\\/ermeni-kilisesi-kultur-merkezi-oluyor\\\/\"]}]},{\"@type\":\"BreadcrumbList\",\"@id\":\"https:\\\/\\\/akunq.net\\\/turkish\\\/2010\\\/06\\\/03\\\/ermeni-kilisesi-kultur-merkezi-oluyor\\\/#breadcrumb\",\"itemListElement\":[{\"@type\":\"ListItem\",\"position\":1,\"name\":\"Home\",\"item\":\"https:\\\/\\\/akunq.net\\\/turkish\\\/\"},{\"@type\":\"ListItem\",\"position\":2,\"name\":\"Ermeni Kilisesi k\u00fclt\u00fcr merkezi oluyor\"}]},{\"@type\":\"WebSite\",\"@id\":\"https:\\\/\\\/akunq.net\\\/turkish\\\/#website\",\"url\":\"https:\\\/\\\/akunq.net\\\/turkish\\\/\",\"name\":\"Bati Ermenistan Ve Bati Ermenileri Sorunlari Ara\u015ftirmalar Merkezi\",\"description\":\"\",\"potentialAction\":[{\"@type\":\"SearchAction\",\"target\":{\"@type\":\"EntryPoint\",\"urlTemplate\":\"https:\\\/\\\/akunq.net\\\/turkish\\\/?s={search_term_string}\"},\"query-input\":{\"@type\":\"PropertyValueSpecification\",\"valueRequired\":true,\"valueName\":\"search_term_string\"}}],\"inLanguage\":\"en-US\"},{\"@type\":\"Person\",\"@id\":\"https:\\\/\\\/akunq.net\\\/turkish\\\/#\\\/schema\\\/person\\\/135e7923d1aeb8887890799619969a6c\",\"name\":\"kalem\",\"image\":{\"@type\":\"ImageObject\",\"inLanguage\":\"en-US\",\"@id\":\"https:\\\/\\\/secure.gravatar.com\\\/avatar\\\/a06875e4b25feb5674296adf8e8a7ae1e587cebce2493fe63c456109967e27d3?s=96&d=mm&r=g\",\"url\":\"https:\\\/\\\/secure.gravatar.com\\\/avatar\\\/a06875e4b25feb5674296adf8e8a7ae1e587cebce2493fe63c456109967e27d3?s=96&d=mm&r=g\",\"contentUrl\":\"https:\\\/\\\/secure.gravatar.com\\\/avatar\\\/a06875e4b25feb5674296adf8e8a7ae1e587cebce2493fe63c456109967e27d3?s=96&d=mm&r=g\",\"caption\":\"kalem\"},\"url\":\"https:\\\/\\\/akunq.net\\\/turkish\\\/author\\\/kalem\\\/\"}]}<\/script>\n<!-- \/ Yoast SEO plugin. -->","yoast_head_json":{"title":"Ermeni Kilisesi k\u00fclt\u00fcr merkezi oluyor - Bati Ermenistan Ve Bati Ermenileri Sorunlari Ara\u015ftirmalar Merkezi","robots":{"index":"index","follow":"follow","max-snippet":"max-snippet:-1","max-image-preview":"max-image-preview:large","max-video-preview":"max-video-preview:-1"},"canonical":"https:\/\/akunq.net\/turkish\/2010\/06\/03\/ermeni-kilisesi-kultur-merkezi-oluyor\/","og_locale":"en_US","og_type":"article","og_title":"Ermeni Kilisesi k\u00fclt\u00fcr merkezi oluyor - Bati Ermenistan Ve Bati Ermenileri Sorunlari Ara\u015ftirmalar Merkezi","og_description":"\u0130stanbul 2010 Avrupa K\u00fclt\u00fcr Ba\u015fkenti Ajans\u0131, Kumkap\u0131&#8217;daki Surp Vortvots Vorodman Kilisesi i\u00e7in, restorasyon \u00e7al\u0131\u015fmas\u0131na ba\u015flad\u0131. \u0130stanbul 2010 Avrupa K\u00fclt\u00fcr Ba\u015fkenti Ajans\u0131, planlar\u0131 saray mimar\u0131 Kirkor Amira Balyan ile Devlet Garabet taraf\u0131ndan \u00e7izilerek bir katedral (Meryem Ana) ve iki \u015fapelden (Surp Ha\u00e7 ve Surp Vortvots Vorodman) olu\u015fan ve 14 Ekim 1828&#8217;de ibadete a\u00e7\u0131lan an\u0131t yap\u0131n\u0131n restorasyonu [&hellip;]","og_url":"https:\/\/akunq.net\/turkish\/2010\/06\/03\/ermeni-kilisesi-kultur-merkezi-oluyor\/","og_site_name":"Bati Ermenistan Ve Bati Ermenileri Sorunlari Ara\u015ftirmalar Merkezi","article_published_time":"2010-06-03T08:01:29+00:00","author":"kalem","twitter_card":"summary_large_image","twitter_misc":{"Written by":"kalem","Est. reading time":"2 minutes"},"schema":{"@context":"https:\/\/schema.org","@graph":[{"@type":"Article","@id":"https:\/\/akunq.net\/turkish\/2010\/06\/03\/ermeni-kilisesi-kultur-merkezi-oluyor\/#article","isPartOf":{"@id":"https:\/\/akunq.net\/turkish\/2010\/06\/03\/ermeni-kilisesi-kultur-merkezi-oluyor\/"},"author":{"name":"kalem","@id":"https:\/\/akunq.net\/turkish\/#\/schema\/person\/135e7923d1aeb8887890799619969a6c"},"headline":"Ermeni Kilisesi k\u00fclt\u00fcr merkezi oluyor","datePublished":"2010-06-03T08:01:29+00:00","mainEntityOfPage":{"@id":"https:\/\/akunq.net\/turkish\/2010\/06\/03\/ermeni-kilisesi-kultur-merkezi-oluyor\/"},"wordCount":318,"articleSection":["Haberler"],"inLanguage":"en-US"},{"@type":"WebPage","@id":"https:\/\/akunq.net\/turkish\/2010\/06\/03\/ermeni-kilisesi-kultur-merkezi-oluyor\/","url":"https:\/\/akunq.net\/turkish\/2010\/06\/03\/ermeni-kilisesi-kultur-merkezi-oluyor\/","name":"Ermeni Kilisesi k\u00fclt\u00fcr merkezi oluyor - Bati Ermenistan Ve Bati Ermenileri Sorunlari Ara\u015ftirmalar Merkezi","isPartOf":{"@id":"https:\/\/akunq.net\/turkish\/#website"},"datePublished":"2010-06-03T08:01:29+00:00","author":{"@id":"https:\/\/akunq.net\/turkish\/#\/schema\/person\/135e7923d1aeb8887890799619969a6c"},"breadcrumb":{"@id":"https:\/\/akunq.net\/turkish\/2010\/06\/03\/ermeni-kilisesi-kultur-merkezi-oluyor\/#breadcrumb"},"inLanguage":"en-US","potentialAction":[{"@type":"ReadAction","target":["https:\/\/akunq.net\/turkish\/2010\/06\/03\/ermeni-kilisesi-kultur-merkezi-oluyor\/"]}]},{"@type":"BreadcrumbList","@id":"https:\/\/akunq.net\/turkish\/2010\/06\/03\/ermeni-kilisesi-kultur-merkezi-oluyor\/#breadcrumb","itemListElement":[{"@type":"ListItem","position":1,"name":"Home","item":"https:\/\/akunq.net\/turkish\/"},{"@type":"ListItem","position":2,"name":"Ermeni Kilisesi k\u00fclt\u00fcr merkezi oluyor"}]},{"@type":"WebSite","@id":"https:\/\/akunq.net\/turkish\/#website","url":"https:\/\/akunq.net\/turkish\/","name":"Bati Ermenistan Ve Bati Ermenileri Sorunlari Ara\u015ftirmalar Merkezi","description":"","potentialAction":[{"@type":"SearchAction","target":{"@type":"EntryPoint","urlTemplate":"https:\/\/akunq.net\/turkish\/?s={search_term_string}"},"query-input":{"@type":"PropertyValueSpecification","valueRequired":true,"valueName":"search_term_string"}}],"inLanguage":"en-US"},{"@type":"Person","@id":"https:\/\/akunq.net\/turkish\/#\/schema\/person\/135e7923d1aeb8887890799619969a6c","name":"kalem","image":{"@type":"ImageObject","inLanguage":"en-US","@id":"https:\/\/secure.gravatar.com\/avatar\/a06875e4b25feb5674296adf8e8a7ae1e587cebce2493fe63c456109967e27d3?s=96&d=mm&r=g","url":"https:\/\/secure.gravatar.com\/avatar\/a06875e4b25feb5674296adf8e8a7ae1e587cebce2493fe63c456109967e27d3?s=96&d=mm&r=g","contentUrl":"https:\/\/secure.gravatar.com\/avatar\/a06875e4b25feb5674296adf8e8a7ae1e587cebce2493fe63c456109967e27d3?s=96&d=mm&r=g","caption":"kalem"},"url":"https:\/\/akunq.net\/turkish\/author\/kalem\/"}]}},"_links":{"self":[{"href":"https:\/\/akunq.net\/turkish\/wp-json\/wp\/v2\/posts\/908","targetHints":{"allow":["GET"]}}],"collection":[{"href":"https:\/\/akunq.net\/turkish\/wp-json\/wp\/v2\/posts"}],"about":[{"href":"https:\/\/akunq.net\/turkish\/wp-json\/wp\/v2\/types\/post"}],"author":[{"embeddable":true,"href":"https:\/\/akunq.net\/turkish\/wp-json\/wp\/v2\/users\/3"}],"replies":[{"embeddable":true,"href":"https:\/\/akunq.net\/turkish\/wp-json\/wp\/v2\/comments?post=908"}],"version-history":[{"count":0,"href":"https:\/\/akunq.net\/turkish\/wp-json\/wp\/v2\/posts\/908\/revisions"}],"wp:attachment":[{"href":"https:\/\/akunq.net\/turkish\/wp-json\/wp\/v2\/media?parent=908"}],"wp:term":[{"taxonomy":"category","embeddable":true,"href":"https:\/\/akunq.net\/turkish\/wp-json\/wp\/v2\/categories?post=908"},{"taxonomy":"post_tag","embeddable":true,"href":"https:\/\/akunq.net\/turkish\/wp-json\/wp\/v2\/tags?post=908"}],"curies":[{"name":"wp","href":"https:\/\/api.w.org\/{rel}","templated":true}]}}