{"id":892,"date":"2010-06-02T01:26:46","date_gmt":"2010-06-02T06:26:46","guid":{"rendered":"http:\/\/akunq.net\/tr\/?p=892"},"modified":"2010-06-02T01:26:46","modified_gmt":"2010-06-02T06:26:46","slug":"sumelada-ibadet-ozgurlugu","status":"publish","type":"post","link":"https:\/\/akunq.net\/turkish\/2010\/06\/02\/sumelada-ibadet-ozgurlugu\/","title":{"rendered":"S\u00fcmela\u2019da \u0130badet \u00d6zg\u00fcrl\u00fc\u011f\u00fc"},"content":{"rendered":"<p style=\"text-align: justify\">S\u00fcmela\u2019n\u0131n y\u0131lda 1 g\u00fcn ibadete a\u00e7\u0131lmas\u0131na g\u00f6sterilen tepkiler ilgin\u00e7 boyuta ta\u015f\u0131nd\u0131. Yasaktan yana olanlar durumdan vazife \u00e7\u0131kar\u0131rcas\u0131na, &#8220;Ayasofya M\u00fczesi de (Resmen hala camidir) en az\u0131ndan Cuma namazlar\u0131nda ibadete a\u00e7\u0131lmal\u0131&#8221; demeye ba\u015flad\u0131.<\/p>\n<p style=\"text-align: justify\">Bir zamanlar duvarlar\u0131 s\u00fcsleyen \u2018Mahsun Ayasofya\u2019, \u2018Zincirler k\u0131r\u0131ls\u0131n, Ayasofya a\u00e7\u0131ls\u0131n\u2019 sloganlar\u0131 ne hazindir ki, S\u00fcmela\u2019ya 1 g\u00fcnl\u00fck \u00f6zg\u00fcrl\u00fckle yeniden hat\u0131rland\u0131.<\/p>\n<p style=\"text-align: justify\">1940\u2019l\u0131 y\u0131llar\u0131n ard\u0131ndan laikli\u011fin \u2018Din d\u00fc\u015fmanl\u0131\u011f\u0131\u2019 olarak alg\u0131lanmas\u0131yla birlikte din ve vicdan \u00f6zg\u00fcrl\u00fc\u011f\u00fcne indirilen darbe yaln\u0131z \u0130slam dininin ba\u011fl\u0131lar\u0131 i\u00e7in ge\u00e7erli olmad\u0131. Hristiyanl\u0131k da bundan nasibini ald\u0131. Kiliseler y\u0131k\u0131ld\u0131. \u0130stanbul\u2019da ve Trabzon\u2019da cami olarak hizmet veren Ayasofyalar ibadete kapat\u0131ld\u0131. Y\u0131llar sonra d\u00fcnyada insan \u00f6zg\u00fcrl\u00fckleri t\u00fcm yasak alanlar\u0131 zorlarken yasak\u00e7\u0131lar kanunlar\u0131n arkas\u0131na sakland\u0131. Ama art\u0131k \u00f6zg\u00fcrl\u00fckler din ve vicdan alanlar\u0131n\u0131 da ku\u015fatmaya ba\u015flad\u0131.<\/p>\n<p style=\"text-align: justify\">Trabzon kamuoyunda S\u00fcmela\u2019n\u0131n y\u0131lda 1 kez ibadete a\u00e7\u0131lmas\u0131na MHP\u2019nin yan\u0131s\u0131ra SP ve DP de kar\u015f\u0131 \u00e7\u0131kt\u0131. Bu kar\u015f\u0131 \u00e7\u0131k\u0131\u015f bu kez Ayasofya ile g\u00fcndeme ta\u015f\u0131nd\u0131. MHP \u0130l Ba\u015fkan Vekili \u00d6mer Arslan ve kar\u015f\u0131 \u00e7\u0131kanlar bak\u0131n\u0131z hangi gerek\u00e7eleri s\u0131ralad\u0131:<\/p>\n<p style=\"text-align: justify\">&#8220;1- Trabzon\u2019a gelen turistlerin ibadet yapmas\u0131 i\u00e7in gereken bir kilise varken bu izine ne gerek vard\u0131.<br \/>\n2- S\u00fcmela ile ilgili verilen tavizlerin ayn\u0131s\u0131 bizim i\u00e7in de verilsin. Biz de camilerimiz varken Ayasofya\u2019da Cuma k\u0131lal\u0131m&#8221;<br \/>\n3- Ayasofya\u2019da Cuma fikri M\u00dcS\u0130AD Ba\u015fkan\u0131m\u0131z\u0131n da ho\u015funa gitmi\u015f. Ahmet Sar\u0131 da bu konuda \u015fu ifadelere yer vermi\u015f: &#8220;S\u00fcmela Manast\u0131r\u0131\u2019n\u0131n ibadete a\u00e7\u0131lmas\u0131 kadar, Trabzon\u2019un fetih camii olan Ayasofya M\u00fczesi de sadece Cuma g\u00fcnleri Cuma namaz\u0131na a\u00e7\u0131lmal\u0131d\u0131r&#8221;\u00a0<\/p>\n<p style=\"text-align: justify\">DO\u011eRU B\u0130LG\u0130 OLMAYINCA<\/p>\n<p style=\"text-align: justify\">Trabzon\u2019a gelen turistlerin ibadet yapabilecekleri kilisenin varl\u011f\u0131n\u0131 savunmak yanl\u0131\u015f. Zira kastedilen Santa Maria Kilisesi, Katolik bir ibadethanedir. Trabzon\u2019da Ortodoks bir kilise mevcut de\u011fildir. Halbuki S\u00fcmela Manast\u0131r\u0131\u2019n\u0131 ziyarete gelenler Ortodoks\u2019tur ve manast\u0131r\u0131n i\u00e7inde kilise oldu\u011fu gibi manast\u0131r\u0131n kendisi de bir ibadethane h\u00fckm\u00fcndedir.<\/p>\n<p style=\"text-align: justify\">S\u00fcmela ile ilgili verilen tavizlerin ayn\u0131s\u0131n\u0131n \u00fclkemizde ya\u015fayan m\u00fcsl\u00fcmanlar i\u00e7in de verilmesini savunmak ise MHP \u0130l Y\u00f6neticisi i\u00e7in \u00f6nemli bir geli\u015fmedir. Ancak bizde \u2018Cuma Camileri\u2019 gelene\u011fi olmad\u0131\u011f\u0131 i\u00e7in Ayasofya\u2019n\u0131n haftada bir g\u00fcn de\u011fil, s\u00fcrekli ibadete a\u00e7\u0131lmas\u0131 gerekti\u011fini savunmak daha ger\u00e7ek\u00e7idir.\u00a0<\/p>\n<p style=\"text-align: justify\">M\u00dcS\u0130AD Ba\u015fkan\u0131m\u0131z\u0131n Ayasofya\u2019y\u0131 Fetih Camii yapmas\u0131 da do\u011fru de\u011fildir. Fetih camisi Yenicuma Camii\u2019dir. Fethin sembol\u00fc ise B\u00fcy\u00fck Fatih Camii (Ortahisar)\u2019dir.<\/p>\n<p style=\"text-align: justify\">S\u00fcmela\u2019n\u0131n y\u0131lda 1 g\u00fcn bir yortu nedeniyle ibadete a\u00e7\u0131lacak olmas\u0131 b\u00fcy\u00fck ve \u00f6nemli bir geli\u015fmedir. Bu \u00f6zg\u00fcrl\u00fck m\u00fcsl\u00fcman T\u00fcrk\u2019e hi\u00e7bir \u015fey kaybettirmez. Atalar\u0131n\u0131n ho\u015fg\u00f6r\u00fcs\u00fcn\u00fc hat\u0131rlat\u0131r. Gelin 15 A\u011fustos\u2019ta S\u00fcmela\u2019da Ortodokslar\u2019\u0131n ayinini izleyip \u2018Ey \u00f6zg\u00fcrl\u00fck sen ne kutsal keyfiyetsin\u2019 diyelim. Onlar\u0131n din \u00f6zg\u00fcrl\u00fc\u011f\u00fcnden rahats\u0131z olmayal\u0131m. S\u0131ran\u0131n kendi din ve vicdan \u00f6zg\u00fcrl\u00fc\u011f\u00fcm\u00fcze gelmesi temennisinde bulunal\u0131m.<\/p>\n<p style=\"text-align: justify\"><strong>gunebakis.com.tr,<\/strong> \u00a031.5.2010<\/p>\n","protected":false},"excerpt":{"rendered":"<p>S\u00fcmela\u2019n\u0131n y\u0131lda 1 g\u00fcn ibadete a\u00e7\u0131lmas\u0131na g\u00f6sterilen tepkiler ilgin\u00e7 boyuta ta\u015f\u0131nd\u0131. Yasaktan yana olanlar durumdan vazife \u00e7\u0131kar\u0131rcas\u0131na, &#8220;Ayasofya M\u00fczesi de (Resmen hala camidir) en az\u0131ndan Cuma namazlar\u0131nda ibadete a\u00e7\u0131lmal\u0131&#8221; demeye ba\u015flad\u0131. Bir zamanlar duvarlar\u0131 s\u00fcsleyen \u2018Mahsun Ayasofya\u2019, \u2018Zincirler k\u0131r\u0131ls\u0131n, Ayasofya a\u00e7\u0131ls\u0131n\u2019 sloganlar\u0131 ne hazindir ki, S\u00fcmela\u2019ya 1 g\u00fcnl\u00fck \u00f6zg\u00fcrl\u00fckle yeniden hat\u0131rland\u0131. 1940\u2019l\u0131 y\u0131llar\u0131n ard\u0131ndan laikli\u011fin [&hellip;]<\/p>\n","protected":false},"author":3,"featured_media":0,"comment_status":"closed","ping_status":"open","sticky":false,"template":"","format":"standard","meta":{"footnotes":""},"categories":[14],"tags":[],"class_list":["post-892","post","type-post","status-publish","format-standard","hentry","category-haberler"],"yoast_head":"<!-- This site is optimized with the Yoast SEO plugin v27.4 - https:\/\/yoast.com\/product\/yoast-seo-wordpress\/ -->\n<title>S\u00fcmela\u2019da \u0130badet \u00d6zg\u00fcrl\u00fc\u011f\u00fc - Bati Ermenistan Ve Bati Ermenileri Sorunlari Ara\u015ftirmalar Merkezi<\/title>\n<meta name=\"robots\" content=\"index, follow, max-snippet:-1, max-image-preview:large, max-video-preview:-1\" \/>\n<link rel=\"canonical\" href=\"https:\/\/akunq.net\/turkish\/2010\/06\/02\/sumelada-ibadet-ozgurlugu\/\" \/>\n<meta property=\"og:locale\" content=\"en_US\" \/>\n<meta property=\"og:type\" content=\"article\" \/>\n<meta property=\"og:title\" content=\"S\u00fcmela\u2019da \u0130badet \u00d6zg\u00fcrl\u00fc\u011f\u00fc - Bati Ermenistan Ve Bati Ermenileri Sorunlari Ara\u015ftirmalar Merkezi\" \/>\n<meta property=\"og:description\" content=\"S\u00fcmela\u2019n\u0131n y\u0131lda 1 g\u00fcn ibadete a\u00e7\u0131lmas\u0131na g\u00f6sterilen tepkiler ilgin\u00e7 boyuta ta\u015f\u0131nd\u0131. Yasaktan yana olanlar durumdan vazife \u00e7\u0131kar\u0131rcas\u0131na, &#8220;Ayasofya M\u00fczesi de (Resmen hala camidir) en az\u0131ndan Cuma namazlar\u0131nda ibadete a\u00e7\u0131lmal\u0131&#8221; demeye ba\u015flad\u0131. Bir zamanlar duvarlar\u0131 s\u00fcsleyen \u2018Mahsun Ayasofya\u2019, \u2018Zincirler k\u0131r\u0131ls\u0131n, Ayasofya a\u00e7\u0131ls\u0131n\u2019 sloganlar\u0131 ne hazindir ki, S\u00fcmela\u2019ya 1 g\u00fcnl\u00fck \u00f6zg\u00fcrl\u00fckle yeniden hat\u0131rland\u0131. 1940\u2019l\u0131 y\u0131llar\u0131n ard\u0131ndan laikli\u011fin [&hellip;]\" \/>\n<meta property=\"og:url\" content=\"https:\/\/akunq.net\/turkish\/2010\/06\/02\/sumelada-ibadet-ozgurlugu\/\" \/>\n<meta property=\"og:site_name\" content=\"Bati Ermenistan Ve Bati Ermenileri Sorunlari Ara\u015ftirmalar Merkezi\" \/>\n<meta property=\"article:published_time\" content=\"2010-06-02T06:26:46+00:00\" \/>\n<meta name=\"author\" content=\"kalem\" \/>\n<meta name=\"twitter:card\" content=\"summary_large_image\" \/>\n<meta name=\"twitter:label1\" content=\"Written by\" \/>\n\t<meta name=\"twitter:data1\" content=\"kalem\" \/>\n\t<meta name=\"twitter:label2\" content=\"Est. reading time\" \/>\n\t<meta name=\"twitter:data2\" content=\"3 minutes\" \/>\n<script type=\"application\/ld+json\" class=\"yoast-schema-graph\">{\"@context\":\"https:\\\/\\\/schema.org\",\"@graph\":[{\"@type\":\"Article\",\"@id\":\"https:\\\/\\\/akunq.net\\\/turkish\\\/2010\\\/06\\\/02\\\/sumelada-ibadet-ozgurlugu\\\/#article\",\"isPartOf\":{\"@id\":\"https:\\\/\\\/akunq.net\\\/turkish\\\/2010\\\/06\\\/02\\\/sumelada-ibadet-ozgurlugu\\\/\"},\"author\":{\"name\":\"kalem\",\"@id\":\"https:\\\/\\\/akunq.net\\\/turkish\\\/#\\\/schema\\\/person\\\/135e7923d1aeb8887890799619969a6c\"},\"headline\":\"S\u00fcmela\u2019da \u0130badet \u00d6zg\u00fcrl\u00fc\u011f\u00fc\",\"datePublished\":\"2010-06-02T06:26:46+00:00\",\"mainEntityOfPage\":{\"@id\":\"https:\\\/\\\/akunq.net\\\/turkish\\\/2010\\\/06\\\/02\\\/sumelada-ibadet-ozgurlugu\\\/\"},\"wordCount\":584,\"articleSection\":[\"Haberler\"],\"inLanguage\":\"en-US\"},{\"@type\":\"WebPage\",\"@id\":\"https:\\\/\\\/akunq.net\\\/turkish\\\/2010\\\/06\\\/02\\\/sumelada-ibadet-ozgurlugu\\\/\",\"url\":\"https:\\\/\\\/akunq.net\\\/turkish\\\/2010\\\/06\\\/02\\\/sumelada-ibadet-ozgurlugu\\\/\",\"name\":\"S\u00fcmela\u2019da \u0130badet \u00d6zg\u00fcrl\u00fc\u011f\u00fc - Bati Ermenistan Ve Bati Ermenileri Sorunlari Ara\u015ftirmalar Merkezi\",\"isPartOf\":{\"@id\":\"https:\\\/\\\/akunq.net\\\/turkish\\\/#website\"},\"datePublished\":\"2010-06-02T06:26:46+00:00\",\"author\":{\"@id\":\"https:\\\/\\\/akunq.net\\\/turkish\\\/#\\\/schema\\\/person\\\/135e7923d1aeb8887890799619969a6c\"},\"breadcrumb\":{\"@id\":\"https:\\\/\\\/akunq.net\\\/turkish\\\/2010\\\/06\\\/02\\\/sumelada-ibadet-ozgurlugu\\\/#breadcrumb\"},\"inLanguage\":\"en-US\",\"potentialAction\":[{\"@type\":\"ReadAction\",\"target\":[\"https:\\\/\\\/akunq.net\\\/turkish\\\/2010\\\/06\\\/02\\\/sumelada-ibadet-ozgurlugu\\\/\"]}]},{\"@type\":\"BreadcrumbList\",\"@id\":\"https:\\\/\\\/akunq.net\\\/turkish\\\/2010\\\/06\\\/02\\\/sumelada-ibadet-ozgurlugu\\\/#breadcrumb\",\"itemListElement\":[{\"@type\":\"ListItem\",\"position\":1,\"name\":\"Home\",\"item\":\"https:\\\/\\\/akunq.net\\\/turkish\\\/\"},{\"@type\":\"ListItem\",\"position\":2,\"name\":\"S\u00fcmela\u2019da \u0130badet \u00d6zg\u00fcrl\u00fc\u011f\u00fc\"}]},{\"@type\":\"WebSite\",\"@id\":\"https:\\\/\\\/akunq.net\\\/turkish\\\/#website\",\"url\":\"https:\\\/\\\/akunq.net\\\/turkish\\\/\",\"name\":\"Bati Ermenistan Ve Bati Ermenileri Sorunlari Ara\u015ftirmalar Merkezi\",\"description\":\"\",\"potentialAction\":[{\"@type\":\"SearchAction\",\"target\":{\"@type\":\"EntryPoint\",\"urlTemplate\":\"https:\\\/\\\/akunq.net\\\/turkish\\\/?s={search_term_string}\"},\"query-input\":{\"@type\":\"PropertyValueSpecification\",\"valueRequired\":true,\"valueName\":\"search_term_string\"}}],\"inLanguage\":\"en-US\"},{\"@type\":\"Person\",\"@id\":\"https:\\\/\\\/akunq.net\\\/turkish\\\/#\\\/schema\\\/person\\\/135e7923d1aeb8887890799619969a6c\",\"name\":\"kalem\",\"image\":{\"@type\":\"ImageObject\",\"inLanguage\":\"en-US\",\"@id\":\"https:\\\/\\\/secure.gravatar.com\\\/avatar\\\/a06875e4b25feb5674296adf8e8a7ae1e587cebce2493fe63c456109967e27d3?s=96&d=mm&r=g\",\"url\":\"https:\\\/\\\/secure.gravatar.com\\\/avatar\\\/a06875e4b25feb5674296adf8e8a7ae1e587cebce2493fe63c456109967e27d3?s=96&d=mm&r=g\",\"contentUrl\":\"https:\\\/\\\/secure.gravatar.com\\\/avatar\\\/a06875e4b25feb5674296adf8e8a7ae1e587cebce2493fe63c456109967e27d3?s=96&d=mm&r=g\",\"caption\":\"kalem\"},\"url\":\"https:\\\/\\\/akunq.net\\\/turkish\\\/author\\\/kalem\\\/\"}]}<\/script>\n<!-- \/ Yoast SEO plugin. -->","yoast_head_json":{"title":"S\u00fcmela\u2019da \u0130badet \u00d6zg\u00fcrl\u00fc\u011f\u00fc - Bati Ermenistan Ve Bati Ermenileri Sorunlari Ara\u015ftirmalar Merkezi","robots":{"index":"index","follow":"follow","max-snippet":"max-snippet:-1","max-image-preview":"max-image-preview:large","max-video-preview":"max-video-preview:-1"},"canonical":"https:\/\/akunq.net\/turkish\/2010\/06\/02\/sumelada-ibadet-ozgurlugu\/","og_locale":"en_US","og_type":"article","og_title":"S\u00fcmela\u2019da \u0130badet \u00d6zg\u00fcrl\u00fc\u011f\u00fc - Bati Ermenistan Ve Bati Ermenileri Sorunlari Ara\u015ftirmalar Merkezi","og_description":"S\u00fcmela\u2019n\u0131n y\u0131lda 1 g\u00fcn ibadete a\u00e7\u0131lmas\u0131na g\u00f6sterilen tepkiler ilgin\u00e7 boyuta ta\u015f\u0131nd\u0131. Yasaktan yana olanlar durumdan vazife \u00e7\u0131kar\u0131rcas\u0131na, &#8220;Ayasofya M\u00fczesi de (Resmen hala camidir) en az\u0131ndan Cuma namazlar\u0131nda ibadete a\u00e7\u0131lmal\u0131&#8221; demeye ba\u015flad\u0131. Bir zamanlar duvarlar\u0131 s\u00fcsleyen \u2018Mahsun Ayasofya\u2019, \u2018Zincirler k\u0131r\u0131ls\u0131n, Ayasofya a\u00e7\u0131ls\u0131n\u2019 sloganlar\u0131 ne hazindir ki, S\u00fcmela\u2019ya 1 g\u00fcnl\u00fck \u00f6zg\u00fcrl\u00fckle yeniden hat\u0131rland\u0131. 1940\u2019l\u0131 y\u0131llar\u0131n ard\u0131ndan laikli\u011fin [&hellip;]","og_url":"https:\/\/akunq.net\/turkish\/2010\/06\/02\/sumelada-ibadet-ozgurlugu\/","og_site_name":"Bati Ermenistan Ve Bati Ermenileri Sorunlari Ara\u015ftirmalar Merkezi","article_published_time":"2010-06-02T06:26:46+00:00","author":"kalem","twitter_card":"summary_large_image","twitter_misc":{"Written by":"kalem","Est. reading time":"3 minutes"},"schema":{"@context":"https:\/\/schema.org","@graph":[{"@type":"Article","@id":"https:\/\/akunq.net\/turkish\/2010\/06\/02\/sumelada-ibadet-ozgurlugu\/#article","isPartOf":{"@id":"https:\/\/akunq.net\/turkish\/2010\/06\/02\/sumelada-ibadet-ozgurlugu\/"},"author":{"name":"kalem","@id":"https:\/\/akunq.net\/turkish\/#\/schema\/person\/135e7923d1aeb8887890799619969a6c"},"headline":"S\u00fcmela\u2019da \u0130badet \u00d6zg\u00fcrl\u00fc\u011f\u00fc","datePublished":"2010-06-02T06:26:46+00:00","mainEntityOfPage":{"@id":"https:\/\/akunq.net\/turkish\/2010\/06\/02\/sumelada-ibadet-ozgurlugu\/"},"wordCount":584,"articleSection":["Haberler"],"inLanguage":"en-US"},{"@type":"WebPage","@id":"https:\/\/akunq.net\/turkish\/2010\/06\/02\/sumelada-ibadet-ozgurlugu\/","url":"https:\/\/akunq.net\/turkish\/2010\/06\/02\/sumelada-ibadet-ozgurlugu\/","name":"S\u00fcmela\u2019da \u0130badet \u00d6zg\u00fcrl\u00fc\u011f\u00fc - Bati Ermenistan Ve Bati Ermenileri Sorunlari Ara\u015ftirmalar Merkezi","isPartOf":{"@id":"https:\/\/akunq.net\/turkish\/#website"},"datePublished":"2010-06-02T06:26:46+00:00","author":{"@id":"https:\/\/akunq.net\/turkish\/#\/schema\/person\/135e7923d1aeb8887890799619969a6c"},"breadcrumb":{"@id":"https:\/\/akunq.net\/turkish\/2010\/06\/02\/sumelada-ibadet-ozgurlugu\/#breadcrumb"},"inLanguage":"en-US","potentialAction":[{"@type":"ReadAction","target":["https:\/\/akunq.net\/turkish\/2010\/06\/02\/sumelada-ibadet-ozgurlugu\/"]}]},{"@type":"BreadcrumbList","@id":"https:\/\/akunq.net\/turkish\/2010\/06\/02\/sumelada-ibadet-ozgurlugu\/#breadcrumb","itemListElement":[{"@type":"ListItem","position":1,"name":"Home","item":"https:\/\/akunq.net\/turkish\/"},{"@type":"ListItem","position":2,"name":"S\u00fcmela\u2019da \u0130badet \u00d6zg\u00fcrl\u00fc\u011f\u00fc"}]},{"@type":"WebSite","@id":"https:\/\/akunq.net\/turkish\/#website","url":"https:\/\/akunq.net\/turkish\/","name":"Bati Ermenistan Ve Bati Ermenileri Sorunlari Ara\u015ftirmalar Merkezi","description":"","potentialAction":[{"@type":"SearchAction","target":{"@type":"EntryPoint","urlTemplate":"https:\/\/akunq.net\/turkish\/?s={search_term_string}"},"query-input":{"@type":"PropertyValueSpecification","valueRequired":true,"valueName":"search_term_string"}}],"inLanguage":"en-US"},{"@type":"Person","@id":"https:\/\/akunq.net\/turkish\/#\/schema\/person\/135e7923d1aeb8887890799619969a6c","name":"kalem","image":{"@type":"ImageObject","inLanguage":"en-US","@id":"https:\/\/secure.gravatar.com\/avatar\/a06875e4b25feb5674296adf8e8a7ae1e587cebce2493fe63c456109967e27d3?s=96&d=mm&r=g","url":"https:\/\/secure.gravatar.com\/avatar\/a06875e4b25feb5674296adf8e8a7ae1e587cebce2493fe63c456109967e27d3?s=96&d=mm&r=g","contentUrl":"https:\/\/secure.gravatar.com\/avatar\/a06875e4b25feb5674296adf8e8a7ae1e587cebce2493fe63c456109967e27d3?s=96&d=mm&r=g","caption":"kalem"},"url":"https:\/\/akunq.net\/turkish\/author\/kalem\/"}]}},"_links":{"self":[{"href":"https:\/\/akunq.net\/turkish\/wp-json\/wp\/v2\/posts\/892","targetHints":{"allow":["GET"]}}],"collection":[{"href":"https:\/\/akunq.net\/turkish\/wp-json\/wp\/v2\/posts"}],"about":[{"href":"https:\/\/akunq.net\/turkish\/wp-json\/wp\/v2\/types\/post"}],"author":[{"embeddable":true,"href":"https:\/\/akunq.net\/turkish\/wp-json\/wp\/v2\/users\/3"}],"replies":[{"embeddable":true,"href":"https:\/\/akunq.net\/turkish\/wp-json\/wp\/v2\/comments?post=892"}],"version-history":[{"count":0,"href":"https:\/\/akunq.net\/turkish\/wp-json\/wp\/v2\/posts\/892\/revisions"}],"wp:attachment":[{"href":"https:\/\/akunq.net\/turkish\/wp-json\/wp\/v2\/media?parent=892"}],"wp:term":[{"taxonomy":"category","embeddable":true,"href":"https:\/\/akunq.net\/turkish\/wp-json\/wp\/v2\/categories?post=892"},{"taxonomy":"post_tag","embeddable":true,"href":"https:\/\/akunq.net\/turkish\/wp-json\/wp\/v2\/tags?post=892"}],"curies":[{"name":"wp","href":"https:\/\/api.w.org\/{rel}","templated":true}]}}