{"id":884,"date":"2010-05-31T01:56:34","date_gmt":"2010-05-31T06:56:34","guid":{"rendered":"http:\/\/akunq.net\/tr\/?p=884"},"modified":"2010-05-31T01:56:34","modified_gmt":"2010-05-31T06:56:34","slug":"alman-vakfindan-1915-adimi","status":"publish","type":"post","link":"https:\/\/akunq.net\/turkish\/2010\/05\/31\/alman-vakfindan-1915-adimi\/","title":{"rendered":"Alman vakf\u0131ndan 1915 ad\u0131m\u0131"},"content":{"rendered":"<p style=\"text-align: justify\"><strong>1915 felaketinde Almanya\u2019n\u0131n rol\u00fc \u00fczerine ara\u015ft\u0131rmalar yapan Lepsius Evi\u2019nden bir heyet ge\u00e7en hafta \u0130stanbul\u2019da baz\u0131 temaslarda bulundu. <\/strong><\/p>\n<p style=\"text-align: justify\">Osmanl\u0131 \u0130mparatorlu\u011fu\u2019nda 1915\u2019te Ermenilerin ya\u015fad\u0131\u011f\u0131 \u201cB\u00fcy\u00fck Felaket\u201d ve bu felakette Almanya\u2019n\u0131n rol\u00fc \u00fczerine \u00e7al\u0131\u015fmalar y\u00fcr\u00fcten Lepsius Evi\u2019nden bir heyet ge\u00e7en hafta \u0130stanbul\u2019a gelerek baz\u0131 temaslarda bulundu. Heyetin Ba\u015fkan\u0131 Alman Protestan Kilisesi\u2019nin eski ba\u015fkan\u0131 ve eski ba\u015fepikoposu Prof. Dr. Wolfgang Huber, gazeteciler ve ayd\u0131nlarla yapt\u0131\u011f\u0131 toplant\u0131da \u201cAlmanya 1. D\u00fcnya Sava\u015f\u0131 s\u0131ras\u0131nda \u00f6zel ili\u015fkileri nedeniyle bu konunun a\u00e7\u0131kl\u0131\u011fa kavu\u015fmas\u0131n\u0131 istemedi. Almanya\u2019n\u0131n da bir sorumlulu\u011fu var bu konuda\u201d dedi.<\/p>\n<p style=\"text-align: justify\"><strong>\u00a0Dink ailesine ziyaret<\/strong><\/p>\n<p style=\"text-align: justify\">1915\u2019te Osmanl\u0131 \u0130mparatorlu\u011funda misyoner olarak bulunana Johannes Lepsius an\u0131s\u0131na kurulan Alman- Ermeni Akademisi Lepsius Evi, T\u00fcrkiye\u2019ye yapt\u0131\u011f\u0131 gezi kapsam\u0131nda Alman B\u00fcy\u00fckel\u00e7ili\u011fi, Ermeni Patrikhanesi, Rum Ortodoks Patrikhanesi, Agos Gazetesi, Alman Protestan Kilisesi\u2019nde g\u00f6r\u00fc\u015fmeler yapt\u0131. Heyet Dink ailesiyle de g\u00f6r\u00fc\u015ft\u00fc.<\/p>\n<p style=\"text-align: justify\">Lepsius Evi temsilcilerinin 25 may\u0131sta tarih\u00e7iler, gazeteciler, akademisyenler ve sivil toplum temsilcileriyle yap\u0131lan toplant\u0131da 1915 olaylar\u0131yla y\u00fczle\u015filmesi konusunda iki \u00fclkenin ortakl\u0131kl\u0131\u011f\u0131yla neler yap\u0131labilece\u011fi konu\u015fuldu.<\/p>\n<p style=\"text-align: justify\"><strong>\u00a0Almanya da y\u00fczle\u015fmeli<\/strong><\/p>\n<p style=\"text-align: justify\">Toplant\u0131y\u0131 Lepsius Evi\u2019yle birlikte d\u00fczenleyen Heinrich B\u00f6ll Derne\u011fi\u2019nin Ba\u015fkan\u0131 Ulrike Dufner \u201cB\u00fct\u00fcn kayg\u0131lara ra\u011fmen Almanya\u2019n\u0131n 1915 olaylar\u0131 s\u0131ras\u0131nda i\u015fledi\u011fi su\u00e7 konusunda daha y\u00fcksek sesle konu\u015fmak gerekir\u201d dedi. Dufner lisede yo\u011fun \u015fekilde tarih dersi alm\u0131\u015f oldu\u011funu ancak 1915 olaylar\u0131yla ilgili olarak \u00f6\u011frencilere hi\u00e7bir \u015fey \u00f6\u011fretilmedi\u011fini s\u00f6yledi. Dufner, \u201c1915 olaylar\u0131 konusunda su\u00e7 ortaklar\u0131n\u0131n ortak \u00e7al\u0131\u015fmalar\u0131 bence tarihle y\u00fczle\u015fmeye \u00f6nemli katk\u0131 sa\u011flayabilir\u201d dedi.<\/p>\n<p style=\"text-align: justify\">Johannes Lepsius\u2019un 1916\u2019da yay\u0131mland\u0131\u011f\u0131 \u201cT\u00fcrkiye\u2019deki Ermenilerin Durumu Hakk\u0131nda Rapor\u201d Alman devleti taraf\u0131ndan sans\u00fcrlenmeden \u00f6nce \u00fclke \u00e7ap\u0131nda 20 bin adet da\u011f\u0131t\u0131lm\u0131\u015ft\u0131. Lepsius\u2019un konuyla ilgili \u00e7al\u0131\u015fmalar\u0131 soyk\u0131r\u0131m iddialar\u0131na temel olu\u015fturan ana metinler aras\u0131nda yer al\u0131yor.<\/p>\n<p style=\"text-align: justify\"><strong><em>Taraf, <\/em><\/strong><strong><em>30.05.2010\u00a0 <\/em><\/strong><\/p>\n","protected":false},"excerpt":{"rendered":"<p>1915 felaketinde Almanya\u2019n\u0131n rol\u00fc \u00fczerine ara\u015ft\u0131rmalar yapan Lepsius Evi\u2019nden bir heyet ge\u00e7en hafta \u0130stanbul\u2019da baz\u0131 temaslarda bulundu. Osmanl\u0131 \u0130mparatorlu\u011fu\u2019nda 1915\u2019te Ermenilerin ya\u015fad\u0131\u011f\u0131 \u201cB\u00fcy\u00fck Felaket\u201d ve bu felakette Almanya\u2019n\u0131n rol\u00fc \u00fczerine \u00e7al\u0131\u015fmalar y\u00fcr\u00fcten Lepsius Evi\u2019nden bir heyet ge\u00e7en hafta \u0130stanbul\u2019a gelerek baz\u0131 temaslarda bulundu. Heyetin Ba\u015fkan\u0131 Alman Protestan Kilisesi\u2019nin eski ba\u015fkan\u0131 ve eski ba\u015fepikoposu Prof. Dr. [&hellip;]<\/p>\n","protected":false},"author":3,"featured_media":0,"comment_status":"closed","ping_status":"open","sticky":false,"template":"","format":"standard","meta":{"footnotes":""},"categories":[6,14],"tags":[],"class_list":["post-884","post","type-post","status-publish","format-standard","hentry","category-ermeni-soykirimi","category-haberler"],"yoast_head":"<!-- This site is optimized with the Yoast SEO plugin v27.4 - https:\/\/yoast.com\/product\/yoast-seo-wordpress\/ -->\n<title>Alman vakf\u0131ndan 1915 ad\u0131m\u0131 - Bati Ermenistan Ve Bati Ermenileri Sorunlari Ara\u015ftirmalar Merkezi<\/title>\n<meta name=\"robots\" content=\"index, follow, max-snippet:-1, max-image-preview:large, max-video-preview:-1\" \/>\n<link rel=\"canonical\" href=\"https:\/\/akunq.net\/turkish\/2010\/05\/31\/alman-vakfindan-1915-adimi\/\" \/>\n<meta property=\"og:locale\" content=\"en_US\" \/>\n<meta property=\"og:type\" content=\"article\" \/>\n<meta property=\"og:title\" content=\"Alman vakf\u0131ndan 1915 ad\u0131m\u0131 - Bati Ermenistan Ve Bati Ermenileri Sorunlari Ara\u015ftirmalar Merkezi\" \/>\n<meta property=\"og:description\" content=\"1915 felaketinde Almanya\u2019n\u0131n rol\u00fc \u00fczerine ara\u015ft\u0131rmalar yapan Lepsius Evi\u2019nden bir heyet ge\u00e7en hafta \u0130stanbul\u2019da baz\u0131 temaslarda bulundu. Osmanl\u0131 \u0130mparatorlu\u011fu\u2019nda 1915\u2019te Ermenilerin ya\u015fad\u0131\u011f\u0131 \u201cB\u00fcy\u00fck Felaket\u201d ve bu felakette Almanya\u2019n\u0131n rol\u00fc \u00fczerine \u00e7al\u0131\u015fmalar y\u00fcr\u00fcten Lepsius Evi\u2019nden bir heyet ge\u00e7en hafta \u0130stanbul\u2019a gelerek baz\u0131 temaslarda bulundu. Heyetin Ba\u015fkan\u0131 Alman Protestan Kilisesi\u2019nin eski ba\u015fkan\u0131 ve eski ba\u015fepikoposu Prof. Dr. [&hellip;]\" \/>\n<meta property=\"og:url\" content=\"https:\/\/akunq.net\/turkish\/2010\/05\/31\/alman-vakfindan-1915-adimi\/\" \/>\n<meta property=\"og:site_name\" content=\"Bati Ermenistan Ve Bati Ermenileri Sorunlari Ara\u015ftirmalar Merkezi\" \/>\n<meta property=\"article:published_time\" content=\"2010-05-31T06:56:34+00:00\" \/>\n<meta name=\"author\" content=\"kalem\" \/>\n<meta name=\"twitter:card\" content=\"summary_large_image\" \/>\n<meta name=\"twitter:label1\" content=\"Written by\" \/>\n\t<meta name=\"twitter:data1\" content=\"kalem\" \/>\n\t<meta name=\"twitter:label2\" content=\"Est. reading time\" \/>\n\t<meta name=\"twitter:data2\" content=\"2 minutes\" \/>\n<script type=\"application\/ld+json\" class=\"yoast-schema-graph\">{\"@context\":\"https:\\\/\\\/schema.org\",\"@graph\":[{\"@type\":\"Article\",\"@id\":\"https:\\\/\\\/akunq.net\\\/turkish\\\/2010\\\/05\\\/31\\\/alman-vakfindan-1915-adimi\\\/#article\",\"isPartOf\":{\"@id\":\"https:\\\/\\\/akunq.net\\\/turkish\\\/2010\\\/05\\\/31\\\/alman-vakfindan-1915-adimi\\\/\"},\"author\":{\"name\":\"kalem\",\"@id\":\"https:\\\/\\\/akunq.net\\\/turkish\\\/#\\\/schema\\\/person\\\/135e7923d1aeb8887890799619969a6c\"},\"headline\":\"Alman vakf\u0131ndan 1915 ad\u0131m\u0131\",\"datePublished\":\"2010-05-31T06:56:34+00:00\",\"mainEntityOfPage\":{\"@id\":\"https:\\\/\\\/akunq.net\\\/turkish\\\/2010\\\/05\\\/31\\\/alman-vakfindan-1915-adimi\\\/\"},\"wordCount\":358,\"articleSection\":[\"Ermeni Soyk\u0131r\u0131m\u0131\",\"Haberler\"],\"inLanguage\":\"en-US\"},{\"@type\":\"WebPage\",\"@id\":\"https:\\\/\\\/akunq.net\\\/turkish\\\/2010\\\/05\\\/31\\\/alman-vakfindan-1915-adimi\\\/\",\"url\":\"https:\\\/\\\/akunq.net\\\/turkish\\\/2010\\\/05\\\/31\\\/alman-vakfindan-1915-adimi\\\/\",\"name\":\"Alman vakf\u0131ndan 1915 ad\u0131m\u0131 - Bati Ermenistan Ve Bati Ermenileri Sorunlari Ara\u015ftirmalar Merkezi\",\"isPartOf\":{\"@id\":\"https:\\\/\\\/akunq.net\\\/turkish\\\/#website\"},\"datePublished\":\"2010-05-31T06:56:34+00:00\",\"author\":{\"@id\":\"https:\\\/\\\/akunq.net\\\/turkish\\\/#\\\/schema\\\/person\\\/135e7923d1aeb8887890799619969a6c\"},\"breadcrumb\":{\"@id\":\"https:\\\/\\\/akunq.net\\\/turkish\\\/2010\\\/05\\\/31\\\/alman-vakfindan-1915-adimi\\\/#breadcrumb\"},\"inLanguage\":\"en-US\",\"potentialAction\":[{\"@type\":\"ReadAction\",\"target\":[\"https:\\\/\\\/akunq.net\\\/turkish\\\/2010\\\/05\\\/31\\\/alman-vakfindan-1915-adimi\\\/\"]}]},{\"@type\":\"BreadcrumbList\",\"@id\":\"https:\\\/\\\/akunq.net\\\/turkish\\\/2010\\\/05\\\/31\\\/alman-vakfindan-1915-adimi\\\/#breadcrumb\",\"itemListElement\":[{\"@type\":\"ListItem\",\"position\":1,\"name\":\"Home\",\"item\":\"https:\\\/\\\/akunq.net\\\/turkish\\\/\"},{\"@type\":\"ListItem\",\"position\":2,\"name\":\"Alman vakf\u0131ndan 1915 ad\u0131m\u0131\"}]},{\"@type\":\"WebSite\",\"@id\":\"https:\\\/\\\/akunq.net\\\/turkish\\\/#website\",\"url\":\"https:\\\/\\\/akunq.net\\\/turkish\\\/\",\"name\":\"Bati Ermenistan Ve Bati Ermenileri Sorunlari Ara\u015ftirmalar Merkezi\",\"description\":\"\",\"potentialAction\":[{\"@type\":\"SearchAction\",\"target\":{\"@type\":\"EntryPoint\",\"urlTemplate\":\"https:\\\/\\\/akunq.net\\\/turkish\\\/?s={search_term_string}\"},\"query-input\":{\"@type\":\"PropertyValueSpecification\",\"valueRequired\":true,\"valueName\":\"search_term_string\"}}],\"inLanguage\":\"en-US\"},{\"@type\":\"Person\",\"@id\":\"https:\\\/\\\/akunq.net\\\/turkish\\\/#\\\/schema\\\/person\\\/135e7923d1aeb8887890799619969a6c\",\"name\":\"kalem\",\"image\":{\"@type\":\"ImageObject\",\"inLanguage\":\"en-US\",\"@id\":\"https:\\\/\\\/secure.gravatar.com\\\/avatar\\\/a06875e4b25feb5674296adf8e8a7ae1e587cebce2493fe63c456109967e27d3?s=96&d=mm&r=g\",\"url\":\"https:\\\/\\\/secure.gravatar.com\\\/avatar\\\/a06875e4b25feb5674296adf8e8a7ae1e587cebce2493fe63c456109967e27d3?s=96&d=mm&r=g\",\"contentUrl\":\"https:\\\/\\\/secure.gravatar.com\\\/avatar\\\/a06875e4b25feb5674296adf8e8a7ae1e587cebce2493fe63c456109967e27d3?s=96&d=mm&r=g\",\"caption\":\"kalem\"},\"url\":\"https:\\\/\\\/akunq.net\\\/turkish\\\/author\\\/kalem\\\/\"}]}<\/script>\n<!-- \/ Yoast SEO plugin. -->","yoast_head_json":{"title":"Alman vakf\u0131ndan 1915 ad\u0131m\u0131 - Bati Ermenistan Ve Bati Ermenileri Sorunlari Ara\u015ftirmalar Merkezi","robots":{"index":"index","follow":"follow","max-snippet":"max-snippet:-1","max-image-preview":"max-image-preview:large","max-video-preview":"max-video-preview:-1"},"canonical":"https:\/\/akunq.net\/turkish\/2010\/05\/31\/alman-vakfindan-1915-adimi\/","og_locale":"en_US","og_type":"article","og_title":"Alman vakf\u0131ndan 1915 ad\u0131m\u0131 - Bati Ermenistan Ve Bati Ermenileri Sorunlari Ara\u015ftirmalar Merkezi","og_description":"1915 felaketinde Almanya\u2019n\u0131n rol\u00fc \u00fczerine ara\u015ft\u0131rmalar yapan Lepsius Evi\u2019nden bir heyet ge\u00e7en hafta \u0130stanbul\u2019da baz\u0131 temaslarda bulundu. Osmanl\u0131 \u0130mparatorlu\u011fu\u2019nda 1915\u2019te Ermenilerin ya\u015fad\u0131\u011f\u0131 \u201cB\u00fcy\u00fck Felaket\u201d ve bu felakette Almanya\u2019n\u0131n rol\u00fc \u00fczerine \u00e7al\u0131\u015fmalar y\u00fcr\u00fcten Lepsius Evi\u2019nden bir heyet ge\u00e7en hafta \u0130stanbul\u2019a gelerek baz\u0131 temaslarda bulundu. Heyetin Ba\u015fkan\u0131 Alman Protestan Kilisesi\u2019nin eski ba\u015fkan\u0131 ve eski ba\u015fepikoposu Prof. Dr. [&hellip;]","og_url":"https:\/\/akunq.net\/turkish\/2010\/05\/31\/alman-vakfindan-1915-adimi\/","og_site_name":"Bati Ermenistan Ve Bati Ermenileri Sorunlari Ara\u015ftirmalar Merkezi","article_published_time":"2010-05-31T06:56:34+00:00","author":"kalem","twitter_card":"summary_large_image","twitter_misc":{"Written by":"kalem","Est. reading time":"2 minutes"},"schema":{"@context":"https:\/\/schema.org","@graph":[{"@type":"Article","@id":"https:\/\/akunq.net\/turkish\/2010\/05\/31\/alman-vakfindan-1915-adimi\/#article","isPartOf":{"@id":"https:\/\/akunq.net\/turkish\/2010\/05\/31\/alman-vakfindan-1915-adimi\/"},"author":{"name":"kalem","@id":"https:\/\/akunq.net\/turkish\/#\/schema\/person\/135e7923d1aeb8887890799619969a6c"},"headline":"Alman vakf\u0131ndan 1915 ad\u0131m\u0131","datePublished":"2010-05-31T06:56:34+00:00","mainEntityOfPage":{"@id":"https:\/\/akunq.net\/turkish\/2010\/05\/31\/alman-vakfindan-1915-adimi\/"},"wordCount":358,"articleSection":["Ermeni Soyk\u0131r\u0131m\u0131","Haberler"],"inLanguage":"en-US"},{"@type":"WebPage","@id":"https:\/\/akunq.net\/turkish\/2010\/05\/31\/alman-vakfindan-1915-adimi\/","url":"https:\/\/akunq.net\/turkish\/2010\/05\/31\/alman-vakfindan-1915-adimi\/","name":"Alman vakf\u0131ndan 1915 ad\u0131m\u0131 - Bati Ermenistan Ve Bati Ermenileri Sorunlari Ara\u015ftirmalar Merkezi","isPartOf":{"@id":"https:\/\/akunq.net\/turkish\/#website"},"datePublished":"2010-05-31T06:56:34+00:00","author":{"@id":"https:\/\/akunq.net\/turkish\/#\/schema\/person\/135e7923d1aeb8887890799619969a6c"},"breadcrumb":{"@id":"https:\/\/akunq.net\/turkish\/2010\/05\/31\/alman-vakfindan-1915-adimi\/#breadcrumb"},"inLanguage":"en-US","potentialAction":[{"@type":"ReadAction","target":["https:\/\/akunq.net\/turkish\/2010\/05\/31\/alman-vakfindan-1915-adimi\/"]}]},{"@type":"BreadcrumbList","@id":"https:\/\/akunq.net\/turkish\/2010\/05\/31\/alman-vakfindan-1915-adimi\/#breadcrumb","itemListElement":[{"@type":"ListItem","position":1,"name":"Home","item":"https:\/\/akunq.net\/turkish\/"},{"@type":"ListItem","position":2,"name":"Alman vakf\u0131ndan 1915 ad\u0131m\u0131"}]},{"@type":"WebSite","@id":"https:\/\/akunq.net\/turkish\/#website","url":"https:\/\/akunq.net\/turkish\/","name":"Bati Ermenistan Ve Bati Ermenileri Sorunlari Ara\u015ftirmalar Merkezi","description":"","potentialAction":[{"@type":"SearchAction","target":{"@type":"EntryPoint","urlTemplate":"https:\/\/akunq.net\/turkish\/?s={search_term_string}"},"query-input":{"@type":"PropertyValueSpecification","valueRequired":true,"valueName":"search_term_string"}}],"inLanguage":"en-US"},{"@type":"Person","@id":"https:\/\/akunq.net\/turkish\/#\/schema\/person\/135e7923d1aeb8887890799619969a6c","name":"kalem","image":{"@type":"ImageObject","inLanguage":"en-US","@id":"https:\/\/secure.gravatar.com\/avatar\/a06875e4b25feb5674296adf8e8a7ae1e587cebce2493fe63c456109967e27d3?s=96&d=mm&r=g","url":"https:\/\/secure.gravatar.com\/avatar\/a06875e4b25feb5674296adf8e8a7ae1e587cebce2493fe63c456109967e27d3?s=96&d=mm&r=g","contentUrl":"https:\/\/secure.gravatar.com\/avatar\/a06875e4b25feb5674296adf8e8a7ae1e587cebce2493fe63c456109967e27d3?s=96&d=mm&r=g","caption":"kalem"},"url":"https:\/\/akunq.net\/turkish\/author\/kalem\/"}]}},"_links":{"self":[{"href":"https:\/\/akunq.net\/turkish\/wp-json\/wp\/v2\/posts\/884","targetHints":{"allow":["GET"]}}],"collection":[{"href":"https:\/\/akunq.net\/turkish\/wp-json\/wp\/v2\/posts"}],"about":[{"href":"https:\/\/akunq.net\/turkish\/wp-json\/wp\/v2\/types\/post"}],"author":[{"embeddable":true,"href":"https:\/\/akunq.net\/turkish\/wp-json\/wp\/v2\/users\/3"}],"replies":[{"embeddable":true,"href":"https:\/\/akunq.net\/turkish\/wp-json\/wp\/v2\/comments?post=884"}],"version-history":[{"count":0,"href":"https:\/\/akunq.net\/turkish\/wp-json\/wp\/v2\/posts\/884\/revisions"}],"wp:attachment":[{"href":"https:\/\/akunq.net\/turkish\/wp-json\/wp\/v2\/media?parent=884"}],"wp:term":[{"taxonomy":"category","embeddable":true,"href":"https:\/\/akunq.net\/turkish\/wp-json\/wp\/v2\/categories?post=884"},{"taxonomy":"post_tag","embeddable":true,"href":"https:\/\/akunq.net\/turkish\/wp-json\/wp\/v2\/tags?post=884"}],"curies":[{"name":"wp","href":"https:\/\/api.w.org\/{rel}","templated":true}]}}