{"id":881,"date":"2010-05-27T08:18:55","date_gmt":"2010-05-27T13:18:55","guid":{"rendered":"http:\/\/akunq.net\/tr\/?p=881"},"modified":"2010-05-27T08:18:55","modified_gmt":"2010-05-27T13:18:55","slug":"irkciligi-kiskirtanlarin-son-eserleri","status":"publish","type":"post","link":"https:\/\/akunq.net\/turkish\/2010\/05\/27\/irkciligi-kiskirtanlarin-son-eserleri\/","title":{"rendered":"IRK\u00c7ILI\u011eI KI\u015eKIRTANLARIN SON ESERLER\u0130!"},"content":{"rendered":"<p style=\"text-align: justify\">Mu\u011fla`n\u0131n Marmaris il\u00e7esinde iki esnaf aras\u0131nda rekabetten kaynaklanan \u00e7eki\u015fme taraflardan birinin Ermeni olmas\u0131 nedeniyle milliyet\u00e7i lin\u00e7 k\u0131\u015fk\u0131rtmas\u0131na d\u00f6n\u00fc\u015ft\u00fc.<\/p>\n<p style=\"text-align: justify\">10 y\u0131ld\u0131r esnafl\u0131k yapt\u0131\u011f\u0131 il\u00e7ede kimli\u011fine y\u00f6nelik a\u011f\u0131r hakaretlere ve k\u0131\u015fk\u0131rtmalara maruz kalan Elisabeth Maria P\u0131\u00e7ak\u00e7\u0131, can g\u00fcvenli\u011fi sorunu ya\u015fad\u0131\u011f\u0131n\u0131 belirterek su\u00e7 duyurusunda bulundu. U\u011frad\u0131\u011f\u0131 ayr\u0131mc\u0131l\u0131\u011f\u0131n bununla da s\u0131n\u0131rl\u0131 kalmad\u0131\u011f\u0131n\u0131 belirten P\u0131\u00e7ak\u00e7\u0131, avukat bulmakta dahi zorland\u0131\u011f\u0131n\u0131 s\u00f6yledi.<\/p>\n<p style=\"text-align: justify\">M\u00dc\u015eTER\u0130LER\u0130 KI\u015eKIRTTI<\/p>\n<p style=\"text-align: justify\">\u0130ddialara g\u00f6re olay \u015f\u00f6yle geli\u015fti: Marmaris Kapal\u0131 \u00c7ar\u015f\u0131`da esnafl\u0131k yapan T\u00fcrkiyeli Ermeni olan P\u0131\u00e7ak\u00e7\u0131`n\u0131n kar\u015f\u0131s\u0131nda d\u00fckkan\u0131 bulunan i\u015fletmenin sahibi taraf\u0131ndan, bir s\u00fcre \u00f6nce rahats\u0131z edilmeye ba\u015fland\u0131. \u0130\u015fi ileriye g\u00f6t\u00fcren esnaf, P\u0131\u00e7ak\u00e7\u0131`n\u0131n d\u00fckkan\u0131na gelen m\u00fc\u015fterileri `Gelin oradan al\u0131\u015fveri\u015f yapmay\u0131n o Ermeni, ben size daha d\u00fc\u015f\u00fck fiyata veririm` diyerek taciz etmeye ba\u015flad\u0131. Son olarak ise 20 May\u0131s`ta P\u0131\u00e7ak\u00e7\u0131`n\u0131n d\u00fckkan\u0131n\u0131n \u00f6n\u00fcne gelen esnaf, `\u015eerefsiz Ermeni k\u00f6pekler` diye ba\u011f\u0131rmaya ba\u015flayarak lin\u00e7 k\u0131\u015fk\u0131rtmas\u0131nda bulundu.<\/p>\n<p style=\"text-align: justify\">`AVUKAT DAH\u0130 BULAMIYORUM`<\/p>\n<p style=\"text-align: justify\">U\u011frad\u0131\u011f\u0131 hakaret, k\u00fcf\u00fcr ve lin\u00e7 k\u0131\u015fk\u0131rtmas\u0131 \u00fczerine P\u0131\u00e7ak\u00e7\u0131 Marmaris Cumhuriyet Savc\u0131l\u0131\u011f\u0131`na su\u00e7 duyurusunda bulundu.<\/p>\n<p style=\"text-align: justify\">P\u0131\u00e7ak\u00e7\u0131, il\u00e7ede etnik kimli\u011finden kaynakl\u0131 d\u00f6nem d\u00f6nem zorlanmalar ya\u015fad\u0131\u011f\u0131n\u0131, ancak son ya\u015fanan durumun a\u00e7\u0131k bir sald\u0131r\u0131 oldu\u011funu s\u00f6yledi. Olay\u0131 adli mercilere intikal ettiren P\u0131\u00e7ak\u00e7\u0131, insanlar\u0131n milliyet\u00e7i duygular\u0131n\u0131 tahrik ederek, kendisine kar\u015f\u0131 psikolojik bask\u0131 uyguland\u0131\u011f\u0131n\u0131 s\u00f6yledi. Can g\u00fcvenli\u011finden endi\u015fe etti\u011fini belirten P\u0131\u00e7ak\u00e7\u0131, `\u0130ki \u00e7ocu\u011fum var ve ben y\u0131llard\u0131r burada ya\u015f\u0131yorum. Can g\u00fcvenli\u011fi sorunu ya\u015f\u0131yorum. Ayr\u0131mc\u0131l\u0131k nedeniyle avukat dahi bulam\u0131yorum. Ba\u015fvurdu\u011fum avukatlar\u0131n hi\u00e7 biri dosyay\u0131 almak istemiyor. \u0130nsan haklar\u0131 \u00f6rg\u00fctlerinden yard\u0131m bekliyorum` dedi.<\/p>\n<p style=\"text-align: justify\"><strong><em>(Mu\u011fla\/D\u0130HA)<\/em><\/strong><strong><em>Dicle News Agency<\/em><\/strong><\/p>\n<p style=\"text-align: justify\">BURAYA T\u00dcRK OLMAYAN G\u0130REMEZ<\/p>\n<p style=\"text-align: justify\">Bat\u0131da K\u00fcrtlere y\u00f6nelik zaman zaman lin\u00e7lerle kendini g\u00f6steren tahamm\u00fcls\u00fczl\u00fck, Bursa`da son noktaya ula\u015ft\u0131. \u00c7ekirge Mahallesi`nde bir otelin duvar\u0131na yaz\u0131lan `T\u00fcrk olmayan giremez` ifadesi Hitler fa\u015fizmine bile \u015fapka \u00e7\u0131kartt\u0131r\u0131yor.<\/p>\n<p style=\"text-align: justify\">Osmangazi \u0130l\u00e7esi \u00c7ekirge Mahallesi`ne ba\u011fl\u0131 10. O\u011fuz Soka\u011f\u0131`nda in\u015faat \u00e7al\u0131\u015fmalar\u0131 devam eden \u00c7elik Palas Oteli`nin duvar\u0131na b\u00fcy\u00fck harflerle `T\u00fcrk olmayan giremez` yaz\u0131ld\u0131. Irk\u00e7\u0131 yaz\u0131n\u0131n yaz\u0131l\u0131 oldu\u011fun soka\u011f\u0131n en ilgin\u00e7 \u00f6zelli\u011fi ise, K\u00fcrtlerin yo\u011funlukta ya\u015fad\u0131\u011f\u0131 Yavuzselim, Emekk\u00f6y ve \u0130sabey mahalleleri aras\u0131nda kalmas\u0131. Yaz\u0131 ile ayn\u0131 kent i\u00e7inde K\u00fcrtler ve T\u00fcrkler aras\u0131ndaki ayr\u0131m kesin olarak \u00e7izilmi\u015f oluyor. Kim veya kimler taraf\u0131ndan yaz\u0131ld\u0131\u011f\u0131 belli olmayan yakla\u015f\u0131k 10 metre y\u00fcksekli\u011findeki duvara yaz\u0131l\u0131 olan yaz\u0131n\u0131n yakla\u015f\u0131k bir ayd\u0131r silinmemesi ise ak\u0131llara `Kenti y\u00f6netenlere de bu \u0131rk\u00e7\u0131 yaz\u0131dan memnun mu?` sorusunu getiriyor.<\/p>\n<p style=\"text-align: justify\"><strong><em>\u00a0<\/em><\/strong><strong><em>(Bursa\/D\u0130HA) <\/em><\/strong><strong><em>Dicle News Agency<\/em><\/strong><strong><em><\/em><\/strong><\/p>\n<p style=\"text-align: justify\">evrensel.net, 26.5.2010<\/p>\n","protected":false},"excerpt":{"rendered":"<p>Mu\u011fla`n\u0131n Marmaris il\u00e7esinde iki esnaf aras\u0131nda rekabetten kaynaklanan \u00e7eki\u015fme taraflardan birinin Ermeni olmas\u0131 nedeniyle milliyet\u00e7i lin\u00e7 k\u0131\u015fk\u0131rtmas\u0131na d\u00f6n\u00fc\u015ft\u00fc. 10 y\u0131ld\u0131r esnafl\u0131k yapt\u0131\u011f\u0131 il\u00e7ede kimli\u011fine y\u00f6nelik a\u011f\u0131r hakaretlere ve k\u0131\u015fk\u0131rtmalara maruz kalan Elisabeth Maria P\u0131\u00e7ak\u00e7\u0131, can g\u00fcvenli\u011fi sorunu ya\u015fad\u0131\u011f\u0131n\u0131 belirterek su\u00e7 duyurusunda bulundu. U\u011frad\u0131\u011f\u0131 ayr\u0131mc\u0131l\u0131\u011f\u0131n bununla da s\u0131n\u0131rl\u0131 kalmad\u0131\u011f\u0131n\u0131 belirten P\u0131\u00e7ak\u00e7\u0131, avukat bulmakta dahi zorland\u0131\u011f\u0131n\u0131 s\u00f6yledi. [&hellip;]<\/p>\n","protected":false},"author":3,"featured_media":0,"comment_status":"closed","ping_status":"open","sticky":false,"template":"","format":"standard","meta":{"footnotes":""},"categories":[14],"tags":[],"class_list":["post-881","post","type-post","status-publish","format-standard","hentry","category-haberler"],"yoast_head":"<!-- This site is optimized with the Yoast SEO plugin v27.4 - https:\/\/yoast.com\/product\/yoast-seo-wordpress\/ -->\n<title>IRK\u00c7ILI\u011eI KI\u015eKIRTANLARIN SON ESERLER\u0130! - Bati Ermenistan Ve Bati Ermenileri Sorunlari Ara\u015ftirmalar Merkezi<\/title>\n<meta name=\"robots\" content=\"index, follow, max-snippet:-1, max-image-preview:large, max-video-preview:-1\" \/>\n<link rel=\"canonical\" href=\"https:\/\/akunq.net\/turkish\/2010\/05\/27\/irkciligi-kiskirtanlarin-son-eserleri\/\" \/>\n<meta property=\"og:locale\" content=\"en_US\" \/>\n<meta property=\"og:type\" content=\"article\" \/>\n<meta property=\"og:title\" content=\"IRK\u00c7ILI\u011eI KI\u015eKIRTANLARIN SON ESERLER\u0130! - Bati Ermenistan Ve Bati Ermenileri Sorunlari Ara\u015ftirmalar Merkezi\" \/>\n<meta property=\"og:description\" content=\"Mu\u011fla`n\u0131n Marmaris il\u00e7esinde iki esnaf aras\u0131nda rekabetten kaynaklanan \u00e7eki\u015fme taraflardan birinin Ermeni olmas\u0131 nedeniyle milliyet\u00e7i lin\u00e7 k\u0131\u015fk\u0131rtmas\u0131na d\u00f6n\u00fc\u015ft\u00fc. 10 y\u0131ld\u0131r esnafl\u0131k yapt\u0131\u011f\u0131 il\u00e7ede kimli\u011fine y\u00f6nelik a\u011f\u0131r hakaretlere ve k\u0131\u015fk\u0131rtmalara maruz kalan Elisabeth Maria P\u0131\u00e7ak\u00e7\u0131, can g\u00fcvenli\u011fi sorunu ya\u015fad\u0131\u011f\u0131n\u0131 belirterek su\u00e7 duyurusunda bulundu. U\u011frad\u0131\u011f\u0131 ayr\u0131mc\u0131l\u0131\u011f\u0131n bununla da s\u0131n\u0131rl\u0131 kalmad\u0131\u011f\u0131n\u0131 belirten P\u0131\u00e7ak\u00e7\u0131, avukat bulmakta dahi zorland\u0131\u011f\u0131n\u0131 s\u00f6yledi. [&hellip;]\" \/>\n<meta property=\"og:url\" content=\"https:\/\/akunq.net\/turkish\/2010\/05\/27\/irkciligi-kiskirtanlarin-son-eserleri\/\" \/>\n<meta property=\"og:site_name\" content=\"Bati Ermenistan Ve Bati Ermenileri Sorunlari Ara\u015ftirmalar Merkezi\" \/>\n<meta property=\"article:published_time\" content=\"2010-05-27T13:18:55+00:00\" \/>\n<meta name=\"author\" content=\"kalem\" \/>\n<meta name=\"twitter:card\" content=\"summary_large_image\" \/>\n<meta name=\"twitter:label1\" content=\"Written by\" \/>\n\t<meta name=\"twitter:data1\" content=\"kalem\" \/>\n\t<meta name=\"twitter:label2\" content=\"Est. reading time\" \/>\n\t<meta name=\"twitter:data2\" content=\"3 minutes\" \/>\n<script type=\"application\/ld+json\" class=\"yoast-schema-graph\">{\"@context\":\"https:\\\/\\\/schema.org\",\"@graph\":[{\"@type\":\"Article\",\"@id\":\"https:\\\/\\\/akunq.net\\\/turkish\\\/2010\\\/05\\\/27\\\/irkciligi-kiskirtanlarin-son-eserleri\\\/#article\",\"isPartOf\":{\"@id\":\"https:\\\/\\\/akunq.net\\\/turkish\\\/2010\\\/05\\\/27\\\/irkciligi-kiskirtanlarin-son-eserleri\\\/\"},\"author\":{\"name\":\"kalem\",\"@id\":\"https:\\\/\\\/akunq.net\\\/turkish\\\/#\\\/schema\\\/person\\\/135e7923d1aeb8887890799619969a6c\"},\"headline\":\"IRK\u00c7ILI\u011eI KI\u015eKIRTANLARIN SON ESERLER\u0130!\",\"datePublished\":\"2010-05-27T13:18:55+00:00\",\"mainEntityOfPage\":{\"@id\":\"https:\\\/\\\/akunq.net\\\/turkish\\\/2010\\\/05\\\/27\\\/irkciligi-kiskirtanlarin-son-eserleri\\\/\"},\"wordCount\":540,\"articleSection\":[\"Haberler\"],\"inLanguage\":\"en-US\"},{\"@type\":\"WebPage\",\"@id\":\"https:\\\/\\\/akunq.net\\\/turkish\\\/2010\\\/05\\\/27\\\/irkciligi-kiskirtanlarin-son-eserleri\\\/\",\"url\":\"https:\\\/\\\/akunq.net\\\/turkish\\\/2010\\\/05\\\/27\\\/irkciligi-kiskirtanlarin-son-eserleri\\\/\",\"name\":\"IRK\u00c7ILI\u011eI KI\u015eKIRTANLARIN SON ESERLER\u0130! - Bati Ermenistan Ve Bati Ermenileri Sorunlari Ara\u015ftirmalar Merkezi\",\"isPartOf\":{\"@id\":\"https:\\\/\\\/akunq.net\\\/turkish\\\/#website\"},\"datePublished\":\"2010-05-27T13:18:55+00:00\",\"author\":{\"@id\":\"https:\\\/\\\/akunq.net\\\/turkish\\\/#\\\/schema\\\/person\\\/135e7923d1aeb8887890799619969a6c\"},\"breadcrumb\":{\"@id\":\"https:\\\/\\\/akunq.net\\\/turkish\\\/2010\\\/05\\\/27\\\/irkciligi-kiskirtanlarin-son-eserleri\\\/#breadcrumb\"},\"inLanguage\":\"en-US\",\"potentialAction\":[{\"@type\":\"ReadAction\",\"target\":[\"https:\\\/\\\/akunq.net\\\/turkish\\\/2010\\\/05\\\/27\\\/irkciligi-kiskirtanlarin-son-eserleri\\\/\"]}]},{\"@type\":\"BreadcrumbList\",\"@id\":\"https:\\\/\\\/akunq.net\\\/turkish\\\/2010\\\/05\\\/27\\\/irkciligi-kiskirtanlarin-son-eserleri\\\/#breadcrumb\",\"itemListElement\":[{\"@type\":\"ListItem\",\"position\":1,\"name\":\"Home\",\"item\":\"https:\\\/\\\/akunq.net\\\/turkish\\\/\"},{\"@type\":\"ListItem\",\"position\":2,\"name\":\"IRK\u00c7ILI\u011eI KI\u015eKIRTANLARIN SON ESERLER\u0130!\"}]},{\"@type\":\"WebSite\",\"@id\":\"https:\\\/\\\/akunq.net\\\/turkish\\\/#website\",\"url\":\"https:\\\/\\\/akunq.net\\\/turkish\\\/\",\"name\":\"Bati Ermenistan Ve Bati Ermenileri Sorunlari Ara\u015ftirmalar Merkezi\",\"description\":\"\",\"potentialAction\":[{\"@type\":\"SearchAction\",\"target\":{\"@type\":\"EntryPoint\",\"urlTemplate\":\"https:\\\/\\\/akunq.net\\\/turkish\\\/?s={search_term_string}\"},\"query-input\":{\"@type\":\"PropertyValueSpecification\",\"valueRequired\":true,\"valueName\":\"search_term_string\"}}],\"inLanguage\":\"en-US\"},{\"@type\":\"Person\",\"@id\":\"https:\\\/\\\/akunq.net\\\/turkish\\\/#\\\/schema\\\/person\\\/135e7923d1aeb8887890799619969a6c\",\"name\":\"kalem\",\"image\":{\"@type\":\"ImageObject\",\"inLanguage\":\"en-US\",\"@id\":\"https:\\\/\\\/secure.gravatar.com\\\/avatar\\\/a06875e4b25feb5674296adf8e8a7ae1e587cebce2493fe63c456109967e27d3?s=96&d=mm&r=g\",\"url\":\"https:\\\/\\\/secure.gravatar.com\\\/avatar\\\/a06875e4b25feb5674296adf8e8a7ae1e587cebce2493fe63c456109967e27d3?s=96&d=mm&r=g\",\"contentUrl\":\"https:\\\/\\\/secure.gravatar.com\\\/avatar\\\/a06875e4b25feb5674296adf8e8a7ae1e587cebce2493fe63c456109967e27d3?s=96&d=mm&r=g\",\"caption\":\"kalem\"},\"url\":\"https:\\\/\\\/akunq.net\\\/turkish\\\/author\\\/kalem\\\/\"}]}<\/script>\n<!-- \/ Yoast SEO plugin. -->","yoast_head_json":{"title":"IRK\u00c7ILI\u011eI KI\u015eKIRTANLARIN SON ESERLER\u0130! - Bati Ermenistan Ve Bati Ermenileri Sorunlari Ara\u015ftirmalar Merkezi","robots":{"index":"index","follow":"follow","max-snippet":"max-snippet:-1","max-image-preview":"max-image-preview:large","max-video-preview":"max-video-preview:-1"},"canonical":"https:\/\/akunq.net\/turkish\/2010\/05\/27\/irkciligi-kiskirtanlarin-son-eserleri\/","og_locale":"en_US","og_type":"article","og_title":"IRK\u00c7ILI\u011eI KI\u015eKIRTANLARIN SON ESERLER\u0130! - Bati Ermenistan Ve Bati Ermenileri Sorunlari Ara\u015ftirmalar Merkezi","og_description":"Mu\u011fla`n\u0131n Marmaris il\u00e7esinde iki esnaf aras\u0131nda rekabetten kaynaklanan \u00e7eki\u015fme taraflardan birinin Ermeni olmas\u0131 nedeniyle milliyet\u00e7i lin\u00e7 k\u0131\u015fk\u0131rtmas\u0131na d\u00f6n\u00fc\u015ft\u00fc. 10 y\u0131ld\u0131r esnafl\u0131k yapt\u0131\u011f\u0131 il\u00e7ede kimli\u011fine y\u00f6nelik a\u011f\u0131r hakaretlere ve k\u0131\u015fk\u0131rtmalara maruz kalan Elisabeth Maria P\u0131\u00e7ak\u00e7\u0131, can g\u00fcvenli\u011fi sorunu ya\u015fad\u0131\u011f\u0131n\u0131 belirterek su\u00e7 duyurusunda bulundu. U\u011frad\u0131\u011f\u0131 ayr\u0131mc\u0131l\u0131\u011f\u0131n bununla da s\u0131n\u0131rl\u0131 kalmad\u0131\u011f\u0131n\u0131 belirten P\u0131\u00e7ak\u00e7\u0131, avukat bulmakta dahi zorland\u0131\u011f\u0131n\u0131 s\u00f6yledi. [&hellip;]","og_url":"https:\/\/akunq.net\/turkish\/2010\/05\/27\/irkciligi-kiskirtanlarin-son-eserleri\/","og_site_name":"Bati Ermenistan Ve Bati Ermenileri Sorunlari Ara\u015ftirmalar Merkezi","article_published_time":"2010-05-27T13:18:55+00:00","author":"kalem","twitter_card":"summary_large_image","twitter_misc":{"Written by":"kalem","Est. reading time":"3 minutes"},"schema":{"@context":"https:\/\/schema.org","@graph":[{"@type":"Article","@id":"https:\/\/akunq.net\/turkish\/2010\/05\/27\/irkciligi-kiskirtanlarin-son-eserleri\/#article","isPartOf":{"@id":"https:\/\/akunq.net\/turkish\/2010\/05\/27\/irkciligi-kiskirtanlarin-son-eserleri\/"},"author":{"name":"kalem","@id":"https:\/\/akunq.net\/turkish\/#\/schema\/person\/135e7923d1aeb8887890799619969a6c"},"headline":"IRK\u00c7ILI\u011eI KI\u015eKIRTANLARIN SON ESERLER\u0130!","datePublished":"2010-05-27T13:18:55+00:00","mainEntityOfPage":{"@id":"https:\/\/akunq.net\/turkish\/2010\/05\/27\/irkciligi-kiskirtanlarin-son-eserleri\/"},"wordCount":540,"articleSection":["Haberler"],"inLanguage":"en-US"},{"@type":"WebPage","@id":"https:\/\/akunq.net\/turkish\/2010\/05\/27\/irkciligi-kiskirtanlarin-son-eserleri\/","url":"https:\/\/akunq.net\/turkish\/2010\/05\/27\/irkciligi-kiskirtanlarin-son-eserleri\/","name":"IRK\u00c7ILI\u011eI KI\u015eKIRTANLARIN SON ESERLER\u0130! - Bati Ermenistan Ve Bati Ermenileri Sorunlari Ara\u015ftirmalar Merkezi","isPartOf":{"@id":"https:\/\/akunq.net\/turkish\/#website"},"datePublished":"2010-05-27T13:18:55+00:00","author":{"@id":"https:\/\/akunq.net\/turkish\/#\/schema\/person\/135e7923d1aeb8887890799619969a6c"},"breadcrumb":{"@id":"https:\/\/akunq.net\/turkish\/2010\/05\/27\/irkciligi-kiskirtanlarin-son-eserleri\/#breadcrumb"},"inLanguage":"en-US","potentialAction":[{"@type":"ReadAction","target":["https:\/\/akunq.net\/turkish\/2010\/05\/27\/irkciligi-kiskirtanlarin-son-eserleri\/"]}]},{"@type":"BreadcrumbList","@id":"https:\/\/akunq.net\/turkish\/2010\/05\/27\/irkciligi-kiskirtanlarin-son-eserleri\/#breadcrumb","itemListElement":[{"@type":"ListItem","position":1,"name":"Home","item":"https:\/\/akunq.net\/turkish\/"},{"@type":"ListItem","position":2,"name":"IRK\u00c7ILI\u011eI KI\u015eKIRTANLARIN SON ESERLER\u0130!"}]},{"@type":"WebSite","@id":"https:\/\/akunq.net\/turkish\/#website","url":"https:\/\/akunq.net\/turkish\/","name":"Bati Ermenistan Ve Bati Ermenileri Sorunlari Ara\u015ftirmalar Merkezi","description":"","potentialAction":[{"@type":"SearchAction","target":{"@type":"EntryPoint","urlTemplate":"https:\/\/akunq.net\/turkish\/?s={search_term_string}"},"query-input":{"@type":"PropertyValueSpecification","valueRequired":true,"valueName":"search_term_string"}}],"inLanguage":"en-US"},{"@type":"Person","@id":"https:\/\/akunq.net\/turkish\/#\/schema\/person\/135e7923d1aeb8887890799619969a6c","name":"kalem","image":{"@type":"ImageObject","inLanguage":"en-US","@id":"https:\/\/secure.gravatar.com\/avatar\/a06875e4b25feb5674296adf8e8a7ae1e587cebce2493fe63c456109967e27d3?s=96&d=mm&r=g","url":"https:\/\/secure.gravatar.com\/avatar\/a06875e4b25feb5674296adf8e8a7ae1e587cebce2493fe63c456109967e27d3?s=96&d=mm&r=g","contentUrl":"https:\/\/secure.gravatar.com\/avatar\/a06875e4b25feb5674296adf8e8a7ae1e587cebce2493fe63c456109967e27d3?s=96&d=mm&r=g","caption":"kalem"},"url":"https:\/\/akunq.net\/turkish\/author\/kalem\/"}]}},"_links":{"self":[{"href":"https:\/\/akunq.net\/turkish\/wp-json\/wp\/v2\/posts\/881","targetHints":{"allow":["GET"]}}],"collection":[{"href":"https:\/\/akunq.net\/turkish\/wp-json\/wp\/v2\/posts"}],"about":[{"href":"https:\/\/akunq.net\/turkish\/wp-json\/wp\/v2\/types\/post"}],"author":[{"embeddable":true,"href":"https:\/\/akunq.net\/turkish\/wp-json\/wp\/v2\/users\/3"}],"replies":[{"embeddable":true,"href":"https:\/\/akunq.net\/turkish\/wp-json\/wp\/v2\/comments?post=881"}],"version-history":[{"count":0,"href":"https:\/\/akunq.net\/turkish\/wp-json\/wp\/v2\/posts\/881\/revisions"}],"wp:attachment":[{"href":"https:\/\/akunq.net\/turkish\/wp-json\/wp\/v2\/media?parent=881"}],"wp:term":[{"taxonomy":"category","embeddable":true,"href":"https:\/\/akunq.net\/turkish\/wp-json\/wp\/v2\/categories?post=881"},{"taxonomy":"post_tag","embeddable":true,"href":"https:\/\/akunq.net\/turkish\/wp-json\/wp\/v2\/tags?post=881"}],"curies":[{"name":"wp","href":"https:\/\/api.w.org\/{rel}","templated":true}]}}