{"id":879,"date":"2010-05-27T02:09:30","date_gmt":"2010-05-27T07:09:30","guid":{"rendered":"http:\/\/akunq.net\/tr\/?p=879"},"modified":"2010-05-27T02:09:30","modified_gmt":"2010-05-27T07:09:30","slug":"iste-acilim-yargisi","status":"publish","type":"post","link":"https:\/\/akunq.net\/turkish\/2010\/05\/27\/iste-acilim-yargisi\/","title":{"rendered":"\u0130\u015fte a\u00e7\u0131l\u0131m yarg\u0131s\u0131"},"content":{"rendered":"<p style=\"text-align: justify\"><strong>\u00d6calan\u2019\u0131n eski avukat\u0131 Medeni Ayhan, \u201cErmeniler\u2019e soyk\u0131r\u0131m yap\u0131ld\u0131\u201d s\u00f6z\u00fcnden beraat etti. Ayhan\u2019\u0131n \u201cAlevi soyk\u0131r\u0131m\u0131\u201d ifadesine de Adalet Bakanl\u0131\u011f\u0131 soru\u015fturma izni vermedi. <\/strong><\/p>\n<p style=\"text-align: justify\">Yarg\u0131 ve siyasetten son 15 g\u00fcnde \u00e7\u0131kan iki karar, a\u00e7\u0131l\u0131m s\u00f6ylemlerinin devletin kurumlar\u0131ndaki yerle\u015fik alg\u0131lamalar\u0131, d\u00fc\u015f\u00fcnce \u00f6zg\u00fcrl\u00fc\u011f\u00fcnden yana de\u011fi\u015ftirdi\u011fini g\u00f6sterdi. Yarg\u0131, Genelkurmay&#8217;\u0131n su\u00e7 duyurusuyla a\u00e7\u0131lan davada Avukat Medeni Ayhan&#8217;\u0131n &#8220;Ermenilere soyk\u0131r\u0131m yap\u0131lm\u0131\u015ft\u0131r&#8221; s\u00f6zlerine beraat karar\u0131 verirken Adalet Bakanl\u0131\u011f\u0131 da ayn\u0131 avukat\u0131n ba\u015fka s\u00f6zleri nedeniyle yarg\u0131lanmas\u0131n\u0131 engelledi.<\/p>\n<p style=\"text-align: justify\"><strong>BA\u015eBU\u011e \u015e\u0130K\u00c2YET ETT\u0130 <\/strong><\/p>\n<p style=\"text-align: justify\">PKK&#8217;n\u0131n eleba\u015f\u0131 Abdullah \u00d6calan&#8217;\u0131n yakalanarak T\u00fcrkiye&#8217;ye getirildi\u011finde avukat\u0131 olan Medeni Ayhan, Ankara Barosu&#8217;nun 2004&#8217;teki Genel Kurul toplant\u0131s\u0131nda \u015fu s\u00f6zleri sarf etti: &#8220;Ermenilere bir soyk\u0131r\u0131m yap\u0131lm\u0131\u015ft\u0131r. Osmanl\u0131 \u0130mparatorlu\u011fu 1915&#8217;te Hamidiye Alaylar\u0131 ve \u0130ttihat ve Terakki kadrolar\u0131 ile 1.5 milyon Ermeni&#8217;nin katliam\u0131nda rol alm\u0131\u015ft\u0131r. Mazlum ve g\u00fczel Ermeni halk\u0131n\u0131n ac\u0131s\u0131n\u0131 payla\u015farak \u00f6nlerinde sayg\u0131yla e\u011filiyorum. T\u00fcrkiye&#8217;de ya\u015fayan 30 milyon n\u00fcfusu olan K\u00fcrt halk\u0131na hi\u00e7bir hak tan\u0131nmamaktad\u0131r. Ben K\u00fcrt ulusunun bir bireyi olarak ve K\u00fcrdistan\u0131n bir vatanda\u015f\u0131 olarak konu\u015fuyorum ve K\u00fcrtlerin devlet kurma hakk\u0131n\u0131 da bir hak olarak sonuna kadar savunuyorum.&#8221; Ayhan&#8217;\u0131n toplant\u0131daki avukatlar\u0131n tepkisini \u00e7eken bu s\u00f6zleri Genelkurmay Ba\u015fkanl\u0131\u011f\u0131&#8217;n\u0131 da rahats\u0131z etti. O zaman Genelkurmay 2&#8217;nci Ba\u015fkan\u0131 olan Genelkurmay Ba\u015fkan\u0131 Orgeneral \u0130lker Ba\u015fbu\u011f su\u00e7 duyurusunda bulundu ve Ayhan Ankara 10&#8217;uncu A\u011f\u0131r Ceza Mahkemesi&#8217;nde yarg\u0131land\u0131. Mahkeme, 6 y\u0131l s\u00fcren dava s\u00fcreci sonras\u0131nda Ayhan&#8217;\u0131n s\u00f6zlerini d\u00fc\u015f\u00fcnceyi a\u00e7\u0131klama \u00f6zg\u00fcrl\u00fc\u011f\u00fc kapsam\u0131nda de\u011ferlendirdi ve ge\u00e7en per\u015fembe g\u00fcn\u00fc beraat karar\u0131 verdi. \u015eimdi Org. Ba\u015fbu\u011f&#8217;un, davan\u0131n taraf\u0131 s\u0131fat\u0131yla bu karar\u0131 temyiz edip etmeyece\u011fi merak konusu oldu. Ayhan, Ankara Barosu&#8217;nun 2008&#8217;deki Genel Kurulu&#8217;nda da &#8216;Ergenekon ve K\u00fcrt sorununu&#8217; konu\u015furken \u015f\u00f6yle dedi: &#8220;E\u011fer Ergenekon&#8217;u, 200 y\u0131l daha gerici olan, ittihat\u00e7\u0131 olan, bu topraklarda yeni olmayan, Ermeni&#8217;nin, Asuri&#8217;nin, K\u00fcrt&#8217;\u00fcn, Alevi&#8217;nin soyk\u0131r\u0131mc\u0131s\u0131 olan bir \u00e7izgiyi ele\u015ftirmiyorsan solcu olamazs\u0131n. Bug\u00fcnk\u00fc ad\u0131 ya da son 20 y\u0131ldaki ad\u0131 Jitem&#8217;dir, Hizbullah&#8217;t\u0131r, Ergenekon&#8217;dur, T\u00fcrk \u0130ntikam Tugay\u0131&#8217;d\u0131r. Bu de\u011fi\u015fik isimleri kullansa da T\u00fcrk devletinin kontrgerillas\u0131d\u0131r, hangi ismi kulland\u0131\u011f\u0131 \u00e7ok da \u00f6nemli de\u011fildir. Bunlar Mad\u0131mak&#8217;ta, Gazi&#8217;de, \u00c7orum&#8217;da, Kahramanmara\u015f&#8217;ta Alevi soyk\u0131r\u0131m\u0131nda rol ald\u0131&#8230;&#8221; Ayhan&#8217;\u0131n bu s\u00f6zlerini de rahats\u0131z olan meslekta\u015flar\u0131 yarg\u0131ya ta\u015f\u0131d\u0131.<\/p>\n<p style=\"text-align: justify\"><strong>&#8216;D\u00dc\u015e\u00dcNCE \u00d6ZG\u00dcRL\u00dc\u011e\u00dc&#8217; <\/strong><\/p>\n<p style=\"text-align: justify\">Ayhan hakk\u0131nda dava a\u00e7\u0131labilmesi i\u00e7in prosed\u00fcr olarak Adalet Bakanl\u0131\u011f\u0131&#8217;n\u0131n izni gerekiyordu. Bakanl\u0131k bu s\u00f6zleri d\u00fc\u015f\u00fcnce \u00f6zg\u00fcrl\u00fc\u011f\u00fc kapsam\u0131nda de\u011ferlendirdi. Savc\u0131l\u0131\u011f\u0131n soru\u015fturma izni talebini reddeden Bakanl\u0131k bunu, Avrupa \u0130nsan Haklar\u0131 Mahkemesi&#8217;nin &#8220;d\u00fc\u015f\u00fcncelerin \u015foke edici de olsa \u015fiddet i\u00e7ermedi\u011fi takdirde ho\u015f kar\u015f\u0131lanmas\u0131 gerekti\u011fi&#8221; g\u00f6r\u00fc\u015f\u00fcne dayand\u0131rd\u0131. Ancak su\u00e7 duyurusunda bulunan avukatlar karara itiraz edebilecek.<\/p>\n<p style=\"text-align: justify\"><strong>&#8216;HUKUK M\u00dcCADELEM\u0130Z\u0130N SONUCU&#8217;<\/strong><\/p>\n<p style=\"text-align: justify\">Ankara<strong> <\/strong>Barosu&#8217;na ba\u011fl\u0131 avukatlardan Medeni Ayhan, A\u011f\u0131r Ceza Mahkemesi&#8217;nin beraat karar\u0131 ve Adalet Bakanl\u0131\u011f\u0131&#8217;n\u0131n soru\u015fturma izni vermemesini\u015f\u00f6yle de\u011ferlendirdi: &#8220;T\u00fcrkiye&#8217;de ba\u015fta \u0130smail Be\u015fik\u00e7i ve bizim gibi ayd\u0131nlar onlarca y\u0131l hapis cezas\u0131yla yarg\u0131land\u0131lar. Bunlar\u0131n sonucunda Avrupa \u0130nsan Haklar\u0131 Mahkemesi T\u00fcrkiye&#8217;yi mahk\u00fbm etti. B\u00f6ylelikte bir d\u00fc\u015f\u00fcnce \u00f6zg\u00fcrl\u00fc\u011f\u00fc alan\u0131 yarat\u0131ld\u0131. Bu \u00f6zg\u00fcrl\u00fck alan\u0131, on y\u0131llard\u0131r \u0131srarla s\u00fcrd\u00fcr\u00fclen m\u00fccadelenin bir sonucudur.&#8221;<\/p>\n<p style=\"text-align: justify\"><strong><em>Sabah, <\/em><\/strong><strong><em>26.05.2010 <\/em><\/strong><\/p>\n","protected":false},"excerpt":{"rendered":"<p>\u00d6calan\u2019\u0131n eski avukat\u0131 Medeni Ayhan, \u201cErmeniler\u2019e soyk\u0131r\u0131m yap\u0131ld\u0131\u201d s\u00f6z\u00fcnden beraat etti. Ayhan\u2019\u0131n \u201cAlevi soyk\u0131r\u0131m\u0131\u201d ifadesine de Adalet Bakanl\u0131\u011f\u0131 soru\u015fturma izni vermedi. Yarg\u0131 ve siyasetten son 15 g\u00fcnde \u00e7\u0131kan iki karar, a\u00e7\u0131l\u0131m s\u00f6ylemlerinin devletin kurumlar\u0131ndaki yerle\u015fik alg\u0131lamalar\u0131, d\u00fc\u015f\u00fcnce \u00f6zg\u00fcrl\u00fc\u011f\u00fcnden yana de\u011fi\u015ftirdi\u011fini g\u00f6sterdi. Yarg\u0131, Genelkurmay&#8217;\u0131n su\u00e7 duyurusuyla a\u00e7\u0131lan davada Avukat Medeni Ayhan&#8217;\u0131n &#8220;Ermenilere soyk\u0131r\u0131m yap\u0131lm\u0131\u015ft\u0131r&#8221; s\u00f6zlerine beraat [&hellip;]<\/p>\n","protected":false},"author":3,"featured_media":0,"comment_status":"closed","ping_status":"open","sticky":false,"template":"","format":"standard","meta":{"footnotes":""},"categories":[14],"tags":[],"class_list":["post-879","post","type-post","status-publish","format-standard","hentry","category-haberler"],"yoast_head":"<!-- This site is optimized with the Yoast SEO plugin v27.4 - https:\/\/yoast.com\/product\/yoast-seo-wordpress\/ -->\n<title>\u0130\u015fte a\u00e7\u0131l\u0131m yarg\u0131s\u0131 - Bati Ermenistan Ve Bati Ermenileri Sorunlari Ara\u015ftirmalar Merkezi<\/title>\n<meta name=\"robots\" content=\"index, follow, max-snippet:-1, max-image-preview:large, max-video-preview:-1\" \/>\n<link rel=\"canonical\" href=\"https:\/\/akunq.net\/turkish\/2010\/05\/27\/iste-acilim-yargisi\/\" \/>\n<meta property=\"og:locale\" content=\"en_US\" \/>\n<meta property=\"og:type\" content=\"article\" \/>\n<meta property=\"og:title\" content=\"\u0130\u015fte a\u00e7\u0131l\u0131m yarg\u0131s\u0131 - Bati Ermenistan Ve Bati Ermenileri Sorunlari Ara\u015ftirmalar Merkezi\" \/>\n<meta property=\"og:description\" content=\"\u00d6calan\u2019\u0131n eski avukat\u0131 Medeni Ayhan, \u201cErmeniler\u2019e soyk\u0131r\u0131m yap\u0131ld\u0131\u201d s\u00f6z\u00fcnden beraat etti. Ayhan\u2019\u0131n \u201cAlevi soyk\u0131r\u0131m\u0131\u201d ifadesine de Adalet Bakanl\u0131\u011f\u0131 soru\u015fturma izni vermedi. Yarg\u0131 ve siyasetten son 15 g\u00fcnde \u00e7\u0131kan iki karar, a\u00e7\u0131l\u0131m s\u00f6ylemlerinin devletin kurumlar\u0131ndaki yerle\u015fik alg\u0131lamalar\u0131, d\u00fc\u015f\u00fcnce \u00f6zg\u00fcrl\u00fc\u011f\u00fcnden yana de\u011fi\u015ftirdi\u011fini g\u00f6sterdi. Yarg\u0131, Genelkurmay&#8217;\u0131n su\u00e7 duyurusuyla a\u00e7\u0131lan davada Avukat Medeni Ayhan&#8217;\u0131n &#8220;Ermenilere soyk\u0131r\u0131m yap\u0131lm\u0131\u015ft\u0131r&#8221; s\u00f6zlerine beraat [&hellip;]\" \/>\n<meta property=\"og:url\" content=\"https:\/\/akunq.net\/turkish\/2010\/05\/27\/iste-acilim-yargisi\/\" \/>\n<meta property=\"og:site_name\" content=\"Bati Ermenistan Ve Bati Ermenileri Sorunlari Ara\u015ftirmalar Merkezi\" \/>\n<meta property=\"article:published_time\" content=\"2010-05-27T07:09:30+00:00\" \/>\n<meta name=\"author\" content=\"kalem\" \/>\n<meta name=\"twitter:card\" content=\"summary_large_image\" \/>\n<meta name=\"twitter:label1\" content=\"Written by\" \/>\n\t<meta name=\"twitter:data1\" content=\"kalem\" \/>\n\t<meta name=\"twitter:label2\" content=\"Est. reading time\" \/>\n\t<meta name=\"twitter:data2\" content=\"3 minutes\" \/>\n<script type=\"application\/ld+json\" class=\"yoast-schema-graph\">{\"@context\":\"https:\\\/\\\/schema.org\",\"@graph\":[{\"@type\":\"Article\",\"@id\":\"https:\\\/\\\/akunq.net\\\/turkish\\\/2010\\\/05\\\/27\\\/iste-acilim-yargisi\\\/#article\",\"isPartOf\":{\"@id\":\"https:\\\/\\\/akunq.net\\\/turkish\\\/2010\\\/05\\\/27\\\/iste-acilim-yargisi\\\/\"},\"author\":{\"name\":\"kalem\",\"@id\":\"https:\\\/\\\/akunq.net\\\/turkish\\\/#\\\/schema\\\/person\\\/135e7923d1aeb8887890799619969a6c\"},\"headline\":\"\u0130\u015fte a\u00e7\u0131l\u0131m yarg\u0131s\u0131\",\"datePublished\":\"2010-05-27T07:09:30+00:00\",\"mainEntityOfPage\":{\"@id\":\"https:\\\/\\\/akunq.net\\\/turkish\\\/2010\\\/05\\\/27\\\/iste-acilim-yargisi\\\/\"},\"wordCount\":629,\"articleSection\":[\"Haberler\"],\"inLanguage\":\"en-US\"},{\"@type\":\"WebPage\",\"@id\":\"https:\\\/\\\/akunq.net\\\/turkish\\\/2010\\\/05\\\/27\\\/iste-acilim-yargisi\\\/\",\"url\":\"https:\\\/\\\/akunq.net\\\/turkish\\\/2010\\\/05\\\/27\\\/iste-acilim-yargisi\\\/\",\"name\":\"\u0130\u015fte a\u00e7\u0131l\u0131m yarg\u0131s\u0131 - Bati Ermenistan Ve Bati Ermenileri Sorunlari Ara\u015ftirmalar Merkezi\",\"isPartOf\":{\"@id\":\"https:\\\/\\\/akunq.net\\\/turkish\\\/#website\"},\"datePublished\":\"2010-05-27T07:09:30+00:00\",\"author\":{\"@id\":\"https:\\\/\\\/akunq.net\\\/turkish\\\/#\\\/schema\\\/person\\\/135e7923d1aeb8887890799619969a6c\"},\"breadcrumb\":{\"@id\":\"https:\\\/\\\/akunq.net\\\/turkish\\\/2010\\\/05\\\/27\\\/iste-acilim-yargisi\\\/#breadcrumb\"},\"inLanguage\":\"en-US\",\"potentialAction\":[{\"@type\":\"ReadAction\",\"target\":[\"https:\\\/\\\/akunq.net\\\/turkish\\\/2010\\\/05\\\/27\\\/iste-acilim-yargisi\\\/\"]}]},{\"@type\":\"BreadcrumbList\",\"@id\":\"https:\\\/\\\/akunq.net\\\/turkish\\\/2010\\\/05\\\/27\\\/iste-acilim-yargisi\\\/#breadcrumb\",\"itemListElement\":[{\"@type\":\"ListItem\",\"position\":1,\"name\":\"Home\",\"item\":\"https:\\\/\\\/akunq.net\\\/turkish\\\/\"},{\"@type\":\"ListItem\",\"position\":2,\"name\":\"\u0130\u015fte a\u00e7\u0131l\u0131m yarg\u0131s\u0131\"}]},{\"@type\":\"WebSite\",\"@id\":\"https:\\\/\\\/akunq.net\\\/turkish\\\/#website\",\"url\":\"https:\\\/\\\/akunq.net\\\/turkish\\\/\",\"name\":\"Bati Ermenistan Ve Bati Ermenileri Sorunlari Ara\u015ftirmalar Merkezi\",\"description\":\"\",\"potentialAction\":[{\"@type\":\"SearchAction\",\"target\":{\"@type\":\"EntryPoint\",\"urlTemplate\":\"https:\\\/\\\/akunq.net\\\/turkish\\\/?s={search_term_string}\"},\"query-input\":{\"@type\":\"PropertyValueSpecification\",\"valueRequired\":true,\"valueName\":\"search_term_string\"}}],\"inLanguage\":\"en-US\"},{\"@type\":\"Person\",\"@id\":\"https:\\\/\\\/akunq.net\\\/turkish\\\/#\\\/schema\\\/person\\\/135e7923d1aeb8887890799619969a6c\",\"name\":\"kalem\",\"image\":{\"@type\":\"ImageObject\",\"inLanguage\":\"en-US\",\"@id\":\"https:\\\/\\\/secure.gravatar.com\\\/avatar\\\/a06875e4b25feb5674296adf8e8a7ae1e587cebce2493fe63c456109967e27d3?s=96&d=mm&r=g\",\"url\":\"https:\\\/\\\/secure.gravatar.com\\\/avatar\\\/a06875e4b25feb5674296adf8e8a7ae1e587cebce2493fe63c456109967e27d3?s=96&d=mm&r=g\",\"contentUrl\":\"https:\\\/\\\/secure.gravatar.com\\\/avatar\\\/a06875e4b25feb5674296adf8e8a7ae1e587cebce2493fe63c456109967e27d3?s=96&d=mm&r=g\",\"caption\":\"kalem\"},\"url\":\"https:\\\/\\\/akunq.net\\\/turkish\\\/author\\\/kalem\\\/\"}]}<\/script>\n<!-- \/ Yoast SEO plugin. -->","yoast_head_json":{"title":"\u0130\u015fte a\u00e7\u0131l\u0131m yarg\u0131s\u0131 - Bati Ermenistan Ve Bati Ermenileri Sorunlari Ara\u015ftirmalar Merkezi","robots":{"index":"index","follow":"follow","max-snippet":"max-snippet:-1","max-image-preview":"max-image-preview:large","max-video-preview":"max-video-preview:-1"},"canonical":"https:\/\/akunq.net\/turkish\/2010\/05\/27\/iste-acilim-yargisi\/","og_locale":"en_US","og_type":"article","og_title":"\u0130\u015fte a\u00e7\u0131l\u0131m yarg\u0131s\u0131 - Bati Ermenistan Ve Bati Ermenileri Sorunlari Ara\u015ftirmalar Merkezi","og_description":"\u00d6calan\u2019\u0131n eski avukat\u0131 Medeni Ayhan, \u201cErmeniler\u2019e soyk\u0131r\u0131m yap\u0131ld\u0131\u201d s\u00f6z\u00fcnden beraat etti. Ayhan\u2019\u0131n \u201cAlevi soyk\u0131r\u0131m\u0131\u201d ifadesine de Adalet Bakanl\u0131\u011f\u0131 soru\u015fturma izni vermedi. Yarg\u0131 ve siyasetten son 15 g\u00fcnde \u00e7\u0131kan iki karar, a\u00e7\u0131l\u0131m s\u00f6ylemlerinin devletin kurumlar\u0131ndaki yerle\u015fik alg\u0131lamalar\u0131, d\u00fc\u015f\u00fcnce \u00f6zg\u00fcrl\u00fc\u011f\u00fcnden yana de\u011fi\u015ftirdi\u011fini g\u00f6sterdi. Yarg\u0131, Genelkurmay&#8217;\u0131n su\u00e7 duyurusuyla a\u00e7\u0131lan davada Avukat Medeni Ayhan&#8217;\u0131n &#8220;Ermenilere soyk\u0131r\u0131m yap\u0131lm\u0131\u015ft\u0131r&#8221; s\u00f6zlerine beraat [&hellip;]","og_url":"https:\/\/akunq.net\/turkish\/2010\/05\/27\/iste-acilim-yargisi\/","og_site_name":"Bati Ermenistan Ve Bati Ermenileri Sorunlari Ara\u015ftirmalar Merkezi","article_published_time":"2010-05-27T07:09:30+00:00","author":"kalem","twitter_card":"summary_large_image","twitter_misc":{"Written by":"kalem","Est. reading time":"3 minutes"},"schema":{"@context":"https:\/\/schema.org","@graph":[{"@type":"Article","@id":"https:\/\/akunq.net\/turkish\/2010\/05\/27\/iste-acilim-yargisi\/#article","isPartOf":{"@id":"https:\/\/akunq.net\/turkish\/2010\/05\/27\/iste-acilim-yargisi\/"},"author":{"name":"kalem","@id":"https:\/\/akunq.net\/turkish\/#\/schema\/person\/135e7923d1aeb8887890799619969a6c"},"headline":"\u0130\u015fte a\u00e7\u0131l\u0131m yarg\u0131s\u0131","datePublished":"2010-05-27T07:09:30+00:00","mainEntityOfPage":{"@id":"https:\/\/akunq.net\/turkish\/2010\/05\/27\/iste-acilim-yargisi\/"},"wordCount":629,"articleSection":["Haberler"],"inLanguage":"en-US"},{"@type":"WebPage","@id":"https:\/\/akunq.net\/turkish\/2010\/05\/27\/iste-acilim-yargisi\/","url":"https:\/\/akunq.net\/turkish\/2010\/05\/27\/iste-acilim-yargisi\/","name":"\u0130\u015fte a\u00e7\u0131l\u0131m yarg\u0131s\u0131 - Bati Ermenistan Ve Bati Ermenileri Sorunlari Ara\u015ftirmalar Merkezi","isPartOf":{"@id":"https:\/\/akunq.net\/turkish\/#website"},"datePublished":"2010-05-27T07:09:30+00:00","author":{"@id":"https:\/\/akunq.net\/turkish\/#\/schema\/person\/135e7923d1aeb8887890799619969a6c"},"breadcrumb":{"@id":"https:\/\/akunq.net\/turkish\/2010\/05\/27\/iste-acilim-yargisi\/#breadcrumb"},"inLanguage":"en-US","potentialAction":[{"@type":"ReadAction","target":["https:\/\/akunq.net\/turkish\/2010\/05\/27\/iste-acilim-yargisi\/"]}]},{"@type":"BreadcrumbList","@id":"https:\/\/akunq.net\/turkish\/2010\/05\/27\/iste-acilim-yargisi\/#breadcrumb","itemListElement":[{"@type":"ListItem","position":1,"name":"Home","item":"https:\/\/akunq.net\/turkish\/"},{"@type":"ListItem","position":2,"name":"\u0130\u015fte a\u00e7\u0131l\u0131m yarg\u0131s\u0131"}]},{"@type":"WebSite","@id":"https:\/\/akunq.net\/turkish\/#website","url":"https:\/\/akunq.net\/turkish\/","name":"Bati Ermenistan Ve Bati Ermenileri Sorunlari Ara\u015ftirmalar Merkezi","description":"","potentialAction":[{"@type":"SearchAction","target":{"@type":"EntryPoint","urlTemplate":"https:\/\/akunq.net\/turkish\/?s={search_term_string}"},"query-input":{"@type":"PropertyValueSpecification","valueRequired":true,"valueName":"search_term_string"}}],"inLanguage":"en-US"},{"@type":"Person","@id":"https:\/\/akunq.net\/turkish\/#\/schema\/person\/135e7923d1aeb8887890799619969a6c","name":"kalem","image":{"@type":"ImageObject","inLanguage":"en-US","@id":"https:\/\/secure.gravatar.com\/avatar\/a06875e4b25feb5674296adf8e8a7ae1e587cebce2493fe63c456109967e27d3?s=96&d=mm&r=g","url":"https:\/\/secure.gravatar.com\/avatar\/a06875e4b25feb5674296adf8e8a7ae1e587cebce2493fe63c456109967e27d3?s=96&d=mm&r=g","contentUrl":"https:\/\/secure.gravatar.com\/avatar\/a06875e4b25feb5674296adf8e8a7ae1e587cebce2493fe63c456109967e27d3?s=96&d=mm&r=g","caption":"kalem"},"url":"https:\/\/akunq.net\/turkish\/author\/kalem\/"}]}},"_links":{"self":[{"href":"https:\/\/akunq.net\/turkish\/wp-json\/wp\/v2\/posts\/879","targetHints":{"allow":["GET"]}}],"collection":[{"href":"https:\/\/akunq.net\/turkish\/wp-json\/wp\/v2\/posts"}],"about":[{"href":"https:\/\/akunq.net\/turkish\/wp-json\/wp\/v2\/types\/post"}],"author":[{"embeddable":true,"href":"https:\/\/akunq.net\/turkish\/wp-json\/wp\/v2\/users\/3"}],"replies":[{"embeddable":true,"href":"https:\/\/akunq.net\/turkish\/wp-json\/wp\/v2\/comments?post=879"}],"version-history":[{"count":0,"href":"https:\/\/akunq.net\/turkish\/wp-json\/wp\/v2\/posts\/879\/revisions"}],"wp:attachment":[{"href":"https:\/\/akunq.net\/turkish\/wp-json\/wp\/v2\/media?parent=879"}],"wp:term":[{"taxonomy":"category","embeddable":true,"href":"https:\/\/akunq.net\/turkish\/wp-json\/wp\/v2\/categories?post=879"},{"taxonomy":"post_tag","embeddable":true,"href":"https:\/\/akunq.net\/turkish\/wp-json\/wp\/v2\/tags?post=879"}],"curies":[{"name":"wp","href":"https:\/\/api.w.org\/{rel}","templated":true}]}}