{"id":877,"date":"2010-05-27T02:07:53","date_gmt":"2010-05-27T07:07:53","guid":{"rendered":"http:\/\/akunq.net\/tr\/?p=877"},"modified":"2010-05-27T02:07:53","modified_gmt":"2010-05-27T07:07:53","slug":"almanyanin-1915teki-rolu-tartisildi","status":"publish","type":"post","link":"https:\/\/akunq.net\/turkish\/2010\/05\/27\/almanyanin-1915teki-rolu-tartisildi\/","title":{"rendered":"Almanya&#8217;n\u0131n 1915&#8217;teki Rol\u00fc Tart\u0131\u015f\u0131ld\u0131"},"content":{"rendered":"<p style=\"text-align: justify\"><strong><em>Heinrich B\u00f6ll Stiftung Derne\u011fi ve Lepsius Evi&#8217;nin d\u00fczenledi\u011fi toplant\u0131da gazeteciler ve akademisyenler Almanya&#8217;n\u0131n 1915&#8217;teki Ermeni tehcirinde sorumlulu\u011fu ve misyoner Dr. Johannes Lepsius&#8217;un rol\u00fcn\u00fc tart\u0131\u015ft\u0131. <\/em><\/strong><\/p>\n<p style=\"text-align: justify\">Heinrich B\u00f6ll Stiftung Derne\u011fi T\u00fcrkiye Temsilcili\u011fi ve Lepsius Evi&#8217;ne ba\u011fl\u0131 delegasyon, Almanya&#8217;n\u0131n 1915&#8217;teki Ermeni tehcirinde sorumlulu\u011fu ve o d\u00f6nemde misyoner Dr. Johannes Lepsius&#8217;un rol\u00fcyle ilgili bir yuvarlak masa toplant\u0131s\u0131 d\u00fczenledi.<\/p>\n<p style=\"text-align: justify\">Lepsius Evi&#8217;nin, 1925 y\u0131l\u0131nda Johannes Lepsius&#8217;un kurdu\u011fu Alman-Ermeni Akademisi&#8217;nin yeniden in\u015fa edilmesi, Alman-Ermeni \u0130li\u015fkilerinin derinle\u015fmesi ve siyaset, k\u00fclt\u00fcr, bilim ve iktisat alan\u0131ndaki Alman-Ermeni diyalogun desteklenmesi gibi ama\u00e7lar\u0131 var.<\/p>\n<p style=\"text-align: justify\"><strong><em>Prof. Huber: Her insan\u0131n onuru ayn\u0131d\u0131r<\/em><\/strong><\/p>\n<p style=\"text-align: justify\">Delegasyonun ba\u015f\u0131nda bulunan Alman Protestan Kilisesi&#8217;nin eski ba\u015fkan\u0131 ve eski ba\u015fpiskoposu Prof. Dr. Wolfgang Huber &#8220;Protestan Kilisesi olarak bu konuyu tart\u0131\u015fman\u0131n kendi atalar\u0131m\u0131za bir bor\u00e7 olarak g\u00f6r\u00fcyoruz. Bizim de kendi tarihimizi hazmetmemiz laz\u0131m. Her insan\u0131n onuru ayn\u0131d\u0131r&#8221; dedi.<\/p>\n<p style=\"text-align: justify\"><strong><em>K\u00f6ker: Bedeli a\u011f\u0131r oldu ama tart\u0131\u015ft\u0131k<\/em><\/strong><\/p>\n<p style=\"text-align: justify\">Osman K\u00f6ker de, haz\u0131rlad\u0131\u011f\u0131 Sireli Ye\u011fpayr\u0131s (Sevgili Karde\u015fim) kart postal sergisinin b\u00fcy\u00fck ilgiyle kar\u015f\u0131land\u0131\u011f\u0131n\u0131, Osmanl\u0131 Ermenileri konferans\u0131 ve &#8220;\u00d6z\u00fcr&#8221; kampanyalar\u0131na tepki g\u00f6sterilmesine kar\u015f\u0131n ger\u00e7ekle\u015ftirilebildi\u011fini ifade etti; s\u00fcreci \u00f6zetleyerek, &#8220;Tepkiler ne kadar olumsuz olursa olsun konu yine de tart\u0131\u015f\u0131labildi&#8221; dedi.<\/p>\n<p style=\"text-align: justify\">Beyo\u011flu Larespark Oteli&#8217;nde d\u00fcn (25 May\u0131s) ger\u00e7ekle\u015fen toplant\u0131ya gelemeyen Ahmet \u0130nsel yerine d\u00fc\u015f\u00fcncelerini a\u00e7\u0131klayan K\u00f6ker, bu s\u00fcre\u00e7te Hrant Dink&#8217;in \u00f6ld\u00fcr\u00fcld\u00fc\u011f\u00fcn\u00fc an\u0131msatarak, &#8220;Bir Ermeni&#8217;ye bu kadar dokunulmas\u0131na ihtimal vermiyordum&#8221; dedi.<\/p>\n<p style=\"text-align: justify\"><strong><em>Tuksal: M\u00fcsl\u00fcmanlar Ermeniler i\u00e7in u\u011fra\u015fmal\u0131<\/em><\/strong><\/p>\n<p style=\"text-align: justify\">Ankara Kad\u0131n Platformu temsilcisi Hidayet Tuksal da, &#8220;Ermeni Sorunu&#8217;nun bir insan haklar\u0131 meselesi olarak M\u00fcsl\u00fcman \u00e7evrelerinin de g\u00fcndeminde. Onlar da art\u0131k insan haklar\u0131 kodlar\u0131yla duruma bak\u0131yorlar. Bence de bu zemin herkes i\u00e7in yeterli. \u00d6z\u00fcr dilemek T\u00fcrkiye i\u00e7in kolay bir a\u015fama de\u011fil ama bunu tarihe g\u00f6memeyiz. M\u00fcsl\u00fcmanlar Ermeniler i\u00e7in u\u011fra\u015fmal\u0131&#8221; \u015feklinde konu\u015ftu.<br \/>\n<strong><em>H\u00fcr: Lepsius tepki uyand\u0131ran bir kavram<\/em><\/strong><\/p>\n<p style=\"text-align: justify\">Taraf gazetesi yazar\u0131 ve tarih\u00e7i Ay\u015fe H\u00fcr de, Protestanl\u0131k misyonerli\u011fini ifade etti\u011finden Lepsius&#8217;un T\u00fcrkiye&#8217;deki milliyet\u00e7ilerce \u00e7ok rahat tepki g\u00f6sterilebilen bir kavram oldu\u011funu belirtti.<br \/>\n<strong><em>Zarakolu: Misyonerlik milli g\u00fcvenli\u011finde hedefinde<\/em><\/strong><\/p>\n<p style=\"text-align: justify\">Yay\u0131nc\u0131 Rag\u0131p Zarakolu ise, tarihsel ger\u00e7ekleri ve Lepsius&#8217;un allan\u0131p kullanmas\u0131n\u0131n gerekmedi\u011fini, bu ki\u015finin temsilcisi oldu\u011fu misyonerli\u011fin zaten T\u00fcrkiye Milli G\u00fcvenlik konseptinin hedefinde oldu\u011funu kaydetti.<\/p>\n<p style=\"text-align: justify\"><strong><em>Prof. Elden: Abart\u0131yoruz, beyin y\u0131k\u0131yoruz&#8230; <\/em><\/strong><\/p>\n<p style=\"text-align: justify\">Bo\u011fazi\u00e7i \u00dcniversitesi \u00f6\u011fretim \u00fcyesi ve Tarih\u00e7i Prof. Dr. Edhem Elden de, T\u00fcrkiye&#8217;de \u00c7anakkale Zaferi&#8217;nde Almanya&#8217;n\u0131n pay\u0131n\u0131n olmad\u0131\u011f\u0131n\u0131 d\u00fc\u015f\u00fcnenlerin 1915&#8217;te Alman Genelkurmay ba\u015fkan\u0131n\u0131n rol\u00fcn\u00fc de abartabildiklerini kaydetti.<\/p>\n<p style=\"text-align: justify\">Elden, &#8220;90 y\u0131l sonra olup bitenlerin \u00fczerinde andoktrinasyon (beyin y\u0131kama) ve paranoyalar var&#8221; dedi. Toplant\u0131 da, Bilgi \u00dcniversitesi \u00f6\u011fretim \u00fcyesi Prof. Dr. Murat Belge, i\u015f insan\u0131 Osman Kavala ve Lepsius Evi&#8217;nden Hans-Ulrich Schulz da s\u00f6z ald\u0131.<\/p>\n<p style=\"text-align: justify\"><strong>bianet.org,\u00a0 26.5.2010<\/strong><\/p>\n","protected":false},"excerpt":{"rendered":"<p>Heinrich B\u00f6ll Stiftung Derne\u011fi ve Lepsius Evi&#8217;nin d\u00fczenledi\u011fi toplant\u0131da gazeteciler ve akademisyenler Almanya&#8217;n\u0131n 1915&#8217;teki Ermeni tehcirinde sorumlulu\u011fu ve misyoner Dr. Johannes Lepsius&#8217;un rol\u00fcn\u00fc tart\u0131\u015ft\u0131. Heinrich B\u00f6ll Stiftung Derne\u011fi T\u00fcrkiye Temsilcili\u011fi ve Lepsius Evi&#8217;ne ba\u011fl\u0131 delegasyon, Almanya&#8217;n\u0131n 1915&#8217;teki Ermeni tehcirinde sorumlulu\u011fu ve o d\u00f6nemde misyoner Dr. Johannes Lepsius&#8217;un rol\u00fcyle ilgili bir yuvarlak masa toplant\u0131s\u0131 d\u00fczenledi. Lepsius [&hellip;]<\/p>\n","protected":false},"author":3,"featured_media":0,"comment_status":"closed","ping_status":"open","sticky":false,"template":"","format":"standard","meta":{"footnotes":""},"categories":[14],"tags":[],"class_list":["post-877","post","type-post","status-publish","format-standard","hentry","category-haberler"],"yoast_head":"<!-- This site is optimized with the Yoast SEO plugin v27.4 - https:\/\/yoast.com\/product\/yoast-seo-wordpress\/ -->\n<title>Almanya&#039;n\u0131n 1915&#039;teki Rol\u00fc Tart\u0131\u015f\u0131ld\u0131 - Bati Ermenistan Ve Bati Ermenileri Sorunlari Ara\u015ftirmalar Merkezi<\/title>\n<meta name=\"robots\" content=\"index, follow, max-snippet:-1, max-image-preview:large, max-video-preview:-1\" \/>\n<link rel=\"canonical\" href=\"https:\/\/akunq.net\/turkish\/2010\/05\/27\/almanyanin-1915teki-rolu-tartisildi\/\" \/>\n<meta property=\"og:locale\" content=\"en_US\" \/>\n<meta property=\"og:type\" content=\"article\" \/>\n<meta property=\"og:title\" content=\"Almanya&#039;n\u0131n 1915&#039;teki Rol\u00fc Tart\u0131\u015f\u0131ld\u0131 - Bati Ermenistan Ve Bati Ermenileri Sorunlari Ara\u015ftirmalar Merkezi\" \/>\n<meta property=\"og:description\" content=\"Heinrich B\u00f6ll Stiftung Derne\u011fi ve Lepsius Evi&#8217;nin d\u00fczenledi\u011fi toplant\u0131da gazeteciler ve akademisyenler Almanya&#8217;n\u0131n 1915&#8217;teki Ermeni tehcirinde sorumlulu\u011fu ve misyoner Dr. Johannes Lepsius&#8217;un rol\u00fcn\u00fc tart\u0131\u015ft\u0131. Heinrich B\u00f6ll Stiftung Derne\u011fi T\u00fcrkiye Temsilcili\u011fi ve Lepsius Evi&#8217;ne ba\u011fl\u0131 delegasyon, Almanya&#8217;n\u0131n 1915&#8217;teki Ermeni tehcirinde sorumlulu\u011fu ve o d\u00f6nemde misyoner Dr. Johannes Lepsius&#8217;un rol\u00fcyle ilgili bir yuvarlak masa toplant\u0131s\u0131 d\u00fczenledi. Lepsius [&hellip;]\" \/>\n<meta property=\"og:url\" content=\"https:\/\/akunq.net\/turkish\/2010\/05\/27\/almanyanin-1915teki-rolu-tartisildi\/\" \/>\n<meta property=\"og:site_name\" content=\"Bati Ermenistan Ve Bati Ermenileri Sorunlari Ara\u015ftirmalar Merkezi\" \/>\n<meta property=\"article:published_time\" content=\"2010-05-27T07:07:53+00:00\" \/>\n<meta name=\"author\" content=\"kalem\" \/>\n<meta name=\"twitter:card\" content=\"summary_large_image\" \/>\n<meta name=\"twitter:label1\" content=\"Written by\" \/>\n\t<meta name=\"twitter:data1\" content=\"kalem\" \/>\n\t<meta name=\"twitter:label2\" content=\"Est. reading time\" \/>\n\t<meta name=\"twitter:data2\" content=\"3 minutes\" \/>\n<script type=\"application\/ld+json\" class=\"yoast-schema-graph\">{\"@context\":\"https:\\\/\\\/schema.org\",\"@graph\":[{\"@type\":\"Article\",\"@id\":\"https:\\\/\\\/akunq.net\\\/turkish\\\/2010\\\/05\\\/27\\\/almanyanin-1915teki-rolu-tartisildi\\\/#article\",\"isPartOf\":{\"@id\":\"https:\\\/\\\/akunq.net\\\/turkish\\\/2010\\\/05\\\/27\\\/almanyanin-1915teki-rolu-tartisildi\\\/\"},\"author\":{\"name\":\"kalem\",\"@id\":\"https:\\\/\\\/akunq.net\\\/turkish\\\/#\\\/schema\\\/person\\\/135e7923d1aeb8887890799619969a6c\"},\"headline\":\"Almanya&#8217;n\u0131n 1915&#8217;teki Rol\u00fc Tart\u0131\u015f\u0131ld\u0131\",\"datePublished\":\"2010-05-27T07:07:53+00:00\",\"mainEntityOfPage\":{\"@id\":\"https:\\\/\\\/akunq.net\\\/turkish\\\/2010\\\/05\\\/27\\\/almanyanin-1915teki-rolu-tartisildi\\\/\"},\"wordCount\":541,\"articleSection\":[\"Haberler\"],\"inLanguage\":\"en-US\"},{\"@type\":\"WebPage\",\"@id\":\"https:\\\/\\\/akunq.net\\\/turkish\\\/2010\\\/05\\\/27\\\/almanyanin-1915teki-rolu-tartisildi\\\/\",\"url\":\"https:\\\/\\\/akunq.net\\\/turkish\\\/2010\\\/05\\\/27\\\/almanyanin-1915teki-rolu-tartisildi\\\/\",\"name\":\"Almanya'n\u0131n 1915'teki Rol\u00fc Tart\u0131\u015f\u0131ld\u0131 - Bati Ermenistan Ve Bati Ermenileri Sorunlari Ara\u015ftirmalar Merkezi\",\"isPartOf\":{\"@id\":\"https:\\\/\\\/akunq.net\\\/turkish\\\/#website\"},\"datePublished\":\"2010-05-27T07:07:53+00:00\",\"author\":{\"@id\":\"https:\\\/\\\/akunq.net\\\/turkish\\\/#\\\/schema\\\/person\\\/135e7923d1aeb8887890799619969a6c\"},\"breadcrumb\":{\"@id\":\"https:\\\/\\\/akunq.net\\\/turkish\\\/2010\\\/05\\\/27\\\/almanyanin-1915teki-rolu-tartisildi\\\/#breadcrumb\"},\"inLanguage\":\"en-US\",\"potentialAction\":[{\"@type\":\"ReadAction\",\"target\":[\"https:\\\/\\\/akunq.net\\\/turkish\\\/2010\\\/05\\\/27\\\/almanyanin-1915teki-rolu-tartisildi\\\/\"]}]},{\"@type\":\"BreadcrumbList\",\"@id\":\"https:\\\/\\\/akunq.net\\\/turkish\\\/2010\\\/05\\\/27\\\/almanyanin-1915teki-rolu-tartisildi\\\/#breadcrumb\",\"itemListElement\":[{\"@type\":\"ListItem\",\"position\":1,\"name\":\"Home\",\"item\":\"https:\\\/\\\/akunq.net\\\/turkish\\\/\"},{\"@type\":\"ListItem\",\"position\":2,\"name\":\"Almanya&#8217;n\u0131n 1915&#8217;teki Rol\u00fc Tart\u0131\u015f\u0131ld\u0131\"}]},{\"@type\":\"WebSite\",\"@id\":\"https:\\\/\\\/akunq.net\\\/turkish\\\/#website\",\"url\":\"https:\\\/\\\/akunq.net\\\/turkish\\\/\",\"name\":\"Bati Ermenistan Ve Bati Ermenileri Sorunlari Ara\u015ftirmalar Merkezi\",\"description\":\"\",\"potentialAction\":[{\"@type\":\"SearchAction\",\"target\":{\"@type\":\"EntryPoint\",\"urlTemplate\":\"https:\\\/\\\/akunq.net\\\/turkish\\\/?s={search_term_string}\"},\"query-input\":{\"@type\":\"PropertyValueSpecification\",\"valueRequired\":true,\"valueName\":\"search_term_string\"}}],\"inLanguage\":\"en-US\"},{\"@type\":\"Person\",\"@id\":\"https:\\\/\\\/akunq.net\\\/turkish\\\/#\\\/schema\\\/person\\\/135e7923d1aeb8887890799619969a6c\",\"name\":\"kalem\",\"image\":{\"@type\":\"ImageObject\",\"inLanguage\":\"en-US\",\"@id\":\"https:\\\/\\\/secure.gravatar.com\\\/avatar\\\/a06875e4b25feb5674296adf8e8a7ae1e587cebce2493fe63c456109967e27d3?s=96&d=mm&r=g\",\"url\":\"https:\\\/\\\/secure.gravatar.com\\\/avatar\\\/a06875e4b25feb5674296adf8e8a7ae1e587cebce2493fe63c456109967e27d3?s=96&d=mm&r=g\",\"contentUrl\":\"https:\\\/\\\/secure.gravatar.com\\\/avatar\\\/a06875e4b25feb5674296adf8e8a7ae1e587cebce2493fe63c456109967e27d3?s=96&d=mm&r=g\",\"caption\":\"kalem\"},\"url\":\"https:\\\/\\\/akunq.net\\\/turkish\\\/author\\\/kalem\\\/\"}]}<\/script>\n<!-- \/ Yoast SEO plugin. -->","yoast_head_json":{"title":"Almanya'n\u0131n 1915'teki Rol\u00fc Tart\u0131\u015f\u0131ld\u0131 - Bati Ermenistan Ve Bati Ermenileri Sorunlari Ara\u015ftirmalar Merkezi","robots":{"index":"index","follow":"follow","max-snippet":"max-snippet:-1","max-image-preview":"max-image-preview:large","max-video-preview":"max-video-preview:-1"},"canonical":"https:\/\/akunq.net\/turkish\/2010\/05\/27\/almanyanin-1915teki-rolu-tartisildi\/","og_locale":"en_US","og_type":"article","og_title":"Almanya'n\u0131n 1915'teki Rol\u00fc Tart\u0131\u015f\u0131ld\u0131 - Bati Ermenistan Ve Bati Ermenileri Sorunlari Ara\u015ftirmalar Merkezi","og_description":"Heinrich B\u00f6ll Stiftung Derne\u011fi ve Lepsius Evi&#8217;nin d\u00fczenledi\u011fi toplant\u0131da gazeteciler ve akademisyenler Almanya&#8217;n\u0131n 1915&#8217;teki Ermeni tehcirinde sorumlulu\u011fu ve misyoner Dr. Johannes Lepsius&#8217;un rol\u00fcn\u00fc tart\u0131\u015ft\u0131. Heinrich B\u00f6ll Stiftung Derne\u011fi T\u00fcrkiye Temsilcili\u011fi ve Lepsius Evi&#8217;ne ba\u011fl\u0131 delegasyon, Almanya&#8217;n\u0131n 1915&#8217;teki Ermeni tehcirinde sorumlulu\u011fu ve o d\u00f6nemde misyoner Dr. Johannes Lepsius&#8217;un rol\u00fcyle ilgili bir yuvarlak masa toplant\u0131s\u0131 d\u00fczenledi. Lepsius [&hellip;]","og_url":"https:\/\/akunq.net\/turkish\/2010\/05\/27\/almanyanin-1915teki-rolu-tartisildi\/","og_site_name":"Bati Ermenistan Ve Bati Ermenileri Sorunlari Ara\u015ftirmalar Merkezi","article_published_time":"2010-05-27T07:07:53+00:00","author":"kalem","twitter_card":"summary_large_image","twitter_misc":{"Written by":"kalem","Est. reading time":"3 minutes"},"schema":{"@context":"https:\/\/schema.org","@graph":[{"@type":"Article","@id":"https:\/\/akunq.net\/turkish\/2010\/05\/27\/almanyanin-1915teki-rolu-tartisildi\/#article","isPartOf":{"@id":"https:\/\/akunq.net\/turkish\/2010\/05\/27\/almanyanin-1915teki-rolu-tartisildi\/"},"author":{"name":"kalem","@id":"https:\/\/akunq.net\/turkish\/#\/schema\/person\/135e7923d1aeb8887890799619969a6c"},"headline":"Almanya&#8217;n\u0131n 1915&#8217;teki Rol\u00fc Tart\u0131\u015f\u0131ld\u0131","datePublished":"2010-05-27T07:07:53+00:00","mainEntityOfPage":{"@id":"https:\/\/akunq.net\/turkish\/2010\/05\/27\/almanyanin-1915teki-rolu-tartisildi\/"},"wordCount":541,"articleSection":["Haberler"],"inLanguage":"en-US"},{"@type":"WebPage","@id":"https:\/\/akunq.net\/turkish\/2010\/05\/27\/almanyanin-1915teki-rolu-tartisildi\/","url":"https:\/\/akunq.net\/turkish\/2010\/05\/27\/almanyanin-1915teki-rolu-tartisildi\/","name":"Almanya'n\u0131n 1915'teki Rol\u00fc Tart\u0131\u015f\u0131ld\u0131 - Bati Ermenistan Ve Bati Ermenileri Sorunlari Ara\u015ftirmalar Merkezi","isPartOf":{"@id":"https:\/\/akunq.net\/turkish\/#website"},"datePublished":"2010-05-27T07:07:53+00:00","author":{"@id":"https:\/\/akunq.net\/turkish\/#\/schema\/person\/135e7923d1aeb8887890799619969a6c"},"breadcrumb":{"@id":"https:\/\/akunq.net\/turkish\/2010\/05\/27\/almanyanin-1915teki-rolu-tartisildi\/#breadcrumb"},"inLanguage":"en-US","potentialAction":[{"@type":"ReadAction","target":["https:\/\/akunq.net\/turkish\/2010\/05\/27\/almanyanin-1915teki-rolu-tartisildi\/"]}]},{"@type":"BreadcrumbList","@id":"https:\/\/akunq.net\/turkish\/2010\/05\/27\/almanyanin-1915teki-rolu-tartisildi\/#breadcrumb","itemListElement":[{"@type":"ListItem","position":1,"name":"Home","item":"https:\/\/akunq.net\/turkish\/"},{"@type":"ListItem","position":2,"name":"Almanya&#8217;n\u0131n 1915&#8217;teki Rol\u00fc Tart\u0131\u015f\u0131ld\u0131"}]},{"@type":"WebSite","@id":"https:\/\/akunq.net\/turkish\/#website","url":"https:\/\/akunq.net\/turkish\/","name":"Bati Ermenistan Ve Bati Ermenileri Sorunlari Ara\u015ftirmalar Merkezi","description":"","potentialAction":[{"@type":"SearchAction","target":{"@type":"EntryPoint","urlTemplate":"https:\/\/akunq.net\/turkish\/?s={search_term_string}"},"query-input":{"@type":"PropertyValueSpecification","valueRequired":true,"valueName":"search_term_string"}}],"inLanguage":"en-US"},{"@type":"Person","@id":"https:\/\/akunq.net\/turkish\/#\/schema\/person\/135e7923d1aeb8887890799619969a6c","name":"kalem","image":{"@type":"ImageObject","inLanguage":"en-US","@id":"https:\/\/secure.gravatar.com\/avatar\/a06875e4b25feb5674296adf8e8a7ae1e587cebce2493fe63c456109967e27d3?s=96&d=mm&r=g","url":"https:\/\/secure.gravatar.com\/avatar\/a06875e4b25feb5674296adf8e8a7ae1e587cebce2493fe63c456109967e27d3?s=96&d=mm&r=g","contentUrl":"https:\/\/secure.gravatar.com\/avatar\/a06875e4b25feb5674296adf8e8a7ae1e587cebce2493fe63c456109967e27d3?s=96&d=mm&r=g","caption":"kalem"},"url":"https:\/\/akunq.net\/turkish\/author\/kalem\/"}]}},"_links":{"self":[{"href":"https:\/\/akunq.net\/turkish\/wp-json\/wp\/v2\/posts\/877","targetHints":{"allow":["GET"]}}],"collection":[{"href":"https:\/\/akunq.net\/turkish\/wp-json\/wp\/v2\/posts"}],"about":[{"href":"https:\/\/akunq.net\/turkish\/wp-json\/wp\/v2\/types\/post"}],"author":[{"embeddable":true,"href":"https:\/\/akunq.net\/turkish\/wp-json\/wp\/v2\/users\/3"}],"replies":[{"embeddable":true,"href":"https:\/\/akunq.net\/turkish\/wp-json\/wp\/v2\/comments?post=877"}],"version-history":[{"count":0,"href":"https:\/\/akunq.net\/turkish\/wp-json\/wp\/v2\/posts\/877\/revisions"}],"wp:attachment":[{"href":"https:\/\/akunq.net\/turkish\/wp-json\/wp\/v2\/media?parent=877"}],"wp:term":[{"taxonomy":"category","embeddable":true,"href":"https:\/\/akunq.net\/turkish\/wp-json\/wp\/v2\/categories?post=877"},{"taxonomy":"post_tag","embeddable":true,"href":"https:\/\/akunq.net\/turkish\/wp-json\/wp\/v2\/tags?post=877"}],"curies":[{"name":"wp","href":"https:\/\/api.w.org\/{rel}","templated":true}]}}