{"id":869,"date":"2010-05-25T05:09:51","date_gmt":"2010-05-25T10:09:51","guid":{"rendered":"http:\/\/akunq.net\/tr\/?p=869"},"modified":"2010-05-25T05:09:51","modified_gmt":"2010-05-25T10:09:51","slug":"ermenice-van-sehir-rehberi","status":"publish","type":"post","link":"https:\/\/akunq.net\/turkish\/2010\/05\/25\/ermenice-van-sehir-rehberi\/","title":{"rendered":"Ermenice Van \u015fehir rehberi"},"content":{"rendered":"<p style=\"text-align: justify\"><a rel=\"attachment wp-att-870\" href=\"http:\/\/akunq.net\/tr\/2010\/05\/25\/ermenice-van-sehir-rehberi\/van\/\"><img loading=\"lazy\" decoding=\"async\" class=\"alignleft size-full wp-image-870\" title=\"Van\" src=\"http:\/\/akunq.net\/tr\/wp-content\/uploads\/2010\/05\/Van.jpg\" alt=\"\" width=\"279\" height=\"259\" \/><\/a>Van Belediyesi K\u00fclt\u00fcr ve Sosyal \u0130\u015fler M\u00fcd\u00fcrl\u00fc\u011f\u00fc daha T\u00fcrk\u00e7e-K\u00fcrt\u00e7e-\u0130ngilizce bas\u0131lan Van Turizm Rehberi\u2019nin Ermenice olan\u0131n\u0131 da haz\u0131rlatt\u0131. 90 sayfal\u0131k kitap, ilk etapta 2 bin 500 tane bas\u0131ld\u0131.<\/p>\n<p style=\"text-align: justify\">Van\u2019\u0131n kapsaml\u0131 tan\u0131t\u0131m\u0131n\u0131 yapan rehber, kentin tarihi, turistik, k\u00fclt\u00fcrel, sosyal, ekonomik ve di\u011fer alanlar\u0131yla ilgili t\u00fcm detaylar\u0131 i\u00e7eriyor.<\/p>\n<p style=\"text-align: justify\">Van Belediyesi\u2019nin Ermenistan Uluslararas\u0131 Turizm Fuar\u0131\u2019na da g\u00f6t\u00fcrd\u00fc\u011f\u00fc rehberler be\u011fenildi. Fars\u00e7a rehberlerin bask\u0131da oldu\u011funu belirten Van Belediyesi K\u00fclt\u00fcr ve Sosyal \u0130\u015fler M\u00fcd\u00fcr\u00fc H\u00fcsamettin \u00d6zt\u00fcrk, \u201cBu kitap\u00e7\u0131klar Van\u2019\u0131n tan\u0131t\u0131m\u0131na \u00f6nemli bir katk\u0131 sunacak. \u00d6n\u00fcm\u00fczdeki s\u00fcre\u00e7lerde bu t\u00fcr \u00e7al\u0131\u015fmalar devam edecek. Yine ba\u015fta otogar, havaalan\u0131 ve kentin 14 ayr\u0131 noktas\u0131na tan\u0131t\u0131m panolar\u0131 kuraca\u011f\u0131z\u201d dedi.<\/p>\n<p style=\"text-align: justify\"><strong>Murat \u00c7A\u011eLAR,<\/strong> hurriyet.com.tr, 25.5.2010<\/p>\n","protected":false},"excerpt":{"rendered":"<p>Van Belediyesi K\u00fclt\u00fcr ve Sosyal \u0130\u015fler M\u00fcd\u00fcrl\u00fc\u011f\u00fc daha T\u00fcrk\u00e7e-K\u00fcrt\u00e7e-\u0130ngilizce bas\u0131lan Van Turizm Rehberi\u2019nin Ermenice olan\u0131n\u0131 da haz\u0131rlatt\u0131. 90 sayfal\u0131k kitap, ilk etapta 2 bin 500 tane bas\u0131ld\u0131. Van\u2019\u0131n kapsaml\u0131 tan\u0131t\u0131m\u0131n\u0131 yapan rehber, kentin tarihi, turistik, k\u00fclt\u00fcrel, sosyal, ekonomik ve di\u011fer alanlar\u0131yla ilgili t\u00fcm detaylar\u0131 i\u00e7eriyor. Van Belediyesi\u2019nin Ermenistan Uluslararas\u0131 Turizm Fuar\u0131\u2019na da g\u00f6t\u00fcrd\u00fc\u011f\u00fc rehberler be\u011fenildi. [&hellip;]<\/p>\n","protected":false},"author":3,"featured_media":0,"comment_status":"closed","ping_status":"open","sticky":false,"template":"","format":"standard","meta":{"footnotes":""},"categories":[14],"tags":[],"class_list":["post-869","post","type-post","status-publish","format-standard","hentry","category-haberler"],"yoast_head":"<!-- This site is optimized with the Yoast SEO plugin v27.4 - https:\/\/yoast.com\/product\/yoast-seo-wordpress\/ -->\n<title>Ermenice Van \u015fehir rehberi - Bati Ermenistan Ve Bati Ermenileri Sorunlari Ara\u015ftirmalar Merkezi<\/title>\n<meta name=\"robots\" content=\"index, follow, max-snippet:-1, max-image-preview:large, max-video-preview:-1\" \/>\n<link rel=\"canonical\" href=\"https:\/\/akunq.net\/turkish\/2010\/05\/25\/ermenice-van-sehir-rehberi\/\" \/>\n<meta property=\"og:locale\" content=\"en_US\" \/>\n<meta property=\"og:type\" content=\"article\" \/>\n<meta property=\"og:title\" content=\"Ermenice Van \u015fehir rehberi - Bati Ermenistan Ve Bati Ermenileri Sorunlari Ara\u015ftirmalar Merkezi\" \/>\n<meta property=\"og:description\" content=\"Van Belediyesi K\u00fclt\u00fcr ve Sosyal \u0130\u015fler M\u00fcd\u00fcrl\u00fc\u011f\u00fc daha T\u00fcrk\u00e7e-K\u00fcrt\u00e7e-\u0130ngilizce bas\u0131lan Van Turizm Rehberi\u2019nin Ermenice olan\u0131n\u0131 da haz\u0131rlatt\u0131. 90 sayfal\u0131k kitap, ilk etapta 2 bin 500 tane bas\u0131ld\u0131. Van\u2019\u0131n kapsaml\u0131 tan\u0131t\u0131m\u0131n\u0131 yapan rehber, kentin tarihi, turistik, k\u00fclt\u00fcrel, sosyal, ekonomik ve di\u011fer alanlar\u0131yla ilgili t\u00fcm detaylar\u0131 i\u00e7eriyor. Van Belediyesi\u2019nin Ermenistan Uluslararas\u0131 Turizm Fuar\u0131\u2019na da g\u00f6t\u00fcrd\u00fc\u011f\u00fc rehberler be\u011fenildi. [&hellip;]\" \/>\n<meta property=\"og:url\" content=\"https:\/\/akunq.net\/turkish\/2010\/05\/25\/ermenice-van-sehir-rehberi\/\" \/>\n<meta property=\"og:site_name\" content=\"Bati Ermenistan Ve Bati Ermenileri Sorunlari Ara\u015ftirmalar Merkezi\" \/>\n<meta property=\"article:published_time\" content=\"2010-05-25T10:09:51+00:00\" \/>\n<meta property=\"og:image\" content=\"https:\/\/akunq.net\/turkish\/wp-content\/uploads\/sites\/5\/2010\/05\/Van.jpg\" \/>\n\t<meta property=\"og:image:width\" content=\"314\" \/>\n\t<meta property=\"og:image:height\" content=\"286\" \/>\n\t<meta property=\"og:image:type\" content=\"image\/jpeg\" \/>\n<meta name=\"author\" content=\"kalem\" \/>\n<meta name=\"twitter:card\" content=\"summary_large_image\" \/>\n<meta name=\"twitter:label1\" content=\"Written by\" \/>\n\t<meta name=\"twitter:data1\" content=\"kalem\" \/>\n\t<meta name=\"twitter:label2\" content=\"Est. reading time\" \/>\n\t<meta name=\"twitter:data2\" content=\"1 minute\" \/>\n<script type=\"application\/ld+json\" class=\"yoast-schema-graph\">{\"@context\":\"https:\\\/\\\/schema.org\",\"@graph\":[{\"@type\":\"Article\",\"@id\":\"https:\\\/\\\/akunq.net\\\/turkish\\\/2010\\\/05\\\/25\\\/ermenice-van-sehir-rehberi\\\/#article\",\"isPartOf\":{\"@id\":\"https:\\\/\\\/akunq.net\\\/turkish\\\/2010\\\/05\\\/25\\\/ermenice-van-sehir-rehberi\\\/\"},\"author\":{\"name\":\"kalem\",\"@id\":\"https:\\\/\\\/akunq.net\\\/turkish\\\/#\\\/schema\\\/person\\\/135e7923d1aeb8887890799619969a6c\"},\"headline\":\"Ermenice Van \u015fehir rehberi\",\"datePublished\":\"2010-05-25T10:09:51+00:00\",\"mainEntityOfPage\":{\"@id\":\"https:\\\/\\\/akunq.net\\\/turkish\\\/2010\\\/05\\\/25\\\/ermenice-van-sehir-rehberi\\\/\"},\"wordCount\":158,\"image\":{\"@id\":\"https:\\\/\\\/akunq.net\\\/turkish\\\/2010\\\/05\\\/25\\\/ermenice-van-sehir-rehberi\\\/#primaryimage\"},\"thumbnailUrl\":\"http:\\\/\\\/akunq.net\\\/tr\\\/wp-content\\\/uploads\\\/2010\\\/05\\\/Van.jpg\",\"articleSection\":[\"Haberler\"],\"inLanguage\":\"en-US\"},{\"@type\":\"WebPage\",\"@id\":\"https:\\\/\\\/akunq.net\\\/turkish\\\/2010\\\/05\\\/25\\\/ermenice-van-sehir-rehberi\\\/\",\"url\":\"https:\\\/\\\/akunq.net\\\/turkish\\\/2010\\\/05\\\/25\\\/ermenice-van-sehir-rehberi\\\/\",\"name\":\"Ermenice Van \u015fehir rehberi - Bati Ermenistan Ve Bati Ermenileri Sorunlari Ara\u015ftirmalar Merkezi\",\"isPartOf\":{\"@id\":\"https:\\\/\\\/akunq.net\\\/turkish\\\/#website\"},\"primaryImageOfPage\":{\"@id\":\"https:\\\/\\\/akunq.net\\\/turkish\\\/2010\\\/05\\\/25\\\/ermenice-van-sehir-rehberi\\\/#primaryimage\"},\"image\":{\"@id\":\"https:\\\/\\\/akunq.net\\\/turkish\\\/2010\\\/05\\\/25\\\/ermenice-van-sehir-rehberi\\\/#primaryimage\"},\"thumbnailUrl\":\"http:\\\/\\\/akunq.net\\\/tr\\\/wp-content\\\/uploads\\\/2010\\\/05\\\/Van.jpg\",\"datePublished\":\"2010-05-25T10:09:51+00:00\",\"author\":{\"@id\":\"https:\\\/\\\/akunq.net\\\/turkish\\\/#\\\/schema\\\/person\\\/135e7923d1aeb8887890799619969a6c\"},\"breadcrumb\":{\"@id\":\"https:\\\/\\\/akunq.net\\\/turkish\\\/2010\\\/05\\\/25\\\/ermenice-van-sehir-rehberi\\\/#breadcrumb\"},\"inLanguage\":\"en-US\",\"potentialAction\":[{\"@type\":\"ReadAction\",\"target\":[\"https:\\\/\\\/akunq.net\\\/turkish\\\/2010\\\/05\\\/25\\\/ermenice-van-sehir-rehberi\\\/\"]}]},{\"@type\":\"ImageObject\",\"inLanguage\":\"en-US\",\"@id\":\"https:\\\/\\\/akunq.net\\\/turkish\\\/2010\\\/05\\\/25\\\/ermenice-van-sehir-rehberi\\\/#primaryimage\",\"url\":\"http:\\\/\\\/akunq.net\\\/tr\\\/wp-content\\\/uploads\\\/2010\\\/05\\\/Van.jpg\",\"contentUrl\":\"http:\\\/\\\/akunq.net\\\/tr\\\/wp-content\\\/uploads\\\/2010\\\/05\\\/Van.jpg\"},{\"@type\":\"BreadcrumbList\",\"@id\":\"https:\\\/\\\/akunq.net\\\/turkish\\\/2010\\\/05\\\/25\\\/ermenice-van-sehir-rehberi\\\/#breadcrumb\",\"itemListElement\":[{\"@type\":\"ListItem\",\"position\":1,\"name\":\"Home\",\"item\":\"https:\\\/\\\/akunq.net\\\/turkish\\\/\"},{\"@type\":\"ListItem\",\"position\":2,\"name\":\"Ermenice Van \u015fehir rehberi\"}]},{\"@type\":\"WebSite\",\"@id\":\"https:\\\/\\\/akunq.net\\\/turkish\\\/#website\",\"url\":\"https:\\\/\\\/akunq.net\\\/turkish\\\/\",\"name\":\"Bati Ermenistan Ve Bati Ermenileri Sorunlari Ara\u015ftirmalar Merkezi\",\"description\":\"\",\"potentialAction\":[{\"@type\":\"SearchAction\",\"target\":{\"@type\":\"EntryPoint\",\"urlTemplate\":\"https:\\\/\\\/akunq.net\\\/turkish\\\/?s={search_term_string}\"},\"query-input\":{\"@type\":\"PropertyValueSpecification\",\"valueRequired\":true,\"valueName\":\"search_term_string\"}}],\"inLanguage\":\"en-US\"},{\"@type\":\"Person\",\"@id\":\"https:\\\/\\\/akunq.net\\\/turkish\\\/#\\\/schema\\\/person\\\/135e7923d1aeb8887890799619969a6c\",\"name\":\"kalem\",\"image\":{\"@type\":\"ImageObject\",\"inLanguage\":\"en-US\",\"@id\":\"https:\\\/\\\/secure.gravatar.com\\\/avatar\\\/a06875e4b25feb5674296adf8e8a7ae1e587cebce2493fe63c456109967e27d3?s=96&d=mm&r=g\",\"url\":\"https:\\\/\\\/secure.gravatar.com\\\/avatar\\\/a06875e4b25feb5674296adf8e8a7ae1e587cebce2493fe63c456109967e27d3?s=96&d=mm&r=g\",\"contentUrl\":\"https:\\\/\\\/secure.gravatar.com\\\/avatar\\\/a06875e4b25feb5674296adf8e8a7ae1e587cebce2493fe63c456109967e27d3?s=96&d=mm&r=g\",\"caption\":\"kalem\"},\"url\":\"https:\\\/\\\/akunq.net\\\/turkish\\\/author\\\/kalem\\\/\"}]}<\/script>\n<!-- \/ Yoast SEO plugin. -->","yoast_head_json":{"title":"Ermenice Van \u015fehir rehberi - Bati Ermenistan Ve Bati Ermenileri Sorunlari Ara\u015ftirmalar Merkezi","robots":{"index":"index","follow":"follow","max-snippet":"max-snippet:-1","max-image-preview":"max-image-preview:large","max-video-preview":"max-video-preview:-1"},"canonical":"https:\/\/akunq.net\/turkish\/2010\/05\/25\/ermenice-van-sehir-rehberi\/","og_locale":"en_US","og_type":"article","og_title":"Ermenice Van \u015fehir rehberi - Bati Ermenistan Ve Bati Ermenileri Sorunlari Ara\u015ftirmalar Merkezi","og_description":"Van Belediyesi K\u00fclt\u00fcr ve Sosyal \u0130\u015fler M\u00fcd\u00fcrl\u00fc\u011f\u00fc daha T\u00fcrk\u00e7e-K\u00fcrt\u00e7e-\u0130ngilizce bas\u0131lan Van Turizm Rehberi\u2019nin Ermenice olan\u0131n\u0131 da haz\u0131rlatt\u0131. 90 sayfal\u0131k kitap, ilk etapta 2 bin 500 tane bas\u0131ld\u0131. Van\u2019\u0131n kapsaml\u0131 tan\u0131t\u0131m\u0131n\u0131 yapan rehber, kentin tarihi, turistik, k\u00fclt\u00fcrel, sosyal, ekonomik ve di\u011fer alanlar\u0131yla ilgili t\u00fcm detaylar\u0131 i\u00e7eriyor. Van Belediyesi\u2019nin Ermenistan Uluslararas\u0131 Turizm Fuar\u0131\u2019na da g\u00f6t\u00fcrd\u00fc\u011f\u00fc rehberler be\u011fenildi. [&hellip;]","og_url":"https:\/\/akunq.net\/turkish\/2010\/05\/25\/ermenice-van-sehir-rehberi\/","og_site_name":"Bati Ermenistan Ve Bati Ermenileri Sorunlari Ara\u015ftirmalar Merkezi","article_published_time":"2010-05-25T10:09:51+00:00","og_image":[{"width":314,"height":286,"url":"https:\/\/akunq.net\/turkish\/wp-content\/uploads\/sites\/5\/2010\/05\/Van.jpg","type":"image\/jpeg"}],"author":"kalem","twitter_card":"summary_large_image","twitter_misc":{"Written by":"kalem","Est. reading time":"1 minute"},"schema":{"@context":"https:\/\/schema.org","@graph":[{"@type":"Article","@id":"https:\/\/akunq.net\/turkish\/2010\/05\/25\/ermenice-van-sehir-rehberi\/#article","isPartOf":{"@id":"https:\/\/akunq.net\/turkish\/2010\/05\/25\/ermenice-van-sehir-rehberi\/"},"author":{"name":"kalem","@id":"https:\/\/akunq.net\/turkish\/#\/schema\/person\/135e7923d1aeb8887890799619969a6c"},"headline":"Ermenice Van \u015fehir rehberi","datePublished":"2010-05-25T10:09:51+00:00","mainEntityOfPage":{"@id":"https:\/\/akunq.net\/turkish\/2010\/05\/25\/ermenice-van-sehir-rehberi\/"},"wordCount":158,"image":{"@id":"https:\/\/akunq.net\/turkish\/2010\/05\/25\/ermenice-van-sehir-rehberi\/#primaryimage"},"thumbnailUrl":"http:\/\/akunq.net\/tr\/wp-content\/uploads\/2010\/05\/Van.jpg","articleSection":["Haberler"],"inLanguage":"en-US"},{"@type":"WebPage","@id":"https:\/\/akunq.net\/turkish\/2010\/05\/25\/ermenice-van-sehir-rehberi\/","url":"https:\/\/akunq.net\/turkish\/2010\/05\/25\/ermenice-van-sehir-rehberi\/","name":"Ermenice Van \u015fehir rehberi - Bati Ermenistan Ve Bati Ermenileri Sorunlari Ara\u015ftirmalar Merkezi","isPartOf":{"@id":"https:\/\/akunq.net\/turkish\/#website"},"primaryImageOfPage":{"@id":"https:\/\/akunq.net\/turkish\/2010\/05\/25\/ermenice-van-sehir-rehberi\/#primaryimage"},"image":{"@id":"https:\/\/akunq.net\/turkish\/2010\/05\/25\/ermenice-van-sehir-rehberi\/#primaryimage"},"thumbnailUrl":"http:\/\/akunq.net\/tr\/wp-content\/uploads\/2010\/05\/Van.jpg","datePublished":"2010-05-25T10:09:51+00:00","author":{"@id":"https:\/\/akunq.net\/turkish\/#\/schema\/person\/135e7923d1aeb8887890799619969a6c"},"breadcrumb":{"@id":"https:\/\/akunq.net\/turkish\/2010\/05\/25\/ermenice-van-sehir-rehberi\/#breadcrumb"},"inLanguage":"en-US","potentialAction":[{"@type":"ReadAction","target":["https:\/\/akunq.net\/turkish\/2010\/05\/25\/ermenice-van-sehir-rehberi\/"]}]},{"@type":"ImageObject","inLanguage":"en-US","@id":"https:\/\/akunq.net\/turkish\/2010\/05\/25\/ermenice-van-sehir-rehberi\/#primaryimage","url":"http:\/\/akunq.net\/tr\/wp-content\/uploads\/2010\/05\/Van.jpg","contentUrl":"http:\/\/akunq.net\/tr\/wp-content\/uploads\/2010\/05\/Van.jpg"},{"@type":"BreadcrumbList","@id":"https:\/\/akunq.net\/turkish\/2010\/05\/25\/ermenice-van-sehir-rehberi\/#breadcrumb","itemListElement":[{"@type":"ListItem","position":1,"name":"Home","item":"https:\/\/akunq.net\/turkish\/"},{"@type":"ListItem","position":2,"name":"Ermenice Van \u015fehir rehberi"}]},{"@type":"WebSite","@id":"https:\/\/akunq.net\/turkish\/#website","url":"https:\/\/akunq.net\/turkish\/","name":"Bati Ermenistan Ve Bati Ermenileri Sorunlari Ara\u015ftirmalar Merkezi","description":"","potentialAction":[{"@type":"SearchAction","target":{"@type":"EntryPoint","urlTemplate":"https:\/\/akunq.net\/turkish\/?s={search_term_string}"},"query-input":{"@type":"PropertyValueSpecification","valueRequired":true,"valueName":"search_term_string"}}],"inLanguage":"en-US"},{"@type":"Person","@id":"https:\/\/akunq.net\/turkish\/#\/schema\/person\/135e7923d1aeb8887890799619969a6c","name":"kalem","image":{"@type":"ImageObject","inLanguage":"en-US","@id":"https:\/\/secure.gravatar.com\/avatar\/a06875e4b25feb5674296adf8e8a7ae1e587cebce2493fe63c456109967e27d3?s=96&d=mm&r=g","url":"https:\/\/secure.gravatar.com\/avatar\/a06875e4b25feb5674296adf8e8a7ae1e587cebce2493fe63c456109967e27d3?s=96&d=mm&r=g","contentUrl":"https:\/\/secure.gravatar.com\/avatar\/a06875e4b25feb5674296adf8e8a7ae1e587cebce2493fe63c456109967e27d3?s=96&d=mm&r=g","caption":"kalem"},"url":"https:\/\/akunq.net\/turkish\/author\/kalem\/"}]}},"_links":{"self":[{"href":"https:\/\/akunq.net\/turkish\/wp-json\/wp\/v2\/posts\/869","targetHints":{"allow":["GET"]}}],"collection":[{"href":"https:\/\/akunq.net\/turkish\/wp-json\/wp\/v2\/posts"}],"about":[{"href":"https:\/\/akunq.net\/turkish\/wp-json\/wp\/v2\/types\/post"}],"author":[{"embeddable":true,"href":"https:\/\/akunq.net\/turkish\/wp-json\/wp\/v2\/users\/3"}],"replies":[{"embeddable":true,"href":"https:\/\/akunq.net\/turkish\/wp-json\/wp\/v2\/comments?post=869"}],"version-history":[{"count":0,"href":"https:\/\/akunq.net\/turkish\/wp-json\/wp\/v2\/posts\/869\/revisions"}],"wp:attachment":[{"href":"https:\/\/akunq.net\/turkish\/wp-json\/wp\/v2\/media?parent=869"}],"wp:term":[{"taxonomy":"category","embeddable":true,"href":"https:\/\/akunq.net\/turkish\/wp-json\/wp\/v2\/categories?post=869"},{"taxonomy":"post_tag","embeddable":true,"href":"https:\/\/akunq.net\/turkish\/wp-json\/wp\/v2\/tags?post=869"}],"curies":[{"name":"wp","href":"https:\/\/api.w.org\/{rel}","templated":true}]}}