{"id":860,"date":"2010-05-25T05:00:54","date_gmt":"2010-05-25T10:00:54","guid":{"rendered":"http:\/\/akunq.net\/tr\/?p=860"},"modified":"2010-05-25T05:00:54","modified_gmt":"2010-05-25T10:00:54","slug":"alti-kilise-ustu-cami","status":"publish","type":"post","link":"https:\/\/akunq.net\/turkish\/2010\/05\/25\/alti-kilise-ustu-cami\/","title":{"rendered":"Alt\u0131 kilise \u00fcst\u00fc cami"},"content":{"rendered":"<p style=\"text-align: justify\"><strong><a rel=\"attachment wp-att-861\" href=\"http:\/\/akunq.net\/tr\/2010\/05\/25\/alti-kilise-ustu-cami\/alti-kilise-ustu-cami_1786_b\/\"><img loading=\"lazy\" decoding=\"async\" class=\"alignleft size-full wp-image-861\" title=\"alti-kilise-ustu-cami_1786_b\" src=\"http:\/\/akunq.net\/tr\/wp-content\/uploads\/2010\/05\/alti-kilise-ustu-cami_1786_b.jpg\" alt=\"\" width=\"287\" height=\"185\" \/><\/a>Cami, kilise ve havran\u0131n ayn\u0131 sokakta yer ald\u0131\u011f\u0131 \u2018\u2019Bar\u0131\u015f ve Ho\u015fg\u00f6r\u00fc Kenti\u2019\u2019 olarak adland\u0131r\u0131lan Hatay\u2019da, farkl\u0131 dinlerin ibadet yerlerini yanyana ya da \u00fcst\u00fcste g\u00f6rmek m\u00fcmk\u00fcn. <\/strong><\/p>\n<p style=\"text-align: justify\">Samanda\u011f il\u00e7esine ba\u011fl\u0131 Yo\u011funoluk K\u00f6y\u00fc\u2019nde bulunan Ermeni Kilisesi\u2019nin \u00fczerinde ibadete a\u00e7\u0131k bir cami bulunuyor. Samanda\u011f Kaymakam\u0131 Tahsin Kurtbeyo\u011flu, y\u00f6rede \u00e7ok say\u0131da tarih\u00ee eser oldu\u011funu s\u00f6yledi. MS 1. y\u00fczy\u0131lda yap\u0131lan Titus T\u00fcneli\u2019nin yan\u0131 s\u0131ra g\u00f6r\u00fclmesi gereken \u00e7ok say\u0131da eser oldu\u011funu s\u00f6yleyen Kurtbeyo\u011flu, \u015f\u00f6yle devam etti: \u201cSt. Simon Manast\u0131r\u0131, Roma \u0130mparatorlu\u011fu <a rel=\"attachment wp-att-862\" href=\"http:\/\/akunq.net\/tr\/2010\/05\/25\/alti-kilise-ustu-cami\/%d5%aa%d5%a1%d5%b5%d5%bc-%d5%a3%d5%a5%d6%80%d5%a5%d5%a6%d5%b4%d5%a1%d5%b6%d5%b8%d6%81-%d5%b0%d5%a1%d5%a9%d5%a1%d5%b5%d5%b8%d6%82%d5%b4\/\"><img loading=\"lazy\" decoding=\"async\" class=\"alignleft size-full wp-image-862\" title=\"\u056a\u0561\u0575\u057c-\u0563\u0565\u0580\u0565\u0566\u0574\u0561\u0576\u0578\u0581 \u0540\u0561\u0569\u0561\u0575\u0578\u0582\u0574\" src=\"http:\/\/akunq.net\/tr\/wp-content\/uploads\/2010\/05\/\u056a\u0561\u0575\u057c-\u0563\u0565\u0580\u0565\u0566\u0574\u0561\u0576\u0578\u0581-\u0540\u0561\u0569\u0561\u0575\u0578\u0582\u0574.jpg\" alt=\"\" width=\"287\" height=\"191\" \/><\/a>d\u00f6neminde yap\u0131lan Kaya Mezarlar\u0131 ve yakla\u015f\u0131k 2 bin 300 y\u0131ll\u0131k Musa A\u011fac\u0131 gibi bir\u00e7ok turizm zenginli\u011fimiz var. Her y\u0131l \u00e7ok say\u0131da yerli ve yabanc\u0131 turist bu g\u00fczellikleri g\u00f6rmek i\u00e7in il\u00e7emize geliyor. Ancak Yo\u011funoluk K\u00f6y\u00fc\u2019nde bulunan Ermenilere ait kilise ile \u00fczerine sonradan yap\u0131lan cami ho\u015fg\u00f6r\u00fc kenti Hatay\u2019\u0131n ger\u00e7ek simgesi.\u201d<\/p>\n<p style=\"text-align: justify\"><strong>\u00a0\u201cKilise restore edilmeli\u201d<\/strong><\/p>\n<p style=\"text-align: justify\">Yo\u011funoluk K\u00f6y\u00fc Camii \u0130mam\u0131 Mehmet G\u00fclistan da, Ermenilerin k\u00f6y\u00fc terketmesinin ard\u0131ndan, 1940\u2019l\u0131 y\u0131llarda ta\u015f yap\u0131n\u0131n \u00fczerine ve mimariye zarar vermeden betonarme cami yap\u0131ld\u0131\u011f\u0131n\u0131 s\u00f6yledi. Kilise ve cami giri\u015flerinin farkl\u0131 oldu\u011funu belirten G\u00fclistan, \u201cKiliseyi daha \u00e7ok Ermeniler ziyaret ediyor. \u0130ki farkl\u0131 dinin ibadet yerlerinin bu \u015fekilde \u00fcst\u00fcste yer almas\u0131 gelen turistlerin ho\u015funu gidiyor. Ancak kilisenin bir an \u00f6nce restore edilmesi gerekiyor\u201d dedi.<strong> <\/strong><\/p>\n<p style=\"text-align: justify\"><strong>&#8211; Taraf <\/strong><strong><em>&#8211; Istanbul &#8211; <\/em><\/strong><strong>24.05.2010<em><\/em><\/strong><\/p>\n","protected":false},"excerpt":{"rendered":"<p>Cami, kilise ve havran\u0131n ayn\u0131 sokakta yer ald\u0131\u011f\u0131 \u2018\u2019Bar\u0131\u015f ve Ho\u015fg\u00f6r\u00fc Kenti\u2019\u2019 olarak adland\u0131r\u0131lan Hatay\u2019da, farkl\u0131 dinlerin ibadet yerlerini yanyana ya da \u00fcst\u00fcste g\u00f6rmek m\u00fcmk\u00fcn. Samanda\u011f il\u00e7esine ba\u011fl\u0131 Yo\u011funoluk K\u00f6y\u00fc\u2019nde bulunan Ermeni Kilisesi\u2019nin \u00fczerinde ibadete a\u00e7\u0131k bir cami bulunuyor. Samanda\u011f Kaymakam\u0131 Tahsin Kurtbeyo\u011flu, y\u00f6rede \u00e7ok say\u0131da tarih\u00ee eser oldu\u011funu s\u00f6yledi. MS 1. y\u00fczy\u0131lda yap\u0131lan Titus [&hellip;]<\/p>\n","protected":false},"author":3,"featured_media":0,"comment_status":"closed","ping_status":"open","sticky":false,"template":"","format":"standard","meta":{"footnotes":""},"categories":[14],"tags":[],"class_list":["post-860","post","type-post","status-publish","format-standard","hentry","category-haberler"],"yoast_head":"<!-- This site is optimized with the Yoast SEO plugin v27.4 - https:\/\/yoast.com\/product\/yoast-seo-wordpress\/ -->\n<title>Alt\u0131 kilise \u00fcst\u00fc cami - Bati Ermenistan Ve Bati Ermenileri Sorunlari Ara\u015ftirmalar Merkezi<\/title>\n<meta name=\"robots\" content=\"index, follow, max-snippet:-1, max-image-preview:large, max-video-preview:-1\" \/>\n<link rel=\"canonical\" href=\"https:\/\/akunq.net\/turkish\/2010\/05\/25\/alti-kilise-ustu-cami\/\" \/>\n<meta property=\"og:locale\" content=\"en_US\" \/>\n<meta property=\"og:type\" content=\"article\" \/>\n<meta property=\"og:title\" content=\"Alt\u0131 kilise \u00fcst\u00fc cami - Bati Ermenistan Ve Bati Ermenileri Sorunlari Ara\u015ftirmalar Merkezi\" \/>\n<meta property=\"og:description\" content=\"Cami, kilise ve havran\u0131n ayn\u0131 sokakta yer ald\u0131\u011f\u0131 \u2018\u2019Bar\u0131\u015f ve Ho\u015fg\u00f6r\u00fc Kenti\u2019\u2019 olarak adland\u0131r\u0131lan Hatay\u2019da, farkl\u0131 dinlerin ibadet yerlerini yanyana ya da \u00fcst\u00fcste g\u00f6rmek m\u00fcmk\u00fcn. Samanda\u011f il\u00e7esine ba\u011fl\u0131 Yo\u011funoluk K\u00f6y\u00fc\u2019nde bulunan Ermeni Kilisesi\u2019nin \u00fczerinde ibadete a\u00e7\u0131k bir cami bulunuyor. Samanda\u011f Kaymakam\u0131 Tahsin Kurtbeyo\u011flu, y\u00f6rede \u00e7ok say\u0131da tarih\u00ee eser oldu\u011funu s\u00f6yledi. MS 1. y\u00fczy\u0131lda yap\u0131lan Titus [&hellip;]\" \/>\n<meta property=\"og:url\" content=\"https:\/\/akunq.net\/turkish\/2010\/05\/25\/alti-kilise-ustu-cami\/\" \/>\n<meta property=\"og:site_name\" content=\"Bati Ermenistan Ve Bati Ermenileri Sorunlari Ara\u015ftirmalar Merkezi\" \/>\n<meta property=\"article:published_time\" content=\"2010-05-25T10:00:54+00:00\" \/>\n<meta property=\"og:image\" content=\"https:\/\/akunq.net\/turkish\/wp-content\/uploads\/sites\/5\/2010\/05\/alti-kilise-ustu-cami_1786_b.jpg\" \/>\n\t<meta property=\"og:image:width\" content=\"300\" \/>\n\t<meta property=\"og:image:height\" content=\"200\" \/>\n\t<meta property=\"og:image:type\" content=\"image\/jpeg\" \/>\n<meta name=\"author\" content=\"kalem\" \/>\n<meta name=\"twitter:card\" content=\"summary_large_image\" \/>\n<meta name=\"twitter:label1\" content=\"Written by\" \/>\n\t<meta name=\"twitter:data1\" content=\"kalem\" \/>\n\t<meta name=\"twitter:label2\" content=\"Est. reading time\" \/>\n\t<meta name=\"twitter:data2\" content=\"1 minute\" \/>\n<script type=\"application\/ld+json\" class=\"yoast-schema-graph\">{\"@context\":\"https:\\\/\\\/schema.org\",\"@graph\":[{\"@type\":\"Article\",\"@id\":\"https:\\\/\\\/akunq.net\\\/turkish\\\/2010\\\/05\\\/25\\\/alti-kilise-ustu-cami\\\/#article\",\"isPartOf\":{\"@id\":\"https:\\\/\\\/akunq.net\\\/turkish\\\/2010\\\/05\\\/25\\\/alti-kilise-ustu-cami\\\/\"},\"author\":{\"name\":\"kalem\",\"@id\":\"https:\\\/\\\/akunq.net\\\/turkish\\\/#\\\/schema\\\/person\\\/135e7923d1aeb8887890799619969a6c\"},\"headline\":\"Alt\u0131 kilise \u00fcst\u00fc cami\",\"datePublished\":\"2010-05-25T10:00:54+00:00\",\"mainEntityOfPage\":{\"@id\":\"https:\\\/\\\/akunq.net\\\/turkish\\\/2010\\\/05\\\/25\\\/alti-kilise-ustu-cami\\\/\"},\"wordCount\":266,\"image\":{\"@id\":\"https:\\\/\\\/akunq.net\\\/turkish\\\/2010\\\/05\\\/25\\\/alti-kilise-ustu-cami\\\/#primaryimage\"},\"thumbnailUrl\":\"http:\\\/\\\/akunq.net\\\/tr\\\/wp-content\\\/uploads\\\/2010\\\/05\\\/alti-kilise-ustu-cami_1786_b.jpg\",\"articleSection\":[\"Haberler\"],\"inLanguage\":\"en-US\"},{\"@type\":\"WebPage\",\"@id\":\"https:\\\/\\\/akunq.net\\\/turkish\\\/2010\\\/05\\\/25\\\/alti-kilise-ustu-cami\\\/\",\"url\":\"https:\\\/\\\/akunq.net\\\/turkish\\\/2010\\\/05\\\/25\\\/alti-kilise-ustu-cami\\\/\",\"name\":\"Alt\u0131 kilise \u00fcst\u00fc cami - Bati Ermenistan Ve Bati Ermenileri Sorunlari Ara\u015ftirmalar Merkezi\",\"isPartOf\":{\"@id\":\"https:\\\/\\\/akunq.net\\\/turkish\\\/#website\"},\"primaryImageOfPage\":{\"@id\":\"https:\\\/\\\/akunq.net\\\/turkish\\\/2010\\\/05\\\/25\\\/alti-kilise-ustu-cami\\\/#primaryimage\"},\"image\":{\"@id\":\"https:\\\/\\\/akunq.net\\\/turkish\\\/2010\\\/05\\\/25\\\/alti-kilise-ustu-cami\\\/#primaryimage\"},\"thumbnailUrl\":\"http:\\\/\\\/akunq.net\\\/tr\\\/wp-content\\\/uploads\\\/2010\\\/05\\\/alti-kilise-ustu-cami_1786_b.jpg\",\"datePublished\":\"2010-05-25T10:00:54+00:00\",\"author\":{\"@id\":\"https:\\\/\\\/akunq.net\\\/turkish\\\/#\\\/schema\\\/person\\\/135e7923d1aeb8887890799619969a6c\"},\"breadcrumb\":{\"@id\":\"https:\\\/\\\/akunq.net\\\/turkish\\\/2010\\\/05\\\/25\\\/alti-kilise-ustu-cami\\\/#breadcrumb\"},\"inLanguage\":\"en-US\",\"potentialAction\":[{\"@type\":\"ReadAction\",\"target\":[\"https:\\\/\\\/akunq.net\\\/turkish\\\/2010\\\/05\\\/25\\\/alti-kilise-ustu-cami\\\/\"]}]},{\"@type\":\"ImageObject\",\"inLanguage\":\"en-US\",\"@id\":\"https:\\\/\\\/akunq.net\\\/turkish\\\/2010\\\/05\\\/25\\\/alti-kilise-ustu-cami\\\/#primaryimage\",\"url\":\"http:\\\/\\\/akunq.net\\\/tr\\\/wp-content\\\/uploads\\\/2010\\\/05\\\/alti-kilise-ustu-cami_1786_b.jpg\",\"contentUrl\":\"http:\\\/\\\/akunq.net\\\/tr\\\/wp-content\\\/uploads\\\/2010\\\/05\\\/alti-kilise-ustu-cami_1786_b.jpg\"},{\"@type\":\"BreadcrumbList\",\"@id\":\"https:\\\/\\\/akunq.net\\\/turkish\\\/2010\\\/05\\\/25\\\/alti-kilise-ustu-cami\\\/#breadcrumb\",\"itemListElement\":[{\"@type\":\"ListItem\",\"position\":1,\"name\":\"Home\",\"item\":\"https:\\\/\\\/akunq.net\\\/turkish\\\/\"},{\"@type\":\"ListItem\",\"position\":2,\"name\":\"Alt\u0131 kilise \u00fcst\u00fc cami\"}]},{\"@type\":\"WebSite\",\"@id\":\"https:\\\/\\\/akunq.net\\\/turkish\\\/#website\",\"url\":\"https:\\\/\\\/akunq.net\\\/turkish\\\/\",\"name\":\"Bati Ermenistan Ve Bati Ermenileri Sorunlari Ara\u015ftirmalar Merkezi\",\"description\":\"\",\"potentialAction\":[{\"@type\":\"SearchAction\",\"target\":{\"@type\":\"EntryPoint\",\"urlTemplate\":\"https:\\\/\\\/akunq.net\\\/turkish\\\/?s={search_term_string}\"},\"query-input\":{\"@type\":\"PropertyValueSpecification\",\"valueRequired\":true,\"valueName\":\"search_term_string\"}}],\"inLanguage\":\"en-US\"},{\"@type\":\"Person\",\"@id\":\"https:\\\/\\\/akunq.net\\\/turkish\\\/#\\\/schema\\\/person\\\/135e7923d1aeb8887890799619969a6c\",\"name\":\"kalem\",\"image\":{\"@type\":\"ImageObject\",\"inLanguage\":\"en-US\",\"@id\":\"https:\\\/\\\/secure.gravatar.com\\\/avatar\\\/a06875e4b25feb5674296adf8e8a7ae1e587cebce2493fe63c456109967e27d3?s=96&d=mm&r=g\",\"url\":\"https:\\\/\\\/secure.gravatar.com\\\/avatar\\\/a06875e4b25feb5674296adf8e8a7ae1e587cebce2493fe63c456109967e27d3?s=96&d=mm&r=g\",\"contentUrl\":\"https:\\\/\\\/secure.gravatar.com\\\/avatar\\\/a06875e4b25feb5674296adf8e8a7ae1e587cebce2493fe63c456109967e27d3?s=96&d=mm&r=g\",\"caption\":\"kalem\"},\"url\":\"https:\\\/\\\/akunq.net\\\/turkish\\\/author\\\/kalem\\\/\"}]}<\/script>\n<!-- \/ Yoast SEO plugin. -->","yoast_head_json":{"title":"Alt\u0131 kilise \u00fcst\u00fc cami - Bati Ermenistan Ve Bati Ermenileri Sorunlari Ara\u015ftirmalar Merkezi","robots":{"index":"index","follow":"follow","max-snippet":"max-snippet:-1","max-image-preview":"max-image-preview:large","max-video-preview":"max-video-preview:-1"},"canonical":"https:\/\/akunq.net\/turkish\/2010\/05\/25\/alti-kilise-ustu-cami\/","og_locale":"en_US","og_type":"article","og_title":"Alt\u0131 kilise \u00fcst\u00fc cami - Bati Ermenistan Ve Bati Ermenileri Sorunlari Ara\u015ftirmalar Merkezi","og_description":"Cami, kilise ve havran\u0131n ayn\u0131 sokakta yer ald\u0131\u011f\u0131 \u2018\u2019Bar\u0131\u015f ve Ho\u015fg\u00f6r\u00fc Kenti\u2019\u2019 olarak adland\u0131r\u0131lan Hatay\u2019da, farkl\u0131 dinlerin ibadet yerlerini yanyana ya da \u00fcst\u00fcste g\u00f6rmek m\u00fcmk\u00fcn. Samanda\u011f il\u00e7esine ba\u011fl\u0131 Yo\u011funoluk K\u00f6y\u00fc\u2019nde bulunan Ermeni Kilisesi\u2019nin \u00fczerinde ibadete a\u00e7\u0131k bir cami bulunuyor. Samanda\u011f Kaymakam\u0131 Tahsin Kurtbeyo\u011flu, y\u00f6rede \u00e7ok say\u0131da tarih\u00ee eser oldu\u011funu s\u00f6yledi. MS 1. y\u00fczy\u0131lda yap\u0131lan Titus [&hellip;]","og_url":"https:\/\/akunq.net\/turkish\/2010\/05\/25\/alti-kilise-ustu-cami\/","og_site_name":"Bati Ermenistan Ve Bati Ermenileri Sorunlari Ara\u015ftirmalar Merkezi","article_published_time":"2010-05-25T10:00:54+00:00","og_image":[{"width":300,"height":200,"url":"https:\/\/akunq.net\/turkish\/wp-content\/uploads\/sites\/5\/2010\/05\/alti-kilise-ustu-cami_1786_b.jpg","type":"image\/jpeg"}],"author":"kalem","twitter_card":"summary_large_image","twitter_misc":{"Written by":"kalem","Est. reading time":"1 minute"},"schema":{"@context":"https:\/\/schema.org","@graph":[{"@type":"Article","@id":"https:\/\/akunq.net\/turkish\/2010\/05\/25\/alti-kilise-ustu-cami\/#article","isPartOf":{"@id":"https:\/\/akunq.net\/turkish\/2010\/05\/25\/alti-kilise-ustu-cami\/"},"author":{"name":"kalem","@id":"https:\/\/akunq.net\/turkish\/#\/schema\/person\/135e7923d1aeb8887890799619969a6c"},"headline":"Alt\u0131 kilise \u00fcst\u00fc cami","datePublished":"2010-05-25T10:00:54+00:00","mainEntityOfPage":{"@id":"https:\/\/akunq.net\/turkish\/2010\/05\/25\/alti-kilise-ustu-cami\/"},"wordCount":266,"image":{"@id":"https:\/\/akunq.net\/turkish\/2010\/05\/25\/alti-kilise-ustu-cami\/#primaryimage"},"thumbnailUrl":"http:\/\/akunq.net\/tr\/wp-content\/uploads\/2010\/05\/alti-kilise-ustu-cami_1786_b.jpg","articleSection":["Haberler"],"inLanguage":"en-US"},{"@type":"WebPage","@id":"https:\/\/akunq.net\/turkish\/2010\/05\/25\/alti-kilise-ustu-cami\/","url":"https:\/\/akunq.net\/turkish\/2010\/05\/25\/alti-kilise-ustu-cami\/","name":"Alt\u0131 kilise \u00fcst\u00fc cami - Bati Ermenistan Ve Bati Ermenileri Sorunlari Ara\u015ftirmalar Merkezi","isPartOf":{"@id":"https:\/\/akunq.net\/turkish\/#website"},"primaryImageOfPage":{"@id":"https:\/\/akunq.net\/turkish\/2010\/05\/25\/alti-kilise-ustu-cami\/#primaryimage"},"image":{"@id":"https:\/\/akunq.net\/turkish\/2010\/05\/25\/alti-kilise-ustu-cami\/#primaryimage"},"thumbnailUrl":"http:\/\/akunq.net\/tr\/wp-content\/uploads\/2010\/05\/alti-kilise-ustu-cami_1786_b.jpg","datePublished":"2010-05-25T10:00:54+00:00","author":{"@id":"https:\/\/akunq.net\/turkish\/#\/schema\/person\/135e7923d1aeb8887890799619969a6c"},"breadcrumb":{"@id":"https:\/\/akunq.net\/turkish\/2010\/05\/25\/alti-kilise-ustu-cami\/#breadcrumb"},"inLanguage":"en-US","potentialAction":[{"@type":"ReadAction","target":["https:\/\/akunq.net\/turkish\/2010\/05\/25\/alti-kilise-ustu-cami\/"]}]},{"@type":"ImageObject","inLanguage":"en-US","@id":"https:\/\/akunq.net\/turkish\/2010\/05\/25\/alti-kilise-ustu-cami\/#primaryimage","url":"http:\/\/akunq.net\/tr\/wp-content\/uploads\/2010\/05\/alti-kilise-ustu-cami_1786_b.jpg","contentUrl":"http:\/\/akunq.net\/tr\/wp-content\/uploads\/2010\/05\/alti-kilise-ustu-cami_1786_b.jpg"},{"@type":"BreadcrumbList","@id":"https:\/\/akunq.net\/turkish\/2010\/05\/25\/alti-kilise-ustu-cami\/#breadcrumb","itemListElement":[{"@type":"ListItem","position":1,"name":"Home","item":"https:\/\/akunq.net\/turkish\/"},{"@type":"ListItem","position":2,"name":"Alt\u0131 kilise \u00fcst\u00fc cami"}]},{"@type":"WebSite","@id":"https:\/\/akunq.net\/turkish\/#website","url":"https:\/\/akunq.net\/turkish\/","name":"Bati Ermenistan Ve Bati Ermenileri Sorunlari Ara\u015ftirmalar Merkezi","description":"","potentialAction":[{"@type":"SearchAction","target":{"@type":"EntryPoint","urlTemplate":"https:\/\/akunq.net\/turkish\/?s={search_term_string}"},"query-input":{"@type":"PropertyValueSpecification","valueRequired":true,"valueName":"search_term_string"}}],"inLanguage":"en-US"},{"@type":"Person","@id":"https:\/\/akunq.net\/turkish\/#\/schema\/person\/135e7923d1aeb8887890799619969a6c","name":"kalem","image":{"@type":"ImageObject","inLanguage":"en-US","@id":"https:\/\/secure.gravatar.com\/avatar\/a06875e4b25feb5674296adf8e8a7ae1e587cebce2493fe63c456109967e27d3?s=96&d=mm&r=g","url":"https:\/\/secure.gravatar.com\/avatar\/a06875e4b25feb5674296adf8e8a7ae1e587cebce2493fe63c456109967e27d3?s=96&d=mm&r=g","contentUrl":"https:\/\/secure.gravatar.com\/avatar\/a06875e4b25feb5674296adf8e8a7ae1e587cebce2493fe63c456109967e27d3?s=96&d=mm&r=g","caption":"kalem"},"url":"https:\/\/akunq.net\/turkish\/author\/kalem\/"}]}},"_links":{"self":[{"href":"https:\/\/akunq.net\/turkish\/wp-json\/wp\/v2\/posts\/860","targetHints":{"allow":["GET"]}}],"collection":[{"href":"https:\/\/akunq.net\/turkish\/wp-json\/wp\/v2\/posts"}],"about":[{"href":"https:\/\/akunq.net\/turkish\/wp-json\/wp\/v2\/types\/post"}],"author":[{"embeddable":true,"href":"https:\/\/akunq.net\/turkish\/wp-json\/wp\/v2\/users\/3"}],"replies":[{"embeddable":true,"href":"https:\/\/akunq.net\/turkish\/wp-json\/wp\/v2\/comments?post=860"}],"version-history":[{"count":0,"href":"https:\/\/akunq.net\/turkish\/wp-json\/wp\/v2\/posts\/860\/revisions"}],"wp:attachment":[{"href":"https:\/\/akunq.net\/turkish\/wp-json\/wp\/v2\/media?parent=860"}],"wp:term":[{"taxonomy":"category","embeddable":true,"href":"https:\/\/akunq.net\/turkish\/wp-json\/wp\/v2\/categories?post=860"},{"taxonomy":"post_tag","embeddable":true,"href":"https:\/\/akunq.net\/turkish\/wp-json\/wp\/v2\/tags?post=860"}],"curies":[{"name":"wp","href":"https:\/\/api.w.org\/{rel}","templated":true}]}}