{"id":857,"date":"2010-05-25T04:37:32","date_gmt":"2010-05-25T09:37:32","guid":{"rendered":"http:\/\/akunq.net\/tr\/?p=857"},"modified":"2010-05-25T04:37:32","modified_gmt":"2010-05-25T09:37:32","slug":"akdamara-hac-icin-izin-cikti","status":"publish","type":"post","link":"https:\/\/akunq.net\/turkish\/2010\/05\/25\/akdamara-hac-icin-izin-cikti\/","title":{"rendered":"Akdamar\u2019a ha\u00e7 i\u00e7in izin \u00e7\u0131kt\u0131"},"content":{"rendered":"<p style=\"text-align: justify\"><strong>Ermeniler i\u00e7in \u00f6zel \u00f6neme sahip Akdamar Kilisesi\u2019ne ha\u00e7 tak\u0131lmas\u0131 i\u00e7in izin \u00e7\u0131kt\u0131. T\u00fcrkiye Ermenileri Ruhani Kurul Ba\u015fkan\u0131 Aram Ate\u015fyan, resmi bilgi almad\u0131klar\u0131n\u0131 belirterek, \u201cTabii ki Surp Ha\u00e7 Kilisesi\u2019nin ayine a\u00e7\u0131lmas\u0131 gibi, ha\u00e7 konulmas\u0131 da bizi sevindirir\u201d dedi.<\/strong><\/p>\n<p style=\"text-align: justify\">VAN\u2019da bulunan ve Ermeni d\u00fcnyas\u0131nda tarih\u00ee \u00f6neme sahip olan Akdamar (Aghtamar) Kilisesi\u2019ne ha\u00e7 as\u0131lmas\u0131 i\u00e7in nihayet izin \u00e7\u0131kt\u0131. Efes Vakf\u0131\u2019n\u0131n tan\u0131t\u0131m t\u00f6reni s\u0131ras\u0131nda Atlas Dergisi\u2019nin sorular\u0131n\u0131 cevapland\u0131ran K\u00fclt\u00fcr ve Turizm Bakan\u0131 Ertu\u011frul G\u00fcnay, Akdamar\u2019daki Surp Ha\u00e7 Kilisesi\u2019ne ha\u00e7 as\u0131lmas\u0131 i\u00e7in Van Tabiat ve K\u00fclt\u00fcr Varl\u0131klar\u0131n\u0131 Koruma Kurulu\u2019ndan karar \u00e7\u0131kt\u0131\u011f\u0131n\u0131 s\u00f6yledi. B\u00f6ylece, Cumhuriyet tarihinde ilk kez bu \u00f6l\u00e7\u00fcde \u00f6nemli bir kiliseye ha\u00e7 konulmas\u0131 i\u00e7in izin verilmi\u015f oldu.<\/p>\n<p style=\"text-align: justify\"><strong>Atina\u2019da a\u00e7\u0131klad\u0131<\/strong><\/p>\n<p style=\"text-align: justify\">Patrik Mesrob II\u2019nin rahats\u0131zl\u0131\u011f\u0131ndan sonra cemaatin en yetkili ki\u015fisi olan T\u00fcrkiye Ermenileri Ruhan\u00ee Meclis Ba\u015fkan\u0131 Ba\u015fepiskopos Aram Ate\u015fyan, konuya ili\u015fkin kendilerine herhangi bir bilgi gelmedi\u011fini, meseleyi bas\u0131ndan takip ettiklerini belirterek, \u201cMuhatap do\u011frudan biz oldu\u011fumuz halde bize bir yaz\u0131 ula\u015fmad\u0131. Ama tabii ki Kilise\u2019nin ayine a\u00e7\u0131lmas\u0131 gibi, ha\u00e7 konulmas\u0131 da bizi sevindirir\u201d dedi.<\/p>\n<p style=\"text-align: justify\">K\u00fclt\u00fcr ve Turizm Bakan\u0131 Ertu\u011frul G\u00fcnay, haberin \u00e7ok yeni oldu\u011funu ve bu nedenle he\u00fcz kamuoyu ile payla\u015fmaya f\u0131rsat bulamad\u0131klar\u0131n\u0131 ifade ederek \u015f\u00f6yle konu\u015ftu: \u201cKurul karar\u0131 \u00e7\u0131kt\u0131. \u00c7ok yeni bir haber. Hatta Van Valisi M\u00fcnir Karalo\u011flu karar\u0131 kamuoyuna duyurmam\u0131 rica etti ama ben bu arada Yunanistan\u2019a gittim. Yunan bas\u0131n\u0131na s\u00f6yledim. T\u00fcrkiye\u2019de ilk kez size s\u00f6yl\u00fcyorum. Ha\u00e7\u0131n \u015fekliyle ilgili bilimsel inceleme yap\u0131ld\u0131ktan sonra Eyl\u00fcl ay\u0131nda yap\u0131lacak \u00e2yin \u00f6ncesinde kiliseye as\u0131lacak\u201d.\u00a0<\/p>\n<p style=\"text-align: justify\"><strong>\u00a0<\/strong><strong>Karar sevindirici<\/strong><\/p>\n<p style=\"text-align: justify\">\u00a0T\u00fcrkiye Ermenileri Ruhan\u00ee Meclis Ba\u015fkan\u0131 Ba\u015fepiskopos Aram Ate\u015fyan, ne d\u00fczenlenecek \u00e2yin ne de ha\u00e7 as\u0131lmas\u0131na ili\u015fkin izin konusunda kendilerine herhangi bir resmi yaz\u0131 geldi\u011fini vurgulayarak \u015funlar\u0131 s\u00f6yledi:<br \/>\n\u201cMaalesef merkez ve muhatap Patrikhane oldu\u011fu halde, kilisenin \u00e2yine a\u00e7\u0131ld\u0131\u011f\u0131n\u0131 bildiren bakanl\u0131k yaz\u0131s\u0131 gelmedi\u011fi gibi, ha\u00e7la ilgili de resmi bir yaz\u0131 elimize ula\u015fmad\u0131. Biz bu geli\u015fmeleri bas\u0131ndan \u00f6\u011freniyoruz. Tabii ki kilisenin \u00e2yine a\u00e7\u0131lmas\u0131 gibi ha\u00e7 konulmas\u0131 da bizi sevindirir. En az\u0131ndan o y\u00f6rede ad\u0131 m\u00fcze de olsa bizim i\u00e7in kilise olan ibadethanenin tepesinde ha\u00e7 olmu\u015f olur.\u201d<\/p>\n<p style=\"text-align: justify\"><strong>Ha\u00e7 asma t\u00f6reni nedir<\/strong><\/p>\n<p style=\"text-align: justify\">RUHAN\u0130 Meclis Ba\u015fkan\u0131 Aram Ate\u015fyan, Ermeni k\u00fclt\u00fcr\u00fcnde ha\u00e7\u0131n nas\u0131l yerine konuldu\u011funu \u015f\u00f6yle anlatt\u0131: \u201cKilise bir as\u0131rd\u0131r ibadete kapal\u0131. 1890\u2019l\u0131 y\u0131llara kadar oras\u0131 bizim ba\u015fpiskoposlu\u011fumuz olmu\u015ftu. Eyl\u00fcl ay\u0131n\u0131n ikinci haftas\u0131 da kutsal ha\u00e7 yortusudur. Normalde ha\u00e7 kilisenin kubbesine konulduktan sonra din adam\u0131 kubbeye \u00e7\u0131kar ve kutsal ya\u011f ile (m\u00fcron) kutsar. Ancak biz Akdamar Kilisesi\u2019ni kutsamad\u0131\u011f\u0131m\u0131z i\u00e7in ha\u00e7\u0131 kutsamam\u0131z da gerekmiyor.\u201d<\/p>\n<p style=\"text-align: justify\"><strong>Mesrob II yapt\u0131rm\u0131\u015ft\u0131<\/strong><\/p>\n<p style=\"text-align: justify\">2007\u2019de restoras-yonu biten Surp Ha\u00e7 Kilisesi\u2019ne ha\u00e7 konulmas\u0131 i\u00e7in T\u00fcrkiye Ermenileri Patri\u011fi Mesrob II resmen ba\u015fvurmu\u015f, bir ha\u00e7 yapt\u0131rarak Van\u2019a g\u00f6ndermi\u015fti. Ancak, ge-rekli izinler \u00e7\u0131kmad\u0131\u011f\u0131 i\u00e7in ha\u00e7 depoya konulmu\u015ftu. B\u00f6ylece, referandum dolay\u0131s\u0131yla 19 Eyl\u00fcl\u2019e ertelenen \u00e2yin s\u0131ras\u0131nda Surp Ha\u00e7\u2019\u0131n tepesinde ha\u00e7 da bulunacak.<\/p>\n<p style=\"text-align: justify\"><strong>Sefa KAPLAN<\/strong> \u00a0hurriyet.com.tr, 24.05.2010<\/p>\n","protected":false},"excerpt":{"rendered":"<p>Ermeniler i\u00e7in \u00f6zel \u00f6neme sahip Akdamar Kilisesi\u2019ne ha\u00e7 tak\u0131lmas\u0131 i\u00e7in izin \u00e7\u0131kt\u0131. T\u00fcrkiye Ermenileri Ruhani Kurul Ba\u015fkan\u0131 Aram Ate\u015fyan, resmi bilgi almad\u0131klar\u0131n\u0131 belirterek, \u201cTabii ki Surp Ha\u00e7 Kilisesi\u2019nin ayine a\u00e7\u0131lmas\u0131 gibi, ha\u00e7 konulmas\u0131 da bizi sevindirir\u201d dedi. VAN\u2019da bulunan ve Ermeni d\u00fcnyas\u0131nda tarih\u00ee \u00f6neme sahip olan Akdamar (Aghtamar) Kilisesi\u2019ne ha\u00e7 as\u0131lmas\u0131 i\u00e7in nihayet izin \u00e7\u0131kt\u0131. [&hellip;]<\/p>\n","protected":false},"author":3,"featured_media":0,"comment_status":"closed","ping_status":"open","sticky":false,"template":"","format":"standard","meta":{"footnotes":""},"categories":[14],"tags":[],"class_list":["post-857","post","type-post","status-publish","format-standard","hentry","category-haberler"],"yoast_head":"<!-- This site is optimized with the Yoast SEO plugin v27.4 - https:\/\/yoast.com\/product\/yoast-seo-wordpress\/ -->\n<title>Akdamar\u2019a ha\u00e7 i\u00e7in izin \u00e7\u0131kt\u0131 - Bati Ermenistan Ve Bati Ermenileri Sorunlari Ara\u015ftirmalar Merkezi<\/title>\n<meta name=\"robots\" content=\"index, follow, max-snippet:-1, max-image-preview:large, max-video-preview:-1\" \/>\n<link rel=\"canonical\" href=\"https:\/\/akunq.net\/turkish\/2010\/05\/25\/akdamara-hac-icin-izin-cikti\/\" \/>\n<meta property=\"og:locale\" content=\"en_US\" \/>\n<meta property=\"og:type\" content=\"article\" \/>\n<meta property=\"og:title\" content=\"Akdamar\u2019a ha\u00e7 i\u00e7in izin \u00e7\u0131kt\u0131 - Bati Ermenistan Ve Bati Ermenileri Sorunlari Ara\u015ftirmalar Merkezi\" \/>\n<meta property=\"og:description\" content=\"Ermeniler i\u00e7in \u00f6zel \u00f6neme sahip Akdamar Kilisesi\u2019ne ha\u00e7 tak\u0131lmas\u0131 i\u00e7in izin \u00e7\u0131kt\u0131. T\u00fcrkiye Ermenileri Ruhani Kurul Ba\u015fkan\u0131 Aram Ate\u015fyan, resmi bilgi almad\u0131klar\u0131n\u0131 belirterek, \u201cTabii ki Surp Ha\u00e7 Kilisesi\u2019nin ayine a\u00e7\u0131lmas\u0131 gibi, ha\u00e7 konulmas\u0131 da bizi sevindirir\u201d dedi. VAN\u2019da bulunan ve Ermeni d\u00fcnyas\u0131nda tarih\u00ee \u00f6neme sahip olan Akdamar (Aghtamar) Kilisesi\u2019ne ha\u00e7 as\u0131lmas\u0131 i\u00e7in nihayet izin \u00e7\u0131kt\u0131. [&hellip;]\" \/>\n<meta property=\"og:url\" content=\"https:\/\/akunq.net\/turkish\/2010\/05\/25\/akdamara-hac-icin-izin-cikti\/\" \/>\n<meta property=\"og:site_name\" content=\"Bati Ermenistan Ve Bati Ermenileri Sorunlari Ara\u015ftirmalar Merkezi\" \/>\n<meta property=\"article:published_time\" content=\"2010-05-25T09:37:32+00:00\" \/>\n<meta name=\"author\" content=\"kalem\" \/>\n<meta name=\"twitter:card\" content=\"summary_large_image\" \/>\n<meta name=\"twitter:label1\" content=\"Written by\" \/>\n\t<meta name=\"twitter:data1\" content=\"kalem\" \/>\n\t<meta name=\"twitter:label2\" content=\"Est. reading time\" \/>\n\t<meta name=\"twitter:data2\" content=\"3 minutes\" \/>\n<script type=\"application\/ld+json\" class=\"yoast-schema-graph\">{\"@context\":\"https:\\\/\\\/schema.org\",\"@graph\":[{\"@type\":\"Article\",\"@id\":\"https:\\\/\\\/akunq.net\\\/turkish\\\/2010\\\/05\\\/25\\\/akdamara-hac-icin-izin-cikti\\\/#article\",\"isPartOf\":{\"@id\":\"https:\\\/\\\/akunq.net\\\/turkish\\\/2010\\\/05\\\/25\\\/akdamara-hac-icin-izin-cikti\\\/\"},\"author\":{\"name\":\"kalem\",\"@id\":\"https:\\\/\\\/akunq.net\\\/turkish\\\/#\\\/schema\\\/person\\\/135e7923d1aeb8887890799619969a6c\"},\"headline\":\"Akdamar\u2019a ha\u00e7 i\u00e7in izin \u00e7\u0131kt\u0131\",\"datePublished\":\"2010-05-25T09:37:32+00:00\",\"mainEntityOfPage\":{\"@id\":\"https:\\\/\\\/akunq.net\\\/turkish\\\/2010\\\/05\\\/25\\\/akdamara-hac-icin-izin-cikti\\\/\"},\"wordCount\":591,\"articleSection\":[\"Haberler\"],\"inLanguage\":\"en-US\"},{\"@type\":\"WebPage\",\"@id\":\"https:\\\/\\\/akunq.net\\\/turkish\\\/2010\\\/05\\\/25\\\/akdamara-hac-icin-izin-cikti\\\/\",\"url\":\"https:\\\/\\\/akunq.net\\\/turkish\\\/2010\\\/05\\\/25\\\/akdamara-hac-icin-izin-cikti\\\/\",\"name\":\"Akdamar\u2019a ha\u00e7 i\u00e7in izin \u00e7\u0131kt\u0131 - Bati Ermenistan Ve Bati Ermenileri Sorunlari Ara\u015ftirmalar Merkezi\",\"isPartOf\":{\"@id\":\"https:\\\/\\\/akunq.net\\\/turkish\\\/#website\"},\"datePublished\":\"2010-05-25T09:37:32+00:00\",\"author\":{\"@id\":\"https:\\\/\\\/akunq.net\\\/turkish\\\/#\\\/schema\\\/person\\\/135e7923d1aeb8887890799619969a6c\"},\"breadcrumb\":{\"@id\":\"https:\\\/\\\/akunq.net\\\/turkish\\\/2010\\\/05\\\/25\\\/akdamara-hac-icin-izin-cikti\\\/#breadcrumb\"},\"inLanguage\":\"en-US\",\"potentialAction\":[{\"@type\":\"ReadAction\",\"target\":[\"https:\\\/\\\/akunq.net\\\/turkish\\\/2010\\\/05\\\/25\\\/akdamara-hac-icin-izin-cikti\\\/\"]}]},{\"@type\":\"BreadcrumbList\",\"@id\":\"https:\\\/\\\/akunq.net\\\/turkish\\\/2010\\\/05\\\/25\\\/akdamara-hac-icin-izin-cikti\\\/#breadcrumb\",\"itemListElement\":[{\"@type\":\"ListItem\",\"position\":1,\"name\":\"Home\",\"item\":\"https:\\\/\\\/akunq.net\\\/turkish\\\/\"},{\"@type\":\"ListItem\",\"position\":2,\"name\":\"Akdamar\u2019a ha\u00e7 i\u00e7in izin \u00e7\u0131kt\u0131\"}]},{\"@type\":\"WebSite\",\"@id\":\"https:\\\/\\\/akunq.net\\\/turkish\\\/#website\",\"url\":\"https:\\\/\\\/akunq.net\\\/turkish\\\/\",\"name\":\"Bati Ermenistan Ve Bati Ermenileri Sorunlari Ara\u015ftirmalar Merkezi\",\"description\":\"\",\"potentialAction\":[{\"@type\":\"SearchAction\",\"target\":{\"@type\":\"EntryPoint\",\"urlTemplate\":\"https:\\\/\\\/akunq.net\\\/turkish\\\/?s={search_term_string}\"},\"query-input\":{\"@type\":\"PropertyValueSpecification\",\"valueRequired\":true,\"valueName\":\"search_term_string\"}}],\"inLanguage\":\"en-US\"},{\"@type\":\"Person\",\"@id\":\"https:\\\/\\\/akunq.net\\\/turkish\\\/#\\\/schema\\\/person\\\/135e7923d1aeb8887890799619969a6c\",\"name\":\"kalem\",\"image\":{\"@type\":\"ImageObject\",\"inLanguage\":\"en-US\",\"@id\":\"https:\\\/\\\/secure.gravatar.com\\\/avatar\\\/a06875e4b25feb5674296adf8e8a7ae1e587cebce2493fe63c456109967e27d3?s=96&d=mm&r=g\",\"url\":\"https:\\\/\\\/secure.gravatar.com\\\/avatar\\\/a06875e4b25feb5674296adf8e8a7ae1e587cebce2493fe63c456109967e27d3?s=96&d=mm&r=g\",\"contentUrl\":\"https:\\\/\\\/secure.gravatar.com\\\/avatar\\\/a06875e4b25feb5674296adf8e8a7ae1e587cebce2493fe63c456109967e27d3?s=96&d=mm&r=g\",\"caption\":\"kalem\"},\"url\":\"https:\\\/\\\/akunq.net\\\/turkish\\\/author\\\/kalem\\\/\"}]}<\/script>\n<!-- \/ Yoast SEO plugin. -->","yoast_head_json":{"title":"Akdamar\u2019a ha\u00e7 i\u00e7in izin \u00e7\u0131kt\u0131 - Bati Ermenistan Ve Bati Ermenileri Sorunlari Ara\u015ftirmalar Merkezi","robots":{"index":"index","follow":"follow","max-snippet":"max-snippet:-1","max-image-preview":"max-image-preview:large","max-video-preview":"max-video-preview:-1"},"canonical":"https:\/\/akunq.net\/turkish\/2010\/05\/25\/akdamara-hac-icin-izin-cikti\/","og_locale":"en_US","og_type":"article","og_title":"Akdamar\u2019a ha\u00e7 i\u00e7in izin \u00e7\u0131kt\u0131 - Bati Ermenistan Ve Bati Ermenileri Sorunlari Ara\u015ftirmalar Merkezi","og_description":"Ermeniler i\u00e7in \u00f6zel \u00f6neme sahip Akdamar Kilisesi\u2019ne ha\u00e7 tak\u0131lmas\u0131 i\u00e7in izin \u00e7\u0131kt\u0131. T\u00fcrkiye Ermenileri Ruhani Kurul Ba\u015fkan\u0131 Aram Ate\u015fyan, resmi bilgi almad\u0131klar\u0131n\u0131 belirterek, \u201cTabii ki Surp Ha\u00e7 Kilisesi\u2019nin ayine a\u00e7\u0131lmas\u0131 gibi, ha\u00e7 konulmas\u0131 da bizi sevindirir\u201d dedi. VAN\u2019da bulunan ve Ermeni d\u00fcnyas\u0131nda tarih\u00ee \u00f6neme sahip olan Akdamar (Aghtamar) Kilisesi\u2019ne ha\u00e7 as\u0131lmas\u0131 i\u00e7in nihayet izin \u00e7\u0131kt\u0131. [&hellip;]","og_url":"https:\/\/akunq.net\/turkish\/2010\/05\/25\/akdamara-hac-icin-izin-cikti\/","og_site_name":"Bati Ermenistan Ve Bati Ermenileri Sorunlari Ara\u015ftirmalar Merkezi","article_published_time":"2010-05-25T09:37:32+00:00","author":"kalem","twitter_card":"summary_large_image","twitter_misc":{"Written by":"kalem","Est. reading time":"3 minutes"},"schema":{"@context":"https:\/\/schema.org","@graph":[{"@type":"Article","@id":"https:\/\/akunq.net\/turkish\/2010\/05\/25\/akdamara-hac-icin-izin-cikti\/#article","isPartOf":{"@id":"https:\/\/akunq.net\/turkish\/2010\/05\/25\/akdamara-hac-icin-izin-cikti\/"},"author":{"name":"kalem","@id":"https:\/\/akunq.net\/turkish\/#\/schema\/person\/135e7923d1aeb8887890799619969a6c"},"headline":"Akdamar\u2019a ha\u00e7 i\u00e7in izin \u00e7\u0131kt\u0131","datePublished":"2010-05-25T09:37:32+00:00","mainEntityOfPage":{"@id":"https:\/\/akunq.net\/turkish\/2010\/05\/25\/akdamara-hac-icin-izin-cikti\/"},"wordCount":591,"articleSection":["Haberler"],"inLanguage":"en-US"},{"@type":"WebPage","@id":"https:\/\/akunq.net\/turkish\/2010\/05\/25\/akdamara-hac-icin-izin-cikti\/","url":"https:\/\/akunq.net\/turkish\/2010\/05\/25\/akdamara-hac-icin-izin-cikti\/","name":"Akdamar\u2019a ha\u00e7 i\u00e7in izin \u00e7\u0131kt\u0131 - Bati Ermenistan Ve Bati Ermenileri Sorunlari Ara\u015ftirmalar Merkezi","isPartOf":{"@id":"https:\/\/akunq.net\/turkish\/#website"},"datePublished":"2010-05-25T09:37:32+00:00","author":{"@id":"https:\/\/akunq.net\/turkish\/#\/schema\/person\/135e7923d1aeb8887890799619969a6c"},"breadcrumb":{"@id":"https:\/\/akunq.net\/turkish\/2010\/05\/25\/akdamara-hac-icin-izin-cikti\/#breadcrumb"},"inLanguage":"en-US","potentialAction":[{"@type":"ReadAction","target":["https:\/\/akunq.net\/turkish\/2010\/05\/25\/akdamara-hac-icin-izin-cikti\/"]}]},{"@type":"BreadcrumbList","@id":"https:\/\/akunq.net\/turkish\/2010\/05\/25\/akdamara-hac-icin-izin-cikti\/#breadcrumb","itemListElement":[{"@type":"ListItem","position":1,"name":"Home","item":"https:\/\/akunq.net\/turkish\/"},{"@type":"ListItem","position":2,"name":"Akdamar\u2019a ha\u00e7 i\u00e7in izin \u00e7\u0131kt\u0131"}]},{"@type":"WebSite","@id":"https:\/\/akunq.net\/turkish\/#website","url":"https:\/\/akunq.net\/turkish\/","name":"Bati Ermenistan Ve Bati Ermenileri Sorunlari Ara\u015ftirmalar Merkezi","description":"","potentialAction":[{"@type":"SearchAction","target":{"@type":"EntryPoint","urlTemplate":"https:\/\/akunq.net\/turkish\/?s={search_term_string}"},"query-input":{"@type":"PropertyValueSpecification","valueRequired":true,"valueName":"search_term_string"}}],"inLanguage":"en-US"},{"@type":"Person","@id":"https:\/\/akunq.net\/turkish\/#\/schema\/person\/135e7923d1aeb8887890799619969a6c","name":"kalem","image":{"@type":"ImageObject","inLanguage":"en-US","@id":"https:\/\/secure.gravatar.com\/avatar\/a06875e4b25feb5674296adf8e8a7ae1e587cebce2493fe63c456109967e27d3?s=96&d=mm&r=g","url":"https:\/\/secure.gravatar.com\/avatar\/a06875e4b25feb5674296adf8e8a7ae1e587cebce2493fe63c456109967e27d3?s=96&d=mm&r=g","contentUrl":"https:\/\/secure.gravatar.com\/avatar\/a06875e4b25feb5674296adf8e8a7ae1e587cebce2493fe63c456109967e27d3?s=96&d=mm&r=g","caption":"kalem"},"url":"https:\/\/akunq.net\/turkish\/author\/kalem\/"}]}},"_links":{"self":[{"href":"https:\/\/akunq.net\/turkish\/wp-json\/wp\/v2\/posts\/857","targetHints":{"allow":["GET"]}}],"collection":[{"href":"https:\/\/akunq.net\/turkish\/wp-json\/wp\/v2\/posts"}],"about":[{"href":"https:\/\/akunq.net\/turkish\/wp-json\/wp\/v2\/types\/post"}],"author":[{"embeddable":true,"href":"https:\/\/akunq.net\/turkish\/wp-json\/wp\/v2\/users\/3"}],"replies":[{"embeddable":true,"href":"https:\/\/akunq.net\/turkish\/wp-json\/wp\/v2\/comments?post=857"}],"version-history":[{"count":0,"href":"https:\/\/akunq.net\/turkish\/wp-json\/wp\/v2\/posts\/857\/revisions"}],"wp:attachment":[{"href":"https:\/\/akunq.net\/turkish\/wp-json\/wp\/v2\/media?parent=857"}],"wp:term":[{"taxonomy":"category","embeddable":true,"href":"https:\/\/akunq.net\/turkish\/wp-json\/wp\/v2\/categories?post=857"},{"taxonomy":"post_tag","embeddable":true,"href":"https:\/\/akunq.net\/turkish\/wp-json\/wp\/v2\/tags?post=857"}],"curies":[{"name":"wp","href":"https:\/\/api.w.org\/{rel}","templated":true}]}}