{"id":855,"date":"2010-05-22T03:15:00","date_gmt":"2010-05-22T08:15:00","guid":{"rendered":"http:\/\/akunq.net\/tr\/?p=855"},"modified":"2010-05-22T03:15:00","modified_gmt":"2010-05-22T08:15:00","slug":"baskin-oran-ermeni-tehcirinin-en-onemli-sebebi-yenikoy-anlasmasi","status":"publish","type":"post","link":"https:\/\/akunq.net\/turkish\/2010\/05\/22\/baskin-oran-ermeni-tehcirinin-en-onemli-sebebi-yenikoy-anlasmasi\/","title":{"rendered":"Bask\u0131n Oran: Ermeni tehcirinin en \u00f6nemli sebebi Yenik\u00f6y Anla\u015fmas\u0131"},"content":{"rendered":"<p style=\"text-align: justify\"><strong>\u00a0<\/strong><strong>Prof. Dr. Bask\u0131n Oran, 1915&#8217;te imzalanan Yenik\u00f6y Anla\u015fmas\u0131n\u0131n Ermeni tehcirinin en \u00f6nemli sebeplerinden biri oldu\u011funu s\u00f6yledi.<\/strong><\/p>\n<p style=\"text-align: justify\">Osmanl\u0131&#8217;n\u0131n Rusya ile yapt\u0131\u011f\u0131 anla\u015fman\u0131n, Rus s\u0131n\u0131r\u0131ndan Sivas&#8217;a kadar olan b\u00f6lge i\u00e7in yar\u0131 \u00f6zerklik i\u00e7erdi\u011fini belirten Oran, &#8220;Osmanl\u0131, bu b\u00f6lgede art\u0131k Rusya&#8217;ya kar\u015f\u0131 sorumlu olacakt\u0131. Bu, Do\u011fu ve G\u00fcneydo\u011fu&#8217;nun Rusya&#8217;ya b\u0131rak\u0131lmas\u0131 anlam\u0131 ta\u015f\u0131yordu. Ard\u0131ndan, askerine \u00e7ar\u0131k alamayan Osmanl\u0131, Sadrazam&#8217;dan habersiz olarak birinci d\u00fcnya sava\u015f\u0131na girdi.&#8221; dedi.<\/p>\n<p style=\"text-align: justify\">Diyarbak\u0131r Dicle \u00dcniversitesi&#8217;nin d\u00fczenledi\u011fi \u0130kinci Sosyal Bilimler Konferans\u0131&#8217;nda kimlik konusu tart\u0131\u015f\u0131ld\u0131. Gazeteci Bejan Matur&#8217;un moderat\u00f6rl\u00fc\u011f\u00fcn\u00fc yapt\u0131\u011f\u0131 oturumda konu\u015fan Bask\u0131n Oran, cesur bir kararla kimlik sorununu tart\u0131\u015fmaya a\u00e7t\u0131\u011f\u0131 i\u00e7in Dicle \u00dcniversitesi&#8217;ne te\u015fekk\u00fcr etti.<br \/>\nK\u00fcrtler&#8217;in ve Ermeniler&#8217;in 1071&#8217;de Alparslan&#8217;a yard\u0131m etti\u011fini anlatan Oran, tarihsel s\u00fcre\u00e7 i\u00e7inde \u0130stanbul ve Do\u011fu Anadolu Ermenileri \u015feklinde iki ayr\u0131 yap\u0131dan bahsedilebilece\u011fini kaydetti. Prof. Oran, aristokrat olan Osmanl\u0131&#8217;ya tam entegre olan \u0130stanbul Ermenilerinin, da\u011fl\u0131, esnaf ve zanaatk\u00e2r olan Do\u011fu&#8217;daki Ermenilerin sorunlar\u0131yla ilgilenmedi\u011fini vurgulad\u0131. \u00c7erkezlerin ve K\u00fcrtlerin uzun y\u0131llar Ermeniler \u00fczerinden ge\u00e7indi\u011fini, onlardan hara\u00e7 ald\u0131\u011f\u0131n\u0131 dile getiren Bask\u0131n Oran, Bab\u0131ali&#8217;nin bu meseleyle hi\u00e7 ilgilenmedi\u011fini dile getirdi. Ermeni isyanlar\u0131na kar\u015f\u0131 Hamidiye Alaylar\u0131 kuruldu\u011funu hat\u0131rlatan Oran, s\u00f6zlerini \u015f\u00f6yle s\u00fcrd\u00fcrd\u00fc: &#8220;\u0130ttihat\u00e7\u0131larla Ta\u015fnaklar 1908 se\u00e7imlerine ayn\u0131 listeden girdi. Bu birliktelik 1913&#8217;e kadar s\u00fcrd\u00fc. Tehcirin sebepleri anlat\u0131l\u0131rken bir \u00e7ok \u015fey s\u00f6ylenir. Ancak as\u0131l sebep Ermenilerin Ruslara yard\u0131m\u0131 veya sava\u015f de\u011fildir. \u00c7\u00fcnk\u00fc TSK ar\u015fivlerine g\u00f6re, Rus ordular\u0131na yard\u0131m edenlerin say\u0131s\u0131 6 bin ila 15 bin aras\u0131ndad\u0131r. As\u0131l sebep 8 \u015eubat 1914&#8217;te Rusya ile imzalanan Yenik\u00f6y anla\u015fmas\u0131d\u0131r. Trabzon&#8217;un da kat\u0131l\u0131m\u0131yla Vilayat-\u0131 Sitte ikiye ayr\u0131l\u0131yor ve b\u00fcy\u00fck devletlerin se\u00e7ece\u011fi iki umumi m\u00fcfetti\u015f taraf\u0131ndan y\u00f6netilmesi \u00f6ng\u00f6r\u00fcl\u00fcyordu. M\u00fcsl\u00fcmanlarla gayr\u0131 M\u00fcsl\u00fcmanlar aras\u0131nda temsilde e\u015fitlik geliyordu. Do\u011fu ve G\u00fcneydo\u011fu asl\u0131nda Rusya&#8217;ya b\u0131rak\u0131lm\u0131\u015f oluyordu.&#8221;<\/p>\n<p style=\"text-align: justify\">Bask\u0131n Oran, tehciri d\u00fcnya g\u00fcndeminde tutmaya \u00e7al\u0131\u015fan Ermenilerin, \u0130stanbul&#8217;daki patrikhanenin umursamaz tav\u0131rlar\u0131, Ermeni ter\u00f6ristlerin eylemleri, intikam sald\u0131r\u0131lar\u0131 ve Asala cinayetlerini g\u00f6rmezden geldi\u011fini s\u00f6zlerine ekledi.<\/p>\n<p style=\"text-align: justify\">beyazgazete.com, \u00a021.5.2010<\/p>\n","protected":false},"excerpt":{"rendered":"<p>\u00a0Prof. Dr. Bask\u0131n Oran, 1915&#8217;te imzalanan Yenik\u00f6y Anla\u015fmas\u0131n\u0131n Ermeni tehcirinin en \u00f6nemli sebeplerinden biri oldu\u011funu s\u00f6yledi. Osmanl\u0131&#8217;n\u0131n Rusya ile yapt\u0131\u011f\u0131 anla\u015fman\u0131n, Rus s\u0131n\u0131r\u0131ndan Sivas&#8217;a kadar olan b\u00f6lge i\u00e7in yar\u0131 \u00f6zerklik i\u00e7erdi\u011fini belirten Oran, &#8220;Osmanl\u0131, bu b\u00f6lgede art\u0131k Rusya&#8217;ya kar\u015f\u0131 sorumlu olacakt\u0131. Bu, Do\u011fu ve G\u00fcneydo\u011fu&#8217;nun Rusya&#8217;ya b\u0131rak\u0131lmas\u0131 anlam\u0131 ta\u015f\u0131yordu. Ard\u0131ndan, askerine \u00e7ar\u0131k alamayan Osmanl\u0131, Sadrazam&#8217;dan [&hellip;]<\/p>\n","protected":false},"author":3,"featured_media":0,"comment_status":"closed","ping_status":"open","sticky":false,"template":"","format":"standard","meta":{"footnotes":""},"categories":[14],"tags":[],"class_list":["post-855","post","type-post","status-publish","format-standard","hentry","category-haberler"],"yoast_head":"<!-- This site is optimized with the Yoast SEO plugin v27.4 - https:\/\/yoast.com\/product\/yoast-seo-wordpress\/ -->\n<title>Bask\u0131n Oran: Ermeni tehcirinin en \u00f6nemli sebebi Yenik\u00f6y Anla\u015fmas\u0131 - Bati Ermenistan Ve Bati Ermenileri Sorunlari Ara\u015ftirmalar Merkezi<\/title>\n<meta name=\"robots\" content=\"index, follow, max-snippet:-1, max-image-preview:large, max-video-preview:-1\" \/>\n<link rel=\"canonical\" href=\"https:\/\/akunq.net\/turkish\/2010\/05\/22\/baskin-oran-ermeni-tehcirinin-en-onemli-sebebi-yenikoy-anlasmasi\/\" \/>\n<meta property=\"og:locale\" content=\"en_US\" \/>\n<meta property=\"og:type\" content=\"article\" \/>\n<meta property=\"og:title\" content=\"Bask\u0131n Oran: Ermeni tehcirinin en \u00f6nemli sebebi Yenik\u00f6y Anla\u015fmas\u0131 - Bati Ermenistan Ve Bati Ermenileri Sorunlari Ara\u015ftirmalar Merkezi\" \/>\n<meta property=\"og:description\" content=\"\u00a0Prof. Dr. Bask\u0131n Oran, 1915&#8217;te imzalanan Yenik\u00f6y Anla\u015fmas\u0131n\u0131n Ermeni tehcirinin en \u00f6nemli sebeplerinden biri oldu\u011funu s\u00f6yledi. Osmanl\u0131&#8217;n\u0131n Rusya ile yapt\u0131\u011f\u0131 anla\u015fman\u0131n, Rus s\u0131n\u0131r\u0131ndan Sivas&#8217;a kadar olan b\u00f6lge i\u00e7in yar\u0131 \u00f6zerklik i\u00e7erdi\u011fini belirten Oran, &#8220;Osmanl\u0131, bu b\u00f6lgede art\u0131k Rusya&#8217;ya kar\u015f\u0131 sorumlu olacakt\u0131. Bu, Do\u011fu ve G\u00fcneydo\u011fu&#8217;nun Rusya&#8217;ya b\u0131rak\u0131lmas\u0131 anlam\u0131 ta\u015f\u0131yordu. Ard\u0131ndan, askerine \u00e7ar\u0131k alamayan Osmanl\u0131, Sadrazam&#8217;dan [&hellip;]\" \/>\n<meta property=\"og:url\" content=\"https:\/\/akunq.net\/turkish\/2010\/05\/22\/baskin-oran-ermeni-tehcirinin-en-onemli-sebebi-yenikoy-anlasmasi\/\" \/>\n<meta property=\"og:site_name\" content=\"Bati Ermenistan Ve Bati Ermenileri Sorunlari Ara\u015ftirmalar Merkezi\" \/>\n<meta property=\"article:published_time\" content=\"2010-05-22T08:15:00+00:00\" \/>\n<meta name=\"author\" content=\"kalem\" \/>\n<meta name=\"twitter:card\" content=\"summary_large_image\" \/>\n<meta name=\"twitter:label1\" content=\"Written by\" \/>\n\t<meta name=\"twitter:data1\" content=\"kalem\" \/>\n\t<meta name=\"twitter:label2\" content=\"Est. reading time\" \/>\n\t<meta name=\"twitter:data2\" content=\"2 minutes\" \/>\n<script type=\"application\/ld+json\" class=\"yoast-schema-graph\">{\"@context\":\"https:\\\/\\\/schema.org\",\"@graph\":[{\"@type\":\"Article\",\"@id\":\"https:\\\/\\\/akunq.net\\\/turkish\\\/2010\\\/05\\\/22\\\/baskin-oran-ermeni-tehcirinin-en-onemli-sebebi-yenikoy-anlasmasi\\\/#article\",\"isPartOf\":{\"@id\":\"https:\\\/\\\/akunq.net\\\/turkish\\\/2010\\\/05\\\/22\\\/baskin-oran-ermeni-tehcirinin-en-onemli-sebebi-yenikoy-anlasmasi\\\/\"},\"author\":{\"name\":\"kalem\",\"@id\":\"https:\\\/\\\/akunq.net\\\/turkish\\\/#\\\/schema\\\/person\\\/135e7923d1aeb8887890799619969a6c\"},\"headline\":\"Bask\u0131n Oran: Ermeni tehcirinin en \u00f6nemli sebebi Yenik\u00f6y Anla\u015fmas\u0131\",\"datePublished\":\"2010-05-22T08:15:00+00:00\",\"mainEntityOfPage\":{\"@id\":\"https:\\\/\\\/akunq.net\\\/turkish\\\/2010\\\/05\\\/22\\\/baskin-oran-ermeni-tehcirinin-en-onemli-sebebi-yenikoy-anlasmasi\\\/\"},\"wordCount\":420,\"articleSection\":[\"Haberler\"],\"inLanguage\":\"en-US\"},{\"@type\":\"WebPage\",\"@id\":\"https:\\\/\\\/akunq.net\\\/turkish\\\/2010\\\/05\\\/22\\\/baskin-oran-ermeni-tehcirinin-en-onemli-sebebi-yenikoy-anlasmasi\\\/\",\"url\":\"https:\\\/\\\/akunq.net\\\/turkish\\\/2010\\\/05\\\/22\\\/baskin-oran-ermeni-tehcirinin-en-onemli-sebebi-yenikoy-anlasmasi\\\/\",\"name\":\"Bask\u0131n Oran: Ermeni tehcirinin en \u00f6nemli sebebi Yenik\u00f6y Anla\u015fmas\u0131 - Bati Ermenistan Ve Bati Ermenileri Sorunlari Ara\u015ftirmalar Merkezi\",\"isPartOf\":{\"@id\":\"https:\\\/\\\/akunq.net\\\/turkish\\\/#website\"},\"datePublished\":\"2010-05-22T08:15:00+00:00\",\"author\":{\"@id\":\"https:\\\/\\\/akunq.net\\\/turkish\\\/#\\\/schema\\\/person\\\/135e7923d1aeb8887890799619969a6c\"},\"breadcrumb\":{\"@id\":\"https:\\\/\\\/akunq.net\\\/turkish\\\/2010\\\/05\\\/22\\\/baskin-oran-ermeni-tehcirinin-en-onemli-sebebi-yenikoy-anlasmasi\\\/#breadcrumb\"},\"inLanguage\":\"en-US\",\"potentialAction\":[{\"@type\":\"ReadAction\",\"target\":[\"https:\\\/\\\/akunq.net\\\/turkish\\\/2010\\\/05\\\/22\\\/baskin-oran-ermeni-tehcirinin-en-onemli-sebebi-yenikoy-anlasmasi\\\/\"]}]},{\"@type\":\"BreadcrumbList\",\"@id\":\"https:\\\/\\\/akunq.net\\\/turkish\\\/2010\\\/05\\\/22\\\/baskin-oran-ermeni-tehcirinin-en-onemli-sebebi-yenikoy-anlasmasi\\\/#breadcrumb\",\"itemListElement\":[{\"@type\":\"ListItem\",\"position\":1,\"name\":\"Home\",\"item\":\"https:\\\/\\\/akunq.net\\\/turkish\\\/\"},{\"@type\":\"ListItem\",\"position\":2,\"name\":\"Bask\u0131n Oran: Ermeni tehcirinin en \u00f6nemli sebebi Yenik\u00f6y Anla\u015fmas\u0131\"}]},{\"@type\":\"WebSite\",\"@id\":\"https:\\\/\\\/akunq.net\\\/turkish\\\/#website\",\"url\":\"https:\\\/\\\/akunq.net\\\/turkish\\\/\",\"name\":\"Bati Ermenistan Ve Bati Ermenileri Sorunlari Ara\u015ftirmalar Merkezi\",\"description\":\"\",\"potentialAction\":[{\"@type\":\"SearchAction\",\"target\":{\"@type\":\"EntryPoint\",\"urlTemplate\":\"https:\\\/\\\/akunq.net\\\/turkish\\\/?s={search_term_string}\"},\"query-input\":{\"@type\":\"PropertyValueSpecification\",\"valueRequired\":true,\"valueName\":\"search_term_string\"}}],\"inLanguage\":\"en-US\"},{\"@type\":\"Person\",\"@id\":\"https:\\\/\\\/akunq.net\\\/turkish\\\/#\\\/schema\\\/person\\\/135e7923d1aeb8887890799619969a6c\",\"name\":\"kalem\",\"image\":{\"@type\":\"ImageObject\",\"inLanguage\":\"en-US\",\"@id\":\"https:\\\/\\\/secure.gravatar.com\\\/avatar\\\/a06875e4b25feb5674296adf8e8a7ae1e587cebce2493fe63c456109967e27d3?s=96&d=mm&r=g\",\"url\":\"https:\\\/\\\/secure.gravatar.com\\\/avatar\\\/a06875e4b25feb5674296adf8e8a7ae1e587cebce2493fe63c456109967e27d3?s=96&d=mm&r=g\",\"contentUrl\":\"https:\\\/\\\/secure.gravatar.com\\\/avatar\\\/a06875e4b25feb5674296adf8e8a7ae1e587cebce2493fe63c456109967e27d3?s=96&d=mm&r=g\",\"caption\":\"kalem\"},\"url\":\"https:\\\/\\\/akunq.net\\\/turkish\\\/author\\\/kalem\\\/\"}]}<\/script>\n<!-- \/ Yoast SEO plugin. -->","yoast_head_json":{"title":"Bask\u0131n Oran: Ermeni tehcirinin en \u00f6nemli sebebi Yenik\u00f6y Anla\u015fmas\u0131 - Bati Ermenistan Ve Bati Ermenileri Sorunlari Ara\u015ftirmalar Merkezi","robots":{"index":"index","follow":"follow","max-snippet":"max-snippet:-1","max-image-preview":"max-image-preview:large","max-video-preview":"max-video-preview:-1"},"canonical":"https:\/\/akunq.net\/turkish\/2010\/05\/22\/baskin-oran-ermeni-tehcirinin-en-onemli-sebebi-yenikoy-anlasmasi\/","og_locale":"en_US","og_type":"article","og_title":"Bask\u0131n Oran: Ermeni tehcirinin en \u00f6nemli sebebi Yenik\u00f6y Anla\u015fmas\u0131 - Bati Ermenistan Ve Bati Ermenileri Sorunlari Ara\u015ftirmalar Merkezi","og_description":"\u00a0Prof. Dr. Bask\u0131n Oran, 1915&#8217;te imzalanan Yenik\u00f6y Anla\u015fmas\u0131n\u0131n Ermeni tehcirinin en \u00f6nemli sebeplerinden biri oldu\u011funu s\u00f6yledi. Osmanl\u0131&#8217;n\u0131n Rusya ile yapt\u0131\u011f\u0131 anla\u015fman\u0131n, Rus s\u0131n\u0131r\u0131ndan Sivas&#8217;a kadar olan b\u00f6lge i\u00e7in yar\u0131 \u00f6zerklik i\u00e7erdi\u011fini belirten Oran, &#8220;Osmanl\u0131, bu b\u00f6lgede art\u0131k Rusya&#8217;ya kar\u015f\u0131 sorumlu olacakt\u0131. Bu, Do\u011fu ve G\u00fcneydo\u011fu&#8217;nun Rusya&#8217;ya b\u0131rak\u0131lmas\u0131 anlam\u0131 ta\u015f\u0131yordu. Ard\u0131ndan, askerine \u00e7ar\u0131k alamayan Osmanl\u0131, Sadrazam&#8217;dan [&hellip;]","og_url":"https:\/\/akunq.net\/turkish\/2010\/05\/22\/baskin-oran-ermeni-tehcirinin-en-onemli-sebebi-yenikoy-anlasmasi\/","og_site_name":"Bati Ermenistan Ve Bati Ermenileri Sorunlari Ara\u015ftirmalar Merkezi","article_published_time":"2010-05-22T08:15:00+00:00","author":"kalem","twitter_card":"summary_large_image","twitter_misc":{"Written by":"kalem","Est. reading time":"2 minutes"},"schema":{"@context":"https:\/\/schema.org","@graph":[{"@type":"Article","@id":"https:\/\/akunq.net\/turkish\/2010\/05\/22\/baskin-oran-ermeni-tehcirinin-en-onemli-sebebi-yenikoy-anlasmasi\/#article","isPartOf":{"@id":"https:\/\/akunq.net\/turkish\/2010\/05\/22\/baskin-oran-ermeni-tehcirinin-en-onemli-sebebi-yenikoy-anlasmasi\/"},"author":{"name":"kalem","@id":"https:\/\/akunq.net\/turkish\/#\/schema\/person\/135e7923d1aeb8887890799619969a6c"},"headline":"Bask\u0131n Oran: Ermeni tehcirinin en \u00f6nemli sebebi Yenik\u00f6y Anla\u015fmas\u0131","datePublished":"2010-05-22T08:15:00+00:00","mainEntityOfPage":{"@id":"https:\/\/akunq.net\/turkish\/2010\/05\/22\/baskin-oran-ermeni-tehcirinin-en-onemli-sebebi-yenikoy-anlasmasi\/"},"wordCount":420,"articleSection":["Haberler"],"inLanguage":"en-US"},{"@type":"WebPage","@id":"https:\/\/akunq.net\/turkish\/2010\/05\/22\/baskin-oran-ermeni-tehcirinin-en-onemli-sebebi-yenikoy-anlasmasi\/","url":"https:\/\/akunq.net\/turkish\/2010\/05\/22\/baskin-oran-ermeni-tehcirinin-en-onemli-sebebi-yenikoy-anlasmasi\/","name":"Bask\u0131n Oran: Ermeni tehcirinin en \u00f6nemli sebebi Yenik\u00f6y Anla\u015fmas\u0131 - Bati Ermenistan Ve Bati Ermenileri Sorunlari Ara\u015ftirmalar Merkezi","isPartOf":{"@id":"https:\/\/akunq.net\/turkish\/#website"},"datePublished":"2010-05-22T08:15:00+00:00","author":{"@id":"https:\/\/akunq.net\/turkish\/#\/schema\/person\/135e7923d1aeb8887890799619969a6c"},"breadcrumb":{"@id":"https:\/\/akunq.net\/turkish\/2010\/05\/22\/baskin-oran-ermeni-tehcirinin-en-onemli-sebebi-yenikoy-anlasmasi\/#breadcrumb"},"inLanguage":"en-US","potentialAction":[{"@type":"ReadAction","target":["https:\/\/akunq.net\/turkish\/2010\/05\/22\/baskin-oran-ermeni-tehcirinin-en-onemli-sebebi-yenikoy-anlasmasi\/"]}]},{"@type":"BreadcrumbList","@id":"https:\/\/akunq.net\/turkish\/2010\/05\/22\/baskin-oran-ermeni-tehcirinin-en-onemli-sebebi-yenikoy-anlasmasi\/#breadcrumb","itemListElement":[{"@type":"ListItem","position":1,"name":"Home","item":"https:\/\/akunq.net\/turkish\/"},{"@type":"ListItem","position":2,"name":"Bask\u0131n Oran: Ermeni tehcirinin en \u00f6nemli sebebi Yenik\u00f6y Anla\u015fmas\u0131"}]},{"@type":"WebSite","@id":"https:\/\/akunq.net\/turkish\/#website","url":"https:\/\/akunq.net\/turkish\/","name":"Bati Ermenistan Ve Bati Ermenileri Sorunlari Ara\u015ftirmalar Merkezi","description":"","potentialAction":[{"@type":"SearchAction","target":{"@type":"EntryPoint","urlTemplate":"https:\/\/akunq.net\/turkish\/?s={search_term_string}"},"query-input":{"@type":"PropertyValueSpecification","valueRequired":true,"valueName":"search_term_string"}}],"inLanguage":"en-US"},{"@type":"Person","@id":"https:\/\/akunq.net\/turkish\/#\/schema\/person\/135e7923d1aeb8887890799619969a6c","name":"kalem","image":{"@type":"ImageObject","inLanguage":"en-US","@id":"https:\/\/secure.gravatar.com\/avatar\/a06875e4b25feb5674296adf8e8a7ae1e587cebce2493fe63c456109967e27d3?s=96&d=mm&r=g","url":"https:\/\/secure.gravatar.com\/avatar\/a06875e4b25feb5674296adf8e8a7ae1e587cebce2493fe63c456109967e27d3?s=96&d=mm&r=g","contentUrl":"https:\/\/secure.gravatar.com\/avatar\/a06875e4b25feb5674296adf8e8a7ae1e587cebce2493fe63c456109967e27d3?s=96&d=mm&r=g","caption":"kalem"},"url":"https:\/\/akunq.net\/turkish\/author\/kalem\/"}]}},"_links":{"self":[{"href":"https:\/\/akunq.net\/turkish\/wp-json\/wp\/v2\/posts\/855","targetHints":{"allow":["GET"]}}],"collection":[{"href":"https:\/\/akunq.net\/turkish\/wp-json\/wp\/v2\/posts"}],"about":[{"href":"https:\/\/akunq.net\/turkish\/wp-json\/wp\/v2\/types\/post"}],"author":[{"embeddable":true,"href":"https:\/\/akunq.net\/turkish\/wp-json\/wp\/v2\/users\/3"}],"replies":[{"embeddable":true,"href":"https:\/\/akunq.net\/turkish\/wp-json\/wp\/v2\/comments?post=855"}],"version-history":[{"count":0,"href":"https:\/\/akunq.net\/turkish\/wp-json\/wp\/v2\/posts\/855\/revisions"}],"wp:attachment":[{"href":"https:\/\/akunq.net\/turkish\/wp-json\/wp\/v2\/media?parent=855"}],"wp:term":[{"taxonomy":"category","embeddable":true,"href":"https:\/\/akunq.net\/turkish\/wp-json\/wp\/v2\/categories?post=855"},{"taxonomy":"post_tag","embeddable":true,"href":"https:\/\/akunq.net\/turkish\/wp-json\/wp\/v2\/tags?post=855"}],"curies":[{"name":"wp","href":"https:\/\/api.w.org\/{rel}","templated":true}]}}