{"id":843,"date":"2010-05-18T04:21:32","date_gmt":"2010-05-18T09:21:32","guid":{"rendered":"http:\/\/akunq.net\/tr\/?p=843"},"modified":"2010-05-18T04:21:32","modified_gmt":"2010-05-18T09:21:32","slug":"yabanci-soyad-talebi-yuce-mahkemede","status":"publish","type":"post","link":"https:\/\/akunq.net\/turkish\/2010\/05\/18\/yabanci-soyad-talebi-yuce-mahkemede\/","title":{"rendered":"Yabanc\u0131 soyad talebi Y\u00fcce Mahkeme\u2019de"},"content":{"rendered":"<p style=\"text-align: justify\">Midyat Asliye Hukuk Mahkemesi, yabanc\u0131 \u0131rk ve millet isimlerinin de soyismi olarak kullan\u0131labilmesi i\u00e7in Anayasa Mahkemesi\u2019ne ba\u015fvurdu.<\/p>\n<p style=\"text-align: justify\">Y\u00fcksek Mahkeme\u2019den vize \u00e7\u0131karsa K\u00fcrt\u00e7e, S\u00fcryanice, Ermenice, Arap\u00e7a gibi diller \u00fczerindeki soyisim yasa\u011f\u0131 ortadan kalkacak. Mardin Midyat\u2019ta ya\u015fayan S\u00fcryani vatanda\u015f F.A., soyismini S\u00fcryanice\u2019de \u201cTuma ailesi\u201d anlam\u0131na gelen \u201cBartuma\u201d olarak de\u011fi\u015ftirmek istedi. Ancak talebi N\u00fcfus M\u00fcd\u00fcrl\u00fc\u011f\u00fc\u2019nce reddedildi. F.A., bunun \u00fczerineMidyat Asliye Hukuk Mahkemesi\u2019ne ba\u015fvurdu. Mahkeme, S\u00fcryanice soyismine engel olan SoyisimYasas\u0131\u2019n\u0131n \u201cyabanc\u0131 \u0131rk vemillet isimleriyle soyadlar\u0131 kullan\u0131lamaz\u201d h\u00fckm\u00fcn\u00fcn Anayasa\u2019n\u0131n e\u015fitlik ilkesine ayk\u0131r\u0131 oldu\u011funu ileri s\u00fcrerek iptali i\u00e7in Anayasa Mahkemesi\u2019ne ba\u015fvurdu. Daha \u00f6nce de Ankara\u2019da ya\u015fayan H.A., Budizmi kabul etti\u011fi gerek\u00e7esiyle Padmapani Paramabindu ismini alabilmek i\u00e7in Ankara Asliye Hukuk Mahkemesi\u2019ne dava a\u00e7m\u0131\u015ft\u0131.Mahkeme, talebi reddedince Yarg\u0131tay da Soyisim Yasas\u0131 uyar\u0131nca Paramabindu\u2019ya vize vermemi\u015fti.<br \/>\nE\u011fer Anayasa Mahkemesi 20May\u0131s\u2019ta yapaca\u011f\u0131 ilk incelemede d\u00fczenlemeyi iptal ederse hem S\u00fcryanice Bartuma hem de Hinduca Paramabindu soyisimlerine kimlik y\u00fcz\u00fc g\u00f6r\u00fcnecek. \u00a0<\/p>\n<p style=\"text-align: justify\">stargazete.com, 18.5.2010<\/p>\n<p style=\"text-align: justify\">\u00a0<\/p>\n<p style=\"text-align: justify\">\u00a0<\/p>\n","protected":false},"excerpt":{"rendered":"<p>Midyat Asliye Hukuk Mahkemesi, yabanc\u0131 \u0131rk ve millet isimlerinin de soyismi olarak kullan\u0131labilmesi i\u00e7in Anayasa Mahkemesi\u2019ne ba\u015fvurdu. Y\u00fcksek Mahkeme\u2019den vize \u00e7\u0131karsa K\u00fcrt\u00e7e, S\u00fcryanice, Ermenice, Arap\u00e7a gibi diller \u00fczerindeki soyisim yasa\u011f\u0131 ortadan kalkacak. Mardin Midyat\u2019ta ya\u015fayan S\u00fcryani vatanda\u015f F.A., soyismini S\u00fcryanice\u2019de \u201cTuma ailesi\u201d anlam\u0131na gelen \u201cBartuma\u201d olarak de\u011fi\u015ftirmek istedi. Ancak talebi N\u00fcfus M\u00fcd\u00fcrl\u00fc\u011f\u00fc\u2019nce reddedildi. F.A., bunun [&hellip;]<\/p>\n","protected":false},"author":3,"featured_media":0,"comment_status":"closed","ping_status":"open","sticky":false,"template":"","format":"standard","meta":{"footnotes":""},"categories":[14],"tags":[],"class_list":["post-843","post","type-post","status-publish","format-standard","hentry","category-haberler"],"yoast_head":"<!-- This site is optimized with the Yoast SEO plugin v27.4 - https:\/\/yoast.com\/product\/yoast-seo-wordpress\/ -->\n<title>Yabanc\u0131 soyad talebi Y\u00fcce Mahkeme\u2019de - Bati Ermenistan Ve Bati Ermenileri Sorunlari Ara\u015ftirmalar Merkezi<\/title>\n<meta name=\"robots\" content=\"index, follow, max-snippet:-1, max-image-preview:large, max-video-preview:-1\" \/>\n<link rel=\"canonical\" href=\"https:\/\/akunq.net\/turkish\/2010\/05\/18\/yabanci-soyad-talebi-yuce-mahkemede\/\" \/>\n<meta property=\"og:locale\" content=\"en_US\" \/>\n<meta property=\"og:type\" content=\"article\" \/>\n<meta property=\"og:title\" content=\"Yabanc\u0131 soyad talebi Y\u00fcce Mahkeme\u2019de - Bati Ermenistan Ve Bati Ermenileri Sorunlari Ara\u015ftirmalar Merkezi\" \/>\n<meta property=\"og:description\" content=\"Midyat Asliye Hukuk Mahkemesi, yabanc\u0131 \u0131rk ve millet isimlerinin de soyismi olarak kullan\u0131labilmesi i\u00e7in Anayasa Mahkemesi\u2019ne ba\u015fvurdu. Y\u00fcksek Mahkeme\u2019den vize \u00e7\u0131karsa K\u00fcrt\u00e7e, S\u00fcryanice, Ermenice, Arap\u00e7a gibi diller \u00fczerindeki soyisim yasa\u011f\u0131 ortadan kalkacak. Mardin Midyat\u2019ta ya\u015fayan S\u00fcryani vatanda\u015f F.A., soyismini S\u00fcryanice\u2019de \u201cTuma ailesi\u201d anlam\u0131na gelen \u201cBartuma\u201d olarak de\u011fi\u015ftirmek istedi. Ancak talebi N\u00fcfus M\u00fcd\u00fcrl\u00fc\u011f\u00fc\u2019nce reddedildi. F.A., bunun [&hellip;]\" \/>\n<meta property=\"og:url\" content=\"https:\/\/akunq.net\/turkish\/2010\/05\/18\/yabanci-soyad-talebi-yuce-mahkemede\/\" \/>\n<meta property=\"og:site_name\" content=\"Bati Ermenistan Ve Bati Ermenileri Sorunlari Ara\u015ftirmalar Merkezi\" \/>\n<meta property=\"article:published_time\" content=\"2010-05-18T09:21:32+00:00\" \/>\n<meta name=\"author\" content=\"kalem\" \/>\n<meta name=\"twitter:card\" content=\"summary_large_image\" \/>\n<meta name=\"twitter:label1\" content=\"Written by\" \/>\n\t<meta name=\"twitter:data1\" content=\"kalem\" \/>\n\t<meta name=\"twitter:label2\" content=\"Est. reading time\" \/>\n\t<meta name=\"twitter:data2\" content=\"1 minute\" \/>\n<script type=\"application\/ld+json\" class=\"yoast-schema-graph\">{\"@context\":\"https:\\\/\\\/schema.org\",\"@graph\":[{\"@type\":\"Article\",\"@id\":\"https:\\\/\\\/akunq.net\\\/turkish\\\/2010\\\/05\\\/18\\\/yabanci-soyad-talebi-yuce-mahkemede\\\/#article\",\"isPartOf\":{\"@id\":\"https:\\\/\\\/akunq.net\\\/turkish\\\/2010\\\/05\\\/18\\\/yabanci-soyad-talebi-yuce-mahkemede\\\/\"},\"author\":{\"name\":\"kalem\",\"@id\":\"https:\\\/\\\/akunq.net\\\/turkish\\\/#\\\/schema\\\/person\\\/135e7923d1aeb8887890799619969a6c\"},\"headline\":\"Yabanc\u0131 soyad talebi Y\u00fcce Mahkeme\u2019de\",\"datePublished\":\"2010-05-18T09:21:32+00:00\",\"mainEntityOfPage\":{\"@id\":\"https:\\\/\\\/akunq.net\\\/turkish\\\/2010\\\/05\\\/18\\\/yabanci-soyad-talebi-yuce-mahkemede\\\/\"},\"wordCount\":210,\"articleSection\":[\"Haberler\"],\"inLanguage\":\"en-US\"},{\"@type\":\"WebPage\",\"@id\":\"https:\\\/\\\/akunq.net\\\/turkish\\\/2010\\\/05\\\/18\\\/yabanci-soyad-talebi-yuce-mahkemede\\\/\",\"url\":\"https:\\\/\\\/akunq.net\\\/turkish\\\/2010\\\/05\\\/18\\\/yabanci-soyad-talebi-yuce-mahkemede\\\/\",\"name\":\"Yabanc\u0131 soyad talebi Y\u00fcce Mahkeme\u2019de - Bati Ermenistan Ve Bati Ermenileri Sorunlari Ara\u015ftirmalar Merkezi\",\"isPartOf\":{\"@id\":\"https:\\\/\\\/akunq.net\\\/turkish\\\/#website\"},\"datePublished\":\"2010-05-18T09:21:32+00:00\",\"author\":{\"@id\":\"https:\\\/\\\/akunq.net\\\/turkish\\\/#\\\/schema\\\/person\\\/135e7923d1aeb8887890799619969a6c\"},\"breadcrumb\":{\"@id\":\"https:\\\/\\\/akunq.net\\\/turkish\\\/2010\\\/05\\\/18\\\/yabanci-soyad-talebi-yuce-mahkemede\\\/#breadcrumb\"},\"inLanguage\":\"en-US\",\"potentialAction\":[{\"@type\":\"ReadAction\",\"target\":[\"https:\\\/\\\/akunq.net\\\/turkish\\\/2010\\\/05\\\/18\\\/yabanci-soyad-talebi-yuce-mahkemede\\\/\"]}]},{\"@type\":\"BreadcrumbList\",\"@id\":\"https:\\\/\\\/akunq.net\\\/turkish\\\/2010\\\/05\\\/18\\\/yabanci-soyad-talebi-yuce-mahkemede\\\/#breadcrumb\",\"itemListElement\":[{\"@type\":\"ListItem\",\"position\":1,\"name\":\"Home\",\"item\":\"https:\\\/\\\/akunq.net\\\/turkish\\\/\"},{\"@type\":\"ListItem\",\"position\":2,\"name\":\"Yabanc\u0131 soyad talebi Y\u00fcce Mahkeme\u2019de\"}]},{\"@type\":\"WebSite\",\"@id\":\"https:\\\/\\\/akunq.net\\\/turkish\\\/#website\",\"url\":\"https:\\\/\\\/akunq.net\\\/turkish\\\/\",\"name\":\"Bati Ermenistan Ve Bati Ermenileri Sorunlari Ara\u015ftirmalar Merkezi\",\"description\":\"\",\"potentialAction\":[{\"@type\":\"SearchAction\",\"target\":{\"@type\":\"EntryPoint\",\"urlTemplate\":\"https:\\\/\\\/akunq.net\\\/turkish\\\/?s={search_term_string}\"},\"query-input\":{\"@type\":\"PropertyValueSpecification\",\"valueRequired\":true,\"valueName\":\"search_term_string\"}}],\"inLanguage\":\"en-US\"},{\"@type\":\"Person\",\"@id\":\"https:\\\/\\\/akunq.net\\\/turkish\\\/#\\\/schema\\\/person\\\/135e7923d1aeb8887890799619969a6c\",\"name\":\"kalem\",\"image\":{\"@type\":\"ImageObject\",\"inLanguage\":\"en-US\",\"@id\":\"https:\\\/\\\/secure.gravatar.com\\\/avatar\\\/a06875e4b25feb5674296adf8e8a7ae1e587cebce2493fe63c456109967e27d3?s=96&d=mm&r=g\",\"url\":\"https:\\\/\\\/secure.gravatar.com\\\/avatar\\\/a06875e4b25feb5674296adf8e8a7ae1e587cebce2493fe63c456109967e27d3?s=96&d=mm&r=g\",\"contentUrl\":\"https:\\\/\\\/secure.gravatar.com\\\/avatar\\\/a06875e4b25feb5674296adf8e8a7ae1e587cebce2493fe63c456109967e27d3?s=96&d=mm&r=g\",\"caption\":\"kalem\"},\"url\":\"https:\\\/\\\/akunq.net\\\/turkish\\\/author\\\/kalem\\\/\"}]}<\/script>\n<!-- \/ Yoast SEO plugin. -->","yoast_head_json":{"title":"Yabanc\u0131 soyad talebi Y\u00fcce Mahkeme\u2019de - Bati Ermenistan Ve Bati Ermenileri Sorunlari Ara\u015ftirmalar Merkezi","robots":{"index":"index","follow":"follow","max-snippet":"max-snippet:-1","max-image-preview":"max-image-preview:large","max-video-preview":"max-video-preview:-1"},"canonical":"https:\/\/akunq.net\/turkish\/2010\/05\/18\/yabanci-soyad-talebi-yuce-mahkemede\/","og_locale":"en_US","og_type":"article","og_title":"Yabanc\u0131 soyad talebi Y\u00fcce Mahkeme\u2019de - Bati Ermenistan Ve Bati Ermenileri Sorunlari Ara\u015ftirmalar Merkezi","og_description":"Midyat Asliye Hukuk Mahkemesi, yabanc\u0131 \u0131rk ve millet isimlerinin de soyismi olarak kullan\u0131labilmesi i\u00e7in Anayasa Mahkemesi\u2019ne ba\u015fvurdu. Y\u00fcksek Mahkeme\u2019den vize \u00e7\u0131karsa K\u00fcrt\u00e7e, S\u00fcryanice, Ermenice, Arap\u00e7a gibi diller \u00fczerindeki soyisim yasa\u011f\u0131 ortadan kalkacak. Mardin Midyat\u2019ta ya\u015fayan S\u00fcryani vatanda\u015f F.A., soyismini S\u00fcryanice\u2019de \u201cTuma ailesi\u201d anlam\u0131na gelen \u201cBartuma\u201d olarak de\u011fi\u015ftirmek istedi. Ancak talebi N\u00fcfus M\u00fcd\u00fcrl\u00fc\u011f\u00fc\u2019nce reddedildi. F.A., bunun [&hellip;]","og_url":"https:\/\/akunq.net\/turkish\/2010\/05\/18\/yabanci-soyad-talebi-yuce-mahkemede\/","og_site_name":"Bati Ermenistan Ve Bati Ermenileri Sorunlari Ara\u015ftirmalar Merkezi","article_published_time":"2010-05-18T09:21:32+00:00","author":"kalem","twitter_card":"summary_large_image","twitter_misc":{"Written by":"kalem","Est. reading time":"1 minute"},"schema":{"@context":"https:\/\/schema.org","@graph":[{"@type":"Article","@id":"https:\/\/akunq.net\/turkish\/2010\/05\/18\/yabanci-soyad-talebi-yuce-mahkemede\/#article","isPartOf":{"@id":"https:\/\/akunq.net\/turkish\/2010\/05\/18\/yabanci-soyad-talebi-yuce-mahkemede\/"},"author":{"name":"kalem","@id":"https:\/\/akunq.net\/turkish\/#\/schema\/person\/135e7923d1aeb8887890799619969a6c"},"headline":"Yabanc\u0131 soyad talebi Y\u00fcce Mahkeme\u2019de","datePublished":"2010-05-18T09:21:32+00:00","mainEntityOfPage":{"@id":"https:\/\/akunq.net\/turkish\/2010\/05\/18\/yabanci-soyad-talebi-yuce-mahkemede\/"},"wordCount":210,"articleSection":["Haberler"],"inLanguage":"en-US"},{"@type":"WebPage","@id":"https:\/\/akunq.net\/turkish\/2010\/05\/18\/yabanci-soyad-talebi-yuce-mahkemede\/","url":"https:\/\/akunq.net\/turkish\/2010\/05\/18\/yabanci-soyad-talebi-yuce-mahkemede\/","name":"Yabanc\u0131 soyad talebi Y\u00fcce Mahkeme\u2019de - Bati Ermenistan Ve Bati Ermenileri Sorunlari Ara\u015ftirmalar Merkezi","isPartOf":{"@id":"https:\/\/akunq.net\/turkish\/#website"},"datePublished":"2010-05-18T09:21:32+00:00","author":{"@id":"https:\/\/akunq.net\/turkish\/#\/schema\/person\/135e7923d1aeb8887890799619969a6c"},"breadcrumb":{"@id":"https:\/\/akunq.net\/turkish\/2010\/05\/18\/yabanci-soyad-talebi-yuce-mahkemede\/#breadcrumb"},"inLanguage":"en-US","potentialAction":[{"@type":"ReadAction","target":["https:\/\/akunq.net\/turkish\/2010\/05\/18\/yabanci-soyad-talebi-yuce-mahkemede\/"]}]},{"@type":"BreadcrumbList","@id":"https:\/\/akunq.net\/turkish\/2010\/05\/18\/yabanci-soyad-talebi-yuce-mahkemede\/#breadcrumb","itemListElement":[{"@type":"ListItem","position":1,"name":"Home","item":"https:\/\/akunq.net\/turkish\/"},{"@type":"ListItem","position":2,"name":"Yabanc\u0131 soyad talebi Y\u00fcce Mahkeme\u2019de"}]},{"@type":"WebSite","@id":"https:\/\/akunq.net\/turkish\/#website","url":"https:\/\/akunq.net\/turkish\/","name":"Bati Ermenistan Ve Bati Ermenileri Sorunlari Ara\u015ftirmalar Merkezi","description":"","potentialAction":[{"@type":"SearchAction","target":{"@type":"EntryPoint","urlTemplate":"https:\/\/akunq.net\/turkish\/?s={search_term_string}"},"query-input":{"@type":"PropertyValueSpecification","valueRequired":true,"valueName":"search_term_string"}}],"inLanguage":"en-US"},{"@type":"Person","@id":"https:\/\/akunq.net\/turkish\/#\/schema\/person\/135e7923d1aeb8887890799619969a6c","name":"kalem","image":{"@type":"ImageObject","inLanguage":"en-US","@id":"https:\/\/secure.gravatar.com\/avatar\/a06875e4b25feb5674296adf8e8a7ae1e587cebce2493fe63c456109967e27d3?s=96&d=mm&r=g","url":"https:\/\/secure.gravatar.com\/avatar\/a06875e4b25feb5674296adf8e8a7ae1e587cebce2493fe63c456109967e27d3?s=96&d=mm&r=g","contentUrl":"https:\/\/secure.gravatar.com\/avatar\/a06875e4b25feb5674296adf8e8a7ae1e587cebce2493fe63c456109967e27d3?s=96&d=mm&r=g","caption":"kalem"},"url":"https:\/\/akunq.net\/turkish\/author\/kalem\/"}]}},"_links":{"self":[{"href":"https:\/\/akunq.net\/turkish\/wp-json\/wp\/v2\/posts\/843","targetHints":{"allow":["GET"]}}],"collection":[{"href":"https:\/\/akunq.net\/turkish\/wp-json\/wp\/v2\/posts"}],"about":[{"href":"https:\/\/akunq.net\/turkish\/wp-json\/wp\/v2\/types\/post"}],"author":[{"embeddable":true,"href":"https:\/\/akunq.net\/turkish\/wp-json\/wp\/v2\/users\/3"}],"replies":[{"embeddable":true,"href":"https:\/\/akunq.net\/turkish\/wp-json\/wp\/v2\/comments?post=843"}],"version-history":[{"count":0,"href":"https:\/\/akunq.net\/turkish\/wp-json\/wp\/v2\/posts\/843\/revisions"}],"wp:attachment":[{"href":"https:\/\/akunq.net\/turkish\/wp-json\/wp\/v2\/media?parent=843"}],"wp:term":[{"taxonomy":"category","embeddable":true,"href":"https:\/\/akunq.net\/turkish\/wp-json\/wp\/v2\/categories?post=843"},{"taxonomy":"post_tag","embeddable":true,"href":"https:\/\/akunq.net\/turkish\/wp-json\/wp\/v2\/tags?post=843"}],"curies":[{"name":"wp","href":"https:\/\/api.w.org\/{rel}","templated":true}]}}