{"id":838,"date":"2010-05-17T06:43:56","date_gmt":"2010-05-17T11:43:56","guid":{"rendered":"http:\/\/akunq.net\/tr\/?p=838"},"modified":"2010-05-17T06:43:56","modified_gmt":"2010-05-17T11:43:56","slug":"sinirin-acilmasi-durumunda-erivandan-vana-2-5-saat","status":"publish","type":"post","link":"https:\/\/akunq.net\/turkish\/2010\/05\/17\/sinirin-acilmasi-durumunda-erivandan-vana-2-5-saat\/","title":{"rendered":"SINIRIN A\u00c7ILMASI DURUMUNDA ER\u0130VAN\u2019DAN VAN\u2019A 2.5 SAAT"},"content":{"rendered":"<p style=\"text-align: justify\">Ermeni ve T\u00fcrk i\u015fadamlar\u0131 benzeri temennilerde bulundular Van\u2019l\u0131 T\u00fcrk i\u015fadamlar\u0131 d\u00fcn Ermenistan Ticaret ve Sanayi Odas\u0131 (ETSO) Ermeni partn\u00f6rleriyle bir araya geldiler. <strong><\/strong><\/p>\n<p style=\"text-align: justify\">ETSO B\u015fk. Arsen Ghazaryan \u2018tarihi yurdumuz Van ilinden gelen konuklar\u0131\u2019 selamlayarak, bulu\u015fman\u0131n i\u015f ba\u015flant\u0131lar\u0131n\u0131 destekleyece\u011fi y\u00f6n\u00fcnde umudunu ifade etti. Olu\u015fturulan Ermeni-T\u00fcrk \u0130\u015f Konseyi\u2019ne ili\u015fkin hat\u0131rlatmada da bulunan Ghazaryan, Konseyin her iki halk\u0131 yak\u0131nla\u015ft\u0131rmaya \u00e7al\u0131\u015ft\u0131\u011f\u0131n\u0131 belirtti.<\/p>\n<p style=\"text-align: justify\">Arsen Ghazaryan, s\u0131n\u0131r\u0131n a\u00e7\u0131lmas\u0131 durumunda Van, Kars, Erzurum illeri sakinlerinin ticari-ekonomik ba\u011flar\u0131n aktivasyonundan kazan\u00e7l\u0131 \u00e7\u0131kacaklar\u0131n\u0131 belirtti. \u0130\u015f ve uluslararas\u0131 farkl\u0131 kurulu\u015f temsilcileri taraf\u0131ndan bir konsorsium olu\u015fturuldu\u011funu ve s\u0131n\u0131r\u0131n a\u00e7\u0131lmas\u0131 durumunda ticaret hacminin ne kadar artaca\u011f\u0131n\u0131 ara\u015ft\u0131raca\u011f\u0131n\u0131 kaydetti. Bir Van\u2019l\u0131 torunu olan ETSO ba\u015fkan\u0131 Ghazaryan \u2018Yar\u0131n saat 12:00\u2019de s\u0131n\u0131r\u0131n a\u00e7\u0131laca\u011f\u0131 temennisiyle, T\u00fcrk heyeti Ermeni ta\u015f\u0131ndan haz\u0131rlanm\u0131\u015f bir saat arma\u011fan etti. S\u0131n\u0131r\u0131n a\u00e7\u0131lmas\u0131 durumunda Erivan\u2019dan Van\u2019a otomobille 2.5 saatte ula\u015fman\u0131n m\u00fcmk\u00fcn oldu\u011funa da dikkat \u00e7ekti Ghazaryan.<\/p>\n<p style=\"text-align: justify\">T\u00fcrk i\u015fadamlar\u0131 Arsen Ghazaryan\u2019a, \u00fczerinde Van Kalesinin \u00e7izilmi\u015f oldu\u011fu bir tepsi arma\u011fan ettiler.<\/p>\n<p style=\"text-align: justify\">Van\u2019l\u0131 T\u00fcrk i\u015fadamlar\u0131 heyeti ba\u015fkan\u0131 Zahir Kanda\u015fo\u011flu (VATSO), s\u0131n\u0131rlar\u0131n t\u00fcm d\u00fcnyada a\u00e7\u0131k oldu\u011funu ve T\u00fcrkiye\u2019nin kom\u015fularla iyi ili\u015fkileri tesisi y\u00f6n\u00fcnde ciddi ad\u0131mlar at\u0131ld\u0131\u011f\u0131n\u0131 belirtti. S\u0131n\u0131r\u0131n a\u00e7\u0131lmas\u0131n\u0131n, T\u00fcrkiye\u2019nin Do\u011fu b\u00f6lgesi i\u00e7in \u00e7ok \u00f6nemli oldu\u011funu belirten Kanda\u015fo\u011flu, her iki halk\u0131n gelenek ve g\u00f6renekleriyle birbirine benzer oldu\u011funu s\u00f6yledi. Kanda\u015fo\u011flu, Aghtamar Ermeni Kilisesi\u2019nin kendi gayretleri sonucu restore edildi\u011fini ve yak\u0131n gelecekte bir ibadet yerine d\u00f6n\u00fc\u015ft\u00fcr\u00fclmesi i\u00e7in yasa haz\u0131rlanmakta oldu\u011funu kaydetti. Kanda\u015fo\u011flu mal dola\u015f\u0131m\u0131 i\u00e7in I\u011fd\u0131r s\u0131n\u0131r kap\u0131s\u0131n\u0131n a\u00e7\u0131lmas\u0131n\u0131n daha uygun olaca\u011f\u0131n\u0131 da s\u00f6zlerinde belirtti.<\/p>\n<p style=\"text-align: justify\">ETSO ba\u015fkan\u0131 Arsen Ghazaryan, 1993 y\u0131l\u0131nda T\u00fcrkiye\u2019nin s\u0131n\u0131r\u0131 kapatt\u0131\u011f\u0131 andan itibaren, T\u00fcrk mallar\u0131n\u0131n ve nakliye firmalar\u0131n\u0131n Ermenistan pazar\u0131nda serbest\u00e7e \u00e7al\u0131\u015ft\u0131klar\u0131n\u0131, T\u00fcrk piyasas\u0131n\u0131n ise Ermeni i\u015fadamlar\u0131na kapal\u0131 oldu\u011funa dikkat \u00e7ekerek \u2018Biz hi\u00e7bir \u015fey nakledemiyoruz, ihra\u00e7 edemiyoruz\u2019 dedi.<\/p>\n<p style=\"text-align: justify\"><strong>Ara Martirosyan,<\/strong>\u00a0 azg.am\/TR 16.05.2010<\/p>\n","protected":false},"excerpt":{"rendered":"<p>Ermeni ve T\u00fcrk i\u015fadamlar\u0131 benzeri temennilerde bulundular Van\u2019l\u0131 T\u00fcrk i\u015fadamlar\u0131 d\u00fcn Ermenistan Ticaret ve Sanayi Odas\u0131 (ETSO) Ermeni partn\u00f6rleriyle bir araya geldiler. ETSO B\u015fk. Arsen Ghazaryan \u2018tarihi yurdumuz Van ilinden gelen konuklar\u0131\u2019 selamlayarak, bulu\u015fman\u0131n i\u015f ba\u015flant\u0131lar\u0131n\u0131 destekleyece\u011fi y\u00f6n\u00fcnde umudunu ifade etti. Olu\u015fturulan Ermeni-T\u00fcrk \u0130\u015f Konseyi\u2019ne ili\u015fkin hat\u0131rlatmada da bulunan Ghazaryan, Konseyin her iki halk\u0131 yak\u0131nla\u015ft\u0131rmaya [&hellip;]<\/p>\n","protected":false},"author":3,"featured_media":0,"comment_status":"closed","ping_status":"open","sticky":false,"template":"","format":"standard","meta":{"footnotes":""},"categories":[14],"tags":[],"class_list":["post-838","post","type-post","status-publish","format-standard","hentry","category-haberler"],"yoast_head":"<!-- This site is optimized with the Yoast SEO plugin v27.4 - https:\/\/yoast.com\/product\/yoast-seo-wordpress\/ -->\n<title>SINIRIN A\u00c7ILMASI DURUMUNDA ER\u0130VAN\u2019DAN VAN\u2019A 2.5 SAAT - Bati Ermenistan Ve Bati Ermenileri Sorunlari Ara\u015ftirmalar Merkezi<\/title>\n<meta name=\"robots\" content=\"index, follow, max-snippet:-1, max-image-preview:large, max-video-preview:-1\" \/>\n<link rel=\"canonical\" href=\"https:\/\/akunq.net\/turkish\/2010\/05\/17\/sinirin-acilmasi-durumunda-erivandan-vana-2-5-saat\/\" \/>\n<meta property=\"og:locale\" content=\"en_US\" \/>\n<meta property=\"og:type\" content=\"article\" \/>\n<meta property=\"og:title\" content=\"SINIRIN A\u00c7ILMASI DURUMUNDA ER\u0130VAN\u2019DAN VAN\u2019A 2.5 SAAT - Bati Ermenistan Ve Bati Ermenileri Sorunlari Ara\u015ftirmalar Merkezi\" \/>\n<meta property=\"og:description\" content=\"Ermeni ve T\u00fcrk i\u015fadamlar\u0131 benzeri temennilerde bulundular Van\u2019l\u0131 T\u00fcrk i\u015fadamlar\u0131 d\u00fcn Ermenistan Ticaret ve Sanayi Odas\u0131 (ETSO) Ermeni partn\u00f6rleriyle bir araya geldiler. ETSO B\u015fk. Arsen Ghazaryan \u2018tarihi yurdumuz Van ilinden gelen konuklar\u0131\u2019 selamlayarak, bulu\u015fman\u0131n i\u015f ba\u015flant\u0131lar\u0131n\u0131 destekleyece\u011fi y\u00f6n\u00fcnde umudunu ifade etti. Olu\u015fturulan Ermeni-T\u00fcrk \u0130\u015f Konseyi\u2019ne ili\u015fkin hat\u0131rlatmada da bulunan Ghazaryan, Konseyin her iki halk\u0131 yak\u0131nla\u015ft\u0131rmaya [&hellip;]\" \/>\n<meta property=\"og:url\" content=\"https:\/\/akunq.net\/turkish\/2010\/05\/17\/sinirin-acilmasi-durumunda-erivandan-vana-2-5-saat\/\" \/>\n<meta property=\"og:site_name\" content=\"Bati Ermenistan Ve Bati Ermenileri Sorunlari Ara\u015ftirmalar Merkezi\" \/>\n<meta property=\"article:published_time\" content=\"2010-05-17T11:43:56+00:00\" \/>\n<meta name=\"author\" content=\"kalem\" \/>\n<meta name=\"twitter:card\" content=\"summary_large_image\" \/>\n<meta name=\"twitter:label1\" content=\"Written by\" \/>\n\t<meta name=\"twitter:data1\" content=\"kalem\" \/>\n\t<meta name=\"twitter:label2\" content=\"Est. reading time\" \/>\n\t<meta name=\"twitter:data2\" content=\"2 minutes\" \/>\n<script type=\"application\/ld+json\" class=\"yoast-schema-graph\">{\"@context\":\"https:\\\/\\\/schema.org\",\"@graph\":[{\"@type\":\"Article\",\"@id\":\"https:\\\/\\\/akunq.net\\\/turkish\\\/2010\\\/05\\\/17\\\/sinirin-acilmasi-durumunda-erivandan-vana-2-5-saat\\\/#article\",\"isPartOf\":{\"@id\":\"https:\\\/\\\/akunq.net\\\/turkish\\\/2010\\\/05\\\/17\\\/sinirin-acilmasi-durumunda-erivandan-vana-2-5-saat\\\/\"},\"author\":{\"name\":\"kalem\",\"@id\":\"https:\\\/\\\/akunq.net\\\/turkish\\\/#\\\/schema\\\/person\\\/135e7923d1aeb8887890799619969a6c\"},\"headline\":\"SINIRIN A\u00c7ILMASI DURUMUNDA ER\u0130VAN\u2019DAN VAN\u2019A 2.5 SAAT\",\"datePublished\":\"2010-05-17T11:43:56+00:00\",\"mainEntityOfPage\":{\"@id\":\"https:\\\/\\\/akunq.net\\\/turkish\\\/2010\\\/05\\\/17\\\/sinirin-acilmasi-durumunda-erivandan-vana-2-5-saat\\\/\"},\"wordCount\":435,\"articleSection\":[\"Haberler\"],\"inLanguage\":\"en-US\"},{\"@type\":\"WebPage\",\"@id\":\"https:\\\/\\\/akunq.net\\\/turkish\\\/2010\\\/05\\\/17\\\/sinirin-acilmasi-durumunda-erivandan-vana-2-5-saat\\\/\",\"url\":\"https:\\\/\\\/akunq.net\\\/turkish\\\/2010\\\/05\\\/17\\\/sinirin-acilmasi-durumunda-erivandan-vana-2-5-saat\\\/\",\"name\":\"SINIRIN A\u00c7ILMASI DURUMUNDA ER\u0130VAN\u2019DAN VAN\u2019A 2.5 SAAT - Bati Ermenistan Ve Bati Ermenileri Sorunlari Ara\u015ftirmalar Merkezi\",\"isPartOf\":{\"@id\":\"https:\\\/\\\/akunq.net\\\/turkish\\\/#website\"},\"datePublished\":\"2010-05-17T11:43:56+00:00\",\"author\":{\"@id\":\"https:\\\/\\\/akunq.net\\\/turkish\\\/#\\\/schema\\\/person\\\/135e7923d1aeb8887890799619969a6c\"},\"breadcrumb\":{\"@id\":\"https:\\\/\\\/akunq.net\\\/turkish\\\/2010\\\/05\\\/17\\\/sinirin-acilmasi-durumunda-erivandan-vana-2-5-saat\\\/#breadcrumb\"},\"inLanguage\":\"en-US\",\"potentialAction\":[{\"@type\":\"ReadAction\",\"target\":[\"https:\\\/\\\/akunq.net\\\/turkish\\\/2010\\\/05\\\/17\\\/sinirin-acilmasi-durumunda-erivandan-vana-2-5-saat\\\/\"]}]},{\"@type\":\"BreadcrumbList\",\"@id\":\"https:\\\/\\\/akunq.net\\\/turkish\\\/2010\\\/05\\\/17\\\/sinirin-acilmasi-durumunda-erivandan-vana-2-5-saat\\\/#breadcrumb\",\"itemListElement\":[{\"@type\":\"ListItem\",\"position\":1,\"name\":\"Home\",\"item\":\"https:\\\/\\\/akunq.net\\\/turkish\\\/\"},{\"@type\":\"ListItem\",\"position\":2,\"name\":\"SINIRIN A\u00c7ILMASI DURUMUNDA ER\u0130VAN\u2019DAN VAN\u2019A 2.5 SAAT\"}]},{\"@type\":\"WebSite\",\"@id\":\"https:\\\/\\\/akunq.net\\\/turkish\\\/#website\",\"url\":\"https:\\\/\\\/akunq.net\\\/turkish\\\/\",\"name\":\"Bati Ermenistan Ve Bati Ermenileri Sorunlari Ara\u015ftirmalar Merkezi\",\"description\":\"\",\"potentialAction\":[{\"@type\":\"SearchAction\",\"target\":{\"@type\":\"EntryPoint\",\"urlTemplate\":\"https:\\\/\\\/akunq.net\\\/turkish\\\/?s={search_term_string}\"},\"query-input\":{\"@type\":\"PropertyValueSpecification\",\"valueRequired\":true,\"valueName\":\"search_term_string\"}}],\"inLanguage\":\"en-US\"},{\"@type\":\"Person\",\"@id\":\"https:\\\/\\\/akunq.net\\\/turkish\\\/#\\\/schema\\\/person\\\/135e7923d1aeb8887890799619969a6c\",\"name\":\"kalem\",\"image\":{\"@type\":\"ImageObject\",\"inLanguage\":\"en-US\",\"@id\":\"https:\\\/\\\/secure.gravatar.com\\\/avatar\\\/a06875e4b25feb5674296adf8e8a7ae1e587cebce2493fe63c456109967e27d3?s=96&d=mm&r=g\",\"url\":\"https:\\\/\\\/secure.gravatar.com\\\/avatar\\\/a06875e4b25feb5674296adf8e8a7ae1e587cebce2493fe63c456109967e27d3?s=96&d=mm&r=g\",\"contentUrl\":\"https:\\\/\\\/secure.gravatar.com\\\/avatar\\\/a06875e4b25feb5674296adf8e8a7ae1e587cebce2493fe63c456109967e27d3?s=96&d=mm&r=g\",\"caption\":\"kalem\"},\"url\":\"https:\\\/\\\/akunq.net\\\/turkish\\\/author\\\/kalem\\\/\"}]}<\/script>\n<!-- \/ Yoast SEO plugin. -->","yoast_head_json":{"title":"SINIRIN A\u00c7ILMASI DURUMUNDA ER\u0130VAN\u2019DAN VAN\u2019A 2.5 SAAT - Bati Ermenistan Ve Bati Ermenileri Sorunlari Ara\u015ftirmalar Merkezi","robots":{"index":"index","follow":"follow","max-snippet":"max-snippet:-1","max-image-preview":"max-image-preview:large","max-video-preview":"max-video-preview:-1"},"canonical":"https:\/\/akunq.net\/turkish\/2010\/05\/17\/sinirin-acilmasi-durumunda-erivandan-vana-2-5-saat\/","og_locale":"en_US","og_type":"article","og_title":"SINIRIN A\u00c7ILMASI DURUMUNDA ER\u0130VAN\u2019DAN VAN\u2019A 2.5 SAAT - Bati Ermenistan Ve Bati Ermenileri Sorunlari Ara\u015ftirmalar Merkezi","og_description":"Ermeni ve T\u00fcrk i\u015fadamlar\u0131 benzeri temennilerde bulundular Van\u2019l\u0131 T\u00fcrk i\u015fadamlar\u0131 d\u00fcn Ermenistan Ticaret ve Sanayi Odas\u0131 (ETSO) Ermeni partn\u00f6rleriyle bir araya geldiler. ETSO B\u015fk. Arsen Ghazaryan \u2018tarihi yurdumuz Van ilinden gelen konuklar\u0131\u2019 selamlayarak, bulu\u015fman\u0131n i\u015f ba\u015flant\u0131lar\u0131n\u0131 destekleyece\u011fi y\u00f6n\u00fcnde umudunu ifade etti. Olu\u015fturulan Ermeni-T\u00fcrk \u0130\u015f Konseyi\u2019ne ili\u015fkin hat\u0131rlatmada da bulunan Ghazaryan, Konseyin her iki halk\u0131 yak\u0131nla\u015ft\u0131rmaya [&hellip;]","og_url":"https:\/\/akunq.net\/turkish\/2010\/05\/17\/sinirin-acilmasi-durumunda-erivandan-vana-2-5-saat\/","og_site_name":"Bati Ermenistan Ve Bati Ermenileri Sorunlari Ara\u015ftirmalar Merkezi","article_published_time":"2010-05-17T11:43:56+00:00","author":"kalem","twitter_card":"summary_large_image","twitter_misc":{"Written by":"kalem","Est. reading time":"2 minutes"},"schema":{"@context":"https:\/\/schema.org","@graph":[{"@type":"Article","@id":"https:\/\/akunq.net\/turkish\/2010\/05\/17\/sinirin-acilmasi-durumunda-erivandan-vana-2-5-saat\/#article","isPartOf":{"@id":"https:\/\/akunq.net\/turkish\/2010\/05\/17\/sinirin-acilmasi-durumunda-erivandan-vana-2-5-saat\/"},"author":{"name":"kalem","@id":"https:\/\/akunq.net\/turkish\/#\/schema\/person\/135e7923d1aeb8887890799619969a6c"},"headline":"SINIRIN A\u00c7ILMASI DURUMUNDA ER\u0130VAN\u2019DAN VAN\u2019A 2.5 SAAT","datePublished":"2010-05-17T11:43:56+00:00","mainEntityOfPage":{"@id":"https:\/\/akunq.net\/turkish\/2010\/05\/17\/sinirin-acilmasi-durumunda-erivandan-vana-2-5-saat\/"},"wordCount":435,"articleSection":["Haberler"],"inLanguage":"en-US"},{"@type":"WebPage","@id":"https:\/\/akunq.net\/turkish\/2010\/05\/17\/sinirin-acilmasi-durumunda-erivandan-vana-2-5-saat\/","url":"https:\/\/akunq.net\/turkish\/2010\/05\/17\/sinirin-acilmasi-durumunda-erivandan-vana-2-5-saat\/","name":"SINIRIN A\u00c7ILMASI DURUMUNDA ER\u0130VAN\u2019DAN VAN\u2019A 2.5 SAAT - Bati Ermenistan Ve Bati Ermenileri Sorunlari Ara\u015ftirmalar Merkezi","isPartOf":{"@id":"https:\/\/akunq.net\/turkish\/#website"},"datePublished":"2010-05-17T11:43:56+00:00","author":{"@id":"https:\/\/akunq.net\/turkish\/#\/schema\/person\/135e7923d1aeb8887890799619969a6c"},"breadcrumb":{"@id":"https:\/\/akunq.net\/turkish\/2010\/05\/17\/sinirin-acilmasi-durumunda-erivandan-vana-2-5-saat\/#breadcrumb"},"inLanguage":"en-US","potentialAction":[{"@type":"ReadAction","target":["https:\/\/akunq.net\/turkish\/2010\/05\/17\/sinirin-acilmasi-durumunda-erivandan-vana-2-5-saat\/"]}]},{"@type":"BreadcrumbList","@id":"https:\/\/akunq.net\/turkish\/2010\/05\/17\/sinirin-acilmasi-durumunda-erivandan-vana-2-5-saat\/#breadcrumb","itemListElement":[{"@type":"ListItem","position":1,"name":"Home","item":"https:\/\/akunq.net\/turkish\/"},{"@type":"ListItem","position":2,"name":"SINIRIN A\u00c7ILMASI DURUMUNDA ER\u0130VAN\u2019DAN VAN\u2019A 2.5 SAAT"}]},{"@type":"WebSite","@id":"https:\/\/akunq.net\/turkish\/#website","url":"https:\/\/akunq.net\/turkish\/","name":"Bati Ermenistan Ve Bati Ermenileri Sorunlari Ara\u015ftirmalar Merkezi","description":"","potentialAction":[{"@type":"SearchAction","target":{"@type":"EntryPoint","urlTemplate":"https:\/\/akunq.net\/turkish\/?s={search_term_string}"},"query-input":{"@type":"PropertyValueSpecification","valueRequired":true,"valueName":"search_term_string"}}],"inLanguage":"en-US"},{"@type":"Person","@id":"https:\/\/akunq.net\/turkish\/#\/schema\/person\/135e7923d1aeb8887890799619969a6c","name":"kalem","image":{"@type":"ImageObject","inLanguage":"en-US","@id":"https:\/\/secure.gravatar.com\/avatar\/a06875e4b25feb5674296adf8e8a7ae1e587cebce2493fe63c456109967e27d3?s=96&d=mm&r=g","url":"https:\/\/secure.gravatar.com\/avatar\/a06875e4b25feb5674296adf8e8a7ae1e587cebce2493fe63c456109967e27d3?s=96&d=mm&r=g","contentUrl":"https:\/\/secure.gravatar.com\/avatar\/a06875e4b25feb5674296adf8e8a7ae1e587cebce2493fe63c456109967e27d3?s=96&d=mm&r=g","caption":"kalem"},"url":"https:\/\/akunq.net\/turkish\/author\/kalem\/"}]}},"_links":{"self":[{"href":"https:\/\/akunq.net\/turkish\/wp-json\/wp\/v2\/posts\/838","targetHints":{"allow":["GET"]}}],"collection":[{"href":"https:\/\/akunq.net\/turkish\/wp-json\/wp\/v2\/posts"}],"about":[{"href":"https:\/\/akunq.net\/turkish\/wp-json\/wp\/v2\/types\/post"}],"author":[{"embeddable":true,"href":"https:\/\/akunq.net\/turkish\/wp-json\/wp\/v2\/users\/3"}],"replies":[{"embeddable":true,"href":"https:\/\/akunq.net\/turkish\/wp-json\/wp\/v2\/comments?post=838"}],"version-history":[{"count":0,"href":"https:\/\/akunq.net\/turkish\/wp-json\/wp\/v2\/posts\/838\/revisions"}],"wp:attachment":[{"href":"https:\/\/akunq.net\/turkish\/wp-json\/wp\/v2\/media?parent=838"}],"wp:term":[{"taxonomy":"category","embeddable":true,"href":"https:\/\/akunq.net\/turkish\/wp-json\/wp\/v2\/categories?post=838"},{"taxonomy":"post_tag","embeddable":true,"href":"https:\/\/akunq.net\/turkish\/wp-json\/wp\/v2\/tags?post=838"}],"curies":[{"name":"wp","href":"https:\/\/api.w.org\/{rel}","templated":true}]}}