{"id":835,"date":"2010-05-17T00:29:39","date_gmt":"2010-05-17T05:29:39","guid":{"rendered":"http:\/\/akunq.net\/tr\/?p=835"},"modified":"2010-05-17T00:29:39","modified_gmt":"2010-05-17T05:29:39","slug":"akdamara-referandum-rotari","status":"publish","type":"post","link":"https:\/\/akunq.net\/turkish\/2010\/05\/17\/akdamara-referandum-rotari\/","title":{"rendered":"Akdamar&#8217;a referandum r\u00f6tar\u0131"},"content":{"rendered":"<h3 style=\"text-align: justify\">ANAYASA de\u011fi\u015fiklik paketinin oylanmas\u0131 i\u00e7in 12 Eyl\u00fcl 2010&#8217;da yap\u0131lacak referandumla ayn\u0131 g\u00fcne denk gelen Akdamar Kilisesi&#8217;nde Ermenilerin yapaca\u011f\u0131 ilk ayin Van Valisi M\u00fcnir Karalo\u011flu&#8217;nun yapt\u0131\u011f\u0131 g\u00f6r\u00fc\u015fmeler sonras\u0131 19 Eyl\u00fcl&#8217;e ertelendi.<\/h3>\n<p style=\"text-align: justify\">T\u00fcrkiye Ermenileri Patrikhanesi Ruhani Meclis Ba\u015fkan\u0131 Ba\u015fpiskopos Aram Ate\u015fyan ile g\u00f6r\u00fc\u015fen Vali Karalo\u011flu, Ermeni Cemaati&#8217;nin bu teklifi olumlu kar\u015f\u0131lad\u0131\u011f\u0131n\u0131 ve Akdamar Kilisesi&#8217;ndeki ilk ayinin 19 Eyl\u00fcl 2010\u2019da yap\u0131laca\u011f\u0131n\u0131 s\u00f6yledi.<\/p>\n<p style=\"text-align: justify\">K\u00fclt\u00fcr ve Turizm Bakanl\u0131\u011f\u0131 ile Van Valili\u011fi&#8217;nin giri\u015fimleri sonucu 12 Eyl\u00fcl 2010 tarihinde Akdamar Adas\u0131&#8217;nda bulunan ve ayn\u0131 ad\u0131 ta\u015f\u0131yan kilisede Ermeniler&#8217;in yapaca\u011f\u0131 ilk ayin, ayn\u0131 g\u00fcn Anayasa de\u011fi\u015fiklik paketinin oylanmas\u0131 i\u00e7in yap\u0131lacak referandum nedeniyle tehlikeye d\u00fc\u015ft\u00fc. Bunun \u00fczerine harekete ge\u00e7en Vali M\u00fcnir Karalo\u011flu, referandum tarihinin belirlenmesi ard\u0131ndan T\u00fcrkiye Ermenileri Patrikhanesi Ruhani Meclis Ba\u015fkan\u0131 Ba\u015fpiskopos Aram Ate\u015fyan&#8217;\u0131 arad\u0131. Vali Karalo\u011flu, Ba\u015fpiskopos Ate\u015fyan&#8217;a, daha \u00f6nce mutab\u0131k kald\u0131klar\u0131 12 Eyl\u00fcl tarihinde referandum yap\u0131laca\u011f\u0131n\u0131, T\u00fcrkiye&#8217;deki Ermeni k\u00f6kenli vatanda\u015flar\u0131n oy kullanamama riski oldu\u011funu an\u0131msatarak, cemaat i\u00e7in sorun olu\u015fturmamas\u0131 halinde kilisedeki ayinin 1 hafta sonra 19 Eyl\u00fcl&#8217;de yap\u0131lmas\u0131n\u0131 \u00f6nerdi. Ruhani Meclis Ba\u015fkan\u0131 Ate\u015fyan, ayinin zorunluluk nedeniyle 1 hafta sonraya al\u0131nmas\u0131n\u0131n sorun olu\u015fturmayaca\u011f\u0131n\u0131 belirterek, 19 Eyl\u00fcl tarihinin kendileri i\u00e7in uygun olabilece\u011fini s\u00f6yledi. Ate\u015fyan&#8217;a bu yakla\u015f\u0131m\u0131ndan dolay\u0131 te\u015fekk\u00fcr eden Karalo\u011flu, yap\u0131lan haz\u0131rl\u0131klar\u0131n tekrar g\u00f6zden ge\u00e7irildi\u011fini aktard\u0131.<\/p>\n<p style=\"text-align: justify\">Akdamar Kilisesi&#8217;nde yap\u0131lacak ayinin 1 hafta sonraya ertelenmesi ard\u0131ndan \u015fimdiden otellere yap\u0131lan rezevasyonlarda 19 Eyl\u00fcl 2010 tarihine g\u00f6re yeniden d\u00fczenlenece\u011fi belirtildi.<\/p>\n<p style=\"text-align: justify\">\u00a0hurriyet.com.tr, 16.05.2010<\/p>\n<p style=\"text-align: justify\"><strong>Sebahattin YILMAZ<\/strong>\/VAN, (DHA)<\/p>\n<p style=\"text-align: justify\">\u00a0<em>*<\/em><em>Kilisenin ad\u0131 <strong>Surp Ha\u00e7\u2019t\u0131r<\/strong> <\/em><em>\u00a0<\/em><em>(<\/em><em>Site m\u00fcd\u00fcrl\u00fc\u011f\u00fc<\/em><em>)<\/em><em>. <\/em><\/p>\n","protected":false},"excerpt":{"rendered":"<p>ANAYASA de\u011fi\u015fiklik paketinin oylanmas\u0131 i\u00e7in 12 Eyl\u00fcl 2010&#8217;da yap\u0131lacak referandumla ayn\u0131 g\u00fcne denk gelen Akdamar Kilisesi&#8217;nde Ermenilerin yapaca\u011f\u0131 ilk ayin Van Valisi M\u00fcnir Karalo\u011flu&#8217;nun yapt\u0131\u011f\u0131 g\u00f6r\u00fc\u015fmeler sonras\u0131 19 Eyl\u00fcl&#8217;e ertelendi. T\u00fcrkiye Ermenileri Patrikhanesi Ruhani Meclis Ba\u015fkan\u0131 Ba\u015fpiskopos Aram Ate\u015fyan ile g\u00f6r\u00fc\u015fen Vali Karalo\u011flu, Ermeni Cemaati&#8217;nin bu teklifi olumlu kar\u015f\u0131lad\u0131\u011f\u0131n\u0131 ve Akdamar Kilisesi&#8217;ndeki ilk ayinin 19 [&hellip;]<\/p>\n","protected":false},"author":3,"featured_media":0,"comment_status":"closed","ping_status":"open","sticky":false,"template":"","format":"standard","meta":{"footnotes":""},"categories":[14],"tags":[],"class_list":["post-835","post","type-post","status-publish","format-standard","hentry","category-haberler"],"yoast_head":"<!-- This site is optimized with the Yoast SEO plugin v27.4 - https:\/\/yoast.com\/product\/yoast-seo-wordpress\/ -->\n<title>Akdamar&#039;a referandum r\u00f6tar\u0131 - Bati Ermenistan Ve Bati Ermenileri Sorunlari Ara\u015ftirmalar Merkezi<\/title>\n<meta name=\"robots\" content=\"index, follow, max-snippet:-1, max-image-preview:large, max-video-preview:-1\" \/>\n<link rel=\"canonical\" href=\"https:\/\/akunq.net\/turkish\/2010\/05\/17\/akdamara-referandum-rotari\/\" \/>\n<meta property=\"og:locale\" content=\"en_US\" \/>\n<meta property=\"og:type\" content=\"article\" \/>\n<meta property=\"og:title\" content=\"Akdamar&#039;a referandum r\u00f6tar\u0131 - Bati Ermenistan Ve Bati Ermenileri Sorunlari Ara\u015ftirmalar Merkezi\" \/>\n<meta property=\"og:description\" content=\"ANAYASA de\u011fi\u015fiklik paketinin oylanmas\u0131 i\u00e7in 12 Eyl\u00fcl 2010&#8217;da yap\u0131lacak referandumla ayn\u0131 g\u00fcne denk gelen Akdamar Kilisesi&#8217;nde Ermenilerin yapaca\u011f\u0131 ilk ayin Van Valisi M\u00fcnir Karalo\u011flu&#8217;nun yapt\u0131\u011f\u0131 g\u00f6r\u00fc\u015fmeler sonras\u0131 19 Eyl\u00fcl&#8217;e ertelendi. T\u00fcrkiye Ermenileri Patrikhanesi Ruhani Meclis Ba\u015fkan\u0131 Ba\u015fpiskopos Aram Ate\u015fyan ile g\u00f6r\u00fc\u015fen Vali Karalo\u011flu, Ermeni Cemaati&#8217;nin bu teklifi olumlu kar\u015f\u0131lad\u0131\u011f\u0131n\u0131 ve Akdamar Kilisesi&#8217;ndeki ilk ayinin 19 [&hellip;]\" \/>\n<meta property=\"og:url\" content=\"https:\/\/akunq.net\/turkish\/2010\/05\/17\/akdamara-referandum-rotari\/\" \/>\n<meta property=\"og:site_name\" content=\"Bati Ermenistan Ve Bati Ermenileri Sorunlari Ara\u015ftirmalar Merkezi\" \/>\n<meta property=\"article:published_time\" content=\"2010-05-17T05:29:39+00:00\" \/>\n<meta name=\"author\" content=\"kalem\" \/>\n<meta name=\"twitter:card\" content=\"summary_large_image\" \/>\n<meta name=\"twitter:label1\" content=\"Written by\" \/>\n\t<meta name=\"twitter:data1\" content=\"kalem\" \/>\n\t<meta name=\"twitter:label2\" content=\"Est. reading time\" \/>\n\t<meta name=\"twitter:data2\" content=\"2 minutes\" \/>\n<script type=\"application\/ld+json\" class=\"yoast-schema-graph\">{\"@context\":\"https:\\\/\\\/schema.org\",\"@graph\":[{\"@type\":\"Article\",\"@id\":\"https:\\\/\\\/akunq.net\\\/turkish\\\/2010\\\/05\\\/17\\\/akdamara-referandum-rotari\\\/#article\",\"isPartOf\":{\"@id\":\"https:\\\/\\\/akunq.net\\\/turkish\\\/2010\\\/05\\\/17\\\/akdamara-referandum-rotari\\\/\"},\"author\":{\"name\":\"kalem\",\"@id\":\"https:\\\/\\\/akunq.net\\\/turkish\\\/#\\\/schema\\\/person\\\/135e7923d1aeb8887890799619969a6c\"},\"headline\":\"Akdamar&#8217;a referandum r\u00f6tar\u0131\",\"datePublished\":\"2010-05-17T05:29:39+00:00\",\"mainEntityOfPage\":{\"@id\":\"https:\\\/\\\/akunq.net\\\/turkish\\\/2010\\\/05\\\/17\\\/akdamara-referandum-rotari\\\/\"},\"wordCount\":312,\"articleSection\":[\"Haberler\"],\"inLanguage\":\"en-US\"},{\"@type\":\"WebPage\",\"@id\":\"https:\\\/\\\/akunq.net\\\/turkish\\\/2010\\\/05\\\/17\\\/akdamara-referandum-rotari\\\/\",\"url\":\"https:\\\/\\\/akunq.net\\\/turkish\\\/2010\\\/05\\\/17\\\/akdamara-referandum-rotari\\\/\",\"name\":\"Akdamar'a referandum r\u00f6tar\u0131 - Bati Ermenistan Ve Bati Ermenileri Sorunlari Ara\u015ftirmalar Merkezi\",\"isPartOf\":{\"@id\":\"https:\\\/\\\/akunq.net\\\/turkish\\\/#website\"},\"datePublished\":\"2010-05-17T05:29:39+00:00\",\"author\":{\"@id\":\"https:\\\/\\\/akunq.net\\\/turkish\\\/#\\\/schema\\\/person\\\/135e7923d1aeb8887890799619969a6c\"},\"breadcrumb\":{\"@id\":\"https:\\\/\\\/akunq.net\\\/turkish\\\/2010\\\/05\\\/17\\\/akdamara-referandum-rotari\\\/#breadcrumb\"},\"inLanguage\":\"en-US\",\"potentialAction\":[{\"@type\":\"ReadAction\",\"target\":[\"https:\\\/\\\/akunq.net\\\/turkish\\\/2010\\\/05\\\/17\\\/akdamara-referandum-rotari\\\/\"]}]},{\"@type\":\"BreadcrumbList\",\"@id\":\"https:\\\/\\\/akunq.net\\\/turkish\\\/2010\\\/05\\\/17\\\/akdamara-referandum-rotari\\\/#breadcrumb\",\"itemListElement\":[{\"@type\":\"ListItem\",\"position\":1,\"name\":\"Home\",\"item\":\"https:\\\/\\\/akunq.net\\\/turkish\\\/\"},{\"@type\":\"ListItem\",\"position\":2,\"name\":\"Akdamar&#8217;a referandum r\u00f6tar\u0131\"}]},{\"@type\":\"WebSite\",\"@id\":\"https:\\\/\\\/akunq.net\\\/turkish\\\/#website\",\"url\":\"https:\\\/\\\/akunq.net\\\/turkish\\\/\",\"name\":\"Bati Ermenistan Ve Bati Ermenileri Sorunlari Ara\u015ftirmalar Merkezi\",\"description\":\"\",\"potentialAction\":[{\"@type\":\"SearchAction\",\"target\":{\"@type\":\"EntryPoint\",\"urlTemplate\":\"https:\\\/\\\/akunq.net\\\/turkish\\\/?s={search_term_string}\"},\"query-input\":{\"@type\":\"PropertyValueSpecification\",\"valueRequired\":true,\"valueName\":\"search_term_string\"}}],\"inLanguage\":\"en-US\"},{\"@type\":\"Person\",\"@id\":\"https:\\\/\\\/akunq.net\\\/turkish\\\/#\\\/schema\\\/person\\\/135e7923d1aeb8887890799619969a6c\",\"name\":\"kalem\",\"image\":{\"@type\":\"ImageObject\",\"inLanguage\":\"en-US\",\"@id\":\"https:\\\/\\\/secure.gravatar.com\\\/avatar\\\/a06875e4b25feb5674296adf8e8a7ae1e587cebce2493fe63c456109967e27d3?s=96&d=mm&r=g\",\"url\":\"https:\\\/\\\/secure.gravatar.com\\\/avatar\\\/a06875e4b25feb5674296adf8e8a7ae1e587cebce2493fe63c456109967e27d3?s=96&d=mm&r=g\",\"contentUrl\":\"https:\\\/\\\/secure.gravatar.com\\\/avatar\\\/a06875e4b25feb5674296adf8e8a7ae1e587cebce2493fe63c456109967e27d3?s=96&d=mm&r=g\",\"caption\":\"kalem\"},\"url\":\"https:\\\/\\\/akunq.net\\\/turkish\\\/author\\\/kalem\\\/\"}]}<\/script>\n<!-- \/ Yoast SEO plugin. -->","yoast_head_json":{"title":"Akdamar'a referandum r\u00f6tar\u0131 - Bati Ermenistan Ve Bati Ermenileri Sorunlari Ara\u015ftirmalar Merkezi","robots":{"index":"index","follow":"follow","max-snippet":"max-snippet:-1","max-image-preview":"max-image-preview:large","max-video-preview":"max-video-preview:-1"},"canonical":"https:\/\/akunq.net\/turkish\/2010\/05\/17\/akdamara-referandum-rotari\/","og_locale":"en_US","og_type":"article","og_title":"Akdamar'a referandum r\u00f6tar\u0131 - Bati Ermenistan Ve Bati Ermenileri Sorunlari Ara\u015ftirmalar Merkezi","og_description":"ANAYASA de\u011fi\u015fiklik paketinin oylanmas\u0131 i\u00e7in 12 Eyl\u00fcl 2010&#8217;da yap\u0131lacak referandumla ayn\u0131 g\u00fcne denk gelen Akdamar Kilisesi&#8217;nde Ermenilerin yapaca\u011f\u0131 ilk ayin Van Valisi M\u00fcnir Karalo\u011flu&#8217;nun yapt\u0131\u011f\u0131 g\u00f6r\u00fc\u015fmeler sonras\u0131 19 Eyl\u00fcl&#8217;e ertelendi. T\u00fcrkiye Ermenileri Patrikhanesi Ruhani Meclis Ba\u015fkan\u0131 Ba\u015fpiskopos Aram Ate\u015fyan ile g\u00f6r\u00fc\u015fen Vali Karalo\u011flu, Ermeni Cemaati&#8217;nin bu teklifi olumlu kar\u015f\u0131lad\u0131\u011f\u0131n\u0131 ve Akdamar Kilisesi&#8217;ndeki ilk ayinin 19 [&hellip;]","og_url":"https:\/\/akunq.net\/turkish\/2010\/05\/17\/akdamara-referandum-rotari\/","og_site_name":"Bati Ermenistan Ve Bati Ermenileri Sorunlari Ara\u015ftirmalar Merkezi","article_published_time":"2010-05-17T05:29:39+00:00","author":"kalem","twitter_card":"summary_large_image","twitter_misc":{"Written by":"kalem","Est. reading time":"2 minutes"},"schema":{"@context":"https:\/\/schema.org","@graph":[{"@type":"Article","@id":"https:\/\/akunq.net\/turkish\/2010\/05\/17\/akdamara-referandum-rotari\/#article","isPartOf":{"@id":"https:\/\/akunq.net\/turkish\/2010\/05\/17\/akdamara-referandum-rotari\/"},"author":{"name":"kalem","@id":"https:\/\/akunq.net\/turkish\/#\/schema\/person\/135e7923d1aeb8887890799619969a6c"},"headline":"Akdamar&#8217;a referandum r\u00f6tar\u0131","datePublished":"2010-05-17T05:29:39+00:00","mainEntityOfPage":{"@id":"https:\/\/akunq.net\/turkish\/2010\/05\/17\/akdamara-referandum-rotari\/"},"wordCount":312,"articleSection":["Haberler"],"inLanguage":"en-US"},{"@type":"WebPage","@id":"https:\/\/akunq.net\/turkish\/2010\/05\/17\/akdamara-referandum-rotari\/","url":"https:\/\/akunq.net\/turkish\/2010\/05\/17\/akdamara-referandum-rotari\/","name":"Akdamar'a referandum r\u00f6tar\u0131 - Bati Ermenistan Ve Bati Ermenileri Sorunlari Ara\u015ftirmalar Merkezi","isPartOf":{"@id":"https:\/\/akunq.net\/turkish\/#website"},"datePublished":"2010-05-17T05:29:39+00:00","author":{"@id":"https:\/\/akunq.net\/turkish\/#\/schema\/person\/135e7923d1aeb8887890799619969a6c"},"breadcrumb":{"@id":"https:\/\/akunq.net\/turkish\/2010\/05\/17\/akdamara-referandum-rotari\/#breadcrumb"},"inLanguage":"en-US","potentialAction":[{"@type":"ReadAction","target":["https:\/\/akunq.net\/turkish\/2010\/05\/17\/akdamara-referandum-rotari\/"]}]},{"@type":"BreadcrumbList","@id":"https:\/\/akunq.net\/turkish\/2010\/05\/17\/akdamara-referandum-rotari\/#breadcrumb","itemListElement":[{"@type":"ListItem","position":1,"name":"Home","item":"https:\/\/akunq.net\/turkish\/"},{"@type":"ListItem","position":2,"name":"Akdamar&#8217;a referandum r\u00f6tar\u0131"}]},{"@type":"WebSite","@id":"https:\/\/akunq.net\/turkish\/#website","url":"https:\/\/akunq.net\/turkish\/","name":"Bati Ermenistan Ve Bati Ermenileri Sorunlari Ara\u015ftirmalar Merkezi","description":"","potentialAction":[{"@type":"SearchAction","target":{"@type":"EntryPoint","urlTemplate":"https:\/\/akunq.net\/turkish\/?s={search_term_string}"},"query-input":{"@type":"PropertyValueSpecification","valueRequired":true,"valueName":"search_term_string"}}],"inLanguage":"en-US"},{"@type":"Person","@id":"https:\/\/akunq.net\/turkish\/#\/schema\/person\/135e7923d1aeb8887890799619969a6c","name":"kalem","image":{"@type":"ImageObject","inLanguage":"en-US","@id":"https:\/\/secure.gravatar.com\/avatar\/a06875e4b25feb5674296adf8e8a7ae1e587cebce2493fe63c456109967e27d3?s=96&d=mm&r=g","url":"https:\/\/secure.gravatar.com\/avatar\/a06875e4b25feb5674296adf8e8a7ae1e587cebce2493fe63c456109967e27d3?s=96&d=mm&r=g","contentUrl":"https:\/\/secure.gravatar.com\/avatar\/a06875e4b25feb5674296adf8e8a7ae1e587cebce2493fe63c456109967e27d3?s=96&d=mm&r=g","caption":"kalem"},"url":"https:\/\/akunq.net\/turkish\/author\/kalem\/"}]}},"_links":{"self":[{"href":"https:\/\/akunq.net\/turkish\/wp-json\/wp\/v2\/posts\/835","targetHints":{"allow":["GET"]}}],"collection":[{"href":"https:\/\/akunq.net\/turkish\/wp-json\/wp\/v2\/posts"}],"about":[{"href":"https:\/\/akunq.net\/turkish\/wp-json\/wp\/v2\/types\/post"}],"author":[{"embeddable":true,"href":"https:\/\/akunq.net\/turkish\/wp-json\/wp\/v2\/users\/3"}],"replies":[{"embeddable":true,"href":"https:\/\/akunq.net\/turkish\/wp-json\/wp\/v2\/comments?post=835"}],"version-history":[{"count":0,"href":"https:\/\/akunq.net\/turkish\/wp-json\/wp\/v2\/posts\/835\/revisions"}],"wp:attachment":[{"href":"https:\/\/akunq.net\/turkish\/wp-json\/wp\/v2\/media?parent=835"}],"wp:term":[{"taxonomy":"category","embeddable":true,"href":"https:\/\/akunq.net\/turkish\/wp-json\/wp\/v2\/categories?post=835"},{"taxonomy":"post_tag","embeddable":true,"href":"https:\/\/akunq.net\/turkish\/wp-json\/wp\/v2\/tags?post=835"}],"curies":[{"name":"wp","href":"https:\/\/api.w.org\/{rel}","templated":true}]}}