{"id":829,"date":"2010-05-14T09:16:53","date_gmt":"2010-05-14T14:16:53","guid":{"rendered":"http:\/\/akunq.net\/tr\/?p=829"},"modified":"2010-05-14T09:16:53","modified_gmt":"2010-05-14T14:16:53","slug":"akdamardaki-ilk-ayine-referandum-engeli","status":"publish","type":"post","link":"https:\/\/akunq.net\/turkish\/2010\/05\/14\/akdamardaki-ilk-ayine-referandum-engeli\/","title":{"rendered":"Akdamar&#8217;daki ilk ayine referandum engeli"},"content":{"rendered":"<p style=\"text-align: justify\"><strong>Y\u00dcKSEK Se\u00e7im Kurulu&#8217;nun (YSK) anayasa de\u011fi\u015fikli\u011fi paketiyle ilgili referandumun 12 Eyl\u00fcl Pazar g\u00fcn\u00fc yap\u0131lmas\u0131n\u0131 oybirli\u011fiyle kararla\u015ft\u0131r\u0131lmas\u0131, Van&#8217;da Akdamar Kilisesi&#8217;nde Ermeniler taraf\u0131ndan yaplacak ilk ayini tehlikeye soktu. Van Valisi M\u00fcnir Karalo\u011flu, ayinin bir hafta sonra yap\u0131labilmesi i\u00e7in Ermeni cemaati liderleriyle g\u00f6r\u00fc\u015fece\u011fini s\u00f6yledi.<\/strong><\/p>\n<p style=\"text-align: justify\">\u0130badete a\u00e7\u0131l\u0131p, a\u00e7\u0131lmamas\u0131 tart\u0131\u015fma konusu olan ve yap\u0131lan \u00e7al\u0131\u015fmalar sonras\u0131 da ibadete a\u00e7\u0131lmas\u0131 kararla\u015ft\u0131r\u0131lan Akdamar Kilisesi&#8217;ndeki ilk ayin, 12 Ey\u00fcl 2010&#8217;da yap\u0131lacak referandumla \u00e7ak\u0131\u015ft\u0131. Ya\u015fanan bu geli\u015fme \u00fczerine dikkatler, Van Valili\u011fi&#8217;nin konuyla ilgili yapaca\u011f\u0131 \u00e7al\u0131\u015fmalara \u00e7evrildi. Van Valisi M\u00fcnir Karalo\u011flu, bu geli\u015fmenin kendilerini de s\u0131k\u0131nt\u0131ya soktu\u011funu s\u00f6yledi. Vali Karalo\u011flu, pazartesi g\u00fcn\u00fcnden itibaren konuyla ilgili \u00e7al\u0131\u015fma yapacaklar\u0131n\u0131 belirtti. Vali Karalo\u011flu, ilk ibadet tarihi olan 12 Eyl\u00fcl&#8217;\u00fcn bir hafta sonraya ertelenmesi i\u00e7in Ermeni Cemaati yetkilileri ile g\u00f6r\u00fc\u015fece\u011fini, uygun g\u00f6r\u00fclmesi halinde Van i\u00e7in b\u00fcy\u00fck \u00f6nem ta\u015f\u0131yan ilk ibadetin 19 Eyl\u00fcl 2010\u2019da yap\u0131lmas\u0131n\u0131 isteyecek.<\/p>\n<p><strong><em>Osman BEKLEYEN\/VAN<\/em><\/strong><strong><em>, <\/em><\/strong><strong><em>H\u00fcrriyet, 14.05.10<\/em><\/strong><strong><em><\/em><\/strong><\/p>\n","protected":false},"excerpt":{"rendered":"<p>Y\u00dcKSEK Se\u00e7im Kurulu&#8217;nun (YSK) anayasa de\u011fi\u015fikli\u011fi paketiyle ilgili referandumun 12 Eyl\u00fcl Pazar g\u00fcn\u00fc yap\u0131lmas\u0131n\u0131 oybirli\u011fiyle kararla\u015ft\u0131r\u0131lmas\u0131, Van&#8217;da Akdamar Kilisesi&#8217;nde Ermeniler taraf\u0131ndan yaplacak ilk ayini tehlikeye soktu. Van Valisi M\u00fcnir Karalo\u011flu, ayinin bir hafta sonra yap\u0131labilmesi i\u00e7in Ermeni cemaati liderleriyle g\u00f6r\u00fc\u015fece\u011fini s\u00f6yledi. \u0130badete a\u00e7\u0131l\u0131p, a\u00e7\u0131lmamas\u0131 tart\u0131\u015fma konusu olan ve yap\u0131lan \u00e7al\u0131\u015fmalar sonras\u0131 da ibadete a\u00e7\u0131lmas\u0131 kararla\u015ft\u0131r\u0131lan [&hellip;]<\/p>\n","protected":false},"author":3,"featured_media":0,"comment_status":"closed","ping_status":"open","sticky":false,"template":"","format":"standard","meta":{"footnotes":""},"categories":[14],"tags":[],"class_list":["post-829","post","type-post","status-publish","format-standard","hentry","category-haberler"],"yoast_head":"<!-- This site is optimized with the Yoast SEO plugin v27.4 - https:\/\/yoast.com\/product\/yoast-seo-wordpress\/ -->\n<title>Akdamar&#039;daki ilk ayine referandum engeli - Bati Ermenistan Ve Bati Ermenileri Sorunlari Ara\u015ftirmalar Merkezi<\/title>\n<meta name=\"robots\" content=\"index, follow, max-snippet:-1, max-image-preview:large, max-video-preview:-1\" \/>\n<link rel=\"canonical\" href=\"https:\/\/akunq.net\/turkish\/2010\/05\/14\/akdamardaki-ilk-ayine-referandum-engeli\/\" \/>\n<meta property=\"og:locale\" content=\"en_US\" \/>\n<meta property=\"og:type\" content=\"article\" \/>\n<meta property=\"og:title\" content=\"Akdamar&#039;daki ilk ayine referandum engeli - Bati Ermenistan Ve Bati Ermenileri Sorunlari Ara\u015ftirmalar Merkezi\" \/>\n<meta property=\"og:description\" content=\"Y\u00dcKSEK Se\u00e7im Kurulu&#8217;nun (YSK) anayasa de\u011fi\u015fikli\u011fi paketiyle ilgili referandumun 12 Eyl\u00fcl Pazar g\u00fcn\u00fc yap\u0131lmas\u0131n\u0131 oybirli\u011fiyle kararla\u015ft\u0131r\u0131lmas\u0131, Van&#8217;da Akdamar Kilisesi&#8217;nde Ermeniler taraf\u0131ndan yaplacak ilk ayini tehlikeye soktu. Van Valisi M\u00fcnir Karalo\u011flu, ayinin bir hafta sonra yap\u0131labilmesi i\u00e7in Ermeni cemaati liderleriyle g\u00f6r\u00fc\u015fece\u011fini s\u00f6yledi. \u0130badete a\u00e7\u0131l\u0131p, a\u00e7\u0131lmamas\u0131 tart\u0131\u015fma konusu olan ve yap\u0131lan \u00e7al\u0131\u015fmalar sonras\u0131 da ibadete a\u00e7\u0131lmas\u0131 kararla\u015ft\u0131r\u0131lan [&hellip;]\" \/>\n<meta property=\"og:url\" content=\"https:\/\/akunq.net\/turkish\/2010\/05\/14\/akdamardaki-ilk-ayine-referandum-engeli\/\" \/>\n<meta property=\"og:site_name\" content=\"Bati Ermenistan Ve Bati Ermenileri Sorunlari Ara\u015ftirmalar Merkezi\" \/>\n<meta property=\"article:published_time\" content=\"2010-05-14T14:16:53+00:00\" \/>\n<meta name=\"author\" content=\"kalem\" \/>\n<meta name=\"twitter:card\" content=\"summary_large_image\" \/>\n<meta name=\"twitter:label1\" content=\"Written by\" \/>\n\t<meta name=\"twitter:data1\" content=\"kalem\" \/>\n\t<meta name=\"twitter:label2\" content=\"Est. reading time\" \/>\n\t<meta name=\"twitter:data2\" content=\"1 minute\" \/>\n<script type=\"application\/ld+json\" class=\"yoast-schema-graph\">{\"@context\":\"https:\\\/\\\/schema.org\",\"@graph\":[{\"@type\":\"Article\",\"@id\":\"https:\\\/\\\/akunq.net\\\/turkish\\\/2010\\\/05\\\/14\\\/akdamardaki-ilk-ayine-referandum-engeli\\\/#article\",\"isPartOf\":{\"@id\":\"https:\\\/\\\/akunq.net\\\/turkish\\\/2010\\\/05\\\/14\\\/akdamardaki-ilk-ayine-referandum-engeli\\\/\"},\"author\":{\"name\":\"kalem\",\"@id\":\"https:\\\/\\\/akunq.net\\\/turkish\\\/#\\\/schema\\\/person\\\/135e7923d1aeb8887890799619969a6c\"},\"headline\":\"Akdamar&#8217;daki ilk ayine referandum engeli\",\"datePublished\":\"2010-05-14T14:16:53+00:00\",\"mainEntityOfPage\":{\"@id\":\"https:\\\/\\\/akunq.net\\\/turkish\\\/2010\\\/05\\\/14\\\/akdamardaki-ilk-ayine-referandum-engeli\\\/\"},\"wordCount\":205,\"articleSection\":[\"Haberler\"],\"inLanguage\":\"en-US\"},{\"@type\":\"WebPage\",\"@id\":\"https:\\\/\\\/akunq.net\\\/turkish\\\/2010\\\/05\\\/14\\\/akdamardaki-ilk-ayine-referandum-engeli\\\/\",\"url\":\"https:\\\/\\\/akunq.net\\\/turkish\\\/2010\\\/05\\\/14\\\/akdamardaki-ilk-ayine-referandum-engeli\\\/\",\"name\":\"Akdamar'daki ilk ayine referandum engeli - Bati Ermenistan Ve Bati Ermenileri Sorunlari Ara\u015ftirmalar Merkezi\",\"isPartOf\":{\"@id\":\"https:\\\/\\\/akunq.net\\\/turkish\\\/#website\"},\"datePublished\":\"2010-05-14T14:16:53+00:00\",\"author\":{\"@id\":\"https:\\\/\\\/akunq.net\\\/turkish\\\/#\\\/schema\\\/person\\\/135e7923d1aeb8887890799619969a6c\"},\"breadcrumb\":{\"@id\":\"https:\\\/\\\/akunq.net\\\/turkish\\\/2010\\\/05\\\/14\\\/akdamardaki-ilk-ayine-referandum-engeli\\\/#breadcrumb\"},\"inLanguage\":\"en-US\",\"potentialAction\":[{\"@type\":\"ReadAction\",\"target\":[\"https:\\\/\\\/akunq.net\\\/turkish\\\/2010\\\/05\\\/14\\\/akdamardaki-ilk-ayine-referandum-engeli\\\/\"]}]},{\"@type\":\"BreadcrumbList\",\"@id\":\"https:\\\/\\\/akunq.net\\\/turkish\\\/2010\\\/05\\\/14\\\/akdamardaki-ilk-ayine-referandum-engeli\\\/#breadcrumb\",\"itemListElement\":[{\"@type\":\"ListItem\",\"position\":1,\"name\":\"Home\",\"item\":\"https:\\\/\\\/akunq.net\\\/turkish\\\/\"},{\"@type\":\"ListItem\",\"position\":2,\"name\":\"Akdamar&#8217;daki ilk ayine referandum engeli\"}]},{\"@type\":\"WebSite\",\"@id\":\"https:\\\/\\\/akunq.net\\\/turkish\\\/#website\",\"url\":\"https:\\\/\\\/akunq.net\\\/turkish\\\/\",\"name\":\"Bati Ermenistan Ve Bati Ermenileri Sorunlari Ara\u015ftirmalar Merkezi\",\"description\":\"\",\"potentialAction\":[{\"@type\":\"SearchAction\",\"target\":{\"@type\":\"EntryPoint\",\"urlTemplate\":\"https:\\\/\\\/akunq.net\\\/turkish\\\/?s={search_term_string}\"},\"query-input\":{\"@type\":\"PropertyValueSpecification\",\"valueRequired\":true,\"valueName\":\"search_term_string\"}}],\"inLanguage\":\"en-US\"},{\"@type\":\"Person\",\"@id\":\"https:\\\/\\\/akunq.net\\\/turkish\\\/#\\\/schema\\\/person\\\/135e7923d1aeb8887890799619969a6c\",\"name\":\"kalem\",\"image\":{\"@type\":\"ImageObject\",\"inLanguage\":\"en-US\",\"@id\":\"https:\\\/\\\/secure.gravatar.com\\\/avatar\\\/a06875e4b25feb5674296adf8e8a7ae1e587cebce2493fe63c456109967e27d3?s=96&d=mm&r=g\",\"url\":\"https:\\\/\\\/secure.gravatar.com\\\/avatar\\\/a06875e4b25feb5674296adf8e8a7ae1e587cebce2493fe63c456109967e27d3?s=96&d=mm&r=g\",\"contentUrl\":\"https:\\\/\\\/secure.gravatar.com\\\/avatar\\\/a06875e4b25feb5674296adf8e8a7ae1e587cebce2493fe63c456109967e27d3?s=96&d=mm&r=g\",\"caption\":\"kalem\"},\"url\":\"https:\\\/\\\/akunq.net\\\/turkish\\\/author\\\/kalem\\\/\"}]}<\/script>\n<!-- \/ Yoast SEO plugin. -->","yoast_head_json":{"title":"Akdamar'daki ilk ayine referandum engeli - Bati Ermenistan Ve Bati Ermenileri Sorunlari Ara\u015ftirmalar Merkezi","robots":{"index":"index","follow":"follow","max-snippet":"max-snippet:-1","max-image-preview":"max-image-preview:large","max-video-preview":"max-video-preview:-1"},"canonical":"https:\/\/akunq.net\/turkish\/2010\/05\/14\/akdamardaki-ilk-ayine-referandum-engeli\/","og_locale":"en_US","og_type":"article","og_title":"Akdamar'daki ilk ayine referandum engeli - Bati Ermenistan Ve Bati Ermenileri Sorunlari Ara\u015ftirmalar Merkezi","og_description":"Y\u00dcKSEK Se\u00e7im Kurulu&#8217;nun (YSK) anayasa de\u011fi\u015fikli\u011fi paketiyle ilgili referandumun 12 Eyl\u00fcl Pazar g\u00fcn\u00fc yap\u0131lmas\u0131n\u0131 oybirli\u011fiyle kararla\u015ft\u0131r\u0131lmas\u0131, Van&#8217;da Akdamar Kilisesi&#8217;nde Ermeniler taraf\u0131ndan yaplacak ilk ayini tehlikeye soktu. Van Valisi M\u00fcnir Karalo\u011flu, ayinin bir hafta sonra yap\u0131labilmesi i\u00e7in Ermeni cemaati liderleriyle g\u00f6r\u00fc\u015fece\u011fini s\u00f6yledi. \u0130badete a\u00e7\u0131l\u0131p, a\u00e7\u0131lmamas\u0131 tart\u0131\u015fma konusu olan ve yap\u0131lan \u00e7al\u0131\u015fmalar sonras\u0131 da ibadete a\u00e7\u0131lmas\u0131 kararla\u015ft\u0131r\u0131lan [&hellip;]","og_url":"https:\/\/akunq.net\/turkish\/2010\/05\/14\/akdamardaki-ilk-ayine-referandum-engeli\/","og_site_name":"Bati Ermenistan Ve Bati Ermenileri Sorunlari Ara\u015ftirmalar Merkezi","article_published_time":"2010-05-14T14:16:53+00:00","author":"kalem","twitter_card":"summary_large_image","twitter_misc":{"Written by":"kalem","Est. reading time":"1 minute"},"schema":{"@context":"https:\/\/schema.org","@graph":[{"@type":"Article","@id":"https:\/\/akunq.net\/turkish\/2010\/05\/14\/akdamardaki-ilk-ayine-referandum-engeli\/#article","isPartOf":{"@id":"https:\/\/akunq.net\/turkish\/2010\/05\/14\/akdamardaki-ilk-ayine-referandum-engeli\/"},"author":{"name":"kalem","@id":"https:\/\/akunq.net\/turkish\/#\/schema\/person\/135e7923d1aeb8887890799619969a6c"},"headline":"Akdamar&#8217;daki ilk ayine referandum engeli","datePublished":"2010-05-14T14:16:53+00:00","mainEntityOfPage":{"@id":"https:\/\/akunq.net\/turkish\/2010\/05\/14\/akdamardaki-ilk-ayine-referandum-engeli\/"},"wordCount":205,"articleSection":["Haberler"],"inLanguage":"en-US"},{"@type":"WebPage","@id":"https:\/\/akunq.net\/turkish\/2010\/05\/14\/akdamardaki-ilk-ayine-referandum-engeli\/","url":"https:\/\/akunq.net\/turkish\/2010\/05\/14\/akdamardaki-ilk-ayine-referandum-engeli\/","name":"Akdamar'daki ilk ayine referandum engeli - Bati Ermenistan Ve Bati Ermenileri Sorunlari Ara\u015ftirmalar Merkezi","isPartOf":{"@id":"https:\/\/akunq.net\/turkish\/#website"},"datePublished":"2010-05-14T14:16:53+00:00","author":{"@id":"https:\/\/akunq.net\/turkish\/#\/schema\/person\/135e7923d1aeb8887890799619969a6c"},"breadcrumb":{"@id":"https:\/\/akunq.net\/turkish\/2010\/05\/14\/akdamardaki-ilk-ayine-referandum-engeli\/#breadcrumb"},"inLanguage":"en-US","potentialAction":[{"@type":"ReadAction","target":["https:\/\/akunq.net\/turkish\/2010\/05\/14\/akdamardaki-ilk-ayine-referandum-engeli\/"]}]},{"@type":"BreadcrumbList","@id":"https:\/\/akunq.net\/turkish\/2010\/05\/14\/akdamardaki-ilk-ayine-referandum-engeli\/#breadcrumb","itemListElement":[{"@type":"ListItem","position":1,"name":"Home","item":"https:\/\/akunq.net\/turkish\/"},{"@type":"ListItem","position":2,"name":"Akdamar&#8217;daki ilk ayine referandum engeli"}]},{"@type":"WebSite","@id":"https:\/\/akunq.net\/turkish\/#website","url":"https:\/\/akunq.net\/turkish\/","name":"Bati Ermenistan Ve Bati Ermenileri Sorunlari Ara\u015ftirmalar Merkezi","description":"","potentialAction":[{"@type":"SearchAction","target":{"@type":"EntryPoint","urlTemplate":"https:\/\/akunq.net\/turkish\/?s={search_term_string}"},"query-input":{"@type":"PropertyValueSpecification","valueRequired":true,"valueName":"search_term_string"}}],"inLanguage":"en-US"},{"@type":"Person","@id":"https:\/\/akunq.net\/turkish\/#\/schema\/person\/135e7923d1aeb8887890799619969a6c","name":"kalem","image":{"@type":"ImageObject","inLanguage":"en-US","@id":"https:\/\/secure.gravatar.com\/avatar\/a06875e4b25feb5674296adf8e8a7ae1e587cebce2493fe63c456109967e27d3?s=96&d=mm&r=g","url":"https:\/\/secure.gravatar.com\/avatar\/a06875e4b25feb5674296adf8e8a7ae1e587cebce2493fe63c456109967e27d3?s=96&d=mm&r=g","contentUrl":"https:\/\/secure.gravatar.com\/avatar\/a06875e4b25feb5674296adf8e8a7ae1e587cebce2493fe63c456109967e27d3?s=96&d=mm&r=g","caption":"kalem"},"url":"https:\/\/akunq.net\/turkish\/author\/kalem\/"}]}},"_links":{"self":[{"href":"https:\/\/akunq.net\/turkish\/wp-json\/wp\/v2\/posts\/829","targetHints":{"allow":["GET"]}}],"collection":[{"href":"https:\/\/akunq.net\/turkish\/wp-json\/wp\/v2\/posts"}],"about":[{"href":"https:\/\/akunq.net\/turkish\/wp-json\/wp\/v2\/types\/post"}],"author":[{"embeddable":true,"href":"https:\/\/akunq.net\/turkish\/wp-json\/wp\/v2\/users\/3"}],"replies":[{"embeddable":true,"href":"https:\/\/akunq.net\/turkish\/wp-json\/wp\/v2\/comments?post=829"}],"version-history":[{"count":0,"href":"https:\/\/akunq.net\/turkish\/wp-json\/wp\/v2\/posts\/829\/revisions"}],"wp:attachment":[{"href":"https:\/\/akunq.net\/turkish\/wp-json\/wp\/v2\/media?parent=829"}],"wp:term":[{"taxonomy":"category","embeddable":true,"href":"https:\/\/akunq.net\/turkish\/wp-json\/wp\/v2\/categories?post=829"},{"taxonomy":"post_tag","embeddable":true,"href":"https:\/\/akunq.net\/turkish\/wp-json\/wp\/v2\/tags?post=829"}],"curies":[{"name":"wp","href":"https:\/\/api.w.org\/{rel}","templated":true}]}}