{"id":824,"date":"2010-05-13T09:36:59","date_gmt":"2010-05-13T14:36:59","guid":{"rendered":"http:\/\/akunq.net\/tr\/?p=824"},"modified":"2010-05-13T09:36:59","modified_gmt":"2010-05-13T14:36:59","slug":"basbakanliktan-azinlik-genelgesi","status":"publish","type":"post","link":"https:\/\/akunq.net\/turkish\/2010\/05\/13\/basbakanliktan-azinlik-genelgesi\/","title":{"rendered":"Ba\u015fbakanl\u0131ktan az\u0131nl\u0131k genelgesi"},"content":{"rendered":"<p style=\"text-align: justify\"><em>Ba\u015fbakan Recep Tayyip Erdo\u011fan, T\u00fcrkiye&#8217;de ya\u015fayan gayrim\u00fcslim az\u0131nl\u0131klara mensup T\u00fcrk vatanda\u015flar\u0131n\u0131n, devlet \u00f6n\u00fcndeki i\u015f ve i\u015flemlerinde kendilerine g\u00fc\u00e7l\u00fck \u00e7\u0131kar\u0131lmamas\u0131n\u0131n, haklar\u0131na halel getirilmemesinin mevzuat gere\u011fi oldu\u011funu belirterek, bu vatanda\u015flar\u0131n devletin ve T\u00fcrk ulusunun bir par\u00e7as\u0131 olduklar\u0131n\u0131n kendilerine hissettirilmesi a\u00e7\u0131s\u0131ndan da b\u00fcy\u00fck \u00f6nem ta\u015f\u0131d\u0131\u011f\u0131n\u0131 vurgulad\u0131. <\/em><\/p>\n<p style=\"text-align: justify\">Ba\u015fbakan Erdo\u011fan, T\u00fcrkiye&#8217;deki az\u0131nl\u0131k vatanda\u015flara ili\u015fkin genelge yay\u0131mlad\u0131. Genelge, Resmi Gazete&#8217;nin bug\u00fcnk\u00fc say\u0131s\u0131nda yer ald\u0131.<\/p>\n<p style=\"text-align: justify\">Erdo\u011fan genelgede, \u201cAnayasan\u0131n e\u015fitlik ilkesi \u00e7er\u00e7evesinde T\u00fcrkiye&#8217;de ya\u015fayan gayrim\u00fcslim az\u0131nl\u0131klara mensup T\u00fcrk vatanda\u015flar\u0131n\u0131n, b\u00fct\u00fcn T\u00fcrkiye Cumhuriyeti vatanda\u015flar\u0131 gibi, ayr\u0131lmaz par\u00e7as\u0131 olduklar\u0131 ulusal k\u00fclt\u00fcr ve kimlik yan\u0131nda, kendi kimlik ve k\u00fclt\u00fcrlerini ya\u015fama ve ya\u015fatma imkan\u0131na sahip bulunduklar\u0131n\u0131\u201d belirtti.<\/p>\n<p style=\"text-align: justify\">Ba\u015fbakan Erdo\u011fan, \u015funlar\u0131 kaydetti: \u201cBu vatanda\u015flar\u0131m\u0131z\u0131n devlet \u00f6n\u00fcndeki i\u015f ve i\u015flemlerinde kendilerine g\u00fc\u00e7l\u00fck \u00e7\u0131kar\u0131lmamas\u0131, haklar\u0131na halel getirilmemesi, ilgili mevzuat gere\u011fi oldu\u011fu gibi, devletimizin ve T\u00fcrk ulusunun bir par\u00e7as\u0131 olduklar\u0131n\u0131n kendilerine hissettirilmesi a\u00e7\u0131s\u0131ndan da b\u00fcy\u00fck \u00f6nem ta\u015f\u0131maktad\u0131r.<\/p>\n<p style=\"text-align: justify\">Son y\u0131llarda s\u00fcrd\u00fcr\u00fclen demokratikle\u015fme \u00e7al\u0131\u015fmalar\u0131 \u00e7er\u00e7evesinde \u00fclkemizdeki gayrim\u00fcslim az\u0131nl\u0131klar\u0131 ilgilendiren konularda yap\u0131lan d\u00fczenlemelere ra\u011fmen uygulamadan kaynaklanan baz\u0131 sebeplerle bu konudaki sorunlar\u0131n tam anlam\u0131yla giderilemedi\u011fi g\u00f6r\u00fclmektedir.<\/p>\n<p style=\"text-align: justify\">Bu itibarla, kontrol\u00fc belediyelere ge\u00e7mi\u015f olan gayrim\u00fcslim mezarl\u0131klar\u0131n\u0131n korunma ve bak\u0131m\u0131 konular\u0131nda gereken \u00f6zenin g\u00f6sterilmesi, gayrim\u00fcslim cemaat vak\u0131flar\u0131 lehine sonu\u00e7lanan mahkeme kararlar\u0131n\u0131n tapu dairelerince hassasiyetle uygulanmas\u0131, taviz bedeli ile ilgili uygulamalarda ma\u011fduriyetlere sebep olunmamas\u0131, T.C. vatanda\u015f\u0131 gayrim\u00fcslim cemaat liderlerinin protokol uygulamalar\u0131nda stat\u00fclerine uygun bir \u015fekilde konumland\u0131r\u0131lmalar\u0131, gayrim\u00fcslim cemaatler aleyhine yap\u0131lan kin ve d\u00fc\u015fmanl\u0131\u011f\u0131 te\u015fvik edici yay\u0131nlara kar\u015f\u0131 gerekli yasal i\u015flemlerin derhal ba\u015flat\u0131lmas\u0131 gibi uygulamalar \u00f6rnek olmak \u00fczere, gayrim\u00fcslim az\u0131nl\u0131klarla ilgili t\u00fcm uygulamalarda yukar\u0131da bahsedilen bilin\u00e7le hareket edilmesi gerekmektedir.<\/p>\n<p style=\"text-align: justify\">Bu \u00e7er\u00e7evede, ilgili kurum ve kurulu\u015flar\u0131n bu konuda uygulamadan kaynaklanabilecek sorunlar\u0131n tam anlam\u0131yla giderilmesi i\u00e7in gereken hassasiyeti g\u00f6stermeleri hususunda bilgilerini ve gere\u011fini \u00f6nemle rica ederim.\u201d<\/p>\n<p style=\"text-align: justify\">hurriyet.com.tr, 13.5.2010<\/p>\n","protected":false},"excerpt":{"rendered":"<p>Ba\u015fbakan Recep Tayyip Erdo\u011fan, T\u00fcrkiye&#8217;de ya\u015fayan gayrim\u00fcslim az\u0131nl\u0131klara mensup T\u00fcrk vatanda\u015flar\u0131n\u0131n, devlet \u00f6n\u00fcndeki i\u015f ve i\u015flemlerinde kendilerine g\u00fc\u00e7l\u00fck \u00e7\u0131kar\u0131lmamas\u0131n\u0131n, haklar\u0131na halel getirilmemesinin mevzuat gere\u011fi oldu\u011funu belirterek, bu vatanda\u015flar\u0131n devletin ve T\u00fcrk ulusunun bir par\u00e7as\u0131 olduklar\u0131n\u0131n kendilerine hissettirilmesi a\u00e7\u0131s\u0131ndan da b\u00fcy\u00fck \u00f6nem ta\u015f\u0131d\u0131\u011f\u0131n\u0131 vurgulad\u0131. Ba\u015fbakan Erdo\u011fan, T\u00fcrkiye&#8217;deki az\u0131nl\u0131k vatanda\u015flara ili\u015fkin genelge yay\u0131mlad\u0131. Genelge, Resmi Gazete&#8217;nin bug\u00fcnk\u00fc [&hellip;]<\/p>\n","protected":false},"author":3,"featured_media":0,"comment_status":"closed","ping_status":"open","sticky":false,"template":"","format":"standard","meta":{"footnotes":""},"categories":[14],"tags":[],"class_list":["post-824","post","type-post","status-publish","format-standard","hentry","category-haberler"],"yoast_head":"<!-- This site is optimized with the Yoast SEO plugin v27.4 - https:\/\/yoast.com\/product\/yoast-seo-wordpress\/ -->\n<title>Ba\u015fbakanl\u0131ktan az\u0131nl\u0131k genelgesi - Bati Ermenistan Ve Bati Ermenileri Sorunlari Ara\u015ftirmalar Merkezi<\/title>\n<meta name=\"robots\" content=\"index, follow, max-snippet:-1, max-image-preview:large, max-video-preview:-1\" \/>\n<link rel=\"canonical\" href=\"https:\/\/akunq.net\/turkish\/2010\/05\/13\/basbakanliktan-azinlik-genelgesi\/\" \/>\n<meta property=\"og:locale\" content=\"en_US\" \/>\n<meta property=\"og:type\" content=\"article\" \/>\n<meta property=\"og:title\" content=\"Ba\u015fbakanl\u0131ktan az\u0131nl\u0131k genelgesi - Bati Ermenistan Ve Bati Ermenileri Sorunlari Ara\u015ftirmalar Merkezi\" \/>\n<meta property=\"og:description\" content=\"Ba\u015fbakan Recep Tayyip Erdo\u011fan, T\u00fcrkiye&#8217;de ya\u015fayan gayrim\u00fcslim az\u0131nl\u0131klara mensup T\u00fcrk vatanda\u015flar\u0131n\u0131n, devlet \u00f6n\u00fcndeki i\u015f ve i\u015flemlerinde kendilerine g\u00fc\u00e7l\u00fck \u00e7\u0131kar\u0131lmamas\u0131n\u0131n, haklar\u0131na halel getirilmemesinin mevzuat gere\u011fi oldu\u011funu belirterek, bu vatanda\u015flar\u0131n devletin ve T\u00fcrk ulusunun bir par\u00e7as\u0131 olduklar\u0131n\u0131n kendilerine hissettirilmesi a\u00e7\u0131s\u0131ndan da b\u00fcy\u00fck \u00f6nem ta\u015f\u0131d\u0131\u011f\u0131n\u0131 vurgulad\u0131. Ba\u015fbakan Erdo\u011fan, T\u00fcrkiye&#8217;deki az\u0131nl\u0131k vatanda\u015flara ili\u015fkin genelge yay\u0131mlad\u0131. Genelge, Resmi Gazete&#8217;nin bug\u00fcnk\u00fc [&hellip;]\" \/>\n<meta property=\"og:url\" content=\"https:\/\/akunq.net\/turkish\/2010\/05\/13\/basbakanliktan-azinlik-genelgesi\/\" \/>\n<meta property=\"og:site_name\" content=\"Bati Ermenistan Ve Bati Ermenileri Sorunlari Ara\u015ftirmalar Merkezi\" \/>\n<meta property=\"article:published_time\" content=\"2010-05-13T14:36:59+00:00\" \/>\n<meta name=\"author\" content=\"kalem\" \/>\n<meta name=\"twitter:card\" content=\"summary_large_image\" \/>\n<meta name=\"twitter:label1\" content=\"Written by\" \/>\n\t<meta name=\"twitter:data1\" content=\"kalem\" \/>\n\t<meta name=\"twitter:label2\" content=\"Est. reading time\" \/>\n\t<meta name=\"twitter:data2\" content=\"2 minutes\" \/>\n<script type=\"application\/ld+json\" class=\"yoast-schema-graph\">{\"@context\":\"https:\\\/\\\/schema.org\",\"@graph\":[{\"@type\":\"Article\",\"@id\":\"https:\\\/\\\/akunq.net\\\/turkish\\\/2010\\\/05\\\/13\\\/basbakanliktan-azinlik-genelgesi\\\/#article\",\"isPartOf\":{\"@id\":\"https:\\\/\\\/akunq.net\\\/turkish\\\/2010\\\/05\\\/13\\\/basbakanliktan-azinlik-genelgesi\\\/\"},\"author\":{\"name\":\"kalem\",\"@id\":\"https:\\\/\\\/akunq.net\\\/turkish\\\/#\\\/schema\\\/person\\\/135e7923d1aeb8887890799619969a6c\"},\"headline\":\"Ba\u015fbakanl\u0131ktan az\u0131nl\u0131k genelgesi\",\"datePublished\":\"2010-05-13T14:36:59+00:00\",\"mainEntityOfPage\":{\"@id\":\"https:\\\/\\\/akunq.net\\\/turkish\\\/2010\\\/05\\\/13\\\/basbakanliktan-azinlik-genelgesi\\\/\"},\"wordCount\":425,\"articleSection\":[\"Haberler\"],\"inLanguage\":\"en-US\"},{\"@type\":\"WebPage\",\"@id\":\"https:\\\/\\\/akunq.net\\\/turkish\\\/2010\\\/05\\\/13\\\/basbakanliktan-azinlik-genelgesi\\\/\",\"url\":\"https:\\\/\\\/akunq.net\\\/turkish\\\/2010\\\/05\\\/13\\\/basbakanliktan-azinlik-genelgesi\\\/\",\"name\":\"Ba\u015fbakanl\u0131ktan az\u0131nl\u0131k genelgesi - Bati Ermenistan Ve Bati Ermenileri Sorunlari Ara\u015ftirmalar Merkezi\",\"isPartOf\":{\"@id\":\"https:\\\/\\\/akunq.net\\\/turkish\\\/#website\"},\"datePublished\":\"2010-05-13T14:36:59+00:00\",\"author\":{\"@id\":\"https:\\\/\\\/akunq.net\\\/turkish\\\/#\\\/schema\\\/person\\\/135e7923d1aeb8887890799619969a6c\"},\"breadcrumb\":{\"@id\":\"https:\\\/\\\/akunq.net\\\/turkish\\\/2010\\\/05\\\/13\\\/basbakanliktan-azinlik-genelgesi\\\/#breadcrumb\"},\"inLanguage\":\"en-US\",\"potentialAction\":[{\"@type\":\"ReadAction\",\"target\":[\"https:\\\/\\\/akunq.net\\\/turkish\\\/2010\\\/05\\\/13\\\/basbakanliktan-azinlik-genelgesi\\\/\"]}]},{\"@type\":\"BreadcrumbList\",\"@id\":\"https:\\\/\\\/akunq.net\\\/turkish\\\/2010\\\/05\\\/13\\\/basbakanliktan-azinlik-genelgesi\\\/#breadcrumb\",\"itemListElement\":[{\"@type\":\"ListItem\",\"position\":1,\"name\":\"Home\",\"item\":\"https:\\\/\\\/akunq.net\\\/turkish\\\/\"},{\"@type\":\"ListItem\",\"position\":2,\"name\":\"Ba\u015fbakanl\u0131ktan az\u0131nl\u0131k genelgesi\"}]},{\"@type\":\"WebSite\",\"@id\":\"https:\\\/\\\/akunq.net\\\/turkish\\\/#website\",\"url\":\"https:\\\/\\\/akunq.net\\\/turkish\\\/\",\"name\":\"Bati Ermenistan Ve Bati Ermenileri Sorunlari Ara\u015ftirmalar Merkezi\",\"description\":\"\",\"potentialAction\":[{\"@type\":\"SearchAction\",\"target\":{\"@type\":\"EntryPoint\",\"urlTemplate\":\"https:\\\/\\\/akunq.net\\\/turkish\\\/?s={search_term_string}\"},\"query-input\":{\"@type\":\"PropertyValueSpecification\",\"valueRequired\":true,\"valueName\":\"search_term_string\"}}],\"inLanguage\":\"en-US\"},{\"@type\":\"Person\",\"@id\":\"https:\\\/\\\/akunq.net\\\/turkish\\\/#\\\/schema\\\/person\\\/135e7923d1aeb8887890799619969a6c\",\"name\":\"kalem\",\"image\":{\"@type\":\"ImageObject\",\"inLanguage\":\"en-US\",\"@id\":\"https:\\\/\\\/secure.gravatar.com\\\/avatar\\\/a06875e4b25feb5674296adf8e8a7ae1e587cebce2493fe63c456109967e27d3?s=96&d=mm&r=g\",\"url\":\"https:\\\/\\\/secure.gravatar.com\\\/avatar\\\/a06875e4b25feb5674296adf8e8a7ae1e587cebce2493fe63c456109967e27d3?s=96&d=mm&r=g\",\"contentUrl\":\"https:\\\/\\\/secure.gravatar.com\\\/avatar\\\/a06875e4b25feb5674296adf8e8a7ae1e587cebce2493fe63c456109967e27d3?s=96&d=mm&r=g\",\"caption\":\"kalem\"},\"url\":\"https:\\\/\\\/akunq.net\\\/turkish\\\/author\\\/kalem\\\/\"}]}<\/script>\n<!-- \/ Yoast SEO plugin. -->","yoast_head_json":{"title":"Ba\u015fbakanl\u0131ktan az\u0131nl\u0131k genelgesi - Bati Ermenistan Ve Bati Ermenileri Sorunlari Ara\u015ftirmalar Merkezi","robots":{"index":"index","follow":"follow","max-snippet":"max-snippet:-1","max-image-preview":"max-image-preview:large","max-video-preview":"max-video-preview:-1"},"canonical":"https:\/\/akunq.net\/turkish\/2010\/05\/13\/basbakanliktan-azinlik-genelgesi\/","og_locale":"en_US","og_type":"article","og_title":"Ba\u015fbakanl\u0131ktan az\u0131nl\u0131k genelgesi - Bati Ermenistan Ve Bati Ermenileri Sorunlari Ara\u015ftirmalar Merkezi","og_description":"Ba\u015fbakan Recep Tayyip Erdo\u011fan, T\u00fcrkiye&#8217;de ya\u015fayan gayrim\u00fcslim az\u0131nl\u0131klara mensup T\u00fcrk vatanda\u015flar\u0131n\u0131n, devlet \u00f6n\u00fcndeki i\u015f ve i\u015flemlerinde kendilerine g\u00fc\u00e7l\u00fck \u00e7\u0131kar\u0131lmamas\u0131n\u0131n, haklar\u0131na halel getirilmemesinin mevzuat gere\u011fi oldu\u011funu belirterek, bu vatanda\u015flar\u0131n devletin ve T\u00fcrk ulusunun bir par\u00e7as\u0131 olduklar\u0131n\u0131n kendilerine hissettirilmesi a\u00e7\u0131s\u0131ndan da b\u00fcy\u00fck \u00f6nem ta\u015f\u0131d\u0131\u011f\u0131n\u0131 vurgulad\u0131. Ba\u015fbakan Erdo\u011fan, T\u00fcrkiye&#8217;deki az\u0131nl\u0131k vatanda\u015flara ili\u015fkin genelge yay\u0131mlad\u0131. Genelge, Resmi Gazete&#8217;nin bug\u00fcnk\u00fc [&hellip;]","og_url":"https:\/\/akunq.net\/turkish\/2010\/05\/13\/basbakanliktan-azinlik-genelgesi\/","og_site_name":"Bati Ermenistan Ve Bati Ermenileri Sorunlari Ara\u015ftirmalar Merkezi","article_published_time":"2010-05-13T14:36:59+00:00","author":"kalem","twitter_card":"summary_large_image","twitter_misc":{"Written by":"kalem","Est. reading time":"2 minutes"},"schema":{"@context":"https:\/\/schema.org","@graph":[{"@type":"Article","@id":"https:\/\/akunq.net\/turkish\/2010\/05\/13\/basbakanliktan-azinlik-genelgesi\/#article","isPartOf":{"@id":"https:\/\/akunq.net\/turkish\/2010\/05\/13\/basbakanliktan-azinlik-genelgesi\/"},"author":{"name":"kalem","@id":"https:\/\/akunq.net\/turkish\/#\/schema\/person\/135e7923d1aeb8887890799619969a6c"},"headline":"Ba\u015fbakanl\u0131ktan az\u0131nl\u0131k genelgesi","datePublished":"2010-05-13T14:36:59+00:00","mainEntityOfPage":{"@id":"https:\/\/akunq.net\/turkish\/2010\/05\/13\/basbakanliktan-azinlik-genelgesi\/"},"wordCount":425,"articleSection":["Haberler"],"inLanguage":"en-US"},{"@type":"WebPage","@id":"https:\/\/akunq.net\/turkish\/2010\/05\/13\/basbakanliktan-azinlik-genelgesi\/","url":"https:\/\/akunq.net\/turkish\/2010\/05\/13\/basbakanliktan-azinlik-genelgesi\/","name":"Ba\u015fbakanl\u0131ktan az\u0131nl\u0131k genelgesi - Bati Ermenistan Ve Bati Ermenileri Sorunlari Ara\u015ftirmalar Merkezi","isPartOf":{"@id":"https:\/\/akunq.net\/turkish\/#website"},"datePublished":"2010-05-13T14:36:59+00:00","author":{"@id":"https:\/\/akunq.net\/turkish\/#\/schema\/person\/135e7923d1aeb8887890799619969a6c"},"breadcrumb":{"@id":"https:\/\/akunq.net\/turkish\/2010\/05\/13\/basbakanliktan-azinlik-genelgesi\/#breadcrumb"},"inLanguage":"en-US","potentialAction":[{"@type":"ReadAction","target":["https:\/\/akunq.net\/turkish\/2010\/05\/13\/basbakanliktan-azinlik-genelgesi\/"]}]},{"@type":"BreadcrumbList","@id":"https:\/\/akunq.net\/turkish\/2010\/05\/13\/basbakanliktan-azinlik-genelgesi\/#breadcrumb","itemListElement":[{"@type":"ListItem","position":1,"name":"Home","item":"https:\/\/akunq.net\/turkish\/"},{"@type":"ListItem","position":2,"name":"Ba\u015fbakanl\u0131ktan az\u0131nl\u0131k genelgesi"}]},{"@type":"WebSite","@id":"https:\/\/akunq.net\/turkish\/#website","url":"https:\/\/akunq.net\/turkish\/","name":"Bati Ermenistan Ve Bati Ermenileri Sorunlari Ara\u015ftirmalar Merkezi","description":"","potentialAction":[{"@type":"SearchAction","target":{"@type":"EntryPoint","urlTemplate":"https:\/\/akunq.net\/turkish\/?s={search_term_string}"},"query-input":{"@type":"PropertyValueSpecification","valueRequired":true,"valueName":"search_term_string"}}],"inLanguage":"en-US"},{"@type":"Person","@id":"https:\/\/akunq.net\/turkish\/#\/schema\/person\/135e7923d1aeb8887890799619969a6c","name":"kalem","image":{"@type":"ImageObject","inLanguage":"en-US","@id":"https:\/\/secure.gravatar.com\/avatar\/a06875e4b25feb5674296adf8e8a7ae1e587cebce2493fe63c456109967e27d3?s=96&d=mm&r=g","url":"https:\/\/secure.gravatar.com\/avatar\/a06875e4b25feb5674296adf8e8a7ae1e587cebce2493fe63c456109967e27d3?s=96&d=mm&r=g","contentUrl":"https:\/\/secure.gravatar.com\/avatar\/a06875e4b25feb5674296adf8e8a7ae1e587cebce2493fe63c456109967e27d3?s=96&d=mm&r=g","caption":"kalem"},"url":"https:\/\/akunq.net\/turkish\/author\/kalem\/"}]}},"_links":{"self":[{"href":"https:\/\/akunq.net\/turkish\/wp-json\/wp\/v2\/posts\/824","targetHints":{"allow":["GET"]}}],"collection":[{"href":"https:\/\/akunq.net\/turkish\/wp-json\/wp\/v2\/posts"}],"about":[{"href":"https:\/\/akunq.net\/turkish\/wp-json\/wp\/v2\/types\/post"}],"author":[{"embeddable":true,"href":"https:\/\/akunq.net\/turkish\/wp-json\/wp\/v2\/users\/3"}],"replies":[{"embeddable":true,"href":"https:\/\/akunq.net\/turkish\/wp-json\/wp\/v2\/comments?post=824"}],"version-history":[{"count":0,"href":"https:\/\/akunq.net\/turkish\/wp-json\/wp\/v2\/posts\/824\/revisions"}],"wp:attachment":[{"href":"https:\/\/akunq.net\/turkish\/wp-json\/wp\/v2\/media?parent=824"}],"wp:term":[{"taxonomy":"category","embeddable":true,"href":"https:\/\/akunq.net\/turkish\/wp-json\/wp\/v2\/categories?post=824"},{"taxonomy":"post_tag","embeddable":true,"href":"https:\/\/akunq.net\/turkish\/wp-json\/wp\/v2\/tags?post=824"}],"curies":[{"name":"wp","href":"https:\/\/api.w.org\/{rel}","templated":true}]}}