{"id":821,"date":"2010-05-13T05:40:35","date_gmt":"2010-05-13T10:40:35","guid":{"rendered":"http:\/\/akunq.net\/tr\/?p=821"},"modified":"2010-05-13T05:40:35","modified_gmt":"2010-05-13T10:40:35","slug":"beklenen-kitap-okuyuculariyla-bulusuyor","status":"publish","type":"post","link":"https:\/\/akunq.net\/turkish\/2010\/05\/13\/beklenen-kitap-okuyuculariyla-bulusuyor\/","title":{"rendered":"Beklenen kitap okuyucular\u0131yla bulu\u015fuyor"},"content":{"rendered":"<p style=\"text-align: justify\">Ara\u015ft\u0131rmac\u0131-Yazar Kemal Yal\u00e7\u0131n\u2019dan yine \u00e7ok okunacak s\u00f6zl\u00fc tarih \u00e7al\u0131\u015fmas\u0131.<\/p>\n<p style=\"text-align: justify\">Otuz alt\u0131 Anadolu evlad\u0131n\u0131n ger\u00e7ek hik\u00e2yesi.<\/p>\n<p style=\"text-align: justify\">Anadolu\u2019nun Evlatlar\u0131-Y\u00fcz Y\u0131l\u0131n Tan\u0131klar\u0131, son y\u00fczy\u0131lda, Anadolu\u2019dan, T\u00fcrkiye\u2019den ayr\u0131lan, ayr\u0131lmak zorunda b\u0131rak\u0131larak d\u00fcnyan\u0131n d\u00f6rt bir yan\u0131na savrulan K\u00fcrt, T\u00fcrk, Rum, Ermeni, Arap, Laz, Zaza, S\u00fcryani, Alevi insanlardan otuz alt\u0131s\u0131n\u0131n ger\u00e7ek hayat hik\u00e2yelerinden olu\u015fmaktad\u0131r.<\/p>\n<p style=\"text-align: justify\">Onlar Anadolu\u2019yu, do\u011fdu\u011fu topraklar\u0131 bir daha hi\u00e7 unutmad\u0131\u2026<\/p>\n<p style=\"text-align: justify\">Aradan uzun y\u0131llar ge\u00e7mesine, \u00e7ok ac\u0131l\u0131 olaylar ya\u015famalar\u0131na ra\u011fmen, onlar, \u201cNerelisiniz?\u201d sorusunu h\u00e2l\u00e2,<br \/>\n\u201cBen \u0130stanbulluyum, Ben Kapadokyal\u0131y\u0131m, Ben Tokatl\u0131y\u0131m, Ben Sivasl\u0131y\u0131m, Ben Malatyal\u0131y\u0131m, Ben I\u011fd\u0131rl\u0131y\u0131m, Midyatl\u0131y\u0131m!\u201d diye cevaplamaktad\u0131rlar.<\/p>\n<p style=\"text-align: justify\">Ne oldu bu insanlara?<\/p>\n<p style=\"text-align: justify\">1914 y\u0131l\u0131nda yap\u0131lan Osmanl\u0131 n\u00fcfus say\u0131m\u0131na g\u00f6re, T\u00fcrkiye Cumhuriyeti\u2019nin \u015fimdiki s\u0131n\u0131rlar\u0131 i\u00e7inde ya\u015fayan toplam n\u00fcfus yakla\u015f\u0131k 16,5 milyondu.<\/p>\n<p style=\"text-align: justify\">Bu n\u00fcfusun d\u00f6rt milyon kadar\u0131 Ermeniler, Rumlar, S\u00fcryaniler, Yahudiler, Yezidiler ve di\u011fer gayrim\u00fcslimlerden olu\u015fuyordu.<\/p>\n<p style=\"text-align: justify\">94 y\u0131l sonra, 2008 y\u0131l\u0131nda T\u00fcrkiye s\u0131n\u0131rlar\u0131 i\u00e7erisinde toplam y\u00fcz bin kadar H\u0131ristiyan kald\u0131.<\/p>\n<p style=\"text-align: justify\">Cumhuriyet d\u00f6neminde, n\u00fcfus m\u00fcbadelesi ve g\u00f6\u00e7lerle T\u00fcrkiye\u2019ye gelen insanlardan \u00e7ok daha fazla say\u0131da T\u00fcrkiye Cumhuriyeti vatanda\u015f\u0131, \u00f6zellikle 6 &#8211; 7 Eyl\u00fcl 1955 olaylar\u0131 sonras\u0131nda, Avrupa \u00fclkelerine, Amerika\u2019ya, Kanada\u2019ya, Avustralya\u2019ya, d\u00fcnyan\u0131n d\u00f6rt bir yan\u0131na kimi g\u00f6n\u00fcll\u00fc, kimi g\u00f6n\u00fcls\u00fcz g\u00f6\u00e7 etti.<\/p>\n<p style=\"text-align: justify\">Ayr\u0131ca 12 Mart 1971 ve 12 Eyl\u00fcl 1980 askeri darbelerinden sonra binlerce T\u00fcrkiye Cumhuriyeti vatanda\u015f\u0131 Bat\u0131 Avrupa \u00fclkelerine siyasi nedenlerden iltica etti.<\/p>\n<p style=\"text-align: justify\">\u0130lticac\u0131 ak\u0131n\u0131 t\u00fcm engellemelere ve zorluklara ra\u011fmen uzun y\u0131llar devam etti.<\/p>\n<p style=\"text-align: justify\">\u201cAnadolu\u2019nun Evlatlar\u0131-Y\u00fczy\u0131l\u0131n Tan\u0131klar\u0131\u201d kitab\u0131nda hayat hik\u00e2yeleri yay\u0131nlanan bu insanlar, vatan hasretiyle, ge\u00e7mi\u015flerinin ac\u0131 tatl\u0131 hat\u0131ralar\u0131yla ya\u015fayan Anadolu\u2019nun \u00f6z evlatlar\u0131d\u0131r.<\/p>\n<p style=\"text-align: justify\">Her biri, son y\u00fczy\u0131l\u0131n canl\u0131 tan\u0131klar\u0131d\u0131r.<\/p>\n<p style=\"text-align: justify\">Anadolu\u2019nun Evlatlar\u0131\u2019n\u0131n sevin\u00e7leri bizim sevincimiz, ac\u0131lar\u0131 bizim ac\u0131lar\u0131m\u0131zd\u0131r.<\/p>\n<p style=\"text-align: justify\">Anadolu\u2019nun Evlatlar\u0131 unutulmas\u0131n, bu ac\u0131lar bir daha ya\u015fanmas\u0131n\u2026<\/p>\n<p style=\"text-align: justify\"><strong>Kitap Ad\u0131: Anadolu\u2019nun Evlatlar\u0131 -Y\u00fczy\u0131l\u0131n Tan\u0131klar\u0131-<br \/>\nYazar: Kemal Yal\u00e7\u0131n<br \/>\nYay\u0131nevi: Anfora Yay\u0131nc\u0131l\u0131k<br \/>\nISBN: 978-9944-410-46-5<br \/>\nSayfa Say\u0131s\u0131: 575 s.<br \/>\nGenel Yay\u0131n Y\u00f6netmeni: Ayd\u0131n \u0130leri<br \/>\nG\u00f6rsel Y\u00f6netmen: Murat Akkan <\/strong><\/p>\n<p style=\"text-align: justify\"><strong><em>Anadolu\u2019nun Evlatlar\u0131-Y\u00fcz Y\u0131l\u0131n Tan\u0131klar\u0131 <\/em><\/strong><\/p>\n<p style=\"text-align: justify\"><em>Bu kitapta, Anadolu\u2019da ya\u015fayan farkl\u0131 din, dil, millet ve k\u00fclt\u00fcrden insanlar\u0131n ba\u015flar\u0131na gelenleri ibretle okuyacak, \u201cBu kadar olur mu? Bir ana, evlad\u0131na bunu da yapar m\u0131? Bir devlet kendi vatanda\u015flar\u0131na b\u00f6yle davran\u0131r m\u0131?\u201d diye soracak, anlat\u0131lanlara inanamayacaks\u0131n\u0131z. <\/em><\/p>\n<p style=\"text-align: justify\"><em>Bu kitapta yaz\u0131lanlar ger\u00e7ek hayattan bir sayfa, okyanustan sadece birka\u00e7 damlad\u0131r. <\/em><\/p>\n<p style=\"text-align: justify\"><em>Anadolu\u2019nun Evlatlar\u0131-Y\u00fczy\u0131l\u0131n Tan\u0131klar\u0131, son y\u00fczy\u0131lda, mecburiyetten, g\u00f6zleri arkada kalarak T\u00fcrkiye\u2019den ayr\u0131lm\u0131\u015f, d\u00fcnyan\u0131n d\u00f6rt bir yan\u0131na savrulmu\u015f insanlardan otuz alt\u0131s\u0131n\u0131n ger\u00e7ek hayat hik\u00e2yelerinden olu\u015fmaktad\u0131r. <\/em><\/p>\n<p style=\"text-align: justify\"><em>Onlar, Anadolu\u2019nun \u00f6z evlatlar\u0131, son y\u00fczy\u0131l\u0131n\u0131n canl\u0131 tan\u0131klar\u0131d\u0131r.<\/em><\/p>\n<p style=\"text-align: justify\"><strong>Kemal Yal\u00e7\u0131n,<\/strong><\/p>\n<p style=\"text-align: justify\">memlekethaber.com 12.5.2010<\/p>\n","protected":false},"excerpt":{"rendered":"<p>Ara\u015ft\u0131rmac\u0131-Yazar Kemal Yal\u00e7\u0131n\u2019dan yine \u00e7ok okunacak s\u00f6zl\u00fc tarih \u00e7al\u0131\u015fmas\u0131. Otuz alt\u0131 Anadolu evlad\u0131n\u0131n ger\u00e7ek hik\u00e2yesi. Anadolu\u2019nun Evlatlar\u0131-Y\u00fcz Y\u0131l\u0131n Tan\u0131klar\u0131, son y\u00fczy\u0131lda, Anadolu\u2019dan, T\u00fcrkiye\u2019den ayr\u0131lan, ayr\u0131lmak zorunda b\u0131rak\u0131larak d\u00fcnyan\u0131n d\u00f6rt bir yan\u0131na savrulan K\u00fcrt, T\u00fcrk, Rum, Ermeni, Arap, Laz, Zaza, S\u00fcryani, Alevi insanlardan otuz alt\u0131s\u0131n\u0131n ger\u00e7ek hayat hik\u00e2yelerinden olu\u015fmaktad\u0131r. Onlar Anadolu\u2019yu, do\u011fdu\u011fu topraklar\u0131 bir daha hi\u00e7 [&hellip;]<\/p>\n","protected":false},"author":3,"featured_media":0,"comment_status":"closed","ping_status":"open","sticky":false,"template":"","format":"standard","meta":{"footnotes":""},"categories":[14],"tags":[],"class_list":["post-821","post","type-post","status-publish","format-standard","hentry","category-haberler"],"yoast_head":"<!-- This site is optimized with the Yoast SEO plugin v27.4 - https:\/\/yoast.com\/product\/yoast-seo-wordpress\/ -->\n<title>Beklenen kitap okuyucular\u0131yla bulu\u015fuyor - Bati Ermenistan Ve Bati Ermenileri Sorunlari Ara\u015ftirmalar Merkezi<\/title>\n<meta name=\"robots\" content=\"index, follow, max-snippet:-1, max-image-preview:large, max-video-preview:-1\" \/>\n<link rel=\"canonical\" href=\"https:\/\/akunq.net\/turkish\/2010\/05\/13\/beklenen-kitap-okuyuculariyla-bulusuyor\/\" \/>\n<meta property=\"og:locale\" content=\"en_US\" \/>\n<meta property=\"og:type\" content=\"article\" \/>\n<meta property=\"og:title\" content=\"Beklenen kitap okuyucular\u0131yla bulu\u015fuyor - Bati Ermenistan Ve Bati Ermenileri Sorunlari Ara\u015ftirmalar Merkezi\" \/>\n<meta property=\"og:description\" content=\"Ara\u015ft\u0131rmac\u0131-Yazar Kemal Yal\u00e7\u0131n\u2019dan yine \u00e7ok okunacak s\u00f6zl\u00fc tarih \u00e7al\u0131\u015fmas\u0131. Otuz alt\u0131 Anadolu evlad\u0131n\u0131n ger\u00e7ek hik\u00e2yesi. Anadolu\u2019nun Evlatlar\u0131-Y\u00fcz Y\u0131l\u0131n Tan\u0131klar\u0131, son y\u00fczy\u0131lda, Anadolu\u2019dan, T\u00fcrkiye\u2019den ayr\u0131lan, ayr\u0131lmak zorunda b\u0131rak\u0131larak d\u00fcnyan\u0131n d\u00f6rt bir yan\u0131na savrulan K\u00fcrt, T\u00fcrk, Rum, Ermeni, Arap, Laz, Zaza, S\u00fcryani, Alevi insanlardan otuz alt\u0131s\u0131n\u0131n ger\u00e7ek hayat hik\u00e2yelerinden olu\u015fmaktad\u0131r. Onlar Anadolu\u2019yu, do\u011fdu\u011fu topraklar\u0131 bir daha hi\u00e7 [&hellip;]\" \/>\n<meta property=\"og:url\" content=\"https:\/\/akunq.net\/turkish\/2010\/05\/13\/beklenen-kitap-okuyuculariyla-bulusuyor\/\" \/>\n<meta property=\"og:site_name\" content=\"Bati Ermenistan Ve Bati Ermenileri Sorunlari Ara\u015ftirmalar Merkezi\" \/>\n<meta property=\"article:published_time\" content=\"2010-05-13T10:40:35+00:00\" \/>\n<meta name=\"author\" content=\"kalem\" \/>\n<meta name=\"twitter:card\" content=\"summary_large_image\" \/>\n<meta name=\"twitter:label1\" content=\"Written by\" \/>\n\t<meta name=\"twitter:data1\" content=\"kalem\" \/>\n\t<meta name=\"twitter:label2\" content=\"Est. reading time\" \/>\n\t<meta name=\"twitter:data2\" content=\"3 minutes\" \/>\n<script type=\"application\/ld+json\" class=\"yoast-schema-graph\">{\"@context\":\"https:\\\/\\\/schema.org\",\"@graph\":[{\"@type\":\"Article\",\"@id\":\"https:\\\/\\\/akunq.net\\\/turkish\\\/2010\\\/05\\\/13\\\/beklenen-kitap-okuyuculariyla-bulusuyor\\\/#article\",\"isPartOf\":{\"@id\":\"https:\\\/\\\/akunq.net\\\/turkish\\\/2010\\\/05\\\/13\\\/beklenen-kitap-okuyuculariyla-bulusuyor\\\/\"},\"author\":{\"name\":\"kalem\",\"@id\":\"https:\\\/\\\/akunq.net\\\/turkish\\\/#\\\/schema\\\/person\\\/135e7923d1aeb8887890799619969a6c\"},\"headline\":\"Beklenen kitap okuyucular\u0131yla bulu\u015fuyor\",\"datePublished\":\"2010-05-13T10:40:35+00:00\",\"mainEntityOfPage\":{\"@id\":\"https:\\\/\\\/akunq.net\\\/turkish\\\/2010\\\/05\\\/13\\\/beklenen-kitap-okuyuculariyla-bulusuyor\\\/\"},\"wordCount\":592,\"articleSection\":[\"Haberler\"],\"inLanguage\":\"en-US\"},{\"@type\":\"WebPage\",\"@id\":\"https:\\\/\\\/akunq.net\\\/turkish\\\/2010\\\/05\\\/13\\\/beklenen-kitap-okuyuculariyla-bulusuyor\\\/\",\"url\":\"https:\\\/\\\/akunq.net\\\/turkish\\\/2010\\\/05\\\/13\\\/beklenen-kitap-okuyuculariyla-bulusuyor\\\/\",\"name\":\"Beklenen kitap okuyucular\u0131yla bulu\u015fuyor - Bati Ermenistan Ve Bati Ermenileri Sorunlari Ara\u015ftirmalar Merkezi\",\"isPartOf\":{\"@id\":\"https:\\\/\\\/akunq.net\\\/turkish\\\/#website\"},\"datePublished\":\"2010-05-13T10:40:35+00:00\",\"author\":{\"@id\":\"https:\\\/\\\/akunq.net\\\/turkish\\\/#\\\/schema\\\/person\\\/135e7923d1aeb8887890799619969a6c\"},\"breadcrumb\":{\"@id\":\"https:\\\/\\\/akunq.net\\\/turkish\\\/2010\\\/05\\\/13\\\/beklenen-kitap-okuyuculariyla-bulusuyor\\\/#breadcrumb\"},\"inLanguage\":\"en-US\",\"potentialAction\":[{\"@type\":\"ReadAction\",\"target\":[\"https:\\\/\\\/akunq.net\\\/turkish\\\/2010\\\/05\\\/13\\\/beklenen-kitap-okuyuculariyla-bulusuyor\\\/\"]}]},{\"@type\":\"BreadcrumbList\",\"@id\":\"https:\\\/\\\/akunq.net\\\/turkish\\\/2010\\\/05\\\/13\\\/beklenen-kitap-okuyuculariyla-bulusuyor\\\/#breadcrumb\",\"itemListElement\":[{\"@type\":\"ListItem\",\"position\":1,\"name\":\"Home\",\"item\":\"https:\\\/\\\/akunq.net\\\/turkish\\\/\"},{\"@type\":\"ListItem\",\"position\":2,\"name\":\"Beklenen kitap okuyucular\u0131yla bulu\u015fuyor\"}]},{\"@type\":\"WebSite\",\"@id\":\"https:\\\/\\\/akunq.net\\\/turkish\\\/#website\",\"url\":\"https:\\\/\\\/akunq.net\\\/turkish\\\/\",\"name\":\"Bati Ermenistan Ve Bati Ermenileri Sorunlari Ara\u015ftirmalar Merkezi\",\"description\":\"\",\"potentialAction\":[{\"@type\":\"SearchAction\",\"target\":{\"@type\":\"EntryPoint\",\"urlTemplate\":\"https:\\\/\\\/akunq.net\\\/turkish\\\/?s={search_term_string}\"},\"query-input\":{\"@type\":\"PropertyValueSpecification\",\"valueRequired\":true,\"valueName\":\"search_term_string\"}}],\"inLanguage\":\"en-US\"},{\"@type\":\"Person\",\"@id\":\"https:\\\/\\\/akunq.net\\\/turkish\\\/#\\\/schema\\\/person\\\/135e7923d1aeb8887890799619969a6c\",\"name\":\"kalem\",\"image\":{\"@type\":\"ImageObject\",\"inLanguage\":\"en-US\",\"@id\":\"https:\\\/\\\/secure.gravatar.com\\\/avatar\\\/a06875e4b25feb5674296adf8e8a7ae1e587cebce2493fe63c456109967e27d3?s=96&d=mm&r=g\",\"url\":\"https:\\\/\\\/secure.gravatar.com\\\/avatar\\\/a06875e4b25feb5674296adf8e8a7ae1e587cebce2493fe63c456109967e27d3?s=96&d=mm&r=g\",\"contentUrl\":\"https:\\\/\\\/secure.gravatar.com\\\/avatar\\\/a06875e4b25feb5674296adf8e8a7ae1e587cebce2493fe63c456109967e27d3?s=96&d=mm&r=g\",\"caption\":\"kalem\"},\"url\":\"https:\\\/\\\/akunq.net\\\/turkish\\\/author\\\/kalem\\\/\"}]}<\/script>\n<!-- \/ Yoast SEO plugin. -->","yoast_head_json":{"title":"Beklenen kitap okuyucular\u0131yla bulu\u015fuyor - Bati Ermenistan Ve Bati Ermenileri Sorunlari Ara\u015ftirmalar Merkezi","robots":{"index":"index","follow":"follow","max-snippet":"max-snippet:-1","max-image-preview":"max-image-preview:large","max-video-preview":"max-video-preview:-1"},"canonical":"https:\/\/akunq.net\/turkish\/2010\/05\/13\/beklenen-kitap-okuyuculariyla-bulusuyor\/","og_locale":"en_US","og_type":"article","og_title":"Beklenen kitap okuyucular\u0131yla bulu\u015fuyor - Bati Ermenistan Ve Bati Ermenileri Sorunlari Ara\u015ftirmalar Merkezi","og_description":"Ara\u015ft\u0131rmac\u0131-Yazar Kemal Yal\u00e7\u0131n\u2019dan yine \u00e7ok okunacak s\u00f6zl\u00fc tarih \u00e7al\u0131\u015fmas\u0131. Otuz alt\u0131 Anadolu evlad\u0131n\u0131n ger\u00e7ek hik\u00e2yesi. Anadolu\u2019nun Evlatlar\u0131-Y\u00fcz Y\u0131l\u0131n Tan\u0131klar\u0131, son y\u00fczy\u0131lda, Anadolu\u2019dan, T\u00fcrkiye\u2019den ayr\u0131lan, ayr\u0131lmak zorunda b\u0131rak\u0131larak d\u00fcnyan\u0131n d\u00f6rt bir yan\u0131na savrulan K\u00fcrt, T\u00fcrk, Rum, Ermeni, Arap, Laz, Zaza, S\u00fcryani, Alevi insanlardan otuz alt\u0131s\u0131n\u0131n ger\u00e7ek hayat hik\u00e2yelerinden olu\u015fmaktad\u0131r. Onlar Anadolu\u2019yu, do\u011fdu\u011fu topraklar\u0131 bir daha hi\u00e7 [&hellip;]","og_url":"https:\/\/akunq.net\/turkish\/2010\/05\/13\/beklenen-kitap-okuyuculariyla-bulusuyor\/","og_site_name":"Bati Ermenistan Ve Bati Ermenileri Sorunlari Ara\u015ftirmalar Merkezi","article_published_time":"2010-05-13T10:40:35+00:00","author":"kalem","twitter_card":"summary_large_image","twitter_misc":{"Written by":"kalem","Est. reading time":"3 minutes"},"schema":{"@context":"https:\/\/schema.org","@graph":[{"@type":"Article","@id":"https:\/\/akunq.net\/turkish\/2010\/05\/13\/beklenen-kitap-okuyuculariyla-bulusuyor\/#article","isPartOf":{"@id":"https:\/\/akunq.net\/turkish\/2010\/05\/13\/beklenen-kitap-okuyuculariyla-bulusuyor\/"},"author":{"name":"kalem","@id":"https:\/\/akunq.net\/turkish\/#\/schema\/person\/135e7923d1aeb8887890799619969a6c"},"headline":"Beklenen kitap okuyucular\u0131yla bulu\u015fuyor","datePublished":"2010-05-13T10:40:35+00:00","mainEntityOfPage":{"@id":"https:\/\/akunq.net\/turkish\/2010\/05\/13\/beklenen-kitap-okuyuculariyla-bulusuyor\/"},"wordCount":592,"articleSection":["Haberler"],"inLanguage":"en-US"},{"@type":"WebPage","@id":"https:\/\/akunq.net\/turkish\/2010\/05\/13\/beklenen-kitap-okuyuculariyla-bulusuyor\/","url":"https:\/\/akunq.net\/turkish\/2010\/05\/13\/beklenen-kitap-okuyuculariyla-bulusuyor\/","name":"Beklenen kitap okuyucular\u0131yla bulu\u015fuyor - Bati Ermenistan Ve Bati Ermenileri Sorunlari Ara\u015ftirmalar Merkezi","isPartOf":{"@id":"https:\/\/akunq.net\/turkish\/#website"},"datePublished":"2010-05-13T10:40:35+00:00","author":{"@id":"https:\/\/akunq.net\/turkish\/#\/schema\/person\/135e7923d1aeb8887890799619969a6c"},"breadcrumb":{"@id":"https:\/\/akunq.net\/turkish\/2010\/05\/13\/beklenen-kitap-okuyuculariyla-bulusuyor\/#breadcrumb"},"inLanguage":"en-US","potentialAction":[{"@type":"ReadAction","target":["https:\/\/akunq.net\/turkish\/2010\/05\/13\/beklenen-kitap-okuyuculariyla-bulusuyor\/"]}]},{"@type":"BreadcrumbList","@id":"https:\/\/akunq.net\/turkish\/2010\/05\/13\/beklenen-kitap-okuyuculariyla-bulusuyor\/#breadcrumb","itemListElement":[{"@type":"ListItem","position":1,"name":"Home","item":"https:\/\/akunq.net\/turkish\/"},{"@type":"ListItem","position":2,"name":"Beklenen kitap okuyucular\u0131yla bulu\u015fuyor"}]},{"@type":"WebSite","@id":"https:\/\/akunq.net\/turkish\/#website","url":"https:\/\/akunq.net\/turkish\/","name":"Bati Ermenistan Ve Bati Ermenileri Sorunlari Ara\u015ftirmalar Merkezi","description":"","potentialAction":[{"@type":"SearchAction","target":{"@type":"EntryPoint","urlTemplate":"https:\/\/akunq.net\/turkish\/?s={search_term_string}"},"query-input":{"@type":"PropertyValueSpecification","valueRequired":true,"valueName":"search_term_string"}}],"inLanguage":"en-US"},{"@type":"Person","@id":"https:\/\/akunq.net\/turkish\/#\/schema\/person\/135e7923d1aeb8887890799619969a6c","name":"kalem","image":{"@type":"ImageObject","inLanguage":"en-US","@id":"https:\/\/secure.gravatar.com\/avatar\/a06875e4b25feb5674296adf8e8a7ae1e587cebce2493fe63c456109967e27d3?s=96&d=mm&r=g","url":"https:\/\/secure.gravatar.com\/avatar\/a06875e4b25feb5674296adf8e8a7ae1e587cebce2493fe63c456109967e27d3?s=96&d=mm&r=g","contentUrl":"https:\/\/secure.gravatar.com\/avatar\/a06875e4b25feb5674296adf8e8a7ae1e587cebce2493fe63c456109967e27d3?s=96&d=mm&r=g","caption":"kalem"},"url":"https:\/\/akunq.net\/turkish\/author\/kalem\/"}]}},"_links":{"self":[{"href":"https:\/\/akunq.net\/turkish\/wp-json\/wp\/v2\/posts\/821","targetHints":{"allow":["GET"]}}],"collection":[{"href":"https:\/\/akunq.net\/turkish\/wp-json\/wp\/v2\/posts"}],"about":[{"href":"https:\/\/akunq.net\/turkish\/wp-json\/wp\/v2\/types\/post"}],"author":[{"embeddable":true,"href":"https:\/\/akunq.net\/turkish\/wp-json\/wp\/v2\/users\/3"}],"replies":[{"embeddable":true,"href":"https:\/\/akunq.net\/turkish\/wp-json\/wp\/v2\/comments?post=821"}],"version-history":[{"count":0,"href":"https:\/\/akunq.net\/turkish\/wp-json\/wp\/v2\/posts\/821\/revisions"}],"wp:attachment":[{"href":"https:\/\/akunq.net\/turkish\/wp-json\/wp\/v2\/media?parent=821"}],"wp:term":[{"taxonomy":"category","embeddable":true,"href":"https:\/\/akunq.net\/turkish\/wp-json\/wp\/v2\/categories?post=821"},{"taxonomy":"post_tag","embeddable":true,"href":"https:\/\/akunq.net\/turkish\/wp-json\/wp\/v2\/tags?post=821"}],"curies":[{"name":"wp","href":"https:\/\/api.w.org\/{rel}","templated":true}]}}