{"id":812,"date":"2010-05-12T00:48:05","date_gmt":"2010-05-12T05:48:05","guid":{"rendered":"http:\/\/akunq.net\/tr\/?p=812"},"modified":"2010-05-12T00:48:05","modified_gmt":"2010-05-12T05:48:05","slug":"bilgide-ermeni-tabusu-tartisiliyor","status":"publish","type":"post","link":"https:\/\/akunq.net\/turkish\/2010\/05\/12\/bilgide-ermeni-tabusu-tartisiliyor\/","title":{"rendered":"Bilgi&#8217;de &#8216;Ermeni tabusu&#8217; tart\u0131\u015f\u0131l\u0131yor"},"content":{"rendered":"<p style=\"text-align: justify\"><a rel=\"attachment wp-att-816\" href=\"http:\/\/akunq.net\/tr\/2010\/05\/12\/bilgide-ermeni-tabusu-tartisiliyor\/ttt\/\"><img loading=\"lazy\" decoding=\"async\" class=\"alignleft size-full wp-image-816\" title=\"ttt\" src=\"http:\/\/akunq.net\/tr\/wp-content\/uploads\/2010\/05\/ttt.jpg\" alt=\"\" width=\"179\" height=\"393\" \/><\/a>\u0130STANBUL &#8211; Ariane Bonzon\u2019un haz\u0131rlad\u0131\u011f\u0131, <strong>Galatasaray<\/strong> \u00dcniversitesi \u00d6\u011fretim \u00dcyesi Prof. Dr. Ahmet \u0130nsel ve dedesi 1915 olaylar\u0131n\u0131 ya\u015fam\u0131\u015f olan Fransal\u0131 Ermeni Michel Marian\u2019\u0131n Ermeni sorunun \u00fczerine konu\u015fmalar\u0131ndan olu\u015fan \u2018Ermeni Tabusu \u00dczerine Diyaloglar\u2019 isimli kitab\u0131n ard\u0131ndan bir de s\u00f6yle\u015fi d\u00fczenleniyor. Uluslararas\u0131 Hrant Dink Vakf\u0131 ve \u0130leti\u015fim Yay\u0131nlar\u0131 taraf\u0131ndan d\u00fczenlenen s\u00f6yle\u015fi yar\u0131n saat 18:30\u2019da \u0130stanbul Bilgi \u00dcniversitesi\u2019nin Dolapdere Kamp\u00fcs\u00fc\u2019ndeki BS2 Salonu\u2019nda ba\u015flayacak.<\/p>\n<p style=\"text-align: justify\">Ahmet \u0130nsel ve Michel Marian\u2019\u0131n katalaca\u011f\u0131 s\u00f6yle\u015fiyle ilgili bas\u0131n a\u00e7\u0131klamas\u0131nda \u015f\u00f6yle deniyor: \u201cErmeniler ve T\u00fcrkler aras\u0131nda ge\u00e7mi\u015fte ya\u015fananlar\u0131 y\u00fcz y\u00fcze konu\u015fmak art\u0131k m\u00fcmk\u00fcn m\u00fc? Ahmet \u0130nsel ve Michel Marian, suni bir konsens\u00fcse teslim olmadan ve ortak de\u011ferlendirmeleri yan\u0131nda farkl\u0131 g\u00f6r\u00fc\u015flerini has\u0131r alt\u0131 etmeden birbirleriyle konu\u015fuyorlar. \u0130ttihat ve Terakki y\u00f6netiminin yapt\u0131klar\u0131n\u0131 soyk\u0131r\u0131m olarak tan\u0131mlayan Michel Marian\u2019la bunu insanl\u0131\u011fa kar\u015f\u0131 i\u015flenmi\u015f bir su\u00e7 olarak niteleyen Ahmet \u0130nsel\u2019in bu diyalo\u011funda herkes kendinden bir par\u00e7a bulacakt\u0131r.\u201d<\/p>\n<p style=\"text-align: justify\">Radikal, 12.05.2010<\/p>\n","protected":false},"excerpt":{"rendered":"<p>\u0130STANBUL &#8211; Ariane Bonzon\u2019un haz\u0131rlad\u0131\u011f\u0131, Galatasaray \u00dcniversitesi \u00d6\u011fretim \u00dcyesi Prof. Dr. Ahmet \u0130nsel ve dedesi 1915 olaylar\u0131n\u0131 ya\u015fam\u0131\u015f olan Fransal\u0131 Ermeni Michel Marian\u2019\u0131n Ermeni sorunun \u00fczerine konu\u015fmalar\u0131ndan olu\u015fan \u2018Ermeni Tabusu \u00dczerine Diyaloglar\u2019 isimli kitab\u0131n ard\u0131ndan bir de s\u00f6yle\u015fi d\u00fczenleniyor. Uluslararas\u0131 Hrant Dink Vakf\u0131 ve \u0130leti\u015fim Yay\u0131nlar\u0131 taraf\u0131ndan d\u00fczenlenen s\u00f6yle\u015fi yar\u0131n saat 18:30\u2019da \u0130stanbul Bilgi \u00dcniversitesi\u2019nin [&hellip;]<\/p>\n","protected":false},"author":3,"featured_media":0,"comment_status":"closed","ping_status":"open","sticky":false,"template":"","format":"standard","meta":{"footnotes":""},"categories":[14],"tags":[],"class_list":["post-812","post","type-post","status-publish","format-standard","hentry","category-haberler"],"yoast_head":"<!-- This site is optimized with the Yoast SEO plugin v27.4 - https:\/\/yoast.com\/product\/yoast-seo-wordpress\/ -->\n<title>Bilgi&#039;de &#039;Ermeni tabusu&#039; tart\u0131\u015f\u0131l\u0131yor - Bati Ermenistan Ve Bati Ermenileri Sorunlari Ara\u015ftirmalar Merkezi<\/title>\n<meta name=\"robots\" content=\"index, follow, max-snippet:-1, max-image-preview:large, max-video-preview:-1\" \/>\n<link rel=\"canonical\" href=\"https:\/\/akunq.net\/turkish\/2010\/05\/12\/bilgide-ermeni-tabusu-tartisiliyor\/\" \/>\n<meta property=\"og:locale\" content=\"en_US\" \/>\n<meta property=\"og:type\" content=\"article\" \/>\n<meta property=\"og:title\" content=\"Bilgi&#039;de &#039;Ermeni tabusu&#039; tart\u0131\u015f\u0131l\u0131yor - Bati Ermenistan Ve Bati Ermenileri Sorunlari Ara\u015ftirmalar Merkezi\" \/>\n<meta property=\"og:description\" content=\"\u0130STANBUL &#8211; Ariane Bonzon\u2019un haz\u0131rlad\u0131\u011f\u0131, Galatasaray \u00dcniversitesi \u00d6\u011fretim \u00dcyesi Prof. Dr. Ahmet \u0130nsel ve dedesi 1915 olaylar\u0131n\u0131 ya\u015fam\u0131\u015f olan Fransal\u0131 Ermeni Michel Marian\u2019\u0131n Ermeni sorunun \u00fczerine konu\u015fmalar\u0131ndan olu\u015fan \u2018Ermeni Tabusu \u00dczerine Diyaloglar\u2019 isimli kitab\u0131n ard\u0131ndan bir de s\u00f6yle\u015fi d\u00fczenleniyor. Uluslararas\u0131 Hrant Dink Vakf\u0131 ve \u0130leti\u015fim Yay\u0131nlar\u0131 taraf\u0131ndan d\u00fczenlenen s\u00f6yle\u015fi yar\u0131n saat 18:30\u2019da \u0130stanbul Bilgi \u00dcniversitesi\u2019nin [&hellip;]\" \/>\n<meta property=\"og:url\" content=\"https:\/\/akunq.net\/turkish\/2010\/05\/12\/bilgide-ermeni-tabusu-tartisiliyor\/\" \/>\n<meta property=\"og:site_name\" content=\"Bati Ermenistan Ve Bati Ermenileri Sorunlari Ara\u015ftirmalar Merkezi\" \/>\n<meta property=\"article:published_time\" content=\"2010-05-12T05:48:05+00:00\" \/>\n<meta property=\"og:image\" content=\"https:\/\/akunq.net\/turkish\/wp-content\/uploads\/sites\/5\/2010\/05\/ttt.jpg\" \/>\n\t<meta property=\"og:image:width\" content=\"239\" \/>\n\t<meta property=\"og:image:height\" content=\"512\" \/>\n\t<meta property=\"og:image:type\" content=\"image\/jpeg\" \/>\n<meta name=\"author\" content=\"kalem\" \/>\n<meta name=\"twitter:card\" content=\"summary_large_image\" \/>\n<meta name=\"twitter:label1\" content=\"Written by\" \/>\n\t<meta name=\"twitter:data1\" content=\"kalem\" \/>\n\t<meta name=\"twitter:label2\" content=\"Est. reading time\" \/>\n\t<meta name=\"twitter:data2\" content=\"1 minute\" \/>\n<script type=\"application\/ld+json\" class=\"yoast-schema-graph\">{\"@context\":\"https:\\\/\\\/schema.org\",\"@graph\":[{\"@type\":\"Article\",\"@id\":\"https:\\\/\\\/akunq.net\\\/turkish\\\/2010\\\/05\\\/12\\\/bilgide-ermeni-tabusu-tartisiliyor\\\/#article\",\"isPartOf\":{\"@id\":\"https:\\\/\\\/akunq.net\\\/turkish\\\/2010\\\/05\\\/12\\\/bilgide-ermeni-tabusu-tartisiliyor\\\/\"},\"author\":{\"name\":\"kalem\",\"@id\":\"https:\\\/\\\/akunq.net\\\/turkish\\\/#\\\/schema\\\/person\\\/135e7923d1aeb8887890799619969a6c\"},\"headline\":\"Bilgi&#8217;de &#8216;Ermeni tabusu&#8217; tart\u0131\u015f\u0131l\u0131yor\",\"datePublished\":\"2010-05-12T05:48:05+00:00\",\"mainEntityOfPage\":{\"@id\":\"https:\\\/\\\/akunq.net\\\/turkish\\\/2010\\\/05\\\/12\\\/bilgide-ermeni-tabusu-tartisiliyor\\\/\"},\"wordCount\":200,\"image\":{\"@id\":\"https:\\\/\\\/akunq.net\\\/turkish\\\/2010\\\/05\\\/12\\\/bilgide-ermeni-tabusu-tartisiliyor\\\/#primaryimage\"},\"thumbnailUrl\":\"http:\\\/\\\/akunq.net\\\/tr\\\/wp-content\\\/uploads\\\/2010\\\/05\\\/ttt.jpg\",\"articleSection\":[\"Haberler\"],\"inLanguage\":\"en-US\"},{\"@type\":\"WebPage\",\"@id\":\"https:\\\/\\\/akunq.net\\\/turkish\\\/2010\\\/05\\\/12\\\/bilgide-ermeni-tabusu-tartisiliyor\\\/\",\"url\":\"https:\\\/\\\/akunq.net\\\/turkish\\\/2010\\\/05\\\/12\\\/bilgide-ermeni-tabusu-tartisiliyor\\\/\",\"name\":\"Bilgi'de 'Ermeni tabusu' tart\u0131\u015f\u0131l\u0131yor - Bati Ermenistan Ve Bati Ermenileri Sorunlari Ara\u015ftirmalar Merkezi\",\"isPartOf\":{\"@id\":\"https:\\\/\\\/akunq.net\\\/turkish\\\/#website\"},\"primaryImageOfPage\":{\"@id\":\"https:\\\/\\\/akunq.net\\\/turkish\\\/2010\\\/05\\\/12\\\/bilgide-ermeni-tabusu-tartisiliyor\\\/#primaryimage\"},\"image\":{\"@id\":\"https:\\\/\\\/akunq.net\\\/turkish\\\/2010\\\/05\\\/12\\\/bilgide-ermeni-tabusu-tartisiliyor\\\/#primaryimage\"},\"thumbnailUrl\":\"http:\\\/\\\/akunq.net\\\/tr\\\/wp-content\\\/uploads\\\/2010\\\/05\\\/ttt.jpg\",\"datePublished\":\"2010-05-12T05:48:05+00:00\",\"author\":{\"@id\":\"https:\\\/\\\/akunq.net\\\/turkish\\\/#\\\/schema\\\/person\\\/135e7923d1aeb8887890799619969a6c\"},\"breadcrumb\":{\"@id\":\"https:\\\/\\\/akunq.net\\\/turkish\\\/2010\\\/05\\\/12\\\/bilgide-ermeni-tabusu-tartisiliyor\\\/#breadcrumb\"},\"inLanguage\":\"en-US\",\"potentialAction\":[{\"@type\":\"ReadAction\",\"target\":[\"https:\\\/\\\/akunq.net\\\/turkish\\\/2010\\\/05\\\/12\\\/bilgide-ermeni-tabusu-tartisiliyor\\\/\"]}]},{\"@type\":\"ImageObject\",\"inLanguage\":\"en-US\",\"@id\":\"https:\\\/\\\/akunq.net\\\/turkish\\\/2010\\\/05\\\/12\\\/bilgide-ermeni-tabusu-tartisiliyor\\\/#primaryimage\",\"url\":\"http:\\\/\\\/akunq.net\\\/tr\\\/wp-content\\\/uploads\\\/2010\\\/05\\\/ttt.jpg\",\"contentUrl\":\"http:\\\/\\\/akunq.net\\\/tr\\\/wp-content\\\/uploads\\\/2010\\\/05\\\/ttt.jpg\"},{\"@type\":\"BreadcrumbList\",\"@id\":\"https:\\\/\\\/akunq.net\\\/turkish\\\/2010\\\/05\\\/12\\\/bilgide-ermeni-tabusu-tartisiliyor\\\/#breadcrumb\",\"itemListElement\":[{\"@type\":\"ListItem\",\"position\":1,\"name\":\"Home\",\"item\":\"https:\\\/\\\/akunq.net\\\/turkish\\\/\"},{\"@type\":\"ListItem\",\"position\":2,\"name\":\"Bilgi&#8217;de &#8216;Ermeni tabusu&#8217; tart\u0131\u015f\u0131l\u0131yor\"}]},{\"@type\":\"WebSite\",\"@id\":\"https:\\\/\\\/akunq.net\\\/turkish\\\/#website\",\"url\":\"https:\\\/\\\/akunq.net\\\/turkish\\\/\",\"name\":\"Bati Ermenistan Ve Bati Ermenileri Sorunlari Ara\u015ftirmalar Merkezi\",\"description\":\"\",\"potentialAction\":[{\"@type\":\"SearchAction\",\"target\":{\"@type\":\"EntryPoint\",\"urlTemplate\":\"https:\\\/\\\/akunq.net\\\/turkish\\\/?s={search_term_string}\"},\"query-input\":{\"@type\":\"PropertyValueSpecification\",\"valueRequired\":true,\"valueName\":\"search_term_string\"}}],\"inLanguage\":\"en-US\"},{\"@type\":\"Person\",\"@id\":\"https:\\\/\\\/akunq.net\\\/turkish\\\/#\\\/schema\\\/person\\\/135e7923d1aeb8887890799619969a6c\",\"name\":\"kalem\",\"image\":{\"@type\":\"ImageObject\",\"inLanguage\":\"en-US\",\"@id\":\"https:\\\/\\\/secure.gravatar.com\\\/avatar\\\/a06875e4b25feb5674296adf8e8a7ae1e587cebce2493fe63c456109967e27d3?s=96&d=mm&r=g\",\"url\":\"https:\\\/\\\/secure.gravatar.com\\\/avatar\\\/a06875e4b25feb5674296adf8e8a7ae1e587cebce2493fe63c456109967e27d3?s=96&d=mm&r=g\",\"contentUrl\":\"https:\\\/\\\/secure.gravatar.com\\\/avatar\\\/a06875e4b25feb5674296adf8e8a7ae1e587cebce2493fe63c456109967e27d3?s=96&d=mm&r=g\",\"caption\":\"kalem\"},\"url\":\"https:\\\/\\\/akunq.net\\\/turkish\\\/author\\\/kalem\\\/\"}]}<\/script>\n<!-- \/ Yoast SEO plugin. -->","yoast_head_json":{"title":"Bilgi'de 'Ermeni tabusu' tart\u0131\u015f\u0131l\u0131yor - Bati Ermenistan Ve Bati Ermenileri Sorunlari Ara\u015ftirmalar Merkezi","robots":{"index":"index","follow":"follow","max-snippet":"max-snippet:-1","max-image-preview":"max-image-preview:large","max-video-preview":"max-video-preview:-1"},"canonical":"https:\/\/akunq.net\/turkish\/2010\/05\/12\/bilgide-ermeni-tabusu-tartisiliyor\/","og_locale":"en_US","og_type":"article","og_title":"Bilgi'de 'Ermeni tabusu' tart\u0131\u015f\u0131l\u0131yor - Bati Ermenistan Ve Bati Ermenileri Sorunlari Ara\u015ftirmalar Merkezi","og_description":"\u0130STANBUL &#8211; Ariane Bonzon\u2019un haz\u0131rlad\u0131\u011f\u0131, Galatasaray \u00dcniversitesi \u00d6\u011fretim \u00dcyesi Prof. Dr. Ahmet \u0130nsel ve dedesi 1915 olaylar\u0131n\u0131 ya\u015fam\u0131\u015f olan Fransal\u0131 Ermeni Michel Marian\u2019\u0131n Ermeni sorunun \u00fczerine konu\u015fmalar\u0131ndan olu\u015fan \u2018Ermeni Tabusu \u00dczerine Diyaloglar\u2019 isimli kitab\u0131n ard\u0131ndan bir de s\u00f6yle\u015fi d\u00fczenleniyor. Uluslararas\u0131 Hrant Dink Vakf\u0131 ve \u0130leti\u015fim Yay\u0131nlar\u0131 taraf\u0131ndan d\u00fczenlenen s\u00f6yle\u015fi yar\u0131n saat 18:30\u2019da \u0130stanbul Bilgi \u00dcniversitesi\u2019nin [&hellip;]","og_url":"https:\/\/akunq.net\/turkish\/2010\/05\/12\/bilgide-ermeni-tabusu-tartisiliyor\/","og_site_name":"Bati Ermenistan Ve Bati Ermenileri Sorunlari Ara\u015ftirmalar Merkezi","article_published_time":"2010-05-12T05:48:05+00:00","og_image":[{"width":239,"height":512,"url":"https:\/\/akunq.net\/turkish\/wp-content\/uploads\/sites\/5\/2010\/05\/ttt.jpg","type":"image\/jpeg"}],"author":"kalem","twitter_card":"summary_large_image","twitter_misc":{"Written by":"kalem","Est. reading time":"1 minute"},"schema":{"@context":"https:\/\/schema.org","@graph":[{"@type":"Article","@id":"https:\/\/akunq.net\/turkish\/2010\/05\/12\/bilgide-ermeni-tabusu-tartisiliyor\/#article","isPartOf":{"@id":"https:\/\/akunq.net\/turkish\/2010\/05\/12\/bilgide-ermeni-tabusu-tartisiliyor\/"},"author":{"name":"kalem","@id":"https:\/\/akunq.net\/turkish\/#\/schema\/person\/135e7923d1aeb8887890799619969a6c"},"headline":"Bilgi&#8217;de &#8216;Ermeni tabusu&#8217; tart\u0131\u015f\u0131l\u0131yor","datePublished":"2010-05-12T05:48:05+00:00","mainEntityOfPage":{"@id":"https:\/\/akunq.net\/turkish\/2010\/05\/12\/bilgide-ermeni-tabusu-tartisiliyor\/"},"wordCount":200,"image":{"@id":"https:\/\/akunq.net\/turkish\/2010\/05\/12\/bilgide-ermeni-tabusu-tartisiliyor\/#primaryimage"},"thumbnailUrl":"http:\/\/akunq.net\/tr\/wp-content\/uploads\/2010\/05\/ttt.jpg","articleSection":["Haberler"],"inLanguage":"en-US"},{"@type":"WebPage","@id":"https:\/\/akunq.net\/turkish\/2010\/05\/12\/bilgide-ermeni-tabusu-tartisiliyor\/","url":"https:\/\/akunq.net\/turkish\/2010\/05\/12\/bilgide-ermeni-tabusu-tartisiliyor\/","name":"Bilgi'de 'Ermeni tabusu' tart\u0131\u015f\u0131l\u0131yor - Bati Ermenistan Ve Bati Ermenileri Sorunlari Ara\u015ftirmalar Merkezi","isPartOf":{"@id":"https:\/\/akunq.net\/turkish\/#website"},"primaryImageOfPage":{"@id":"https:\/\/akunq.net\/turkish\/2010\/05\/12\/bilgide-ermeni-tabusu-tartisiliyor\/#primaryimage"},"image":{"@id":"https:\/\/akunq.net\/turkish\/2010\/05\/12\/bilgide-ermeni-tabusu-tartisiliyor\/#primaryimage"},"thumbnailUrl":"http:\/\/akunq.net\/tr\/wp-content\/uploads\/2010\/05\/ttt.jpg","datePublished":"2010-05-12T05:48:05+00:00","author":{"@id":"https:\/\/akunq.net\/turkish\/#\/schema\/person\/135e7923d1aeb8887890799619969a6c"},"breadcrumb":{"@id":"https:\/\/akunq.net\/turkish\/2010\/05\/12\/bilgide-ermeni-tabusu-tartisiliyor\/#breadcrumb"},"inLanguage":"en-US","potentialAction":[{"@type":"ReadAction","target":["https:\/\/akunq.net\/turkish\/2010\/05\/12\/bilgide-ermeni-tabusu-tartisiliyor\/"]}]},{"@type":"ImageObject","inLanguage":"en-US","@id":"https:\/\/akunq.net\/turkish\/2010\/05\/12\/bilgide-ermeni-tabusu-tartisiliyor\/#primaryimage","url":"http:\/\/akunq.net\/tr\/wp-content\/uploads\/2010\/05\/ttt.jpg","contentUrl":"http:\/\/akunq.net\/tr\/wp-content\/uploads\/2010\/05\/ttt.jpg"},{"@type":"BreadcrumbList","@id":"https:\/\/akunq.net\/turkish\/2010\/05\/12\/bilgide-ermeni-tabusu-tartisiliyor\/#breadcrumb","itemListElement":[{"@type":"ListItem","position":1,"name":"Home","item":"https:\/\/akunq.net\/turkish\/"},{"@type":"ListItem","position":2,"name":"Bilgi&#8217;de &#8216;Ermeni tabusu&#8217; tart\u0131\u015f\u0131l\u0131yor"}]},{"@type":"WebSite","@id":"https:\/\/akunq.net\/turkish\/#website","url":"https:\/\/akunq.net\/turkish\/","name":"Bati Ermenistan Ve Bati Ermenileri Sorunlari Ara\u015ftirmalar Merkezi","description":"","potentialAction":[{"@type":"SearchAction","target":{"@type":"EntryPoint","urlTemplate":"https:\/\/akunq.net\/turkish\/?s={search_term_string}"},"query-input":{"@type":"PropertyValueSpecification","valueRequired":true,"valueName":"search_term_string"}}],"inLanguage":"en-US"},{"@type":"Person","@id":"https:\/\/akunq.net\/turkish\/#\/schema\/person\/135e7923d1aeb8887890799619969a6c","name":"kalem","image":{"@type":"ImageObject","inLanguage":"en-US","@id":"https:\/\/secure.gravatar.com\/avatar\/a06875e4b25feb5674296adf8e8a7ae1e587cebce2493fe63c456109967e27d3?s=96&d=mm&r=g","url":"https:\/\/secure.gravatar.com\/avatar\/a06875e4b25feb5674296adf8e8a7ae1e587cebce2493fe63c456109967e27d3?s=96&d=mm&r=g","contentUrl":"https:\/\/secure.gravatar.com\/avatar\/a06875e4b25feb5674296adf8e8a7ae1e587cebce2493fe63c456109967e27d3?s=96&d=mm&r=g","caption":"kalem"},"url":"https:\/\/akunq.net\/turkish\/author\/kalem\/"}]}},"_links":{"self":[{"href":"https:\/\/akunq.net\/turkish\/wp-json\/wp\/v2\/posts\/812","targetHints":{"allow":["GET"]}}],"collection":[{"href":"https:\/\/akunq.net\/turkish\/wp-json\/wp\/v2\/posts"}],"about":[{"href":"https:\/\/akunq.net\/turkish\/wp-json\/wp\/v2\/types\/post"}],"author":[{"embeddable":true,"href":"https:\/\/akunq.net\/turkish\/wp-json\/wp\/v2\/users\/3"}],"replies":[{"embeddable":true,"href":"https:\/\/akunq.net\/turkish\/wp-json\/wp\/v2\/comments?post=812"}],"version-history":[{"count":0,"href":"https:\/\/akunq.net\/turkish\/wp-json\/wp\/v2\/posts\/812\/revisions"}],"wp:attachment":[{"href":"https:\/\/akunq.net\/turkish\/wp-json\/wp\/v2\/media?parent=812"}],"wp:term":[{"taxonomy":"category","embeddable":true,"href":"https:\/\/akunq.net\/turkish\/wp-json\/wp\/v2\/categories?post=812"},{"taxonomy":"post_tag","embeddable":true,"href":"https:\/\/akunq.net\/turkish\/wp-json\/wp\/v2\/tags?post=812"}],"curies":[{"name":"wp","href":"https:\/\/api.w.org\/{rel}","templated":true}]}}