{"id":809,"date":"2010-05-11T04:15:49","date_gmt":"2010-05-11T09:15:49","guid":{"rendered":"http:\/\/akunq.net\/tr\/?p=809"},"modified":"2010-05-11T04:15:49","modified_gmt":"2010-05-11T09:15:49","slug":"tarih-tahrip-ediliyor","status":"publish","type":"post","link":"https:\/\/akunq.net\/turkish\/2010\/05\/11\/tarih-tahrip-ediliyor\/","title":{"rendered":"Tarih Tahrip Ediliyor"},"content":{"rendered":"<p style=\"text-align: justify\">\u00a0<strong>Kilisede \u00e7\u00f6p ve tezek y\u0131\u011f\u0131n\u0131<\/strong><\/p>\n<p style=\"text-align: justify\">T\u00fcrkiye\u2019nin Van ili G\u00fcrp\u0131nar il\u00e7esine ba\u011fl\u0131 Mej\u00eengir k\u00f6y\u00fcnde bulunan ve hazine avc\u0131lar\u0131 taraf\u0131ndan tamamen y\u0131k\u0131lan 2 Ermeni kilisesinden biri \u00e7\u00f6p ve tezek yeri olarak kullan\u0131l\u0131rken, bir kilisenin de yerine cami in\u015fa edildi. Derin \u00e7ukurlar a\u00e7\u0131larak tamamen kaz\u0131lan k\u00f6y\u00fcn d\u0131\u015f\u0131ndaki Ermeni mezarl\u0131\u011f\u0131nda da sadece \u00fczerinde eski yaz\u0131lar olan birka\u00e7 par\u00e7a ta\u015f bulunuyor.<\/p>\n<p style=\"text-align: justify\">B\u00f6lgede koruma alt\u0131na al\u0131nmad\u0131\u011f\u0131 i\u00e7in Ermenilere ait bir\u00e7ok kilise ve mezarl\u0131k gibi, Mej\u00eengir k\u00f6y\u00fcndeki 2 kilise ve bir mezarl\u0131k da hazine avc\u0131lar\u0131n\u0131n h\u0131\u015fm\u0131na u\u011frayarak tamamen tahrip edilmi\u015f durumda. Kemiklerin tamamen ortadan yok edildi\u011fi mezarl\u0131kta, \u00fczerinde eski yaz\u0131lar olan da\u011f\u0131n\u0131k halde birka\u00e7 ta\u015f dikkat \u00e7ekiyor.<\/p>\n<p style=\"text-align: justify\">AKnews\u2019e konu\u015fan k\u00f6y sakinlerinden \u0130sa Varl\u0131, birka\u00e7 y\u0131l \u00f6nce k\u00f6ylerine gelen ve kendilerini gazeteci olarak tan\u0131tan 3 ki\u015finin kiliselerde ve mezarl\u0131kta kaz\u0131lar yapt\u0131\u011f\u0131n\u0131, y\u0131k\u0131lan ta\u015flar\u0131n da daha sonra k\u00f6yl\u00fcler taraf\u0131ndan bah\u00e7e duvarlar\u0131nda ve de\u011fi\u015fik yerlerde kullan\u0131ld\u0131\u011f\u0131n\u0131 s\u00f6yledi.<\/p>\n<p style=\"text-align: justify\">Mezarl\u0131\u011f\u0131n da hazine avc\u0131lar\u0131 taraf\u0131ndan daha sonra tamamen tahrip edildi\u011fini belirten Varl\u0131, \u015funlar\u0131 s\u00f6yledi: \u201cBiz sonradan k\u00f6y\u00fcm\u00fcze gelen gazetecilerin hazine avc\u0131lar\u0131 oldu\u011funu \u00f6\u011frendik. \u2018Alt\u0131n bulduklar\u0131\u2019 iddialar\u0131 ortal\u0131kta dola\u015f\u0131nca da her gelen, kiliseleri ve mezarl\u0131\u011f\u0131 kaz\u0131maya ba\u015flad\u0131. Sonunda kiliseler ve mezarl\u0131k tamamen ortadan yok oldu. \u0130\u015fte bu mezarda bir ka\u00e7 ta\u015f kalm\u0131\u015f, zaten mezarl\u0131\u011fa benzer bir taraf\u0131 da kalmam\u0131\u015f. Yukar\u0131da da bir tane kilise var etraf\u0131na duvar \u00f6r\u00fclm\u00fc\u015f. Orda da \u00e7\u00f6pler ve bir tezek y\u0131\u011f\u0131n\u0131 var.\u201d<\/p>\n<p style=\"text-align: justify\">Ad\u0131n\u0131 vermek istemeyen bir ba\u015fka k\u00f6yl\u00fc de, ikinci kilisenin yerine ise halen in\u015faat\u0131 s\u00fcren bir cami in\u015fa edildi\u011fini s\u00f6yledi.<\/p>\n<p style=\"text-align: justify\">AKnews muhabirinin sorusu \u00fczerine Vahdettin Varl\u0131 isimli k\u00f6yl\u00fc ise, y\u0131k\u0131lan kilise ve mezarla ilgili olarak herhangi bir yetkilinin k\u00f6ylerine gelip incelemelerde bulunmad\u0131\u011f\u0131n\u0131 s\u00f6yledi.<\/p>\n<p style=\"text-align: justify\">Van Kolektif Ya\u015fam Derne\u011fi (KOLYAD) Ba\u015fkan\u0131 H\u00fcsn\u00fc \u00dcrg\u00fcn, Mej\u00eengir k\u00f6y\u00fcnde ya\u015fanan durumun tarihe kar\u015f\u0131 ger\u00e7ekle\u015fen bir ay\u0131p oldu\u011funu s\u00f6yledi.<\/p>\n<p style=\"text-align: justify\">Dernek olarak, \u00e7evre ve tarihi mek\u00e2nlarla da ilgilendiklerini belirten \u00dcrg\u00fcn, \u015f\u00f6yle dedi: \u201cBu k\u00f6yde ya\u015fananlar ilimiz i\u00e7in k\u00f6t\u00fc bir \u00f6rnektir. Hem inan\u00e7 a\u00e7\u0131s\u0131ndan, hem tarihe sayg\u0131 a\u00e7\u0131s\u0131ndan naho\u015f bir durum ya\u015fanm\u0131\u015ft\u0131r. Yetkililer zaman\u0131nda \u00f6nlem alsayd\u0131 bunlar olmazd\u0131. Bu gibi durumlar\u0131n tekrarlanmamas\u0131 i\u00e7in, ilimizin turizmi a\u00e7\u0131s\u0131ndan da tahrip yerine korumaya ve tan\u0131tmaya \u00f6nem versek daha iyi olacak.\u201d<\/p>\n<p style=\"text-align: justify\">aknews.com\/tr 10.05.2010<\/p>\n","protected":false},"excerpt":{"rendered":"<p>\u00a0Kilisede \u00e7\u00f6p ve tezek y\u0131\u011f\u0131n\u0131 T\u00fcrkiye\u2019nin Van ili G\u00fcrp\u0131nar il\u00e7esine ba\u011fl\u0131 Mej\u00eengir k\u00f6y\u00fcnde bulunan ve hazine avc\u0131lar\u0131 taraf\u0131ndan tamamen y\u0131k\u0131lan 2 Ermeni kilisesinden biri \u00e7\u00f6p ve tezek yeri olarak kullan\u0131l\u0131rken, bir kilisenin de yerine cami in\u015fa edildi. Derin \u00e7ukurlar a\u00e7\u0131larak tamamen kaz\u0131lan k\u00f6y\u00fcn d\u0131\u015f\u0131ndaki Ermeni mezarl\u0131\u011f\u0131nda da sadece \u00fczerinde eski yaz\u0131lar olan birka\u00e7 par\u00e7a ta\u015f [&hellip;]<\/p>\n","protected":false},"author":3,"featured_media":0,"comment_status":"closed","ping_status":"open","sticky":false,"template":"","format":"standard","meta":{"footnotes":""},"categories":[14],"tags":[],"class_list":["post-809","post","type-post","status-publish","format-standard","hentry","category-haberler"],"yoast_head":"<!-- This site is optimized with the Yoast SEO plugin v27.4 - https:\/\/yoast.com\/product\/yoast-seo-wordpress\/ -->\n<title>Tarih Tahrip Ediliyor - Bati Ermenistan Ve Bati Ermenileri Sorunlari Ara\u015ftirmalar Merkezi<\/title>\n<meta name=\"robots\" content=\"index, follow, max-snippet:-1, max-image-preview:large, max-video-preview:-1\" \/>\n<link rel=\"canonical\" href=\"https:\/\/akunq.net\/turkish\/2010\/05\/11\/tarih-tahrip-ediliyor\/\" \/>\n<meta property=\"og:locale\" content=\"en_US\" \/>\n<meta property=\"og:type\" content=\"article\" \/>\n<meta property=\"og:title\" content=\"Tarih Tahrip Ediliyor - Bati Ermenistan Ve Bati Ermenileri Sorunlari Ara\u015ftirmalar Merkezi\" \/>\n<meta property=\"og:description\" content=\"\u00a0Kilisede \u00e7\u00f6p ve tezek y\u0131\u011f\u0131n\u0131 T\u00fcrkiye\u2019nin Van ili G\u00fcrp\u0131nar il\u00e7esine ba\u011fl\u0131 Mej\u00eengir k\u00f6y\u00fcnde bulunan ve hazine avc\u0131lar\u0131 taraf\u0131ndan tamamen y\u0131k\u0131lan 2 Ermeni kilisesinden biri \u00e7\u00f6p ve tezek yeri olarak kullan\u0131l\u0131rken, bir kilisenin de yerine cami in\u015fa edildi. Derin \u00e7ukurlar a\u00e7\u0131larak tamamen kaz\u0131lan k\u00f6y\u00fcn d\u0131\u015f\u0131ndaki Ermeni mezarl\u0131\u011f\u0131nda da sadece \u00fczerinde eski yaz\u0131lar olan birka\u00e7 par\u00e7a ta\u015f [&hellip;]\" \/>\n<meta property=\"og:url\" content=\"https:\/\/akunq.net\/turkish\/2010\/05\/11\/tarih-tahrip-ediliyor\/\" \/>\n<meta property=\"og:site_name\" content=\"Bati Ermenistan Ve Bati Ermenileri Sorunlari Ara\u015ftirmalar Merkezi\" \/>\n<meta property=\"article:published_time\" content=\"2010-05-11T09:15:49+00:00\" \/>\n<meta name=\"author\" content=\"kalem\" \/>\n<meta name=\"twitter:card\" content=\"summary_large_image\" \/>\n<meta name=\"twitter:label1\" content=\"Written by\" \/>\n\t<meta name=\"twitter:data1\" content=\"kalem\" \/>\n\t<meta name=\"twitter:label2\" content=\"Est. reading time\" \/>\n\t<meta name=\"twitter:data2\" content=\"2 minutes\" \/>\n<script type=\"application\/ld+json\" class=\"yoast-schema-graph\">{\"@context\":\"https:\\\/\\\/schema.org\",\"@graph\":[{\"@type\":\"Article\",\"@id\":\"https:\\\/\\\/akunq.net\\\/turkish\\\/2010\\\/05\\\/11\\\/tarih-tahrip-ediliyor\\\/#article\",\"isPartOf\":{\"@id\":\"https:\\\/\\\/akunq.net\\\/turkish\\\/2010\\\/05\\\/11\\\/tarih-tahrip-ediliyor\\\/\"},\"author\":{\"name\":\"kalem\",\"@id\":\"https:\\\/\\\/akunq.net\\\/turkish\\\/#\\\/schema\\\/person\\\/135e7923d1aeb8887890799619969a6c\"},\"headline\":\"Tarih Tahrip Ediliyor\",\"datePublished\":\"2010-05-11T09:15:49+00:00\",\"mainEntityOfPage\":{\"@id\":\"https:\\\/\\\/akunq.net\\\/turkish\\\/2010\\\/05\\\/11\\\/tarih-tahrip-ediliyor\\\/\"},\"wordCount\":470,\"articleSection\":[\"Haberler\"],\"inLanguage\":\"en-US\"},{\"@type\":\"WebPage\",\"@id\":\"https:\\\/\\\/akunq.net\\\/turkish\\\/2010\\\/05\\\/11\\\/tarih-tahrip-ediliyor\\\/\",\"url\":\"https:\\\/\\\/akunq.net\\\/turkish\\\/2010\\\/05\\\/11\\\/tarih-tahrip-ediliyor\\\/\",\"name\":\"Tarih Tahrip Ediliyor - Bati Ermenistan Ve Bati Ermenileri Sorunlari Ara\u015ftirmalar Merkezi\",\"isPartOf\":{\"@id\":\"https:\\\/\\\/akunq.net\\\/turkish\\\/#website\"},\"datePublished\":\"2010-05-11T09:15:49+00:00\",\"author\":{\"@id\":\"https:\\\/\\\/akunq.net\\\/turkish\\\/#\\\/schema\\\/person\\\/135e7923d1aeb8887890799619969a6c\"},\"breadcrumb\":{\"@id\":\"https:\\\/\\\/akunq.net\\\/turkish\\\/2010\\\/05\\\/11\\\/tarih-tahrip-ediliyor\\\/#breadcrumb\"},\"inLanguage\":\"en-US\",\"potentialAction\":[{\"@type\":\"ReadAction\",\"target\":[\"https:\\\/\\\/akunq.net\\\/turkish\\\/2010\\\/05\\\/11\\\/tarih-tahrip-ediliyor\\\/\"]}]},{\"@type\":\"BreadcrumbList\",\"@id\":\"https:\\\/\\\/akunq.net\\\/turkish\\\/2010\\\/05\\\/11\\\/tarih-tahrip-ediliyor\\\/#breadcrumb\",\"itemListElement\":[{\"@type\":\"ListItem\",\"position\":1,\"name\":\"Home\",\"item\":\"https:\\\/\\\/akunq.net\\\/turkish\\\/\"},{\"@type\":\"ListItem\",\"position\":2,\"name\":\"Tarih Tahrip Ediliyor\"}]},{\"@type\":\"WebSite\",\"@id\":\"https:\\\/\\\/akunq.net\\\/turkish\\\/#website\",\"url\":\"https:\\\/\\\/akunq.net\\\/turkish\\\/\",\"name\":\"Bati Ermenistan Ve Bati Ermenileri Sorunlari Ara\u015ftirmalar Merkezi\",\"description\":\"\",\"potentialAction\":[{\"@type\":\"SearchAction\",\"target\":{\"@type\":\"EntryPoint\",\"urlTemplate\":\"https:\\\/\\\/akunq.net\\\/turkish\\\/?s={search_term_string}\"},\"query-input\":{\"@type\":\"PropertyValueSpecification\",\"valueRequired\":true,\"valueName\":\"search_term_string\"}}],\"inLanguage\":\"en-US\"},{\"@type\":\"Person\",\"@id\":\"https:\\\/\\\/akunq.net\\\/turkish\\\/#\\\/schema\\\/person\\\/135e7923d1aeb8887890799619969a6c\",\"name\":\"kalem\",\"image\":{\"@type\":\"ImageObject\",\"inLanguage\":\"en-US\",\"@id\":\"https:\\\/\\\/secure.gravatar.com\\\/avatar\\\/a06875e4b25feb5674296adf8e8a7ae1e587cebce2493fe63c456109967e27d3?s=96&d=mm&r=g\",\"url\":\"https:\\\/\\\/secure.gravatar.com\\\/avatar\\\/a06875e4b25feb5674296adf8e8a7ae1e587cebce2493fe63c456109967e27d3?s=96&d=mm&r=g\",\"contentUrl\":\"https:\\\/\\\/secure.gravatar.com\\\/avatar\\\/a06875e4b25feb5674296adf8e8a7ae1e587cebce2493fe63c456109967e27d3?s=96&d=mm&r=g\",\"caption\":\"kalem\"},\"url\":\"https:\\\/\\\/akunq.net\\\/turkish\\\/author\\\/kalem\\\/\"}]}<\/script>\n<!-- \/ Yoast SEO plugin. -->","yoast_head_json":{"title":"Tarih Tahrip Ediliyor - Bati Ermenistan Ve Bati Ermenileri Sorunlari Ara\u015ftirmalar Merkezi","robots":{"index":"index","follow":"follow","max-snippet":"max-snippet:-1","max-image-preview":"max-image-preview:large","max-video-preview":"max-video-preview:-1"},"canonical":"https:\/\/akunq.net\/turkish\/2010\/05\/11\/tarih-tahrip-ediliyor\/","og_locale":"en_US","og_type":"article","og_title":"Tarih Tahrip Ediliyor - Bati Ermenistan Ve Bati Ermenileri Sorunlari Ara\u015ftirmalar Merkezi","og_description":"\u00a0Kilisede \u00e7\u00f6p ve tezek y\u0131\u011f\u0131n\u0131 T\u00fcrkiye\u2019nin Van ili G\u00fcrp\u0131nar il\u00e7esine ba\u011fl\u0131 Mej\u00eengir k\u00f6y\u00fcnde bulunan ve hazine avc\u0131lar\u0131 taraf\u0131ndan tamamen y\u0131k\u0131lan 2 Ermeni kilisesinden biri \u00e7\u00f6p ve tezek yeri olarak kullan\u0131l\u0131rken, bir kilisenin de yerine cami in\u015fa edildi. Derin \u00e7ukurlar a\u00e7\u0131larak tamamen kaz\u0131lan k\u00f6y\u00fcn d\u0131\u015f\u0131ndaki Ermeni mezarl\u0131\u011f\u0131nda da sadece \u00fczerinde eski yaz\u0131lar olan birka\u00e7 par\u00e7a ta\u015f [&hellip;]","og_url":"https:\/\/akunq.net\/turkish\/2010\/05\/11\/tarih-tahrip-ediliyor\/","og_site_name":"Bati Ermenistan Ve Bati Ermenileri Sorunlari Ara\u015ftirmalar Merkezi","article_published_time":"2010-05-11T09:15:49+00:00","author":"kalem","twitter_card":"summary_large_image","twitter_misc":{"Written by":"kalem","Est. reading time":"2 minutes"},"schema":{"@context":"https:\/\/schema.org","@graph":[{"@type":"Article","@id":"https:\/\/akunq.net\/turkish\/2010\/05\/11\/tarih-tahrip-ediliyor\/#article","isPartOf":{"@id":"https:\/\/akunq.net\/turkish\/2010\/05\/11\/tarih-tahrip-ediliyor\/"},"author":{"name":"kalem","@id":"https:\/\/akunq.net\/turkish\/#\/schema\/person\/135e7923d1aeb8887890799619969a6c"},"headline":"Tarih Tahrip Ediliyor","datePublished":"2010-05-11T09:15:49+00:00","mainEntityOfPage":{"@id":"https:\/\/akunq.net\/turkish\/2010\/05\/11\/tarih-tahrip-ediliyor\/"},"wordCount":470,"articleSection":["Haberler"],"inLanguage":"en-US"},{"@type":"WebPage","@id":"https:\/\/akunq.net\/turkish\/2010\/05\/11\/tarih-tahrip-ediliyor\/","url":"https:\/\/akunq.net\/turkish\/2010\/05\/11\/tarih-tahrip-ediliyor\/","name":"Tarih Tahrip Ediliyor - Bati Ermenistan Ve Bati Ermenileri Sorunlari Ara\u015ftirmalar Merkezi","isPartOf":{"@id":"https:\/\/akunq.net\/turkish\/#website"},"datePublished":"2010-05-11T09:15:49+00:00","author":{"@id":"https:\/\/akunq.net\/turkish\/#\/schema\/person\/135e7923d1aeb8887890799619969a6c"},"breadcrumb":{"@id":"https:\/\/akunq.net\/turkish\/2010\/05\/11\/tarih-tahrip-ediliyor\/#breadcrumb"},"inLanguage":"en-US","potentialAction":[{"@type":"ReadAction","target":["https:\/\/akunq.net\/turkish\/2010\/05\/11\/tarih-tahrip-ediliyor\/"]}]},{"@type":"BreadcrumbList","@id":"https:\/\/akunq.net\/turkish\/2010\/05\/11\/tarih-tahrip-ediliyor\/#breadcrumb","itemListElement":[{"@type":"ListItem","position":1,"name":"Home","item":"https:\/\/akunq.net\/turkish\/"},{"@type":"ListItem","position":2,"name":"Tarih Tahrip Ediliyor"}]},{"@type":"WebSite","@id":"https:\/\/akunq.net\/turkish\/#website","url":"https:\/\/akunq.net\/turkish\/","name":"Bati Ermenistan Ve Bati Ermenileri Sorunlari Ara\u015ftirmalar Merkezi","description":"","potentialAction":[{"@type":"SearchAction","target":{"@type":"EntryPoint","urlTemplate":"https:\/\/akunq.net\/turkish\/?s={search_term_string}"},"query-input":{"@type":"PropertyValueSpecification","valueRequired":true,"valueName":"search_term_string"}}],"inLanguage":"en-US"},{"@type":"Person","@id":"https:\/\/akunq.net\/turkish\/#\/schema\/person\/135e7923d1aeb8887890799619969a6c","name":"kalem","image":{"@type":"ImageObject","inLanguage":"en-US","@id":"https:\/\/secure.gravatar.com\/avatar\/a06875e4b25feb5674296adf8e8a7ae1e587cebce2493fe63c456109967e27d3?s=96&d=mm&r=g","url":"https:\/\/secure.gravatar.com\/avatar\/a06875e4b25feb5674296adf8e8a7ae1e587cebce2493fe63c456109967e27d3?s=96&d=mm&r=g","contentUrl":"https:\/\/secure.gravatar.com\/avatar\/a06875e4b25feb5674296adf8e8a7ae1e587cebce2493fe63c456109967e27d3?s=96&d=mm&r=g","caption":"kalem"},"url":"https:\/\/akunq.net\/turkish\/author\/kalem\/"}]}},"_links":{"self":[{"href":"https:\/\/akunq.net\/turkish\/wp-json\/wp\/v2\/posts\/809","targetHints":{"allow":["GET"]}}],"collection":[{"href":"https:\/\/akunq.net\/turkish\/wp-json\/wp\/v2\/posts"}],"about":[{"href":"https:\/\/akunq.net\/turkish\/wp-json\/wp\/v2\/types\/post"}],"author":[{"embeddable":true,"href":"https:\/\/akunq.net\/turkish\/wp-json\/wp\/v2\/users\/3"}],"replies":[{"embeddable":true,"href":"https:\/\/akunq.net\/turkish\/wp-json\/wp\/v2\/comments?post=809"}],"version-history":[{"count":0,"href":"https:\/\/akunq.net\/turkish\/wp-json\/wp\/v2\/posts\/809\/revisions"}],"wp:attachment":[{"href":"https:\/\/akunq.net\/turkish\/wp-json\/wp\/v2\/media?parent=809"}],"wp:term":[{"taxonomy":"category","embeddable":true,"href":"https:\/\/akunq.net\/turkish\/wp-json\/wp\/v2\/categories?post=809"},{"taxonomy":"post_tag","embeddable":true,"href":"https:\/\/akunq.net\/turkish\/wp-json\/wp\/v2\/tags?post=809"}],"curies":[{"name":"wp","href":"https:\/\/api.w.org\/{rel}","templated":true}]}}