{"id":803,"date":"2010-05-08T05:39:20","date_gmt":"2010-05-08T10:39:20","guid":{"rendered":"http:\/\/akunq.net\/tr\/?p=803"},"modified":"2010-05-08T05:39:20","modified_gmt":"2010-05-08T10:39:20","slug":"diyarbakir-bir-zamanlar-ermeniydi","status":"publish","type":"post","link":"https:\/\/akunq.net\/turkish\/2010\/05\/08\/diyarbakir-bir-zamanlar-ermeniydi\/","title":{"rendered":"Diyarbak\u0131r Bir Zamanlar Ermeniydi"},"content":{"rendered":"<p><em><a href=\"http:\/\/heval.info\/index.php?option=com_content&amp;task=view&amp;id=30&amp;Itemid=1\">Firaz Baran: Diyarbak\u0131r\u2019da bug\u00fcn Ermeni say\u0131s\u0131 parmakla bile g\u00f6sterilmiyor. Oysa bir zamanlar \u00f6yle miydi? Bu soruya 1610\u2019da Diyarbak\u0131r\u2019a giden Ermeni Simeon\u2019un Seyehatnamesi\u2019nde \u015fu yan\u0131t veriliyor:<\/a><\/em><em> <\/em><\/p>\n<p style=\"text-align: justify\">\u015eehirde bin hanelik bir Ermeni n\u00fcfusu vard\u0131. Darbhane, g\u00fcmr\u00fck, hanlar ve di\u011fer \u00f6nemli i\u015fler onlar\u0131n elindeydi. Ayr\u0131ca a\u015f\u00e7\u0131lar, kebap\u00e7\u0131lar, ekmek\u00e7iler, bakkallar ve kasaplar hep Ermeniydi.<\/p>\n<p style=\"text-align: justify\">Pazar ve yortu g\u00fcnleri, Ermeniler d\u00fckkanlar\u0131 a\u00e7mad\u0131klar\u0131 ve i\u015flemedikleri i\u00e7in \u015fehir \u0131ss\u0131z ve \u00f6l\u00fc bir hal al\u0131r\u201d (Simeon Tarihte Ermeniler \/ sayfa 163 \u2013 \u00c7iviyaz\u0131lar\u0131).<\/p>\n<p style=\"text-align: justify\">Simeon, ayn\u0131 sayfada \u015fu bilgiyi de aktar\u0131yor: \u201cBir g\u00fcn Surp Kiragos kilisesine gitti\u011fim zaman vardapet, ke\u015fi\u015f ve piskoposlardan ba\u015fka yirmibe\u015f papaz sayd\u0131m.\u201d<\/p>\n<p style=\"text-align: justify\">Bug\u00fcn Diyarbak\u0131r\u2019da ka\u00e7 Ermeni a\u015f\u00e7\u0131 var? Veya ekmek\u00e7i, bakkal? Peki Ermeni papaz var m\u0131 Diyarbak\u0131r\u2019da?<\/p>\n<p style=\"text-align: justify\">Simeon\u2019un seyehatnamesi okundu\u011funda Ermenilerin sadece bu y\u00fczy\u0131lda de\u011fil taa o d\u00f6nemlerde de s\u00fcrekli s\u00fcrg\u00fcnlere maruz kald\u0131klar\u0131 g\u00f6r\u00fcl\u00fcyor. O d\u00f6nem Polonya\u2019ya ait olan Lvav kentinden olan Ermeni Simeon, 1608\u2019de Kud\u00fcs\u2019e hacca gitmek i\u00e7in yola \u00e7\u0131kar. 1615\u2019te var\u0131r. 1 y\u0131l orada kal\u0131p tekrar d\u00f6ner. 1618\u2019de Lvav\u2019a ula\u015f\u0131r. Simeon, bu s\u00fcre zarf\u0131nda yol \u00fczeri oldu\u011fu i\u00e7in ve \u00e7e\u015fitli nedenlerle \u0130stanbul, Venedik, Roma, Kahire, Diyarbak\u0131r, Mu\u015f, Palu, Malatya, Bursa ve Kud\u00fcs gibi kentlere gider. Gitti\u011fi her yerde en az bir hafta en fazla 1 y\u0131l kalan Simeon, \u00e7al\u0131\u015f\u0131r, gezer ve notlar tutar. Bu notlar\u0131 Polonya\u2019ya d\u00f6nd\u00fc\u011f\u00fcnde kitapla\u015ft\u0131r\u0131yor. Sadece g\u00f6zlemci olmayan Simeon, toplad\u0131\u011f\u0131 bilgiler, g\u00f6r\u00fc\u015ft\u00fc\u011f\u00fc insanlar ve sundu\u011fu belgelerle de d\u00f6nemine \u0131\u015f\u0131k tutuyor. 1608-1619 Osmanl\u0131 d\u00f6nemini ve kentlerini, Ermeniler ve K\u00fcrtlerin ili\u015fkilerini ara\u015ft\u0131ranlar\u0131n epeyce yararlanaca\u011f\u0131 bir kitap.<\/p>\n<p style=\"text-align: justify\"><strong>K\u00fcrt\u00e7e ve Ermenice bilen S\u00fcryani rehber <\/strong><\/p>\n<p style=\"text-align: justify\">Simeon\u2019un kitab\u0131nda i\u00e7i\u00e7e ya\u015fayan Ermeni, K\u00fcrt ve S\u00fcryanilere ili\u015fkin de ilgin\u00e7 bilgiler var. \u0130nsan o d\u00f6nemdeki sosyal ya\u015fama imreniyor. Simeon, kitab\u0131n 151. sayfas\u0131nda \u015f\u00f6yle diyor: \u201cPalu\u2019ya gitti\u011fimde K\u00fcrt\u00e7e ve Ermenice bilen bir S\u00fcryaniyi rehber olarak tuttum.\u201d Ne g\u00fczel bir c\u00fcmle. K\u00fcrt\u00e7e ve Ermenice bilen bir S\u00fcryani. Simeon\u2019un yazd\u0131\u011f\u0131na g\u00f6re sadece rehberler bilmiyor bir\u00e7ok dili. \u0130\u00e7i\u00e7e ya\u015famaktan kaynakl\u0131 olarak halk\u0131n \u00e7o\u011funlu\u011fu da en az iki dil biliyor.<\/p>\n<p style=\"text-align: justify\"><strong>D\u00f6nemin otopark\u0131 b\u00fcy\u00fck ah\u0131rlar <\/strong><\/p>\n<p style=\"text-align: justify\">Kitapta Ermenilerin nerede ne kadar n\u00fcfuslar\u0131 oldu\u011fu, ka\u00e7 kiliseleri bulundu\u011fu, kiliselerinin yap\u0131s\u0131n\u0131n nas\u0131l oldu\u011fu detaylar\u0131yla anlat\u0131l\u0131yor. Yine s\u00fcrg\u00fcne giden, sava\u015flardan ka\u00e7an ve mallar\u0131 zalim pa\u015falar taraf\u0131ndan ellerinden al\u0131nan Ermenilere ili\u015fkin de bilgiler bulunuyor. Bunun yan\u0131nda bir de sosyal ya\u015fama ili\u015fkin de ilgin\u00e7 detaylar var. Konumuz Diyarbak\u0131r oldu\u011fu i\u00e7in Diyarbak\u0131r\u2019dan \u00f6rnekler verelim. Simeon, \u015f\u00f6yle diyor:<\/p>\n<p style=\"text-align: justify\">\u201c\u015eehirde Hasanpa\u015fa han\u0131 vard\u0131r. Muazzam ta\u015f bir binad\u0131r. 500 beygiri bar\u0131nd\u0131rabilen yeralt\u0131nda iki b\u00fcy\u00fck ah\u0131r\u0131 vard\u0131r. \u00dc\u00e7 kat \u00fczerinde ta\u015ftan yap\u0131lma odalar\u0131 vard\u0131.\u201d \u0130nsan\u0131n g\u00fclesi geliyor ama \u00f6nemli bir bilgi. O d\u00f6nemin arabas\u0131 atlard\u0131. Atlar\u0131n da park\u0131 olmas\u0131 laz\u0131m. \u015eehir i\u00e7inde her yere park edemezsiniz. Demek ki d\u00f6nemin en b\u00fcy\u00fck parklar\u0131ndan biri Hasanpa\u015fa han\u0131ndaki ah\u0131rm\u0131\u015f.<\/p>\n<p style=\"text-align: justify\">Diyarbak\u0131r dini ve siyasi merkez Hep Diyarbak\u0131r\u2019\u0131n tarihten g\u00fcn\u00fcm\u00fcze siyasi bir merkez oldu\u011fu s\u00f6yleniyor. Simeon, bu konuda 1610\u2019nun Diyarbak\u0131r\u2019\u0131na ili\u015fkin \u015fu bilgileri s\u0131ral\u0131yor:<\/p>\n<p style=\"text-align: justify\">Kral ve patriklerin payitaht \u015fehri. Din ve irfan merkezi. Alim piskoposlar, vardapetler, usta hanendeler ve bir \u00e7ok okumu\u015f papazlar buradan \u00e7\u0131karlar. Buras\u0131 M\u0131s\u0131r gibi bir Beylerbeyilik merkezi; Meryem Ana adl\u0131 b\u00fcy\u00fck kiliseleri ile S\u00fcryani patrikli\u011fi ve Ermeni Temsilcili\u011fi makam\u0131d\u0131r. \u00c7ok usta kuyumcular, zerni\u015fanc\u0131lar, b\u0131\u00e7ak\u00e7\u0131lar, papu\u00e7\u00e7ular, \u00e7izmeciler ve di\u011fer zanaat ustalar\u0131 \u00e7al\u0131\u015f\u0131rlar. \u015eehirde piskoposluk dairesi ve okul binalar\u0131 ile birlikte Surp Kiragos ve Surp Sargis adlar\u0131n\u0131 ta\u015f\u0131yan iki b\u00fcy\u00fck ta\u015f Ermeni kilisesi vard\u0131r.\u201d<\/p>\n<p style=\"text-align: justify\"><a href=\"http:\/\/heval.info\/index.php?option=com_content&amp;task=view&amp;id=30&amp;Itemid=9\">http:\/\/heval.info\/index.php?option=com_content&amp;task=view&amp;id=30&amp;Itemid=9<\/a><\/p>\n","protected":false},"excerpt":{"rendered":"<p>Firaz Baran: Diyarbak\u0131r\u2019da bug\u00fcn Ermeni say\u0131s\u0131 parmakla bile g\u00f6sterilmiyor. Oysa bir zamanlar \u00f6yle miydi? Bu soruya 1610\u2019da Diyarbak\u0131r\u2019a giden Ermeni Simeon\u2019un Seyehatnamesi\u2019nde \u015fu yan\u0131t veriliyor: \u015eehirde bin hanelik bir Ermeni n\u00fcfusu vard\u0131. Darbhane, g\u00fcmr\u00fck, hanlar ve di\u011fer \u00f6nemli i\u015fler onlar\u0131n elindeydi. Ayr\u0131ca a\u015f\u00e7\u0131lar, kebap\u00e7\u0131lar, ekmek\u00e7iler, bakkallar ve kasaplar hep Ermeniydi. Pazar ve yortu g\u00fcnleri, Ermeniler [&hellip;]<\/p>\n","protected":false},"author":3,"featured_media":0,"comment_status":"closed","ping_status":"open","sticky":false,"template":"","format":"standard","meta":{"footnotes":""},"categories":[14],"tags":[],"class_list":["post-803","post","type-post","status-publish","format-standard","hentry","category-haberler"],"yoast_head":"<!-- This site is optimized with the Yoast SEO plugin v27.4 - https:\/\/yoast.com\/product\/yoast-seo-wordpress\/ -->\n<title>Diyarbak\u0131r Bir Zamanlar Ermeniydi - Bati Ermenistan Ve Bati Ermenileri Sorunlari Ara\u015ftirmalar Merkezi<\/title>\n<meta name=\"robots\" content=\"index, follow, max-snippet:-1, max-image-preview:large, max-video-preview:-1\" \/>\n<link rel=\"canonical\" href=\"https:\/\/akunq.net\/turkish\/2010\/05\/08\/diyarbakir-bir-zamanlar-ermeniydi\/\" \/>\n<meta property=\"og:locale\" content=\"en_US\" \/>\n<meta property=\"og:type\" content=\"article\" \/>\n<meta property=\"og:title\" content=\"Diyarbak\u0131r Bir Zamanlar Ermeniydi - Bati Ermenistan Ve Bati Ermenileri Sorunlari Ara\u015ftirmalar Merkezi\" \/>\n<meta property=\"og:description\" content=\"Firaz Baran: Diyarbak\u0131r\u2019da bug\u00fcn Ermeni say\u0131s\u0131 parmakla bile g\u00f6sterilmiyor. Oysa bir zamanlar \u00f6yle miydi? Bu soruya 1610\u2019da Diyarbak\u0131r\u2019a giden Ermeni Simeon\u2019un Seyehatnamesi\u2019nde \u015fu yan\u0131t veriliyor: \u015eehirde bin hanelik bir Ermeni n\u00fcfusu vard\u0131. Darbhane, g\u00fcmr\u00fck, hanlar ve di\u011fer \u00f6nemli i\u015fler onlar\u0131n elindeydi. Ayr\u0131ca a\u015f\u00e7\u0131lar, kebap\u00e7\u0131lar, ekmek\u00e7iler, bakkallar ve kasaplar hep Ermeniydi. Pazar ve yortu g\u00fcnleri, Ermeniler [&hellip;]\" \/>\n<meta property=\"og:url\" content=\"https:\/\/akunq.net\/turkish\/2010\/05\/08\/diyarbakir-bir-zamanlar-ermeniydi\/\" \/>\n<meta property=\"og:site_name\" content=\"Bati Ermenistan Ve Bati Ermenileri Sorunlari Ara\u015ftirmalar Merkezi\" \/>\n<meta property=\"article:published_time\" content=\"2010-05-08T10:39:20+00:00\" \/>\n<meta name=\"author\" content=\"kalem\" \/>\n<meta name=\"twitter:card\" content=\"summary_large_image\" \/>\n<meta name=\"twitter:label1\" content=\"Written by\" \/>\n\t<meta name=\"twitter:data1\" content=\"kalem\" \/>\n\t<meta name=\"twitter:label2\" content=\"Est. reading time\" \/>\n\t<meta name=\"twitter:data2\" content=\"4 minutes\" \/>\n<script type=\"application\/ld+json\" class=\"yoast-schema-graph\">{\"@context\":\"https:\\\/\\\/schema.org\",\"@graph\":[{\"@type\":\"Article\",\"@id\":\"https:\\\/\\\/akunq.net\\\/turkish\\\/2010\\\/05\\\/08\\\/diyarbakir-bir-zamanlar-ermeniydi\\\/#article\",\"isPartOf\":{\"@id\":\"https:\\\/\\\/akunq.net\\\/turkish\\\/2010\\\/05\\\/08\\\/diyarbakir-bir-zamanlar-ermeniydi\\\/\"},\"author\":{\"name\":\"kalem\",\"@id\":\"https:\\\/\\\/akunq.net\\\/turkish\\\/#\\\/schema\\\/person\\\/135e7923d1aeb8887890799619969a6c\"},\"headline\":\"Diyarbak\u0131r Bir Zamanlar Ermeniydi\",\"datePublished\":\"2010-05-08T10:39:20+00:00\",\"mainEntityOfPage\":{\"@id\":\"https:\\\/\\\/akunq.net\\\/turkish\\\/2010\\\/05\\\/08\\\/diyarbakir-bir-zamanlar-ermeniydi\\\/\"},\"wordCount\":742,\"articleSection\":[\"Haberler\"],\"inLanguage\":\"en-US\"},{\"@type\":\"WebPage\",\"@id\":\"https:\\\/\\\/akunq.net\\\/turkish\\\/2010\\\/05\\\/08\\\/diyarbakir-bir-zamanlar-ermeniydi\\\/\",\"url\":\"https:\\\/\\\/akunq.net\\\/turkish\\\/2010\\\/05\\\/08\\\/diyarbakir-bir-zamanlar-ermeniydi\\\/\",\"name\":\"Diyarbak\u0131r Bir Zamanlar Ermeniydi - Bati Ermenistan Ve Bati Ermenileri Sorunlari Ara\u015ftirmalar Merkezi\",\"isPartOf\":{\"@id\":\"https:\\\/\\\/akunq.net\\\/turkish\\\/#website\"},\"datePublished\":\"2010-05-08T10:39:20+00:00\",\"author\":{\"@id\":\"https:\\\/\\\/akunq.net\\\/turkish\\\/#\\\/schema\\\/person\\\/135e7923d1aeb8887890799619969a6c\"},\"breadcrumb\":{\"@id\":\"https:\\\/\\\/akunq.net\\\/turkish\\\/2010\\\/05\\\/08\\\/diyarbakir-bir-zamanlar-ermeniydi\\\/#breadcrumb\"},\"inLanguage\":\"en-US\",\"potentialAction\":[{\"@type\":\"ReadAction\",\"target\":[\"https:\\\/\\\/akunq.net\\\/turkish\\\/2010\\\/05\\\/08\\\/diyarbakir-bir-zamanlar-ermeniydi\\\/\"]}]},{\"@type\":\"BreadcrumbList\",\"@id\":\"https:\\\/\\\/akunq.net\\\/turkish\\\/2010\\\/05\\\/08\\\/diyarbakir-bir-zamanlar-ermeniydi\\\/#breadcrumb\",\"itemListElement\":[{\"@type\":\"ListItem\",\"position\":1,\"name\":\"Home\",\"item\":\"https:\\\/\\\/akunq.net\\\/turkish\\\/\"},{\"@type\":\"ListItem\",\"position\":2,\"name\":\"Diyarbak\u0131r Bir Zamanlar Ermeniydi\"}]},{\"@type\":\"WebSite\",\"@id\":\"https:\\\/\\\/akunq.net\\\/turkish\\\/#website\",\"url\":\"https:\\\/\\\/akunq.net\\\/turkish\\\/\",\"name\":\"Bati Ermenistan Ve Bati Ermenileri Sorunlari Ara\u015ftirmalar Merkezi\",\"description\":\"\",\"potentialAction\":[{\"@type\":\"SearchAction\",\"target\":{\"@type\":\"EntryPoint\",\"urlTemplate\":\"https:\\\/\\\/akunq.net\\\/turkish\\\/?s={search_term_string}\"},\"query-input\":{\"@type\":\"PropertyValueSpecification\",\"valueRequired\":true,\"valueName\":\"search_term_string\"}}],\"inLanguage\":\"en-US\"},{\"@type\":\"Person\",\"@id\":\"https:\\\/\\\/akunq.net\\\/turkish\\\/#\\\/schema\\\/person\\\/135e7923d1aeb8887890799619969a6c\",\"name\":\"kalem\",\"image\":{\"@type\":\"ImageObject\",\"inLanguage\":\"en-US\",\"@id\":\"https:\\\/\\\/secure.gravatar.com\\\/avatar\\\/a06875e4b25feb5674296adf8e8a7ae1e587cebce2493fe63c456109967e27d3?s=96&d=mm&r=g\",\"url\":\"https:\\\/\\\/secure.gravatar.com\\\/avatar\\\/a06875e4b25feb5674296adf8e8a7ae1e587cebce2493fe63c456109967e27d3?s=96&d=mm&r=g\",\"contentUrl\":\"https:\\\/\\\/secure.gravatar.com\\\/avatar\\\/a06875e4b25feb5674296adf8e8a7ae1e587cebce2493fe63c456109967e27d3?s=96&d=mm&r=g\",\"caption\":\"kalem\"},\"url\":\"https:\\\/\\\/akunq.net\\\/turkish\\\/author\\\/kalem\\\/\"}]}<\/script>\n<!-- \/ Yoast SEO plugin. -->","yoast_head_json":{"title":"Diyarbak\u0131r Bir Zamanlar Ermeniydi - Bati Ermenistan Ve Bati Ermenileri Sorunlari Ara\u015ftirmalar Merkezi","robots":{"index":"index","follow":"follow","max-snippet":"max-snippet:-1","max-image-preview":"max-image-preview:large","max-video-preview":"max-video-preview:-1"},"canonical":"https:\/\/akunq.net\/turkish\/2010\/05\/08\/diyarbakir-bir-zamanlar-ermeniydi\/","og_locale":"en_US","og_type":"article","og_title":"Diyarbak\u0131r Bir Zamanlar Ermeniydi - Bati Ermenistan Ve Bati Ermenileri Sorunlari Ara\u015ftirmalar Merkezi","og_description":"Firaz Baran: Diyarbak\u0131r\u2019da bug\u00fcn Ermeni say\u0131s\u0131 parmakla bile g\u00f6sterilmiyor. Oysa bir zamanlar \u00f6yle miydi? Bu soruya 1610\u2019da Diyarbak\u0131r\u2019a giden Ermeni Simeon\u2019un Seyehatnamesi\u2019nde \u015fu yan\u0131t veriliyor: \u015eehirde bin hanelik bir Ermeni n\u00fcfusu vard\u0131. Darbhane, g\u00fcmr\u00fck, hanlar ve di\u011fer \u00f6nemli i\u015fler onlar\u0131n elindeydi. Ayr\u0131ca a\u015f\u00e7\u0131lar, kebap\u00e7\u0131lar, ekmek\u00e7iler, bakkallar ve kasaplar hep Ermeniydi. Pazar ve yortu g\u00fcnleri, Ermeniler [&hellip;]","og_url":"https:\/\/akunq.net\/turkish\/2010\/05\/08\/diyarbakir-bir-zamanlar-ermeniydi\/","og_site_name":"Bati Ermenistan Ve Bati Ermenileri Sorunlari Ara\u015ftirmalar Merkezi","article_published_time":"2010-05-08T10:39:20+00:00","author":"kalem","twitter_card":"summary_large_image","twitter_misc":{"Written by":"kalem","Est. reading time":"4 minutes"},"schema":{"@context":"https:\/\/schema.org","@graph":[{"@type":"Article","@id":"https:\/\/akunq.net\/turkish\/2010\/05\/08\/diyarbakir-bir-zamanlar-ermeniydi\/#article","isPartOf":{"@id":"https:\/\/akunq.net\/turkish\/2010\/05\/08\/diyarbakir-bir-zamanlar-ermeniydi\/"},"author":{"name":"kalem","@id":"https:\/\/akunq.net\/turkish\/#\/schema\/person\/135e7923d1aeb8887890799619969a6c"},"headline":"Diyarbak\u0131r Bir Zamanlar Ermeniydi","datePublished":"2010-05-08T10:39:20+00:00","mainEntityOfPage":{"@id":"https:\/\/akunq.net\/turkish\/2010\/05\/08\/diyarbakir-bir-zamanlar-ermeniydi\/"},"wordCount":742,"articleSection":["Haberler"],"inLanguage":"en-US"},{"@type":"WebPage","@id":"https:\/\/akunq.net\/turkish\/2010\/05\/08\/diyarbakir-bir-zamanlar-ermeniydi\/","url":"https:\/\/akunq.net\/turkish\/2010\/05\/08\/diyarbakir-bir-zamanlar-ermeniydi\/","name":"Diyarbak\u0131r Bir Zamanlar Ermeniydi - Bati Ermenistan Ve Bati Ermenileri Sorunlari Ara\u015ftirmalar Merkezi","isPartOf":{"@id":"https:\/\/akunq.net\/turkish\/#website"},"datePublished":"2010-05-08T10:39:20+00:00","author":{"@id":"https:\/\/akunq.net\/turkish\/#\/schema\/person\/135e7923d1aeb8887890799619969a6c"},"breadcrumb":{"@id":"https:\/\/akunq.net\/turkish\/2010\/05\/08\/diyarbakir-bir-zamanlar-ermeniydi\/#breadcrumb"},"inLanguage":"en-US","potentialAction":[{"@type":"ReadAction","target":["https:\/\/akunq.net\/turkish\/2010\/05\/08\/diyarbakir-bir-zamanlar-ermeniydi\/"]}]},{"@type":"BreadcrumbList","@id":"https:\/\/akunq.net\/turkish\/2010\/05\/08\/diyarbakir-bir-zamanlar-ermeniydi\/#breadcrumb","itemListElement":[{"@type":"ListItem","position":1,"name":"Home","item":"https:\/\/akunq.net\/turkish\/"},{"@type":"ListItem","position":2,"name":"Diyarbak\u0131r Bir Zamanlar Ermeniydi"}]},{"@type":"WebSite","@id":"https:\/\/akunq.net\/turkish\/#website","url":"https:\/\/akunq.net\/turkish\/","name":"Bati Ermenistan Ve Bati Ermenileri Sorunlari Ara\u015ftirmalar Merkezi","description":"","potentialAction":[{"@type":"SearchAction","target":{"@type":"EntryPoint","urlTemplate":"https:\/\/akunq.net\/turkish\/?s={search_term_string}"},"query-input":{"@type":"PropertyValueSpecification","valueRequired":true,"valueName":"search_term_string"}}],"inLanguage":"en-US"},{"@type":"Person","@id":"https:\/\/akunq.net\/turkish\/#\/schema\/person\/135e7923d1aeb8887890799619969a6c","name":"kalem","image":{"@type":"ImageObject","inLanguage":"en-US","@id":"https:\/\/secure.gravatar.com\/avatar\/a06875e4b25feb5674296adf8e8a7ae1e587cebce2493fe63c456109967e27d3?s=96&d=mm&r=g","url":"https:\/\/secure.gravatar.com\/avatar\/a06875e4b25feb5674296adf8e8a7ae1e587cebce2493fe63c456109967e27d3?s=96&d=mm&r=g","contentUrl":"https:\/\/secure.gravatar.com\/avatar\/a06875e4b25feb5674296adf8e8a7ae1e587cebce2493fe63c456109967e27d3?s=96&d=mm&r=g","caption":"kalem"},"url":"https:\/\/akunq.net\/turkish\/author\/kalem\/"}]}},"_links":{"self":[{"href":"https:\/\/akunq.net\/turkish\/wp-json\/wp\/v2\/posts\/803","targetHints":{"allow":["GET"]}}],"collection":[{"href":"https:\/\/akunq.net\/turkish\/wp-json\/wp\/v2\/posts"}],"about":[{"href":"https:\/\/akunq.net\/turkish\/wp-json\/wp\/v2\/types\/post"}],"author":[{"embeddable":true,"href":"https:\/\/akunq.net\/turkish\/wp-json\/wp\/v2\/users\/3"}],"replies":[{"embeddable":true,"href":"https:\/\/akunq.net\/turkish\/wp-json\/wp\/v2\/comments?post=803"}],"version-history":[{"count":0,"href":"https:\/\/akunq.net\/turkish\/wp-json\/wp\/v2\/posts\/803\/revisions"}],"wp:attachment":[{"href":"https:\/\/akunq.net\/turkish\/wp-json\/wp\/v2\/media?parent=803"}],"wp:term":[{"taxonomy":"category","embeddable":true,"href":"https:\/\/akunq.net\/turkish\/wp-json\/wp\/v2\/categories?post=803"},{"taxonomy":"post_tag","embeddable":true,"href":"https:\/\/akunq.net\/turkish\/wp-json\/wp\/v2\/tags?post=803"}],"curies":[{"name":"wp","href":"https:\/\/api.w.org\/{rel}","templated":true}]}}