{"id":780,"date":"2010-05-06T04:04:42","date_gmt":"2010-05-06T09:04:42","guid":{"rendered":"http:\/\/akunq.net\/tr\/?p=780"},"modified":"2010-05-06T04:04:42","modified_gmt":"2010-05-06T09:04:42","slug":"tarihi-kigi-kalesini-hidroelekritik-baraji-icin-dinamitle-patlatiyorlar","status":"publish","type":"post","link":"https:\/\/akunq.net\/turkish\/2010\/05\/06\/tarihi-kigi-kalesini-hidroelekritik-baraji-icin-dinamitle-patlatiyorlar\/","title":{"rendered":"Tarih\u00ee Ki\u011f\u0131 Kalesi&#8217;ni hidroelekritik baraj\u0131 i\u00e7in dinamitle patlat\u0131yorlar"},"content":{"rendered":"<p style=\"text-align: justify\"><strong><em>\u00a0<\/em><\/strong><strong>Bing\u00f6l\u2019\u00fcn tarih\u00ee Ki\u011f\u0131 Kalesi, dinamitlerle patlat\u0131l\u0131yor. Kalenin kayal\u0131k zemininden s\u00f6k\u00fclen ta\u015flarla, baraj in\u015faat\u0131 yap\u0131l\u0131yor.<\/strong><\/p>\n<p style=\"text-align: justify\">Bing\u00f6l\u2019de s\u00fcren baraj \u00e7al\u0131\u015fmalar\u0131 do\u011fa ve tarih katliam\u0131na d\u00f6n\u00fc\u015ft\u00fc. Peri Nehri\u2019nin \u00fczerinde in\u015fa edilen barajlarla ba\u015flayan tahribat, tarih\u00ee Ki\u011f\u0131 Kalesi\u2019nin ta\u015flar\u0131n\u0131n s\u00f6k\u00fclmesiyle devam etti. Kalenin kuruldu\u011fu kayal\u0131k dinamitle patlat\u0131larak, dokuz y\u0131l \u00f6nce yap\u0131m\u0131na ba\u015flanan Ki\u011f\u0131 Hidro Elektrik Santrali Baraj\u0131\u2019n\u0131n in\u015faat\u0131na ta\u015f\u0131n\u0131yor. \u0130l\u00e7e halk\u0131n\u0131n y\u0131k\u0131ma kar\u015f\u0131 \u00e7\u0131kmas\u0131 ise sonu\u00e7suz kal\u0131yor. Ki\u011f\u0131 Gen\u00e7lik Derne\u011fi, kalenin y\u0131k\u0131lmas\u0131na kar\u015f\u0131 imza kampanyas\u0131 ba\u015flatarak, y\u0131k\u0131m\u0131 engellemek istiyor. Sivil toplum kurulu\u015flar\u0131 ve Ki\u011f\u0131 halk\u0131n\u0131n m\u00fccadelesi s\u00fcrerken, kalenin y\u0131k\u0131m\u0131 da devam ediyor.<\/p>\n<p style=\"text-align: justify\"><strong>\u00a0Y\u0131k\u0131m\u0131 g\u00f6rmek yasak<\/strong><\/p>\n<p style=\"text-align: justify\">Asker\u00ee g\u00fcvenlik b\u00f6lgesi s\u0131n\u0131rlar\u0131 i\u00e7erisinde bulunan Ki\u011f\u0131 Kalesi\u2019ne, bir tek baraj i\u015fini yapan firma personeli yakla\u015fabiliyor. Kaleyi g\u00f6rmek isteyen ki\u015filer, askerlerden izin almak zorunda kal\u0131yor. Y\u0131k\u0131m\u0131 devam eden kaleden g\u00f6r\u00fcnt\u00fc al\u0131nmas\u0131, g\u00fcvenlik gerek\u00e7e g\u00f6sterilerek hem asker hem de firman\u0131n g\u00fcvenlik g\u00f6revlilerince engelleniyor.<\/p>\n<p style=\"text-align: justify\"><strong>\u00a0Kale Urartular d\u00f6neminden<\/strong><\/p>\n<p style=\"text-align: justify\">Ki\u011f\u0131 \u0130l\u00e7esi\u2019nin tarihi, M.\u00d6. 3000 y\u0131llar\u0131na kadar uzan\u0131yor. Hititler, Urartular ve Persler\u2019in ard\u0131ndan, Makedonya, Roma, Sasani ve Bizansl\u0131lar da Ki\u011f\u0131\u2019da egemenlik s\u00fcrm\u00fc\u015f. \u00c7e\u015fitli k\u00fclt\u00fcrlere be\u015fiklik eden Ki\u011f\u0131\u2019da tarihi yap\u0131lar, yap\u0131lan tahribatlara ra\u011fmen h\u00e2l\u00e2 varl\u0131\u011f\u0131n\u0131 koruyor. Bu kal\u0131nt\u0131lardan biri olan Ki\u011f\u0131 Kalesi, il\u00e7e merkezinin g\u00fcneydo\u011fu k\u0131sm\u0131nda yer al\u0131yor. Etraf\u0131 sarp kayal\u0131klarla kapl\u0131 olan ve yama\u00e7lar\u0131 Peri Nehri\u2019ne bakan kalenin i\u00e7inde, eski yerle\u015fim yeri harabeleri bulunuyor. Tarih\u00ee kalenin, Urartular taraf\u0131ndan yap\u0131ld\u0131\u011f\u0131 tahmin ediliyor.<\/p>\n<p style=\"text-align: justify\"><strong>\u00a0Ermeniler ya\u015f\u0131yordu<\/strong><\/p>\n<p style=\"text-align: justify\">Ki\u011f\u0131, 1915 Ermeni tehcirinden \u00f6nce, Ermenilerin yo\u011fun olarak ya\u015fad\u0131\u011f\u0131 \u00f6nemli bir yerle\u015fim yeriydi. I.D\u00fcnya Sava\u015f\u0131 \u00f6ncesi Ki\u011f\u0131\u2019da, 51 k\u00f6ye da\u011f\u0131lm\u0131\u015f 19 bin 859 Ermeni (3.028 hane) ya\u015f\u0131yordu. B\u00f6lgede Ermenilere ait 45 kilise ve be\u015f manast\u0131r vard\u0131. Ki\u011f\u0131 merkezde ise 2 bin 116 Ermeni (396 hane) ya\u015f\u0131yordu. B\u00f6lge genelinde, farkl\u0131 k\u00fclt\u00fcrlerin kal\u0131nt\u0131lar\u0131n oldu\u011fu il\u00e7ede, \u015fu an bir\u00e7ok tarih\u00ee yer tahrip edilerek yok olmu\u015f. Uzun y\u0131llar dayanan kal\u0131nt\u0131lar ise, bak\u0131ms\u0131zl\u0131ktan yok olma tehdidi alt\u0131nda.<\/p>\n<p style=\"text-align: justify\">REMZ\u0130 BUDANC\u0130R\/B\u0130NG\u00d6L <strong>&#8211; Taraf <\/strong><em>&#8211; Istanbul &#8211; <\/em>02.05.2010<strong><em><\/em><\/strong><\/p>\n","protected":false},"excerpt":{"rendered":"<p>\u00a0Bing\u00f6l\u2019\u00fcn tarih\u00ee Ki\u011f\u0131 Kalesi, dinamitlerle patlat\u0131l\u0131yor. Kalenin kayal\u0131k zemininden s\u00f6k\u00fclen ta\u015flarla, baraj in\u015faat\u0131 yap\u0131l\u0131yor. Bing\u00f6l\u2019de s\u00fcren baraj \u00e7al\u0131\u015fmalar\u0131 do\u011fa ve tarih katliam\u0131na d\u00f6n\u00fc\u015ft\u00fc. Peri Nehri\u2019nin \u00fczerinde in\u015fa edilen barajlarla ba\u015flayan tahribat, tarih\u00ee Ki\u011f\u0131 Kalesi\u2019nin ta\u015flar\u0131n\u0131n s\u00f6k\u00fclmesiyle devam etti. Kalenin kuruldu\u011fu kayal\u0131k dinamitle patlat\u0131larak, dokuz y\u0131l \u00f6nce yap\u0131m\u0131na ba\u015flanan Ki\u011f\u0131 Hidro Elektrik Santrali Baraj\u0131\u2019n\u0131n in\u015faat\u0131na ta\u015f\u0131n\u0131yor. [&hellip;]<\/p>\n","protected":false},"author":3,"featured_media":0,"comment_status":"closed","ping_status":"open","sticky":false,"template":"","format":"standard","meta":{"footnotes":""},"categories":[14],"tags":[],"class_list":["post-780","post","type-post","status-publish","format-standard","hentry","category-haberler"],"yoast_head":"<!-- This site is optimized with the Yoast SEO plugin v27.4 - https:\/\/yoast.com\/product\/yoast-seo-wordpress\/ -->\n<title>Tarih\u00ee Ki\u011f\u0131 Kalesi&#039;ni hidroelekritik baraj\u0131 i\u00e7in dinamitle patlat\u0131yorlar - Bati Ermenistan Ve Bati Ermenileri Sorunlari Ara\u015ftirmalar Merkezi<\/title>\n<meta name=\"robots\" content=\"index, follow, max-snippet:-1, max-image-preview:large, max-video-preview:-1\" \/>\n<link rel=\"canonical\" href=\"https:\/\/akunq.net\/turkish\/2010\/05\/06\/tarihi-kigi-kalesini-hidroelekritik-baraji-icin-dinamitle-patlatiyorlar\/\" \/>\n<meta property=\"og:locale\" content=\"en_US\" \/>\n<meta property=\"og:type\" content=\"article\" \/>\n<meta property=\"og:title\" content=\"Tarih\u00ee Ki\u011f\u0131 Kalesi&#039;ni hidroelekritik baraj\u0131 i\u00e7in dinamitle patlat\u0131yorlar - Bati Ermenistan Ve Bati Ermenileri Sorunlari Ara\u015ftirmalar Merkezi\" \/>\n<meta property=\"og:description\" content=\"\u00a0Bing\u00f6l\u2019\u00fcn tarih\u00ee Ki\u011f\u0131 Kalesi, dinamitlerle patlat\u0131l\u0131yor. Kalenin kayal\u0131k zemininden s\u00f6k\u00fclen ta\u015flarla, baraj in\u015faat\u0131 yap\u0131l\u0131yor. Bing\u00f6l\u2019de s\u00fcren baraj \u00e7al\u0131\u015fmalar\u0131 do\u011fa ve tarih katliam\u0131na d\u00f6n\u00fc\u015ft\u00fc. Peri Nehri\u2019nin \u00fczerinde in\u015fa edilen barajlarla ba\u015flayan tahribat, tarih\u00ee Ki\u011f\u0131 Kalesi\u2019nin ta\u015flar\u0131n\u0131n s\u00f6k\u00fclmesiyle devam etti. Kalenin kuruldu\u011fu kayal\u0131k dinamitle patlat\u0131larak, dokuz y\u0131l \u00f6nce yap\u0131m\u0131na ba\u015flanan Ki\u011f\u0131 Hidro Elektrik Santrali Baraj\u0131\u2019n\u0131n in\u015faat\u0131na ta\u015f\u0131n\u0131yor. [&hellip;]\" \/>\n<meta property=\"og:url\" content=\"https:\/\/akunq.net\/turkish\/2010\/05\/06\/tarihi-kigi-kalesini-hidroelekritik-baraji-icin-dinamitle-patlatiyorlar\/\" \/>\n<meta property=\"og:site_name\" content=\"Bati Ermenistan Ve Bati Ermenileri Sorunlari Ara\u015ftirmalar Merkezi\" \/>\n<meta property=\"article:published_time\" content=\"2010-05-06T09:04:42+00:00\" \/>\n<meta name=\"author\" content=\"kalem\" \/>\n<meta name=\"twitter:card\" content=\"summary_large_image\" \/>\n<meta name=\"twitter:label1\" content=\"Written by\" \/>\n\t<meta name=\"twitter:data1\" content=\"kalem\" \/>\n\t<meta name=\"twitter:label2\" content=\"Est. reading time\" \/>\n\t<meta name=\"twitter:data2\" content=\"2 minutes\" \/>\n<script type=\"application\/ld+json\" class=\"yoast-schema-graph\">{\"@context\":\"https:\\\/\\\/schema.org\",\"@graph\":[{\"@type\":\"Article\",\"@id\":\"https:\\\/\\\/akunq.net\\\/turkish\\\/2010\\\/05\\\/06\\\/tarihi-kigi-kalesini-hidroelekritik-baraji-icin-dinamitle-patlatiyorlar\\\/#article\",\"isPartOf\":{\"@id\":\"https:\\\/\\\/akunq.net\\\/turkish\\\/2010\\\/05\\\/06\\\/tarihi-kigi-kalesini-hidroelekritik-baraji-icin-dinamitle-patlatiyorlar\\\/\"},\"author\":{\"name\":\"kalem\",\"@id\":\"https:\\\/\\\/akunq.net\\\/turkish\\\/#\\\/schema\\\/person\\\/135e7923d1aeb8887890799619969a6c\"},\"headline\":\"Tarih\u00ee Ki\u011f\u0131 Kalesi&#8217;ni hidroelekritik baraj\u0131 i\u00e7in dinamitle patlat\u0131yorlar\",\"datePublished\":\"2010-05-06T09:04:42+00:00\",\"mainEntityOfPage\":{\"@id\":\"https:\\\/\\\/akunq.net\\\/turkish\\\/2010\\\/05\\\/06\\\/tarihi-kigi-kalesini-hidroelekritik-baraji-icin-dinamitle-patlatiyorlar\\\/\"},\"wordCount\":445,\"articleSection\":[\"Haberler\"],\"inLanguage\":\"en-US\"},{\"@type\":\"WebPage\",\"@id\":\"https:\\\/\\\/akunq.net\\\/turkish\\\/2010\\\/05\\\/06\\\/tarihi-kigi-kalesini-hidroelekritik-baraji-icin-dinamitle-patlatiyorlar\\\/\",\"url\":\"https:\\\/\\\/akunq.net\\\/turkish\\\/2010\\\/05\\\/06\\\/tarihi-kigi-kalesini-hidroelekritik-baraji-icin-dinamitle-patlatiyorlar\\\/\",\"name\":\"Tarih\u00ee Ki\u011f\u0131 Kalesi'ni hidroelekritik baraj\u0131 i\u00e7in dinamitle patlat\u0131yorlar - Bati Ermenistan Ve Bati Ermenileri Sorunlari Ara\u015ftirmalar Merkezi\",\"isPartOf\":{\"@id\":\"https:\\\/\\\/akunq.net\\\/turkish\\\/#website\"},\"datePublished\":\"2010-05-06T09:04:42+00:00\",\"author\":{\"@id\":\"https:\\\/\\\/akunq.net\\\/turkish\\\/#\\\/schema\\\/person\\\/135e7923d1aeb8887890799619969a6c\"},\"breadcrumb\":{\"@id\":\"https:\\\/\\\/akunq.net\\\/turkish\\\/2010\\\/05\\\/06\\\/tarihi-kigi-kalesini-hidroelekritik-baraji-icin-dinamitle-patlatiyorlar\\\/#breadcrumb\"},\"inLanguage\":\"en-US\",\"potentialAction\":[{\"@type\":\"ReadAction\",\"target\":[\"https:\\\/\\\/akunq.net\\\/turkish\\\/2010\\\/05\\\/06\\\/tarihi-kigi-kalesini-hidroelekritik-baraji-icin-dinamitle-patlatiyorlar\\\/\"]}]},{\"@type\":\"BreadcrumbList\",\"@id\":\"https:\\\/\\\/akunq.net\\\/turkish\\\/2010\\\/05\\\/06\\\/tarihi-kigi-kalesini-hidroelekritik-baraji-icin-dinamitle-patlatiyorlar\\\/#breadcrumb\",\"itemListElement\":[{\"@type\":\"ListItem\",\"position\":1,\"name\":\"Home\",\"item\":\"https:\\\/\\\/akunq.net\\\/turkish\\\/\"},{\"@type\":\"ListItem\",\"position\":2,\"name\":\"Tarih\u00ee Ki\u011f\u0131 Kalesi&#8217;ni hidroelekritik baraj\u0131 i\u00e7in dinamitle patlat\u0131yorlar\"}]},{\"@type\":\"WebSite\",\"@id\":\"https:\\\/\\\/akunq.net\\\/turkish\\\/#website\",\"url\":\"https:\\\/\\\/akunq.net\\\/turkish\\\/\",\"name\":\"Bati Ermenistan Ve Bati Ermenileri Sorunlari Ara\u015ftirmalar Merkezi\",\"description\":\"\",\"potentialAction\":[{\"@type\":\"SearchAction\",\"target\":{\"@type\":\"EntryPoint\",\"urlTemplate\":\"https:\\\/\\\/akunq.net\\\/turkish\\\/?s={search_term_string}\"},\"query-input\":{\"@type\":\"PropertyValueSpecification\",\"valueRequired\":true,\"valueName\":\"search_term_string\"}}],\"inLanguage\":\"en-US\"},{\"@type\":\"Person\",\"@id\":\"https:\\\/\\\/akunq.net\\\/turkish\\\/#\\\/schema\\\/person\\\/135e7923d1aeb8887890799619969a6c\",\"name\":\"kalem\",\"image\":{\"@type\":\"ImageObject\",\"inLanguage\":\"en-US\",\"@id\":\"https:\\\/\\\/secure.gravatar.com\\\/avatar\\\/a06875e4b25feb5674296adf8e8a7ae1e587cebce2493fe63c456109967e27d3?s=96&d=mm&r=g\",\"url\":\"https:\\\/\\\/secure.gravatar.com\\\/avatar\\\/a06875e4b25feb5674296adf8e8a7ae1e587cebce2493fe63c456109967e27d3?s=96&d=mm&r=g\",\"contentUrl\":\"https:\\\/\\\/secure.gravatar.com\\\/avatar\\\/a06875e4b25feb5674296adf8e8a7ae1e587cebce2493fe63c456109967e27d3?s=96&d=mm&r=g\",\"caption\":\"kalem\"},\"url\":\"https:\\\/\\\/akunq.net\\\/turkish\\\/author\\\/kalem\\\/\"}]}<\/script>\n<!-- \/ Yoast SEO plugin. -->","yoast_head_json":{"title":"Tarih\u00ee Ki\u011f\u0131 Kalesi'ni hidroelekritik baraj\u0131 i\u00e7in dinamitle patlat\u0131yorlar - Bati Ermenistan Ve Bati Ermenileri Sorunlari Ara\u015ftirmalar Merkezi","robots":{"index":"index","follow":"follow","max-snippet":"max-snippet:-1","max-image-preview":"max-image-preview:large","max-video-preview":"max-video-preview:-1"},"canonical":"https:\/\/akunq.net\/turkish\/2010\/05\/06\/tarihi-kigi-kalesini-hidroelekritik-baraji-icin-dinamitle-patlatiyorlar\/","og_locale":"en_US","og_type":"article","og_title":"Tarih\u00ee Ki\u011f\u0131 Kalesi'ni hidroelekritik baraj\u0131 i\u00e7in dinamitle patlat\u0131yorlar - Bati Ermenistan Ve Bati Ermenileri Sorunlari Ara\u015ftirmalar Merkezi","og_description":"\u00a0Bing\u00f6l\u2019\u00fcn tarih\u00ee Ki\u011f\u0131 Kalesi, dinamitlerle patlat\u0131l\u0131yor. Kalenin kayal\u0131k zemininden s\u00f6k\u00fclen ta\u015flarla, baraj in\u015faat\u0131 yap\u0131l\u0131yor. Bing\u00f6l\u2019de s\u00fcren baraj \u00e7al\u0131\u015fmalar\u0131 do\u011fa ve tarih katliam\u0131na d\u00f6n\u00fc\u015ft\u00fc. Peri Nehri\u2019nin \u00fczerinde in\u015fa edilen barajlarla ba\u015flayan tahribat, tarih\u00ee Ki\u011f\u0131 Kalesi\u2019nin ta\u015flar\u0131n\u0131n s\u00f6k\u00fclmesiyle devam etti. Kalenin kuruldu\u011fu kayal\u0131k dinamitle patlat\u0131larak, dokuz y\u0131l \u00f6nce yap\u0131m\u0131na ba\u015flanan Ki\u011f\u0131 Hidro Elektrik Santrali Baraj\u0131\u2019n\u0131n in\u015faat\u0131na ta\u015f\u0131n\u0131yor. [&hellip;]","og_url":"https:\/\/akunq.net\/turkish\/2010\/05\/06\/tarihi-kigi-kalesini-hidroelekritik-baraji-icin-dinamitle-patlatiyorlar\/","og_site_name":"Bati Ermenistan Ve Bati Ermenileri Sorunlari Ara\u015ftirmalar Merkezi","article_published_time":"2010-05-06T09:04:42+00:00","author":"kalem","twitter_card":"summary_large_image","twitter_misc":{"Written by":"kalem","Est. reading time":"2 minutes"},"schema":{"@context":"https:\/\/schema.org","@graph":[{"@type":"Article","@id":"https:\/\/akunq.net\/turkish\/2010\/05\/06\/tarihi-kigi-kalesini-hidroelekritik-baraji-icin-dinamitle-patlatiyorlar\/#article","isPartOf":{"@id":"https:\/\/akunq.net\/turkish\/2010\/05\/06\/tarihi-kigi-kalesini-hidroelekritik-baraji-icin-dinamitle-patlatiyorlar\/"},"author":{"name":"kalem","@id":"https:\/\/akunq.net\/turkish\/#\/schema\/person\/135e7923d1aeb8887890799619969a6c"},"headline":"Tarih\u00ee Ki\u011f\u0131 Kalesi&#8217;ni hidroelekritik baraj\u0131 i\u00e7in dinamitle patlat\u0131yorlar","datePublished":"2010-05-06T09:04:42+00:00","mainEntityOfPage":{"@id":"https:\/\/akunq.net\/turkish\/2010\/05\/06\/tarihi-kigi-kalesini-hidroelekritik-baraji-icin-dinamitle-patlatiyorlar\/"},"wordCount":445,"articleSection":["Haberler"],"inLanguage":"en-US"},{"@type":"WebPage","@id":"https:\/\/akunq.net\/turkish\/2010\/05\/06\/tarihi-kigi-kalesini-hidroelekritik-baraji-icin-dinamitle-patlatiyorlar\/","url":"https:\/\/akunq.net\/turkish\/2010\/05\/06\/tarihi-kigi-kalesini-hidroelekritik-baraji-icin-dinamitle-patlatiyorlar\/","name":"Tarih\u00ee Ki\u011f\u0131 Kalesi'ni hidroelekritik baraj\u0131 i\u00e7in dinamitle patlat\u0131yorlar - Bati Ermenistan Ve Bati Ermenileri Sorunlari Ara\u015ftirmalar Merkezi","isPartOf":{"@id":"https:\/\/akunq.net\/turkish\/#website"},"datePublished":"2010-05-06T09:04:42+00:00","author":{"@id":"https:\/\/akunq.net\/turkish\/#\/schema\/person\/135e7923d1aeb8887890799619969a6c"},"breadcrumb":{"@id":"https:\/\/akunq.net\/turkish\/2010\/05\/06\/tarihi-kigi-kalesini-hidroelekritik-baraji-icin-dinamitle-patlatiyorlar\/#breadcrumb"},"inLanguage":"en-US","potentialAction":[{"@type":"ReadAction","target":["https:\/\/akunq.net\/turkish\/2010\/05\/06\/tarihi-kigi-kalesini-hidroelekritik-baraji-icin-dinamitle-patlatiyorlar\/"]}]},{"@type":"BreadcrumbList","@id":"https:\/\/akunq.net\/turkish\/2010\/05\/06\/tarihi-kigi-kalesini-hidroelekritik-baraji-icin-dinamitle-patlatiyorlar\/#breadcrumb","itemListElement":[{"@type":"ListItem","position":1,"name":"Home","item":"https:\/\/akunq.net\/turkish\/"},{"@type":"ListItem","position":2,"name":"Tarih\u00ee Ki\u011f\u0131 Kalesi&#8217;ni hidroelekritik baraj\u0131 i\u00e7in dinamitle patlat\u0131yorlar"}]},{"@type":"WebSite","@id":"https:\/\/akunq.net\/turkish\/#website","url":"https:\/\/akunq.net\/turkish\/","name":"Bati Ermenistan Ve Bati Ermenileri Sorunlari Ara\u015ftirmalar Merkezi","description":"","potentialAction":[{"@type":"SearchAction","target":{"@type":"EntryPoint","urlTemplate":"https:\/\/akunq.net\/turkish\/?s={search_term_string}"},"query-input":{"@type":"PropertyValueSpecification","valueRequired":true,"valueName":"search_term_string"}}],"inLanguage":"en-US"},{"@type":"Person","@id":"https:\/\/akunq.net\/turkish\/#\/schema\/person\/135e7923d1aeb8887890799619969a6c","name":"kalem","image":{"@type":"ImageObject","inLanguage":"en-US","@id":"https:\/\/secure.gravatar.com\/avatar\/a06875e4b25feb5674296adf8e8a7ae1e587cebce2493fe63c456109967e27d3?s=96&d=mm&r=g","url":"https:\/\/secure.gravatar.com\/avatar\/a06875e4b25feb5674296adf8e8a7ae1e587cebce2493fe63c456109967e27d3?s=96&d=mm&r=g","contentUrl":"https:\/\/secure.gravatar.com\/avatar\/a06875e4b25feb5674296adf8e8a7ae1e587cebce2493fe63c456109967e27d3?s=96&d=mm&r=g","caption":"kalem"},"url":"https:\/\/akunq.net\/turkish\/author\/kalem\/"}]}},"_links":{"self":[{"href":"https:\/\/akunq.net\/turkish\/wp-json\/wp\/v2\/posts\/780","targetHints":{"allow":["GET"]}}],"collection":[{"href":"https:\/\/akunq.net\/turkish\/wp-json\/wp\/v2\/posts"}],"about":[{"href":"https:\/\/akunq.net\/turkish\/wp-json\/wp\/v2\/types\/post"}],"author":[{"embeddable":true,"href":"https:\/\/akunq.net\/turkish\/wp-json\/wp\/v2\/users\/3"}],"replies":[{"embeddable":true,"href":"https:\/\/akunq.net\/turkish\/wp-json\/wp\/v2\/comments?post=780"}],"version-history":[{"count":0,"href":"https:\/\/akunq.net\/turkish\/wp-json\/wp\/v2\/posts\/780\/revisions"}],"wp:attachment":[{"href":"https:\/\/akunq.net\/turkish\/wp-json\/wp\/v2\/media?parent=780"}],"wp:term":[{"taxonomy":"category","embeddable":true,"href":"https:\/\/akunq.net\/turkish\/wp-json\/wp\/v2\/categories?post=780"},{"taxonomy":"post_tag","embeddable":true,"href":"https:\/\/akunq.net\/turkish\/wp-json\/wp\/v2\/tags?post=780"}],"curies":[{"name":"wp","href":"https:\/\/api.w.org\/{rel}","templated":true}]}}