{"id":774,"date":"2010-05-06T00:25:25","date_gmt":"2010-05-06T05:25:25","guid":{"rendered":"http:\/\/akunq.net\/tr\/?p=774"},"modified":"2010-05-06T00:25:25","modified_gmt":"2010-05-06T05:25:25","slug":"akdamardaki-ayin-dunyaya-ornek-olacak","status":"publish","type":"post","link":"https:\/\/akunq.net\/turkish\/2010\/05\/06\/akdamardaki-ayin-dunyaya-ornek-olacak\/","title":{"rendered":"Akdamar\u2019daki ayin d\u00fcnyaya \u00f6rnek olacak"},"content":{"rendered":"<p style=\"text-align: justify\"><em>T\u00fcrkiye Ermenileri Patrikli\u011fi Ruhani Kurul Ba\u015fkan\u0131 Ate\u015fyan, 12 Eyl\u00fcl\u2019de Van\u2019\u0131n Akdamar Adas\u0131\u2019ndaki Surp Ha\u00e7 Kilisesi\u2019nde d\u00fczenlenecek ayin i\u00e7in konuk say\u0131s\u0131nda s\u0131n\u0131rlama olmayaca\u011f\u0131n\u0131 m\u00fcjdeleyip ekledi: D\u00fcnyaya \u00f6rnek olacak bir ayin ve \u015fenlik d\u00fczenleyece\u011fiz. <\/em><\/p>\n<p style=\"text-align: justify\">PATR\u0130K Mesrob II\u2019nin rahats\u0131zl\u0131\u011f\u0131ndan sonra cemaatin en yetkili ki\u015fisi olan T\u00fcrkiye Ermenileri Ruhani Meclis Ba\u015fkan\u0131 Aram Ate\u015fyan, Van\u2019\u0131n Akdamar Adas\u0131\u2019ndaki Surp Ha\u00e7 Kilisesi\u2019nde 12 Eyl\u00fcl\u2019de d\u00fczenleyecekleri \u00e2yin i\u00e7in herhangi bir s\u0131n\u0131rlama getirilmedi\u011fini, tam tersine, kendilerine her t\u00fcrl\u00fc deste\u011fin verilece\u011fini s\u00f6yledi. K\u00fclt\u00fcr Bakanl\u0131\u011f\u0131 ile Van Valilili\u011fi\u2019nin Ermeni d\u00fcnyas\u0131 i\u00e7in b\u00fcy\u00fck \u00f6nem ta\u015f\u0131yan \u00e2yinin bu \u00f6neme uygun bi\u00e7imde yap\u0131lmas\u0131 i\u00e7in seferber oldu\u011funu s\u00f6yleyen Ate\u015fyan, \u201cBizim endi\u015femiz Surp Ha\u00e7\u2019taki \u00e2yinin s\u00fcresi veya kat\u0131l\u0131mc\u0131lar\u0131n say\u0131s\u0131na ili\u015fkin herhangi bir k\u0131s\u0131tlama veya s\u0131n\u0131rlama getirilmesiydi. B\u00f6yle bir durumda \u00e2yini yapmayaca\u011f\u0131m\u0131 beyan etmi\u015ftim. Ancak endi\u015felerim yersiz \u00e7\u0131kt\u0131\u201d dedi. Ate\u015fyan \u015f\u00f6yle devam etti: \u201cBuras\u0131 d\u00fcnya Ermenileri i\u00e7in son derece \u00f6nemli bir yer. \u00c2yine b\u00fct\u00fcn d\u00fcnyadan binlerce ki\u015fi gelecek. Daha \u015fimdiden Van\u2019daki otellerde yer kalmad\u0131. Bu insanlar oraya turistik gezi i\u00e7in de\u011fil, \u00e2yin i\u00e7in geliyorlar. 12 Eyl\u00fcl\u2019\u00fc yani Kutsal Ha\u00e7 Yortusu\u2019nu tam bir \u015fenlik halinde kutlamak istiyoruz. Erivan, Kud\u00fcs ve Beyrut ba\u015fta olmak \u00fczere d\u00fcnyan\u0131n d\u00f6rt bir taraf\u0131ndan temsilciler davet edece\u011fiz.\u201d<\/p>\n<p style=\"text-align: justify\">Ate\u015fyan, kiliseye Surp Ha\u00e7 isminin yaz\u0131lmas\u0131 ve T\u00fcrkiye Ermenileri Patri\u011fi Mesrob II\u2019nin arma\u011fan etti\u011fi ha\u00e7\u0131n konulmas\u0131 konusunda ise hen\u00fcz herhangi bir geli\u015fme ya\u015fanmad\u0131\u011f\u0131n\u0131 hat\u0131rlatarak, \u201cHalbuki bu bizim en do\u011fal hakk\u0131m\u0131z. Patri\u011fimizin g\u00f6nderdi\u011fi ha\u00e7 m\u00fczede bekletiliyor. Kilisenin ad\u0131 yokmu\u015f gibi Akdamar Kilisesi deniliyor. Biz hem kilisemizin isminin yaz\u0131lmas\u0131n\u0131, hem de ha\u00e7\u0131n konulmas\u0131n\u0131 istiyoruz. Umuyorum ki, \u00e2yin g\u00fcn\u00fcne kadar bu sorun da \u00e7\u00f6z\u00fcmlenir. D\u00fcnya medyas\u0131 12 Eyl\u00fcl\u2019de orada olacakt\u0131r. Bu d\u00fcnya kamuoyu i\u00e7in b\u00fcy\u00fck bir jest olur\u201d dedi.<\/p>\n<p style=\"text-align: justify\"><strong>Sefa \u00a0KAPLAN<\/strong> \u00a0hurriyet.com.tr\u00a0\u00a0 04.05.2010<\/p>\n","protected":false},"excerpt":{"rendered":"<p>T\u00fcrkiye Ermenileri Patrikli\u011fi Ruhani Kurul Ba\u015fkan\u0131 Ate\u015fyan, 12 Eyl\u00fcl\u2019de Van\u2019\u0131n Akdamar Adas\u0131\u2019ndaki Surp Ha\u00e7 Kilisesi\u2019nde d\u00fczenlenecek ayin i\u00e7in konuk say\u0131s\u0131nda s\u0131n\u0131rlama olmayaca\u011f\u0131n\u0131 m\u00fcjdeleyip ekledi: D\u00fcnyaya \u00f6rnek olacak bir ayin ve \u015fenlik d\u00fczenleyece\u011fiz. PATR\u0130K Mesrob II\u2019nin rahats\u0131zl\u0131\u011f\u0131ndan sonra cemaatin en yetkili ki\u015fisi olan T\u00fcrkiye Ermenileri Ruhani Meclis Ba\u015fkan\u0131 Aram Ate\u015fyan, Van\u2019\u0131n Akdamar Adas\u0131\u2019ndaki Surp Ha\u00e7 Kilisesi\u2019nde [&hellip;]<\/p>\n","protected":false},"author":3,"featured_media":0,"comment_status":"closed","ping_status":"open","sticky":false,"template":"","format":"standard","meta":{"footnotes":""},"categories":[14],"tags":[],"class_list":["post-774","post","type-post","status-publish","format-standard","hentry","category-haberler"],"yoast_head":"<!-- This site is optimized with the Yoast SEO plugin v27.4 - https:\/\/yoast.com\/product\/yoast-seo-wordpress\/ -->\n<title>Akdamar\u2019daki ayin d\u00fcnyaya \u00f6rnek olacak - Bati Ermenistan Ve Bati Ermenileri Sorunlari Ara\u015ftirmalar Merkezi<\/title>\n<meta name=\"robots\" content=\"index, follow, max-snippet:-1, max-image-preview:large, max-video-preview:-1\" \/>\n<link rel=\"canonical\" href=\"https:\/\/akunq.net\/turkish\/2010\/05\/06\/akdamardaki-ayin-dunyaya-ornek-olacak\/\" \/>\n<meta property=\"og:locale\" content=\"en_US\" \/>\n<meta property=\"og:type\" content=\"article\" \/>\n<meta property=\"og:title\" content=\"Akdamar\u2019daki ayin d\u00fcnyaya \u00f6rnek olacak - Bati Ermenistan Ve Bati Ermenileri Sorunlari Ara\u015ftirmalar Merkezi\" \/>\n<meta property=\"og:description\" content=\"T\u00fcrkiye Ermenileri Patrikli\u011fi Ruhani Kurul Ba\u015fkan\u0131 Ate\u015fyan, 12 Eyl\u00fcl\u2019de Van\u2019\u0131n Akdamar Adas\u0131\u2019ndaki Surp Ha\u00e7 Kilisesi\u2019nde d\u00fczenlenecek ayin i\u00e7in konuk say\u0131s\u0131nda s\u0131n\u0131rlama olmayaca\u011f\u0131n\u0131 m\u00fcjdeleyip ekledi: D\u00fcnyaya \u00f6rnek olacak bir ayin ve \u015fenlik d\u00fczenleyece\u011fiz. PATR\u0130K Mesrob II\u2019nin rahats\u0131zl\u0131\u011f\u0131ndan sonra cemaatin en yetkili ki\u015fisi olan T\u00fcrkiye Ermenileri Ruhani Meclis Ba\u015fkan\u0131 Aram Ate\u015fyan, Van\u2019\u0131n Akdamar Adas\u0131\u2019ndaki Surp Ha\u00e7 Kilisesi\u2019nde [&hellip;]\" \/>\n<meta property=\"og:url\" content=\"https:\/\/akunq.net\/turkish\/2010\/05\/06\/akdamardaki-ayin-dunyaya-ornek-olacak\/\" \/>\n<meta property=\"og:site_name\" content=\"Bati Ermenistan Ve Bati Ermenileri Sorunlari Ara\u015ftirmalar Merkezi\" \/>\n<meta property=\"article:published_time\" content=\"2010-05-06T05:25:25+00:00\" \/>\n<meta name=\"author\" content=\"kalem\" \/>\n<meta name=\"twitter:card\" content=\"summary_large_image\" \/>\n<meta name=\"twitter:label1\" content=\"Written by\" \/>\n\t<meta name=\"twitter:data1\" content=\"kalem\" \/>\n\t<meta name=\"twitter:label2\" content=\"Est. reading time\" \/>\n\t<meta name=\"twitter:data2\" content=\"2 minutes\" \/>\n<script type=\"application\/ld+json\" class=\"yoast-schema-graph\">{\"@context\":\"https:\\\/\\\/schema.org\",\"@graph\":[{\"@type\":\"Article\",\"@id\":\"https:\\\/\\\/akunq.net\\\/turkish\\\/2010\\\/05\\\/06\\\/akdamardaki-ayin-dunyaya-ornek-olacak\\\/#article\",\"isPartOf\":{\"@id\":\"https:\\\/\\\/akunq.net\\\/turkish\\\/2010\\\/05\\\/06\\\/akdamardaki-ayin-dunyaya-ornek-olacak\\\/\"},\"author\":{\"name\":\"kalem\",\"@id\":\"https:\\\/\\\/akunq.net\\\/turkish\\\/#\\\/schema\\\/person\\\/135e7923d1aeb8887890799619969a6c\"},\"headline\":\"Akdamar\u2019daki ayin d\u00fcnyaya \u00f6rnek olacak\",\"datePublished\":\"2010-05-06T05:25:25+00:00\",\"mainEntityOfPage\":{\"@id\":\"https:\\\/\\\/akunq.net\\\/turkish\\\/2010\\\/05\\\/06\\\/akdamardaki-ayin-dunyaya-ornek-olacak\\\/\"},\"wordCount\":397,\"articleSection\":[\"Haberler\"],\"inLanguage\":\"en-US\"},{\"@type\":\"WebPage\",\"@id\":\"https:\\\/\\\/akunq.net\\\/turkish\\\/2010\\\/05\\\/06\\\/akdamardaki-ayin-dunyaya-ornek-olacak\\\/\",\"url\":\"https:\\\/\\\/akunq.net\\\/turkish\\\/2010\\\/05\\\/06\\\/akdamardaki-ayin-dunyaya-ornek-olacak\\\/\",\"name\":\"Akdamar\u2019daki ayin d\u00fcnyaya \u00f6rnek olacak - Bati Ermenistan Ve Bati Ermenileri Sorunlari Ara\u015ftirmalar Merkezi\",\"isPartOf\":{\"@id\":\"https:\\\/\\\/akunq.net\\\/turkish\\\/#website\"},\"datePublished\":\"2010-05-06T05:25:25+00:00\",\"author\":{\"@id\":\"https:\\\/\\\/akunq.net\\\/turkish\\\/#\\\/schema\\\/person\\\/135e7923d1aeb8887890799619969a6c\"},\"breadcrumb\":{\"@id\":\"https:\\\/\\\/akunq.net\\\/turkish\\\/2010\\\/05\\\/06\\\/akdamardaki-ayin-dunyaya-ornek-olacak\\\/#breadcrumb\"},\"inLanguage\":\"en-US\",\"potentialAction\":[{\"@type\":\"ReadAction\",\"target\":[\"https:\\\/\\\/akunq.net\\\/turkish\\\/2010\\\/05\\\/06\\\/akdamardaki-ayin-dunyaya-ornek-olacak\\\/\"]}]},{\"@type\":\"BreadcrumbList\",\"@id\":\"https:\\\/\\\/akunq.net\\\/turkish\\\/2010\\\/05\\\/06\\\/akdamardaki-ayin-dunyaya-ornek-olacak\\\/#breadcrumb\",\"itemListElement\":[{\"@type\":\"ListItem\",\"position\":1,\"name\":\"Home\",\"item\":\"https:\\\/\\\/akunq.net\\\/turkish\\\/\"},{\"@type\":\"ListItem\",\"position\":2,\"name\":\"Akdamar\u2019daki ayin d\u00fcnyaya \u00f6rnek olacak\"}]},{\"@type\":\"WebSite\",\"@id\":\"https:\\\/\\\/akunq.net\\\/turkish\\\/#website\",\"url\":\"https:\\\/\\\/akunq.net\\\/turkish\\\/\",\"name\":\"Bati Ermenistan Ve Bati Ermenileri Sorunlari Ara\u015ftirmalar Merkezi\",\"description\":\"\",\"potentialAction\":[{\"@type\":\"SearchAction\",\"target\":{\"@type\":\"EntryPoint\",\"urlTemplate\":\"https:\\\/\\\/akunq.net\\\/turkish\\\/?s={search_term_string}\"},\"query-input\":{\"@type\":\"PropertyValueSpecification\",\"valueRequired\":true,\"valueName\":\"search_term_string\"}}],\"inLanguage\":\"en-US\"},{\"@type\":\"Person\",\"@id\":\"https:\\\/\\\/akunq.net\\\/turkish\\\/#\\\/schema\\\/person\\\/135e7923d1aeb8887890799619969a6c\",\"name\":\"kalem\",\"image\":{\"@type\":\"ImageObject\",\"inLanguage\":\"en-US\",\"@id\":\"https:\\\/\\\/secure.gravatar.com\\\/avatar\\\/a06875e4b25feb5674296adf8e8a7ae1e587cebce2493fe63c456109967e27d3?s=96&d=mm&r=g\",\"url\":\"https:\\\/\\\/secure.gravatar.com\\\/avatar\\\/a06875e4b25feb5674296adf8e8a7ae1e587cebce2493fe63c456109967e27d3?s=96&d=mm&r=g\",\"contentUrl\":\"https:\\\/\\\/secure.gravatar.com\\\/avatar\\\/a06875e4b25feb5674296adf8e8a7ae1e587cebce2493fe63c456109967e27d3?s=96&d=mm&r=g\",\"caption\":\"kalem\"},\"url\":\"https:\\\/\\\/akunq.net\\\/turkish\\\/author\\\/kalem\\\/\"}]}<\/script>\n<!-- \/ Yoast SEO plugin. -->","yoast_head_json":{"title":"Akdamar\u2019daki ayin d\u00fcnyaya \u00f6rnek olacak - Bati Ermenistan Ve Bati Ermenileri Sorunlari Ara\u015ftirmalar Merkezi","robots":{"index":"index","follow":"follow","max-snippet":"max-snippet:-1","max-image-preview":"max-image-preview:large","max-video-preview":"max-video-preview:-1"},"canonical":"https:\/\/akunq.net\/turkish\/2010\/05\/06\/akdamardaki-ayin-dunyaya-ornek-olacak\/","og_locale":"en_US","og_type":"article","og_title":"Akdamar\u2019daki ayin d\u00fcnyaya \u00f6rnek olacak - Bati Ermenistan Ve Bati Ermenileri Sorunlari Ara\u015ftirmalar Merkezi","og_description":"T\u00fcrkiye Ermenileri Patrikli\u011fi Ruhani Kurul Ba\u015fkan\u0131 Ate\u015fyan, 12 Eyl\u00fcl\u2019de Van\u2019\u0131n Akdamar Adas\u0131\u2019ndaki Surp Ha\u00e7 Kilisesi\u2019nde d\u00fczenlenecek ayin i\u00e7in konuk say\u0131s\u0131nda s\u0131n\u0131rlama olmayaca\u011f\u0131n\u0131 m\u00fcjdeleyip ekledi: D\u00fcnyaya \u00f6rnek olacak bir ayin ve \u015fenlik d\u00fczenleyece\u011fiz. PATR\u0130K Mesrob II\u2019nin rahats\u0131zl\u0131\u011f\u0131ndan sonra cemaatin en yetkili ki\u015fisi olan T\u00fcrkiye Ermenileri Ruhani Meclis Ba\u015fkan\u0131 Aram Ate\u015fyan, Van\u2019\u0131n Akdamar Adas\u0131\u2019ndaki Surp Ha\u00e7 Kilisesi\u2019nde [&hellip;]","og_url":"https:\/\/akunq.net\/turkish\/2010\/05\/06\/akdamardaki-ayin-dunyaya-ornek-olacak\/","og_site_name":"Bati Ermenistan Ve Bati Ermenileri Sorunlari Ara\u015ftirmalar Merkezi","article_published_time":"2010-05-06T05:25:25+00:00","author":"kalem","twitter_card":"summary_large_image","twitter_misc":{"Written by":"kalem","Est. reading time":"2 minutes"},"schema":{"@context":"https:\/\/schema.org","@graph":[{"@type":"Article","@id":"https:\/\/akunq.net\/turkish\/2010\/05\/06\/akdamardaki-ayin-dunyaya-ornek-olacak\/#article","isPartOf":{"@id":"https:\/\/akunq.net\/turkish\/2010\/05\/06\/akdamardaki-ayin-dunyaya-ornek-olacak\/"},"author":{"name":"kalem","@id":"https:\/\/akunq.net\/turkish\/#\/schema\/person\/135e7923d1aeb8887890799619969a6c"},"headline":"Akdamar\u2019daki ayin d\u00fcnyaya \u00f6rnek olacak","datePublished":"2010-05-06T05:25:25+00:00","mainEntityOfPage":{"@id":"https:\/\/akunq.net\/turkish\/2010\/05\/06\/akdamardaki-ayin-dunyaya-ornek-olacak\/"},"wordCount":397,"articleSection":["Haberler"],"inLanguage":"en-US"},{"@type":"WebPage","@id":"https:\/\/akunq.net\/turkish\/2010\/05\/06\/akdamardaki-ayin-dunyaya-ornek-olacak\/","url":"https:\/\/akunq.net\/turkish\/2010\/05\/06\/akdamardaki-ayin-dunyaya-ornek-olacak\/","name":"Akdamar\u2019daki ayin d\u00fcnyaya \u00f6rnek olacak - Bati Ermenistan Ve Bati Ermenileri Sorunlari Ara\u015ftirmalar Merkezi","isPartOf":{"@id":"https:\/\/akunq.net\/turkish\/#website"},"datePublished":"2010-05-06T05:25:25+00:00","author":{"@id":"https:\/\/akunq.net\/turkish\/#\/schema\/person\/135e7923d1aeb8887890799619969a6c"},"breadcrumb":{"@id":"https:\/\/akunq.net\/turkish\/2010\/05\/06\/akdamardaki-ayin-dunyaya-ornek-olacak\/#breadcrumb"},"inLanguage":"en-US","potentialAction":[{"@type":"ReadAction","target":["https:\/\/akunq.net\/turkish\/2010\/05\/06\/akdamardaki-ayin-dunyaya-ornek-olacak\/"]}]},{"@type":"BreadcrumbList","@id":"https:\/\/akunq.net\/turkish\/2010\/05\/06\/akdamardaki-ayin-dunyaya-ornek-olacak\/#breadcrumb","itemListElement":[{"@type":"ListItem","position":1,"name":"Home","item":"https:\/\/akunq.net\/turkish\/"},{"@type":"ListItem","position":2,"name":"Akdamar\u2019daki ayin d\u00fcnyaya \u00f6rnek olacak"}]},{"@type":"WebSite","@id":"https:\/\/akunq.net\/turkish\/#website","url":"https:\/\/akunq.net\/turkish\/","name":"Bati Ermenistan Ve Bati Ermenileri Sorunlari Ara\u015ftirmalar Merkezi","description":"","potentialAction":[{"@type":"SearchAction","target":{"@type":"EntryPoint","urlTemplate":"https:\/\/akunq.net\/turkish\/?s={search_term_string}"},"query-input":{"@type":"PropertyValueSpecification","valueRequired":true,"valueName":"search_term_string"}}],"inLanguage":"en-US"},{"@type":"Person","@id":"https:\/\/akunq.net\/turkish\/#\/schema\/person\/135e7923d1aeb8887890799619969a6c","name":"kalem","image":{"@type":"ImageObject","inLanguage":"en-US","@id":"https:\/\/secure.gravatar.com\/avatar\/a06875e4b25feb5674296adf8e8a7ae1e587cebce2493fe63c456109967e27d3?s=96&d=mm&r=g","url":"https:\/\/secure.gravatar.com\/avatar\/a06875e4b25feb5674296adf8e8a7ae1e587cebce2493fe63c456109967e27d3?s=96&d=mm&r=g","contentUrl":"https:\/\/secure.gravatar.com\/avatar\/a06875e4b25feb5674296adf8e8a7ae1e587cebce2493fe63c456109967e27d3?s=96&d=mm&r=g","caption":"kalem"},"url":"https:\/\/akunq.net\/turkish\/author\/kalem\/"}]}},"_links":{"self":[{"href":"https:\/\/akunq.net\/turkish\/wp-json\/wp\/v2\/posts\/774","targetHints":{"allow":["GET"]}}],"collection":[{"href":"https:\/\/akunq.net\/turkish\/wp-json\/wp\/v2\/posts"}],"about":[{"href":"https:\/\/akunq.net\/turkish\/wp-json\/wp\/v2\/types\/post"}],"author":[{"embeddable":true,"href":"https:\/\/akunq.net\/turkish\/wp-json\/wp\/v2\/users\/3"}],"replies":[{"embeddable":true,"href":"https:\/\/akunq.net\/turkish\/wp-json\/wp\/v2\/comments?post=774"}],"version-history":[{"count":0,"href":"https:\/\/akunq.net\/turkish\/wp-json\/wp\/v2\/posts\/774\/revisions"}],"wp:attachment":[{"href":"https:\/\/akunq.net\/turkish\/wp-json\/wp\/v2\/media?parent=774"}],"wp:term":[{"taxonomy":"category","embeddable":true,"href":"https:\/\/akunq.net\/turkish\/wp-json\/wp\/v2\/categories?post=774"},{"taxonomy":"post_tag","embeddable":true,"href":"https:\/\/akunq.net\/turkish\/wp-json\/wp\/v2\/tags?post=774"}],"curies":[{"name":"wp","href":"https:\/\/api.w.org\/{rel}","templated":true}]}}