{"id":722,"date":"2010-04-30T05:09:31","date_gmt":"2010-04-30T10:09:31","guid":{"rendered":"http:\/\/akunq.net\/tr\/?p=722"},"modified":"2010-04-30T05:09:31","modified_gmt":"2010-04-30T10:09:31","slug":"salih-yuce-buraya-ermeni-soykirimi-tartismaya-gelmedim","status":"publish","type":"post","link":"https:\/\/akunq.net\/turkish\/2010\/04\/30\/salih-yuce-buraya-ermeni-soykirimi-tartismaya-gelmedim\/","title":{"rendered":"Salih Y\u00fcce: Buraya Ermeni Soyk\u0131r\u0131m&#8217;\u0131 tart\u0131\u015fmaya gelmedim"},"content":{"rendered":"<p style=\"text-align: justify\">Erivan&#8217;da T\u00fcrkiye&#8217;nin Gen\u00e7 Birikim Derne\u011fi Y\u00f6netim Kurulu Ba\u015fkan\u0131 Salih Y\u00fcce&#8217;nin kat\u0131l\u0131m\u0131yla bir bas\u0131n toplant\u0131s\u0131 d\u00fczenlendi.<\/p>\n<p style=\"text-align: justify\">Sivil toplum kurulu\u015funun ba\u015fkan\u0131 Salih Y\u00fcce, bas\u0131n toplant\u0131s\u0131n\u0131n ba\u015f\u0131ndan beri Ermeni Soyk\u0131r\u0131m\u0131&#8217;yla ili\u015fkin sorulara cevap vermeyece\u011fini a\u00e7\u0131klad\u0131.<\/p>\n<p style=\"text-align: justify\">Buna ra\u011fmen gazetecelerin sorular\u0131n b\u00fcy\u00fck k\u0131sm\u0131 Ermeni Soyk\u0131r\u0131m\u0131 konusuna ba\u011fland\u0131. Salih Y\u00fcce ise b\u00fct\u00fcn sorulara ge\u00e7mi\u015fin meselelerinin tarih\u00e7ilere b\u0131rakmas\u0131 gerekti\u011fini vurgulayarak kendinin Erivan&#8217;a toplumasal bir faaliyet i\u00e7in geldi\u011fini a\u00e7\u0131klad\u0131.<\/p>\n<p style=\"text-align: justify\">Samih Y\u00fccel &#8220;Ge\u00e7mi\u015f tarih\u00e7ilerin i\u015fidir. E\u011fer ba\u015flang\u0131\u00e7tan beri ge\u00e7mi\u015fi tart\u0131\u015fsak bu ge\u00e7mi\u015fte kalaca\u011f\u0131z. Herkes hem siyaet\u00e7iler, hem tarih\u00e7iler kendi i\u015fiyle u\u011fra\u015fmal\u0131. Sivil toplum kurulu\u015f olarak biz de bizim i\u015fimizle u\u011fra\u015famal\u0131y\u0131z&#8221; diye konu\u015ftu.<\/p>\n<p style=\"text-align: justify\">Ancak gazeteciler&#8217;in Y\u00fcce&#8217;ye Ermeni Soyk\u0131r\u0131m\u0131&#8217;yla ili\u015fkin sorular sormaya devam ettikleri i\u00e7in bas\u0131n toplant\u0131s\u0131 durduruldu.<\/p>\n<p style=\"text-align: justify\"><em>Tert.am, <\/em><strong>30.04.10<\/strong><\/p>\n","protected":false},"excerpt":{"rendered":"<p>Erivan&#8217;da T\u00fcrkiye&#8217;nin Gen\u00e7 Birikim Derne\u011fi Y\u00f6netim Kurulu Ba\u015fkan\u0131 Salih Y\u00fcce&#8217;nin kat\u0131l\u0131m\u0131yla bir bas\u0131n toplant\u0131s\u0131 d\u00fczenlendi. Sivil toplum kurulu\u015funun ba\u015fkan\u0131 Salih Y\u00fcce, bas\u0131n toplant\u0131s\u0131n\u0131n ba\u015f\u0131ndan beri Ermeni Soyk\u0131r\u0131m\u0131&#8217;yla ili\u015fkin sorulara cevap vermeyece\u011fini a\u00e7\u0131klad\u0131. Buna ra\u011fmen gazetecelerin sorular\u0131n b\u00fcy\u00fck k\u0131sm\u0131 Ermeni Soyk\u0131r\u0131m\u0131 konusuna ba\u011fland\u0131. Salih Y\u00fcce ise b\u00fct\u00fcn sorulara ge\u00e7mi\u015fin meselelerinin tarih\u00e7ilere b\u0131rakmas\u0131 gerekti\u011fini vurgulayarak kendinin Erivan&#8217;a [&hellip;]<\/p>\n","protected":false},"author":3,"featured_media":0,"comment_status":"closed","ping_status":"open","sticky":false,"template":"","format":"standard","meta":{"footnotes":""},"categories":[14],"tags":[],"class_list":["post-722","post","type-post","status-publish","format-standard","hentry","category-haberler"],"yoast_head":"<!-- This site is optimized with the Yoast SEO plugin v27.4 - https:\/\/yoast.com\/product\/yoast-seo-wordpress\/ -->\n<title>Salih Y\u00fcce: Buraya Ermeni Soyk\u0131r\u0131m&#039;\u0131 tart\u0131\u015fmaya gelmedim - Bati Ermenistan Ve Bati Ermenileri Sorunlari Ara\u015ftirmalar Merkezi<\/title>\n<meta name=\"robots\" content=\"index, follow, max-snippet:-1, max-image-preview:large, max-video-preview:-1\" \/>\n<link rel=\"canonical\" href=\"https:\/\/akunq.net\/turkish\/2010\/04\/30\/salih-yuce-buraya-ermeni-soykirimi-tartismaya-gelmedim\/\" \/>\n<meta property=\"og:locale\" content=\"en_US\" \/>\n<meta property=\"og:type\" content=\"article\" \/>\n<meta property=\"og:title\" content=\"Salih Y\u00fcce: Buraya Ermeni Soyk\u0131r\u0131m&#039;\u0131 tart\u0131\u015fmaya gelmedim - Bati Ermenistan Ve Bati Ermenileri Sorunlari Ara\u015ftirmalar Merkezi\" \/>\n<meta property=\"og:description\" content=\"Erivan&#8217;da T\u00fcrkiye&#8217;nin Gen\u00e7 Birikim Derne\u011fi Y\u00f6netim Kurulu Ba\u015fkan\u0131 Salih Y\u00fcce&#8217;nin kat\u0131l\u0131m\u0131yla bir bas\u0131n toplant\u0131s\u0131 d\u00fczenlendi. Sivil toplum kurulu\u015funun ba\u015fkan\u0131 Salih Y\u00fcce, bas\u0131n toplant\u0131s\u0131n\u0131n ba\u015f\u0131ndan beri Ermeni Soyk\u0131r\u0131m\u0131&#8217;yla ili\u015fkin sorulara cevap vermeyece\u011fini a\u00e7\u0131klad\u0131. Buna ra\u011fmen gazetecelerin sorular\u0131n b\u00fcy\u00fck k\u0131sm\u0131 Ermeni Soyk\u0131r\u0131m\u0131 konusuna ba\u011fland\u0131. Salih Y\u00fcce ise b\u00fct\u00fcn sorulara ge\u00e7mi\u015fin meselelerinin tarih\u00e7ilere b\u0131rakmas\u0131 gerekti\u011fini vurgulayarak kendinin Erivan&#8217;a [&hellip;]\" \/>\n<meta property=\"og:url\" content=\"https:\/\/akunq.net\/turkish\/2010\/04\/30\/salih-yuce-buraya-ermeni-soykirimi-tartismaya-gelmedim\/\" \/>\n<meta property=\"og:site_name\" content=\"Bati Ermenistan Ve Bati Ermenileri Sorunlari Ara\u015ftirmalar Merkezi\" \/>\n<meta property=\"article:published_time\" content=\"2010-04-30T10:09:31+00:00\" \/>\n<meta name=\"author\" content=\"kalem\" \/>\n<meta name=\"twitter:card\" content=\"summary_large_image\" \/>\n<meta name=\"twitter:label1\" content=\"Written by\" \/>\n\t<meta name=\"twitter:data1\" content=\"kalem\" \/>\n\t<meta name=\"twitter:label2\" content=\"Est. reading time\" \/>\n\t<meta name=\"twitter:data2\" content=\"1 minute\" \/>\n<script type=\"application\/ld+json\" class=\"yoast-schema-graph\">{\"@context\":\"https:\\\/\\\/schema.org\",\"@graph\":[{\"@type\":\"Article\",\"@id\":\"https:\\\/\\\/akunq.net\\\/turkish\\\/2010\\\/04\\\/30\\\/salih-yuce-buraya-ermeni-soykirimi-tartismaya-gelmedim\\\/#article\",\"isPartOf\":{\"@id\":\"https:\\\/\\\/akunq.net\\\/turkish\\\/2010\\\/04\\\/30\\\/salih-yuce-buraya-ermeni-soykirimi-tartismaya-gelmedim\\\/\"},\"author\":{\"name\":\"kalem\",\"@id\":\"https:\\\/\\\/akunq.net\\\/turkish\\\/#\\\/schema\\\/person\\\/135e7923d1aeb8887890799619969a6c\"},\"headline\":\"Salih Y\u00fcce: Buraya Ermeni Soyk\u0131r\u0131m&#8217;\u0131 tart\u0131\u015fmaya gelmedim\",\"datePublished\":\"2010-04-30T10:09:31+00:00\",\"mainEntityOfPage\":{\"@id\":\"https:\\\/\\\/akunq.net\\\/turkish\\\/2010\\\/04\\\/30\\\/salih-yuce-buraya-ermeni-soykirimi-tartismaya-gelmedim\\\/\"},\"wordCount\":196,\"articleSection\":[\"Haberler\"],\"inLanguage\":\"en-US\"},{\"@type\":\"WebPage\",\"@id\":\"https:\\\/\\\/akunq.net\\\/turkish\\\/2010\\\/04\\\/30\\\/salih-yuce-buraya-ermeni-soykirimi-tartismaya-gelmedim\\\/\",\"url\":\"https:\\\/\\\/akunq.net\\\/turkish\\\/2010\\\/04\\\/30\\\/salih-yuce-buraya-ermeni-soykirimi-tartismaya-gelmedim\\\/\",\"name\":\"Salih Y\u00fcce: Buraya Ermeni Soyk\u0131r\u0131m'\u0131 tart\u0131\u015fmaya gelmedim - Bati Ermenistan Ve Bati Ermenileri Sorunlari Ara\u015ftirmalar Merkezi\",\"isPartOf\":{\"@id\":\"https:\\\/\\\/akunq.net\\\/turkish\\\/#website\"},\"datePublished\":\"2010-04-30T10:09:31+00:00\",\"author\":{\"@id\":\"https:\\\/\\\/akunq.net\\\/turkish\\\/#\\\/schema\\\/person\\\/135e7923d1aeb8887890799619969a6c\"},\"breadcrumb\":{\"@id\":\"https:\\\/\\\/akunq.net\\\/turkish\\\/2010\\\/04\\\/30\\\/salih-yuce-buraya-ermeni-soykirimi-tartismaya-gelmedim\\\/#breadcrumb\"},\"inLanguage\":\"en-US\",\"potentialAction\":[{\"@type\":\"ReadAction\",\"target\":[\"https:\\\/\\\/akunq.net\\\/turkish\\\/2010\\\/04\\\/30\\\/salih-yuce-buraya-ermeni-soykirimi-tartismaya-gelmedim\\\/\"]}]},{\"@type\":\"BreadcrumbList\",\"@id\":\"https:\\\/\\\/akunq.net\\\/turkish\\\/2010\\\/04\\\/30\\\/salih-yuce-buraya-ermeni-soykirimi-tartismaya-gelmedim\\\/#breadcrumb\",\"itemListElement\":[{\"@type\":\"ListItem\",\"position\":1,\"name\":\"Home\",\"item\":\"https:\\\/\\\/akunq.net\\\/turkish\\\/\"},{\"@type\":\"ListItem\",\"position\":2,\"name\":\"Salih Y\u00fcce: Buraya Ermeni Soyk\u0131r\u0131m&#8217;\u0131 tart\u0131\u015fmaya gelmedim\"}]},{\"@type\":\"WebSite\",\"@id\":\"https:\\\/\\\/akunq.net\\\/turkish\\\/#website\",\"url\":\"https:\\\/\\\/akunq.net\\\/turkish\\\/\",\"name\":\"Bati Ermenistan Ve Bati Ermenileri Sorunlari Ara\u015ftirmalar Merkezi\",\"description\":\"\",\"potentialAction\":[{\"@type\":\"SearchAction\",\"target\":{\"@type\":\"EntryPoint\",\"urlTemplate\":\"https:\\\/\\\/akunq.net\\\/turkish\\\/?s={search_term_string}\"},\"query-input\":{\"@type\":\"PropertyValueSpecification\",\"valueRequired\":true,\"valueName\":\"search_term_string\"}}],\"inLanguage\":\"en-US\"},{\"@type\":\"Person\",\"@id\":\"https:\\\/\\\/akunq.net\\\/turkish\\\/#\\\/schema\\\/person\\\/135e7923d1aeb8887890799619969a6c\",\"name\":\"kalem\",\"image\":{\"@type\":\"ImageObject\",\"inLanguage\":\"en-US\",\"@id\":\"https:\\\/\\\/secure.gravatar.com\\\/avatar\\\/a06875e4b25feb5674296adf8e8a7ae1e587cebce2493fe63c456109967e27d3?s=96&d=mm&r=g\",\"url\":\"https:\\\/\\\/secure.gravatar.com\\\/avatar\\\/a06875e4b25feb5674296adf8e8a7ae1e587cebce2493fe63c456109967e27d3?s=96&d=mm&r=g\",\"contentUrl\":\"https:\\\/\\\/secure.gravatar.com\\\/avatar\\\/a06875e4b25feb5674296adf8e8a7ae1e587cebce2493fe63c456109967e27d3?s=96&d=mm&r=g\",\"caption\":\"kalem\"},\"url\":\"https:\\\/\\\/akunq.net\\\/turkish\\\/author\\\/kalem\\\/\"}]}<\/script>\n<!-- \/ Yoast SEO plugin. -->","yoast_head_json":{"title":"Salih Y\u00fcce: Buraya Ermeni Soyk\u0131r\u0131m'\u0131 tart\u0131\u015fmaya gelmedim - Bati Ermenistan Ve Bati Ermenileri Sorunlari Ara\u015ftirmalar Merkezi","robots":{"index":"index","follow":"follow","max-snippet":"max-snippet:-1","max-image-preview":"max-image-preview:large","max-video-preview":"max-video-preview:-1"},"canonical":"https:\/\/akunq.net\/turkish\/2010\/04\/30\/salih-yuce-buraya-ermeni-soykirimi-tartismaya-gelmedim\/","og_locale":"en_US","og_type":"article","og_title":"Salih Y\u00fcce: Buraya Ermeni Soyk\u0131r\u0131m'\u0131 tart\u0131\u015fmaya gelmedim - Bati Ermenistan Ve Bati Ermenileri Sorunlari Ara\u015ftirmalar Merkezi","og_description":"Erivan&#8217;da T\u00fcrkiye&#8217;nin Gen\u00e7 Birikim Derne\u011fi Y\u00f6netim Kurulu Ba\u015fkan\u0131 Salih Y\u00fcce&#8217;nin kat\u0131l\u0131m\u0131yla bir bas\u0131n toplant\u0131s\u0131 d\u00fczenlendi. Sivil toplum kurulu\u015funun ba\u015fkan\u0131 Salih Y\u00fcce, bas\u0131n toplant\u0131s\u0131n\u0131n ba\u015f\u0131ndan beri Ermeni Soyk\u0131r\u0131m\u0131&#8217;yla ili\u015fkin sorulara cevap vermeyece\u011fini a\u00e7\u0131klad\u0131. Buna ra\u011fmen gazetecelerin sorular\u0131n b\u00fcy\u00fck k\u0131sm\u0131 Ermeni Soyk\u0131r\u0131m\u0131 konusuna ba\u011fland\u0131. Salih Y\u00fcce ise b\u00fct\u00fcn sorulara ge\u00e7mi\u015fin meselelerinin tarih\u00e7ilere b\u0131rakmas\u0131 gerekti\u011fini vurgulayarak kendinin Erivan&#8217;a [&hellip;]","og_url":"https:\/\/akunq.net\/turkish\/2010\/04\/30\/salih-yuce-buraya-ermeni-soykirimi-tartismaya-gelmedim\/","og_site_name":"Bati Ermenistan Ve Bati Ermenileri Sorunlari Ara\u015ftirmalar Merkezi","article_published_time":"2010-04-30T10:09:31+00:00","author":"kalem","twitter_card":"summary_large_image","twitter_misc":{"Written by":"kalem","Est. reading time":"1 minute"},"schema":{"@context":"https:\/\/schema.org","@graph":[{"@type":"Article","@id":"https:\/\/akunq.net\/turkish\/2010\/04\/30\/salih-yuce-buraya-ermeni-soykirimi-tartismaya-gelmedim\/#article","isPartOf":{"@id":"https:\/\/akunq.net\/turkish\/2010\/04\/30\/salih-yuce-buraya-ermeni-soykirimi-tartismaya-gelmedim\/"},"author":{"name":"kalem","@id":"https:\/\/akunq.net\/turkish\/#\/schema\/person\/135e7923d1aeb8887890799619969a6c"},"headline":"Salih Y\u00fcce: Buraya Ermeni Soyk\u0131r\u0131m&#8217;\u0131 tart\u0131\u015fmaya gelmedim","datePublished":"2010-04-30T10:09:31+00:00","mainEntityOfPage":{"@id":"https:\/\/akunq.net\/turkish\/2010\/04\/30\/salih-yuce-buraya-ermeni-soykirimi-tartismaya-gelmedim\/"},"wordCount":196,"articleSection":["Haberler"],"inLanguage":"en-US"},{"@type":"WebPage","@id":"https:\/\/akunq.net\/turkish\/2010\/04\/30\/salih-yuce-buraya-ermeni-soykirimi-tartismaya-gelmedim\/","url":"https:\/\/akunq.net\/turkish\/2010\/04\/30\/salih-yuce-buraya-ermeni-soykirimi-tartismaya-gelmedim\/","name":"Salih Y\u00fcce: Buraya Ermeni Soyk\u0131r\u0131m'\u0131 tart\u0131\u015fmaya gelmedim - Bati Ermenistan Ve Bati Ermenileri Sorunlari Ara\u015ftirmalar Merkezi","isPartOf":{"@id":"https:\/\/akunq.net\/turkish\/#website"},"datePublished":"2010-04-30T10:09:31+00:00","author":{"@id":"https:\/\/akunq.net\/turkish\/#\/schema\/person\/135e7923d1aeb8887890799619969a6c"},"breadcrumb":{"@id":"https:\/\/akunq.net\/turkish\/2010\/04\/30\/salih-yuce-buraya-ermeni-soykirimi-tartismaya-gelmedim\/#breadcrumb"},"inLanguage":"en-US","potentialAction":[{"@type":"ReadAction","target":["https:\/\/akunq.net\/turkish\/2010\/04\/30\/salih-yuce-buraya-ermeni-soykirimi-tartismaya-gelmedim\/"]}]},{"@type":"BreadcrumbList","@id":"https:\/\/akunq.net\/turkish\/2010\/04\/30\/salih-yuce-buraya-ermeni-soykirimi-tartismaya-gelmedim\/#breadcrumb","itemListElement":[{"@type":"ListItem","position":1,"name":"Home","item":"https:\/\/akunq.net\/turkish\/"},{"@type":"ListItem","position":2,"name":"Salih Y\u00fcce: Buraya Ermeni Soyk\u0131r\u0131m&#8217;\u0131 tart\u0131\u015fmaya gelmedim"}]},{"@type":"WebSite","@id":"https:\/\/akunq.net\/turkish\/#website","url":"https:\/\/akunq.net\/turkish\/","name":"Bati Ermenistan Ve Bati Ermenileri Sorunlari Ara\u015ftirmalar Merkezi","description":"","potentialAction":[{"@type":"SearchAction","target":{"@type":"EntryPoint","urlTemplate":"https:\/\/akunq.net\/turkish\/?s={search_term_string}"},"query-input":{"@type":"PropertyValueSpecification","valueRequired":true,"valueName":"search_term_string"}}],"inLanguage":"en-US"},{"@type":"Person","@id":"https:\/\/akunq.net\/turkish\/#\/schema\/person\/135e7923d1aeb8887890799619969a6c","name":"kalem","image":{"@type":"ImageObject","inLanguage":"en-US","@id":"https:\/\/secure.gravatar.com\/avatar\/a06875e4b25feb5674296adf8e8a7ae1e587cebce2493fe63c456109967e27d3?s=96&d=mm&r=g","url":"https:\/\/secure.gravatar.com\/avatar\/a06875e4b25feb5674296adf8e8a7ae1e587cebce2493fe63c456109967e27d3?s=96&d=mm&r=g","contentUrl":"https:\/\/secure.gravatar.com\/avatar\/a06875e4b25feb5674296adf8e8a7ae1e587cebce2493fe63c456109967e27d3?s=96&d=mm&r=g","caption":"kalem"},"url":"https:\/\/akunq.net\/turkish\/author\/kalem\/"}]}},"_links":{"self":[{"href":"https:\/\/akunq.net\/turkish\/wp-json\/wp\/v2\/posts\/722","targetHints":{"allow":["GET"]}}],"collection":[{"href":"https:\/\/akunq.net\/turkish\/wp-json\/wp\/v2\/posts"}],"about":[{"href":"https:\/\/akunq.net\/turkish\/wp-json\/wp\/v2\/types\/post"}],"author":[{"embeddable":true,"href":"https:\/\/akunq.net\/turkish\/wp-json\/wp\/v2\/users\/3"}],"replies":[{"embeddable":true,"href":"https:\/\/akunq.net\/turkish\/wp-json\/wp\/v2\/comments?post=722"}],"version-history":[{"count":0,"href":"https:\/\/akunq.net\/turkish\/wp-json\/wp\/v2\/posts\/722\/revisions"}],"wp:attachment":[{"href":"https:\/\/akunq.net\/turkish\/wp-json\/wp\/v2\/media?parent=722"}],"wp:term":[{"taxonomy":"category","embeddable":true,"href":"https:\/\/akunq.net\/turkish\/wp-json\/wp\/v2\/categories?post=722"},{"taxonomy":"post_tag","embeddable":true,"href":"https:\/\/akunq.net\/turkish\/wp-json\/wp\/v2\/tags?post=722"}],"curies":[{"name":"wp","href":"https:\/\/api.w.org\/{rel}","templated":true}]}}