{"id":717,"date":"2010-04-30T09:23:07","date_gmt":"2010-04-30T14:23:07","guid":{"rendered":"http:\/\/akunq.net\/tr\/?p=717"},"modified":"2010-04-30T09:23:07","modified_gmt":"2010-04-30T14:23:07","slug":"prof-dr-kemal-cicek-turkiye-ermeni-meselesi-konusunda-sessiz-kaldi","status":"publish","type":"post","link":"https:\/\/akunq.net\/turkish\/2010\/04\/30\/prof-dr-kemal-cicek-turkiye-ermeni-meselesi-konusunda-sessiz-kaldi\/","title":{"rendered":"Prof. Dr. Kemal \u00c7i\u00e7ek: T\u00fcrkiye, Ermeni meselesi konusunda sessiz kald\u0131"},"content":{"rendered":"<p style=\"text-align: justify\"><strong>\u00a0<\/strong>T\u00fcrk Tarih Kurumu Ermeni Ara\u015ft\u0131rmalar\u0131 Masas\u0131 Ba\u015fkan\u0131 Prof. Dr. Kemal \u00c7i\u00e7ek, T\u00fcrkiye&#8217;nin Ermeni meselesi konusunda sessiz kald\u0131\u011f\u0131n\u0131 iddia etti.<\/p>\n<p style=\"text-align: justify\">Afyon Kocatepe \u00dcniversitesi (AK\u00dc) Tarih Kul\u00fcb\u00fc taraf\u0131ndan Abdullah Kaptan Konferans Salonu&#8217;nda d\u00fczenlenen &#8216;Ermeni Meselesinin \u0130\u00e7 Y\u00fcz\u00fc&#8217; konulu konferansta konu\u015fan \u00c7i\u00e7ek, Ermeni meselesinde T\u00fcrkiye&#8217;nin resmi bir tezi olmad\u0131\u011f\u0131n\u0131 savundu.<\/p>\n<p style=\"text-align: justify\">&#8220;Ke\u015fke resmi tez olsayd\u0131.&#8221; diyen \u00c7i\u00e7ek, &#8220;\u00c7\u00fcnk\u00fc \u015fu anda herkes o tezi bilirdi. Ayr\u0131ca okullarda da \u00f6\u011fretirdik. K\u00f6t\u00fc olsun ama bir resmi tezimiz olsun.&#8221; diye konu\u015ftu.<\/p>\n<p style=\"text-align: justify\">\u00c7i\u00e7ek, &#8220;Bu konu \u00fczerinde fazla durulmuyor. \u00c7\u00fcnk\u00fc T\u00fcrk milleti olarak ba\u015f\u0131m\u0131za k\u00f6t\u00fc bir \u015fey geldi\u011finde i\u00e7imize atar\u0131z. Susar\u0131z ve konu\u015fmay\u0131z. Bizden bu konuda bir \u00f6z\u00fcr bekliyorlar. Peki \u00f6z\u00fcr dilersek bu olay kapanacak m\u0131? \u00d6z\u00fcr diledi\u011fimiz zaman Ermenilerle can ci\u011fer arkada\u015f m\u0131 olaca\u011f\u0131z? E\u011fer b\u00f6yle d\u00fc\u015f\u00fcnenler varsa yan\u0131l\u0131yorlar. Ermenistan&#8217;a bir gezi d\u00fczenledim. Orada devlet, &#8216;soyk\u0131r\u0131m\u0131 tan\u0131 bedelini \u00f6de tazminat\u0131n\u0131 ver&#8217; yaz\u0131l\u0131 afi\u015fler ast\u0131rm\u0131\u015f her bir caddeye. Demek ki \u00f6z\u00fcr dilersen bu i\u015f kapanmayacak. Tazminat alacaklar.&#8221; \u015feklinde konu\u015ftu.<\/p>\n<p style=\"text-align: justify\">Konferans sonunda AK\u00dc Tarih Kul\u00fcb\u00fc taraf\u0131ndan \u00c7i\u00e7ek&#8217;e te\u015fekk\u00fcr plaketi verildi.<\/p>\n<p style=\"text-align: justify\"><a title=\"Beyazgazete.com Haber Sitesi\" href=\"http:\/\/www.beyazgazete.com\/\">Beyazgazete.com<\/a>, 29.04.2010<\/p>\n","protected":false},"excerpt":{"rendered":"<p>\u00a0T\u00fcrk Tarih Kurumu Ermeni Ara\u015ft\u0131rmalar\u0131 Masas\u0131 Ba\u015fkan\u0131 Prof. Dr. Kemal \u00c7i\u00e7ek, T\u00fcrkiye&#8217;nin Ermeni meselesi konusunda sessiz kald\u0131\u011f\u0131n\u0131 iddia etti. Afyon Kocatepe \u00dcniversitesi (AK\u00dc) Tarih Kul\u00fcb\u00fc taraf\u0131ndan Abdullah Kaptan Konferans Salonu&#8217;nda d\u00fczenlenen &#8216;Ermeni Meselesinin \u0130\u00e7 Y\u00fcz\u00fc&#8217; konulu konferansta konu\u015fan \u00c7i\u00e7ek, Ermeni meselesinde T\u00fcrkiye&#8217;nin resmi bir tezi olmad\u0131\u011f\u0131n\u0131 savundu. &#8220;Ke\u015fke resmi tez olsayd\u0131.&#8221; diyen \u00c7i\u00e7ek, &#8220;\u00c7\u00fcnk\u00fc \u015fu [&hellip;]<\/p>\n","protected":false},"author":3,"featured_media":0,"comment_status":"closed","ping_status":"open","sticky":false,"template":"","format":"standard","meta":{"footnotes":""},"categories":[14],"tags":[],"class_list":["post-717","post","type-post","status-publish","format-standard","hentry","category-haberler"],"yoast_head":"<!-- This site is optimized with the Yoast SEO plugin v27.4 - https:\/\/yoast.com\/product\/yoast-seo-wordpress\/ -->\n<title>Prof. Dr. Kemal \u00c7i\u00e7ek: T\u00fcrkiye, Ermeni meselesi konusunda sessiz kald\u0131 - Bati Ermenistan Ve Bati Ermenileri Sorunlari Ara\u015ftirmalar Merkezi<\/title>\n<meta name=\"robots\" content=\"index, follow, max-snippet:-1, max-image-preview:large, max-video-preview:-1\" \/>\n<link rel=\"canonical\" href=\"https:\/\/akunq.net\/turkish\/2010\/04\/30\/prof-dr-kemal-cicek-turkiye-ermeni-meselesi-konusunda-sessiz-kaldi\/\" \/>\n<meta property=\"og:locale\" content=\"en_US\" \/>\n<meta property=\"og:type\" content=\"article\" \/>\n<meta property=\"og:title\" content=\"Prof. Dr. Kemal \u00c7i\u00e7ek: T\u00fcrkiye, Ermeni meselesi konusunda sessiz kald\u0131 - Bati Ermenistan Ve Bati Ermenileri Sorunlari Ara\u015ftirmalar Merkezi\" \/>\n<meta property=\"og:description\" content=\"\u00a0T\u00fcrk Tarih Kurumu Ermeni Ara\u015ft\u0131rmalar\u0131 Masas\u0131 Ba\u015fkan\u0131 Prof. Dr. Kemal \u00c7i\u00e7ek, T\u00fcrkiye&#8217;nin Ermeni meselesi konusunda sessiz kald\u0131\u011f\u0131n\u0131 iddia etti. Afyon Kocatepe \u00dcniversitesi (AK\u00dc) Tarih Kul\u00fcb\u00fc taraf\u0131ndan Abdullah Kaptan Konferans Salonu&#8217;nda d\u00fczenlenen &#8216;Ermeni Meselesinin \u0130\u00e7 Y\u00fcz\u00fc&#8217; konulu konferansta konu\u015fan \u00c7i\u00e7ek, Ermeni meselesinde T\u00fcrkiye&#8217;nin resmi bir tezi olmad\u0131\u011f\u0131n\u0131 savundu. &#8220;Ke\u015fke resmi tez olsayd\u0131.&#8221; diyen \u00c7i\u00e7ek, &#8220;\u00c7\u00fcnk\u00fc \u015fu [&hellip;]\" \/>\n<meta property=\"og:url\" content=\"https:\/\/akunq.net\/turkish\/2010\/04\/30\/prof-dr-kemal-cicek-turkiye-ermeni-meselesi-konusunda-sessiz-kaldi\/\" \/>\n<meta property=\"og:site_name\" content=\"Bati Ermenistan Ve Bati Ermenileri Sorunlari Ara\u015ftirmalar Merkezi\" \/>\n<meta property=\"article:published_time\" content=\"2010-04-30T14:23:07+00:00\" \/>\n<meta name=\"author\" content=\"kalem\" \/>\n<meta name=\"twitter:card\" content=\"summary_large_image\" \/>\n<meta name=\"twitter:label1\" content=\"Written by\" \/>\n\t<meta name=\"twitter:data1\" content=\"kalem\" \/>\n\t<meta name=\"twitter:label2\" content=\"Est. reading time\" \/>\n\t<meta name=\"twitter:data2\" content=\"1 minute\" \/>\n<script type=\"application\/ld+json\" class=\"yoast-schema-graph\">{\"@context\":\"https:\\\/\\\/schema.org\",\"@graph\":[{\"@type\":\"Article\",\"@id\":\"https:\\\/\\\/akunq.net\\\/turkish\\\/2010\\\/04\\\/30\\\/prof-dr-kemal-cicek-turkiye-ermeni-meselesi-konusunda-sessiz-kaldi\\\/#article\",\"isPartOf\":{\"@id\":\"https:\\\/\\\/akunq.net\\\/turkish\\\/2010\\\/04\\\/30\\\/prof-dr-kemal-cicek-turkiye-ermeni-meselesi-konusunda-sessiz-kaldi\\\/\"},\"author\":{\"name\":\"kalem\",\"@id\":\"https:\\\/\\\/akunq.net\\\/turkish\\\/#\\\/schema\\\/person\\\/135e7923d1aeb8887890799619969a6c\"},\"headline\":\"Prof. Dr. Kemal \u00c7i\u00e7ek: T\u00fcrkiye, Ermeni meselesi konusunda sessiz kald\u0131\",\"datePublished\":\"2010-04-30T14:23:07+00:00\",\"mainEntityOfPage\":{\"@id\":\"https:\\\/\\\/akunq.net\\\/turkish\\\/2010\\\/04\\\/30\\\/prof-dr-kemal-cicek-turkiye-ermeni-meselesi-konusunda-sessiz-kaldi\\\/\"},\"wordCount\":229,\"articleSection\":[\"Haberler\"],\"inLanguage\":\"en-US\"},{\"@type\":\"WebPage\",\"@id\":\"https:\\\/\\\/akunq.net\\\/turkish\\\/2010\\\/04\\\/30\\\/prof-dr-kemal-cicek-turkiye-ermeni-meselesi-konusunda-sessiz-kaldi\\\/\",\"url\":\"https:\\\/\\\/akunq.net\\\/turkish\\\/2010\\\/04\\\/30\\\/prof-dr-kemal-cicek-turkiye-ermeni-meselesi-konusunda-sessiz-kaldi\\\/\",\"name\":\"Prof. Dr. Kemal \u00c7i\u00e7ek: T\u00fcrkiye, Ermeni meselesi konusunda sessiz kald\u0131 - Bati Ermenistan Ve Bati Ermenileri Sorunlari Ara\u015ftirmalar Merkezi\",\"isPartOf\":{\"@id\":\"https:\\\/\\\/akunq.net\\\/turkish\\\/#website\"},\"datePublished\":\"2010-04-30T14:23:07+00:00\",\"author\":{\"@id\":\"https:\\\/\\\/akunq.net\\\/turkish\\\/#\\\/schema\\\/person\\\/135e7923d1aeb8887890799619969a6c\"},\"breadcrumb\":{\"@id\":\"https:\\\/\\\/akunq.net\\\/turkish\\\/2010\\\/04\\\/30\\\/prof-dr-kemal-cicek-turkiye-ermeni-meselesi-konusunda-sessiz-kaldi\\\/#breadcrumb\"},\"inLanguage\":\"en-US\",\"potentialAction\":[{\"@type\":\"ReadAction\",\"target\":[\"https:\\\/\\\/akunq.net\\\/turkish\\\/2010\\\/04\\\/30\\\/prof-dr-kemal-cicek-turkiye-ermeni-meselesi-konusunda-sessiz-kaldi\\\/\"]}]},{\"@type\":\"BreadcrumbList\",\"@id\":\"https:\\\/\\\/akunq.net\\\/turkish\\\/2010\\\/04\\\/30\\\/prof-dr-kemal-cicek-turkiye-ermeni-meselesi-konusunda-sessiz-kaldi\\\/#breadcrumb\",\"itemListElement\":[{\"@type\":\"ListItem\",\"position\":1,\"name\":\"Home\",\"item\":\"https:\\\/\\\/akunq.net\\\/turkish\\\/\"},{\"@type\":\"ListItem\",\"position\":2,\"name\":\"Prof. Dr. Kemal \u00c7i\u00e7ek: T\u00fcrkiye, Ermeni meselesi konusunda sessiz kald\u0131\"}]},{\"@type\":\"WebSite\",\"@id\":\"https:\\\/\\\/akunq.net\\\/turkish\\\/#website\",\"url\":\"https:\\\/\\\/akunq.net\\\/turkish\\\/\",\"name\":\"Bati Ermenistan Ve Bati Ermenileri Sorunlari Ara\u015ftirmalar Merkezi\",\"description\":\"\",\"potentialAction\":[{\"@type\":\"SearchAction\",\"target\":{\"@type\":\"EntryPoint\",\"urlTemplate\":\"https:\\\/\\\/akunq.net\\\/turkish\\\/?s={search_term_string}\"},\"query-input\":{\"@type\":\"PropertyValueSpecification\",\"valueRequired\":true,\"valueName\":\"search_term_string\"}}],\"inLanguage\":\"en-US\"},{\"@type\":\"Person\",\"@id\":\"https:\\\/\\\/akunq.net\\\/turkish\\\/#\\\/schema\\\/person\\\/135e7923d1aeb8887890799619969a6c\",\"name\":\"kalem\",\"image\":{\"@type\":\"ImageObject\",\"inLanguage\":\"en-US\",\"@id\":\"https:\\\/\\\/secure.gravatar.com\\\/avatar\\\/a06875e4b25feb5674296adf8e8a7ae1e587cebce2493fe63c456109967e27d3?s=96&d=mm&r=g\",\"url\":\"https:\\\/\\\/secure.gravatar.com\\\/avatar\\\/a06875e4b25feb5674296adf8e8a7ae1e587cebce2493fe63c456109967e27d3?s=96&d=mm&r=g\",\"contentUrl\":\"https:\\\/\\\/secure.gravatar.com\\\/avatar\\\/a06875e4b25feb5674296adf8e8a7ae1e587cebce2493fe63c456109967e27d3?s=96&d=mm&r=g\",\"caption\":\"kalem\"},\"url\":\"https:\\\/\\\/akunq.net\\\/turkish\\\/author\\\/kalem\\\/\"}]}<\/script>\n<!-- \/ Yoast SEO plugin. -->","yoast_head_json":{"title":"Prof. Dr. Kemal \u00c7i\u00e7ek: T\u00fcrkiye, Ermeni meselesi konusunda sessiz kald\u0131 - Bati Ermenistan Ve Bati Ermenileri Sorunlari Ara\u015ftirmalar Merkezi","robots":{"index":"index","follow":"follow","max-snippet":"max-snippet:-1","max-image-preview":"max-image-preview:large","max-video-preview":"max-video-preview:-1"},"canonical":"https:\/\/akunq.net\/turkish\/2010\/04\/30\/prof-dr-kemal-cicek-turkiye-ermeni-meselesi-konusunda-sessiz-kaldi\/","og_locale":"en_US","og_type":"article","og_title":"Prof. Dr. Kemal \u00c7i\u00e7ek: T\u00fcrkiye, Ermeni meselesi konusunda sessiz kald\u0131 - Bati Ermenistan Ve Bati Ermenileri Sorunlari Ara\u015ftirmalar Merkezi","og_description":"\u00a0T\u00fcrk Tarih Kurumu Ermeni Ara\u015ft\u0131rmalar\u0131 Masas\u0131 Ba\u015fkan\u0131 Prof. Dr. Kemal \u00c7i\u00e7ek, T\u00fcrkiye&#8217;nin Ermeni meselesi konusunda sessiz kald\u0131\u011f\u0131n\u0131 iddia etti. Afyon Kocatepe \u00dcniversitesi (AK\u00dc) Tarih Kul\u00fcb\u00fc taraf\u0131ndan Abdullah Kaptan Konferans Salonu&#8217;nda d\u00fczenlenen &#8216;Ermeni Meselesinin \u0130\u00e7 Y\u00fcz\u00fc&#8217; konulu konferansta konu\u015fan \u00c7i\u00e7ek, Ermeni meselesinde T\u00fcrkiye&#8217;nin resmi bir tezi olmad\u0131\u011f\u0131n\u0131 savundu. &#8220;Ke\u015fke resmi tez olsayd\u0131.&#8221; diyen \u00c7i\u00e7ek, &#8220;\u00c7\u00fcnk\u00fc \u015fu [&hellip;]","og_url":"https:\/\/akunq.net\/turkish\/2010\/04\/30\/prof-dr-kemal-cicek-turkiye-ermeni-meselesi-konusunda-sessiz-kaldi\/","og_site_name":"Bati Ermenistan Ve Bati Ermenileri Sorunlari Ara\u015ftirmalar Merkezi","article_published_time":"2010-04-30T14:23:07+00:00","author":"kalem","twitter_card":"summary_large_image","twitter_misc":{"Written by":"kalem","Est. reading time":"1 minute"},"schema":{"@context":"https:\/\/schema.org","@graph":[{"@type":"Article","@id":"https:\/\/akunq.net\/turkish\/2010\/04\/30\/prof-dr-kemal-cicek-turkiye-ermeni-meselesi-konusunda-sessiz-kaldi\/#article","isPartOf":{"@id":"https:\/\/akunq.net\/turkish\/2010\/04\/30\/prof-dr-kemal-cicek-turkiye-ermeni-meselesi-konusunda-sessiz-kaldi\/"},"author":{"name":"kalem","@id":"https:\/\/akunq.net\/turkish\/#\/schema\/person\/135e7923d1aeb8887890799619969a6c"},"headline":"Prof. Dr. Kemal \u00c7i\u00e7ek: T\u00fcrkiye, Ermeni meselesi konusunda sessiz kald\u0131","datePublished":"2010-04-30T14:23:07+00:00","mainEntityOfPage":{"@id":"https:\/\/akunq.net\/turkish\/2010\/04\/30\/prof-dr-kemal-cicek-turkiye-ermeni-meselesi-konusunda-sessiz-kaldi\/"},"wordCount":229,"articleSection":["Haberler"],"inLanguage":"en-US"},{"@type":"WebPage","@id":"https:\/\/akunq.net\/turkish\/2010\/04\/30\/prof-dr-kemal-cicek-turkiye-ermeni-meselesi-konusunda-sessiz-kaldi\/","url":"https:\/\/akunq.net\/turkish\/2010\/04\/30\/prof-dr-kemal-cicek-turkiye-ermeni-meselesi-konusunda-sessiz-kaldi\/","name":"Prof. Dr. Kemal \u00c7i\u00e7ek: T\u00fcrkiye, Ermeni meselesi konusunda sessiz kald\u0131 - Bati Ermenistan Ve Bati Ermenileri Sorunlari Ara\u015ftirmalar Merkezi","isPartOf":{"@id":"https:\/\/akunq.net\/turkish\/#website"},"datePublished":"2010-04-30T14:23:07+00:00","author":{"@id":"https:\/\/akunq.net\/turkish\/#\/schema\/person\/135e7923d1aeb8887890799619969a6c"},"breadcrumb":{"@id":"https:\/\/akunq.net\/turkish\/2010\/04\/30\/prof-dr-kemal-cicek-turkiye-ermeni-meselesi-konusunda-sessiz-kaldi\/#breadcrumb"},"inLanguage":"en-US","potentialAction":[{"@type":"ReadAction","target":["https:\/\/akunq.net\/turkish\/2010\/04\/30\/prof-dr-kemal-cicek-turkiye-ermeni-meselesi-konusunda-sessiz-kaldi\/"]}]},{"@type":"BreadcrumbList","@id":"https:\/\/akunq.net\/turkish\/2010\/04\/30\/prof-dr-kemal-cicek-turkiye-ermeni-meselesi-konusunda-sessiz-kaldi\/#breadcrumb","itemListElement":[{"@type":"ListItem","position":1,"name":"Home","item":"https:\/\/akunq.net\/turkish\/"},{"@type":"ListItem","position":2,"name":"Prof. Dr. Kemal \u00c7i\u00e7ek: T\u00fcrkiye, Ermeni meselesi konusunda sessiz kald\u0131"}]},{"@type":"WebSite","@id":"https:\/\/akunq.net\/turkish\/#website","url":"https:\/\/akunq.net\/turkish\/","name":"Bati Ermenistan Ve Bati Ermenileri Sorunlari Ara\u015ftirmalar Merkezi","description":"","potentialAction":[{"@type":"SearchAction","target":{"@type":"EntryPoint","urlTemplate":"https:\/\/akunq.net\/turkish\/?s={search_term_string}"},"query-input":{"@type":"PropertyValueSpecification","valueRequired":true,"valueName":"search_term_string"}}],"inLanguage":"en-US"},{"@type":"Person","@id":"https:\/\/akunq.net\/turkish\/#\/schema\/person\/135e7923d1aeb8887890799619969a6c","name":"kalem","image":{"@type":"ImageObject","inLanguage":"en-US","@id":"https:\/\/secure.gravatar.com\/avatar\/a06875e4b25feb5674296adf8e8a7ae1e587cebce2493fe63c456109967e27d3?s=96&d=mm&r=g","url":"https:\/\/secure.gravatar.com\/avatar\/a06875e4b25feb5674296adf8e8a7ae1e587cebce2493fe63c456109967e27d3?s=96&d=mm&r=g","contentUrl":"https:\/\/secure.gravatar.com\/avatar\/a06875e4b25feb5674296adf8e8a7ae1e587cebce2493fe63c456109967e27d3?s=96&d=mm&r=g","caption":"kalem"},"url":"https:\/\/akunq.net\/turkish\/author\/kalem\/"}]}},"_links":{"self":[{"href":"https:\/\/akunq.net\/turkish\/wp-json\/wp\/v2\/posts\/717","targetHints":{"allow":["GET"]}}],"collection":[{"href":"https:\/\/akunq.net\/turkish\/wp-json\/wp\/v2\/posts"}],"about":[{"href":"https:\/\/akunq.net\/turkish\/wp-json\/wp\/v2\/types\/post"}],"author":[{"embeddable":true,"href":"https:\/\/akunq.net\/turkish\/wp-json\/wp\/v2\/users\/3"}],"replies":[{"embeddable":true,"href":"https:\/\/akunq.net\/turkish\/wp-json\/wp\/v2\/comments?post=717"}],"version-history":[{"count":0,"href":"https:\/\/akunq.net\/turkish\/wp-json\/wp\/v2\/posts\/717\/revisions"}],"wp:attachment":[{"href":"https:\/\/akunq.net\/turkish\/wp-json\/wp\/v2\/media?parent=717"}],"wp:term":[{"taxonomy":"category","embeddable":true,"href":"https:\/\/akunq.net\/turkish\/wp-json\/wp\/v2\/categories?post=717"},{"taxonomy":"post_tag","embeddable":true,"href":"https:\/\/akunq.net\/turkish\/wp-json\/wp\/v2\/tags?post=717"}],"curies":[{"name":"wp","href":"https:\/\/api.w.org\/{rel}","templated":true}]}}