{"id":715,"date":"2010-04-29T01:45:04","date_gmt":"2010-04-29T06:45:04","guid":{"rendered":"http:\/\/akunq.net\/tr\/?p=715"},"modified":"2010-04-29T01:45:04","modified_gmt":"2010-04-29T06:45:04","slug":"tarihi-kilise-restore-edilecek","status":"publish","type":"post","link":"https:\/\/akunq.net\/turkish\/2010\/04\/29\/tarihi-kilise-restore-edilecek\/","title":{"rendered":"Tarihi Kilise restore edilecek"},"content":{"rendered":"<p style=\"text-align: justify\">K\u00fclt\u00fcr ve Turizm Bakanl\u0131\u011f\u0131, Uzundere il\u00e7esine ba\u011fl\u0131 \u00c7aml\u0131yama\u00e7 K\u00f6y\u00fc\u2019ndeki \u00d6\u015fvank Manast\u0131r\u0131\u2019n\u0131n restorasyonu i\u00e7in ye\u015fil \u0131\u015f\u0131k yakt\u0131. H\u0131ristiyan G\u00fcrc\u00fclerin her y\u0131l hac ziyareti ger\u00e7ekle\u015ftirdi\u011fi, harabe halindeki \u00d6\u015fvank Manast\u0131r\u0131, K\u00fclt\u00fcr ve Turizm Bakanl\u0131\u011f\u0131&#8217;nca bu y\u0131l restorasyon program\u0131na al\u0131nd\u0131. Manast\u0131r\u0131n r\u00f6l\u00f6ve ve restit\u00fcsyon projelerinin \u00e7\u0131kart\u0131lmas\u0131n\u0131n ard\u0131ndan restorasyon \u00e7al\u0131\u015fmalar\u0131na ba\u015flanaca\u011f\u0131 bildirildi<strong><\/strong><\/p>\n<p style=\"text-align: justify\"><strong>erzurumgazetesi.com.tr<\/strong> 29.4.2010 SAMET \u00d6Z\u00dcNAL<\/p>\n<p style=\"text-align: justify\">\u00a0<strong><em>Not: <\/em><\/strong><em>\u00d6\u015fvank (veya \u00d6\u015fkvank) manast\u0131r\u0131 bir Ermeni kilisesidir. Buna ili\u015fkin daha ayr\u0131nt\u0131l\u0131 bilgiler \u201cManast\u0131rlar-Kiliseler\u201d b\u00f6l\u00fcm\u00fcndeki \u201c\u00d6\u015fvank\u201d yaz\u0131s\u0131nda verilmektedir. <strong>(Site M\u00fcd\u00fcrl\u00fc\u011f\u00fc). <\/strong><\/em><\/p>\n","protected":false},"excerpt":{"rendered":"<p>K\u00fclt\u00fcr ve Turizm Bakanl\u0131\u011f\u0131, Uzundere il\u00e7esine ba\u011fl\u0131 \u00c7aml\u0131yama\u00e7 K\u00f6y\u00fc\u2019ndeki \u00d6\u015fvank Manast\u0131r\u0131\u2019n\u0131n restorasyonu i\u00e7in ye\u015fil \u0131\u015f\u0131k yakt\u0131. H\u0131ristiyan G\u00fcrc\u00fclerin her y\u0131l hac ziyareti ger\u00e7ekle\u015ftirdi\u011fi, harabe halindeki \u00d6\u015fvank Manast\u0131r\u0131, K\u00fclt\u00fcr ve Turizm Bakanl\u0131\u011f\u0131&#8217;nca bu y\u0131l restorasyon program\u0131na al\u0131nd\u0131. Manast\u0131r\u0131n r\u00f6l\u00f6ve ve restit\u00fcsyon projelerinin \u00e7\u0131kart\u0131lmas\u0131n\u0131n ard\u0131ndan restorasyon \u00e7al\u0131\u015fmalar\u0131na ba\u015flanaca\u011f\u0131 bildirildi erzurumgazetesi.com.tr 29.4.2010 SAMET \u00d6Z\u00dcNAL \u00a0Not: \u00d6\u015fvank (veya \u00d6\u015fkvank) [&hellip;]<\/p>\n","protected":false},"author":3,"featured_media":0,"comment_status":"closed","ping_status":"open","sticky":false,"template":"","format":"standard","meta":{"footnotes":""},"categories":[14],"tags":[],"class_list":["post-715","post","type-post","status-publish","format-standard","hentry","category-haberler"],"yoast_head":"<!-- This site is optimized with the Yoast SEO plugin v27.4 - https:\/\/yoast.com\/product\/yoast-seo-wordpress\/ -->\n<title>Tarihi Kilise restore edilecek - Bati Ermenistan Ve Bati Ermenileri Sorunlari Ara\u015ftirmalar Merkezi<\/title>\n<meta name=\"robots\" content=\"index, follow, max-snippet:-1, max-image-preview:large, max-video-preview:-1\" \/>\n<link rel=\"canonical\" href=\"https:\/\/akunq.net\/turkish\/2010\/04\/29\/tarihi-kilise-restore-edilecek\/\" \/>\n<meta property=\"og:locale\" content=\"en_US\" \/>\n<meta property=\"og:type\" content=\"article\" \/>\n<meta property=\"og:title\" content=\"Tarihi Kilise restore edilecek - Bati Ermenistan Ve Bati Ermenileri Sorunlari Ara\u015ftirmalar Merkezi\" \/>\n<meta property=\"og:description\" content=\"K\u00fclt\u00fcr ve Turizm Bakanl\u0131\u011f\u0131, Uzundere il\u00e7esine ba\u011fl\u0131 \u00c7aml\u0131yama\u00e7 K\u00f6y\u00fc\u2019ndeki \u00d6\u015fvank Manast\u0131r\u0131\u2019n\u0131n restorasyonu i\u00e7in ye\u015fil \u0131\u015f\u0131k yakt\u0131. H\u0131ristiyan G\u00fcrc\u00fclerin her y\u0131l hac ziyareti ger\u00e7ekle\u015ftirdi\u011fi, harabe halindeki \u00d6\u015fvank Manast\u0131r\u0131, K\u00fclt\u00fcr ve Turizm Bakanl\u0131\u011f\u0131&#8217;nca bu y\u0131l restorasyon program\u0131na al\u0131nd\u0131. Manast\u0131r\u0131n r\u00f6l\u00f6ve ve restit\u00fcsyon projelerinin \u00e7\u0131kart\u0131lmas\u0131n\u0131n ard\u0131ndan restorasyon \u00e7al\u0131\u015fmalar\u0131na ba\u015flanaca\u011f\u0131 bildirildi erzurumgazetesi.com.tr 29.4.2010 SAMET \u00d6Z\u00dcNAL \u00a0Not: \u00d6\u015fvank (veya \u00d6\u015fkvank) [&hellip;]\" \/>\n<meta property=\"og:url\" content=\"https:\/\/akunq.net\/turkish\/2010\/04\/29\/tarihi-kilise-restore-edilecek\/\" \/>\n<meta property=\"og:site_name\" content=\"Bati Ermenistan Ve Bati Ermenileri Sorunlari Ara\u015ftirmalar Merkezi\" \/>\n<meta property=\"article:published_time\" content=\"2010-04-29T06:45:04+00:00\" \/>\n<meta name=\"author\" content=\"kalem\" \/>\n<meta name=\"twitter:card\" content=\"summary_large_image\" \/>\n<meta name=\"twitter:label1\" content=\"Written by\" \/>\n\t<meta name=\"twitter:data1\" content=\"kalem\" \/>\n\t<meta name=\"twitter:label2\" content=\"Est. reading time\" \/>\n\t<meta name=\"twitter:data2\" content=\"1 minute\" \/>\n<script type=\"application\/ld+json\" class=\"yoast-schema-graph\">{\"@context\":\"https:\\\/\\\/schema.org\",\"@graph\":[{\"@type\":\"Article\",\"@id\":\"https:\\\/\\\/akunq.net\\\/turkish\\\/2010\\\/04\\\/29\\\/tarihi-kilise-restore-edilecek\\\/#article\",\"isPartOf\":{\"@id\":\"https:\\\/\\\/akunq.net\\\/turkish\\\/2010\\\/04\\\/29\\\/tarihi-kilise-restore-edilecek\\\/\"},\"author\":{\"name\":\"kalem\",\"@id\":\"https:\\\/\\\/akunq.net\\\/turkish\\\/#\\\/schema\\\/person\\\/135e7923d1aeb8887890799619969a6c\"},\"headline\":\"Tarihi Kilise restore edilecek\",\"datePublished\":\"2010-04-29T06:45:04+00:00\",\"mainEntityOfPage\":{\"@id\":\"https:\\\/\\\/akunq.net\\\/turkish\\\/2010\\\/04\\\/29\\\/tarihi-kilise-restore-edilecek\\\/\"},\"wordCount\":127,\"articleSection\":[\"Haberler\"],\"inLanguage\":\"en-US\"},{\"@type\":\"WebPage\",\"@id\":\"https:\\\/\\\/akunq.net\\\/turkish\\\/2010\\\/04\\\/29\\\/tarihi-kilise-restore-edilecek\\\/\",\"url\":\"https:\\\/\\\/akunq.net\\\/turkish\\\/2010\\\/04\\\/29\\\/tarihi-kilise-restore-edilecek\\\/\",\"name\":\"Tarihi Kilise restore edilecek - Bati Ermenistan Ve Bati Ermenileri Sorunlari Ara\u015ftirmalar Merkezi\",\"isPartOf\":{\"@id\":\"https:\\\/\\\/akunq.net\\\/turkish\\\/#website\"},\"datePublished\":\"2010-04-29T06:45:04+00:00\",\"author\":{\"@id\":\"https:\\\/\\\/akunq.net\\\/turkish\\\/#\\\/schema\\\/person\\\/135e7923d1aeb8887890799619969a6c\"},\"breadcrumb\":{\"@id\":\"https:\\\/\\\/akunq.net\\\/turkish\\\/2010\\\/04\\\/29\\\/tarihi-kilise-restore-edilecek\\\/#breadcrumb\"},\"inLanguage\":\"en-US\",\"potentialAction\":[{\"@type\":\"ReadAction\",\"target\":[\"https:\\\/\\\/akunq.net\\\/turkish\\\/2010\\\/04\\\/29\\\/tarihi-kilise-restore-edilecek\\\/\"]}]},{\"@type\":\"BreadcrumbList\",\"@id\":\"https:\\\/\\\/akunq.net\\\/turkish\\\/2010\\\/04\\\/29\\\/tarihi-kilise-restore-edilecek\\\/#breadcrumb\",\"itemListElement\":[{\"@type\":\"ListItem\",\"position\":1,\"name\":\"Home\",\"item\":\"https:\\\/\\\/akunq.net\\\/turkish\\\/\"},{\"@type\":\"ListItem\",\"position\":2,\"name\":\"Tarihi Kilise restore edilecek\"}]},{\"@type\":\"WebSite\",\"@id\":\"https:\\\/\\\/akunq.net\\\/turkish\\\/#website\",\"url\":\"https:\\\/\\\/akunq.net\\\/turkish\\\/\",\"name\":\"Bati Ermenistan Ve Bati Ermenileri Sorunlari Ara\u015ftirmalar Merkezi\",\"description\":\"\",\"potentialAction\":[{\"@type\":\"SearchAction\",\"target\":{\"@type\":\"EntryPoint\",\"urlTemplate\":\"https:\\\/\\\/akunq.net\\\/turkish\\\/?s={search_term_string}\"},\"query-input\":{\"@type\":\"PropertyValueSpecification\",\"valueRequired\":true,\"valueName\":\"search_term_string\"}}],\"inLanguage\":\"en-US\"},{\"@type\":\"Person\",\"@id\":\"https:\\\/\\\/akunq.net\\\/turkish\\\/#\\\/schema\\\/person\\\/135e7923d1aeb8887890799619969a6c\",\"name\":\"kalem\",\"image\":{\"@type\":\"ImageObject\",\"inLanguage\":\"en-US\",\"@id\":\"https:\\\/\\\/secure.gravatar.com\\\/avatar\\\/a06875e4b25feb5674296adf8e8a7ae1e587cebce2493fe63c456109967e27d3?s=96&d=mm&r=g\",\"url\":\"https:\\\/\\\/secure.gravatar.com\\\/avatar\\\/a06875e4b25feb5674296adf8e8a7ae1e587cebce2493fe63c456109967e27d3?s=96&d=mm&r=g\",\"contentUrl\":\"https:\\\/\\\/secure.gravatar.com\\\/avatar\\\/a06875e4b25feb5674296adf8e8a7ae1e587cebce2493fe63c456109967e27d3?s=96&d=mm&r=g\",\"caption\":\"kalem\"},\"url\":\"https:\\\/\\\/akunq.net\\\/turkish\\\/author\\\/kalem\\\/\"}]}<\/script>\n<!-- \/ Yoast SEO plugin. -->","yoast_head_json":{"title":"Tarihi Kilise restore edilecek - Bati Ermenistan Ve Bati Ermenileri Sorunlari Ara\u015ftirmalar Merkezi","robots":{"index":"index","follow":"follow","max-snippet":"max-snippet:-1","max-image-preview":"max-image-preview:large","max-video-preview":"max-video-preview:-1"},"canonical":"https:\/\/akunq.net\/turkish\/2010\/04\/29\/tarihi-kilise-restore-edilecek\/","og_locale":"en_US","og_type":"article","og_title":"Tarihi Kilise restore edilecek - Bati Ermenistan Ve Bati Ermenileri Sorunlari Ara\u015ftirmalar Merkezi","og_description":"K\u00fclt\u00fcr ve Turizm Bakanl\u0131\u011f\u0131, Uzundere il\u00e7esine ba\u011fl\u0131 \u00c7aml\u0131yama\u00e7 K\u00f6y\u00fc\u2019ndeki \u00d6\u015fvank Manast\u0131r\u0131\u2019n\u0131n restorasyonu i\u00e7in ye\u015fil \u0131\u015f\u0131k yakt\u0131. H\u0131ristiyan G\u00fcrc\u00fclerin her y\u0131l hac ziyareti ger\u00e7ekle\u015ftirdi\u011fi, harabe halindeki \u00d6\u015fvank Manast\u0131r\u0131, K\u00fclt\u00fcr ve Turizm Bakanl\u0131\u011f\u0131&#8217;nca bu y\u0131l restorasyon program\u0131na al\u0131nd\u0131. Manast\u0131r\u0131n r\u00f6l\u00f6ve ve restit\u00fcsyon projelerinin \u00e7\u0131kart\u0131lmas\u0131n\u0131n ard\u0131ndan restorasyon \u00e7al\u0131\u015fmalar\u0131na ba\u015flanaca\u011f\u0131 bildirildi erzurumgazetesi.com.tr 29.4.2010 SAMET \u00d6Z\u00dcNAL \u00a0Not: \u00d6\u015fvank (veya \u00d6\u015fkvank) [&hellip;]","og_url":"https:\/\/akunq.net\/turkish\/2010\/04\/29\/tarihi-kilise-restore-edilecek\/","og_site_name":"Bati Ermenistan Ve Bati Ermenileri Sorunlari Ara\u015ftirmalar Merkezi","article_published_time":"2010-04-29T06:45:04+00:00","author":"kalem","twitter_card":"summary_large_image","twitter_misc":{"Written by":"kalem","Est. reading time":"1 minute"},"schema":{"@context":"https:\/\/schema.org","@graph":[{"@type":"Article","@id":"https:\/\/akunq.net\/turkish\/2010\/04\/29\/tarihi-kilise-restore-edilecek\/#article","isPartOf":{"@id":"https:\/\/akunq.net\/turkish\/2010\/04\/29\/tarihi-kilise-restore-edilecek\/"},"author":{"name":"kalem","@id":"https:\/\/akunq.net\/turkish\/#\/schema\/person\/135e7923d1aeb8887890799619969a6c"},"headline":"Tarihi Kilise restore edilecek","datePublished":"2010-04-29T06:45:04+00:00","mainEntityOfPage":{"@id":"https:\/\/akunq.net\/turkish\/2010\/04\/29\/tarihi-kilise-restore-edilecek\/"},"wordCount":127,"articleSection":["Haberler"],"inLanguage":"en-US"},{"@type":"WebPage","@id":"https:\/\/akunq.net\/turkish\/2010\/04\/29\/tarihi-kilise-restore-edilecek\/","url":"https:\/\/akunq.net\/turkish\/2010\/04\/29\/tarihi-kilise-restore-edilecek\/","name":"Tarihi Kilise restore edilecek - Bati Ermenistan Ve Bati Ermenileri Sorunlari Ara\u015ftirmalar Merkezi","isPartOf":{"@id":"https:\/\/akunq.net\/turkish\/#website"},"datePublished":"2010-04-29T06:45:04+00:00","author":{"@id":"https:\/\/akunq.net\/turkish\/#\/schema\/person\/135e7923d1aeb8887890799619969a6c"},"breadcrumb":{"@id":"https:\/\/akunq.net\/turkish\/2010\/04\/29\/tarihi-kilise-restore-edilecek\/#breadcrumb"},"inLanguage":"en-US","potentialAction":[{"@type":"ReadAction","target":["https:\/\/akunq.net\/turkish\/2010\/04\/29\/tarihi-kilise-restore-edilecek\/"]}]},{"@type":"BreadcrumbList","@id":"https:\/\/akunq.net\/turkish\/2010\/04\/29\/tarihi-kilise-restore-edilecek\/#breadcrumb","itemListElement":[{"@type":"ListItem","position":1,"name":"Home","item":"https:\/\/akunq.net\/turkish\/"},{"@type":"ListItem","position":2,"name":"Tarihi Kilise restore edilecek"}]},{"@type":"WebSite","@id":"https:\/\/akunq.net\/turkish\/#website","url":"https:\/\/akunq.net\/turkish\/","name":"Bati Ermenistan Ve Bati Ermenileri Sorunlari Ara\u015ftirmalar Merkezi","description":"","potentialAction":[{"@type":"SearchAction","target":{"@type":"EntryPoint","urlTemplate":"https:\/\/akunq.net\/turkish\/?s={search_term_string}"},"query-input":{"@type":"PropertyValueSpecification","valueRequired":true,"valueName":"search_term_string"}}],"inLanguage":"en-US"},{"@type":"Person","@id":"https:\/\/akunq.net\/turkish\/#\/schema\/person\/135e7923d1aeb8887890799619969a6c","name":"kalem","image":{"@type":"ImageObject","inLanguage":"en-US","@id":"https:\/\/secure.gravatar.com\/avatar\/a06875e4b25feb5674296adf8e8a7ae1e587cebce2493fe63c456109967e27d3?s=96&d=mm&r=g","url":"https:\/\/secure.gravatar.com\/avatar\/a06875e4b25feb5674296adf8e8a7ae1e587cebce2493fe63c456109967e27d3?s=96&d=mm&r=g","contentUrl":"https:\/\/secure.gravatar.com\/avatar\/a06875e4b25feb5674296adf8e8a7ae1e587cebce2493fe63c456109967e27d3?s=96&d=mm&r=g","caption":"kalem"},"url":"https:\/\/akunq.net\/turkish\/author\/kalem\/"}]}},"_links":{"self":[{"href":"https:\/\/akunq.net\/turkish\/wp-json\/wp\/v2\/posts\/715","targetHints":{"allow":["GET"]}}],"collection":[{"href":"https:\/\/akunq.net\/turkish\/wp-json\/wp\/v2\/posts"}],"about":[{"href":"https:\/\/akunq.net\/turkish\/wp-json\/wp\/v2\/types\/post"}],"author":[{"embeddable":true,"href":"https:\/\/akunq.net\/turkish\/wp-json\/wp\/v2\/users\/3"}],"replies":[{"embeddable":true,"href":"https:\/\/akunq.net\/turkish\/wp-json\/wp\/v2\/comments?post=715"}],"version-history":[{"count":0,"href":"https:\/\/akunq.net\/turkish\/wp-json\/wp\/v2\/posts\/715\/revisions"}],"wp:attachment":[{"href":"https:\/\/akunq.net\/turkish\/wp-json\/wp\/v2\/media?parent=715"}],"wp:term":[{"taxonomy":"category","embeddable":true,"href":"https:\/\/akunq.net\/turkish\/wp-json\/wp\/v2\/categories?post=715"},{"taxonomy":"post_tag","embeddable":true,"href":"https:\/\/akunq.net\/turkish\/wp-json\/wp\/v2\/tags?post=715"}],"curies":[{"name":"wp","href":"https:\/\/api.w.org\/{rel}","templated":true}]}}