{"id":6931,"date":"2011-07-15T03:37:12","date_gmt":"2011-07-15T08:37:12","guid":{"rendered":"http:\/\/akunq.net\/tr\/?p=6931"},"modified":"2011-07-15T03:37:12","modified_gmt":"2011-07-15T08:37:12","slug":"alaskert-2","status":"publish","type":"post","link":"https:\/\/akunq.net\/turkish\/2011\/07\/15\/alaskert-2\/","title":{"rendered":"Ala\u015fkert"},"content":{"rendered":"<p style=\"text-align: justify\"><strong>Ala\u015fkert,<\/strong> <em>Topraggale, Toprakkala, Toprakkale, Vala\u015fkert, Va\u011far\u015faker:.<\/em> Bat\u0131 Ermenistan\u2019\u0131n, Ala\u015fkert Vadisi\u2019nin merkezi k\u0131sm\u0131n\u0131n kuzey b\u00f6l\u00fcm\u00fcnde bulunan kaza. Eski ve orta\u00e7a\u011fda B\u00fcy\u00fck Hayk\u2019\u0131n Ayrarat Eyaleti\u2019ndeki Bagrevand b\u00f6lgesinin \u00f6nemli bir b\u00f6l\u00fcm\u00fcn\u00fc olu\u015fturmaktayd\u0131. Osmanl\u0131 d\u00f6neminde Erzrum (Erzurum) Vilayeti\u2019nin Bayazet (Beyaz\u0131t, Do\u011fu Beyaz\u0131t) Sanca\u011f\u0131\u2019n\u0131n bir kazas\u0131 olmu\u015ftur. Ala\u015fkert kasabas\u0131 kaza merkeziydi.<\/p>\n<p style=\"text-align: justify\">Verimli topraklara ve azg\u0131n akarsulara sahiptir. Kuzeyde Ermeni Par\u0131 da\u011flar\u0131na, g\u00fcneyde ise Dsa\u011fkants da\u011flar\u0131na dayanmaktad\u0131r.<\/p>\n<p style=\"text-align: justify\">B\u00f6lge halk\u0131 genelde Ermenilerden ve K\u00fcrtlerden olu\u015fmaktayd\u0131. A. Yeretsyan\u2019\u0131n belirtti\u011fine g\u00f6re 1876\u2019da 9040 K\u00fcrt ve 2978 Ermeni n\u00fcfuslu 70 k\u00f6yden olu\u015fmaktayd\u0131. Rus kaynaklar\u0131na istinaden 1878\u2019de Ala\u015fkert\u2019in 104 k\u00f6y\u00fc vard\u0131. Halk\u0131n b\u00fcy\u00fck bir k\u0131sm\u0131 hayvanc\u0131l\u0131k ve tar\u0131mla u\u011fra\u015fmaktayd\u0131. Kaza \u00f6zellikle tah\u0131l\u0131yla \u00fcnl\u00fcyd\u00fc ve \u00fcr\u00fcn\u00fcn b\u00fcy\u00fck bir k\u0131sm\u0131 Van ile Ba\u011fe\u015f\u2019in (Bitlis) da\u011fl\u0131k b\u00f6lgelerindeki halka sat\u0131lmaktayd\u0131.<\/p>\n<p style=\"text-align: justify\">Ermenilerin b\u00fcy\u00fck bir k\u0131sm\u0131 1829 ve 1878\u2019de Transkafkasya\u2019ya g\u00f6\u00e7 etmi\u015f, kalanlar ise 1914\u201318 y\u0131llar\u0131nda yok edilmi\u015f veya s\u00fcr\u00fclm\u00fc\u015flerdir. G\u00fcn\u00fcm\u00fcz Ala\u015fkert\u2019inde n\u00fcfus \u00e7ok seyrektir. 1903 y\u0131l\u0131nda, kazada 32 Ermeni kilisesi ve Surb (Aziz) Hovhannes manast\u0131r\u0131 (\u00dc\u00e7kilise) bulunmaktayd\u0131.<\/p>\n","protected":false},"excerpt":{"rendered":"<p>Ala\u015fkert, Topraggale, Toprakkala, Toprakkale, Vala\u015fkert, Va\u011far\u015faker:. Bat\u0131 Ermenistan\u2019\u0131n, Ala\u015fkert Vadisi\u2019nin merkezi k\u0131sm\u0131n\u0131n kuzey b\u00f6l\u00fcm\u00fcnde bulunan kaza. Eski ve orta\u00e7a\u011fda B\u00fcy\u00fck Hayk\u2019\u0131n Ayrarat Eyaleti\u2019ndeki Bagrevand b\u00f6lgesinin \u00f6nemli bir b\u00f6l\u00fcm\u00fcn\u00fc olu\u015fturmaktayd\u0131. Osmanl\u0131 d\u00f6neminde Erzrum (Erzurum) Vilayeti\u2019nin Bayazet (Beyaz\u0131t, Do\u011fu Beyaz\u0131t) Sanca\u011f\u0131\u2019n\u0131n bir kazas\u0131 olmu\u015ftur. Ala\u015fkert kasabas\u0131 kaza merkeziydi. Verimli topraklara ve azg\u0131n akarsulara sahiptir. Kuzeyde Ermeni Par\u0131 [&hellip;]<\/p>\n","protected":false},"author":3,"featured_media":0,"comment_status":"open","ping_status":"open","sticky":false,"template":"","format":"standard","meta":{"footnotes":""},"categories":[47],"tags":[],"class_list":["post-6931","post","type-post","status-publish","format-standard","hentry","category-bati-ermenistanin-ilceleri"],"yoast_head":"<!-- This site is optimized with the Yoast SEO plugin v27.4 - https:\/\/yoast.com\/product\/yoast-seo-wordpress\/ -->\n<title>Ala\u015fkert - Bati Ermenistan Ve Bati Ermenileri Sorunlari Ara\u015ftirmalar Merkezi<\/title>\n<meta name=\"robots\" content=\"index, follow, max-snippet:-1, max-image-preview:large, max-video-preview:-1\" \/>\n<link rel=\"canonical\" href=\"https:\/\/akunq.net\/turkish\/2011\/07\/15\/alaskert-2\/\" \/>\n<meta property=\"og:locale\" content=\"en_US\" \/>\n<meta property=\"og:type\" content=\"article\" \/>\n<meta property=\"og:title\" content=\"Ala\u015fkert - Bati Ermenistan Ve Bati Ermenileri Sorunlari Ara\u015ftirmalar Merkezi\" \/>\n<meta property=\"og:description\" content=\"Ala\u015fkert, Topraggale, Toprakkala, Toprakkale, Vala\u015fkert, Va\u011far\u015faker:. Bat\u0131 Ermenistan\u2019\u0131n, Ala\u015fkert Vadisi\u2019nin merkezi k\u0131sm\u0131n\u0131n kuzey b\u00f6l\u00fcm\u00fcnde bulunan kaza. Eski ve orta\u00e7a\u011fda B\u00fcy\u00fck Hayk\u2019\u0131n Ayrarat Eyaleti\u2019ndeki Bagrevand b\u00f6lgesinin \u00f6nemli bir b\u00f6l\u00fcm\u00fcn\u00fc olu\u015fturmaktayd\u0131. Osmanl\u0131 d\u00f6neminde Erzrum (Erzurum) Vilayeti\u2019nin Bayazet (Beyaz\u0131t, Do\u011fu Beyaz\u0131t) Sanca\u011f\u0131\u2019n\u0131n bir kazas\u0131 olmu\u015ftur. Ala\u015fkert kasabas\u0131 kaza merkeziydi. Verimli topraklara ve azg\u0131n akarsulara sahiptir. Kuzeyde Ermeni Par\u0131 [&hellip;]\" \/>\n<meta property=\"og:url\" content=\"https:\/\/akunq.net\/turkish\/2011\/07\/15\/alaskert-2\/\" \/>\n<meta property=\"og:site_name\" content=\"Bati Ermenistan Ve Bati Ermenileri Sorunlari Ara\u015ftirmalar Merkezi\" \/>\n<meta property=\"article:published_time\" content=\"2011-07-15T08:37:12+00:00\" \/>\n<meta name=\"author\" content=\"kalem\" \/>\n<meta name=\"twitter:card\" content=\"summary_large_image\" \/>\n<meta name=\"twitter:label1\" content=\"Written by\" \/>\n\t<meta name=\"twitter:data1\" content=\"kalem\" \/>\n\t<meta name=\"twitter:label2\" content=\"Est. reading time\" \/>\n\t<meta name=\"twitter:data2\" content=\"1 minute\" \/>\n<script type=\"application\/ld+json\" class=\"yoast-schema-graph\">{\"@context\":\"https:\\\/\\\/schema.org\",\"@graph\":[{\"@type\":\"Article\",\"@id\":\"https:\\\/\\\/akunq.net\\\/turkish\\\/2011\\\/07\\\/15\\\/alaskert-2\\\/#article\",\"isPartOf\":{\"@id\":\"https:\\\/\\\/akunq.net\\\/turkish\\\/2011\\\/07\\\/15\\\/alaskert-2\\\/\"},\"author\":{\"name\":\"kalem\",\"@id\":\"https:\\\/\\\/akunq.net\\\/turkish\\\/#\\\/schema\\\/person\\\/135e7923d1aeb8887890799619969a6c\"},\"headline\":\"Ala\u015fkert\",\"datePublished\":\"2011-07-15T08:37:12+00:00\",\"mainEntityOfPage\":{\"@id\":\"https:\\\/\\\/akunq.net\\\/turkish\\\/2011\\\/07\\\/15\\\/alaskert-2\\\/\"},\"wordCount\":241,\"commentCount\":0,\"articleSection\":[\"Bat\u0131 Ermenistan\u2019\u0131n \u0130l\u00e7eleri\"],\"inLanguage\":\"en-US\",\"potentialAction\":[{\"@type\":\"CommentAction\",\"name\":\"Comment\",\"target\":[\"https:\\\/\\\/akunq.net\\\/turkish\\\/2011\\\/07\\\/15\\\/alaskert-2\\\/#respond\"]}]},{\"@type\":\"WebPage\",\"@id\":\"https:\\\/\\\/akunq.net\\\/turkish\\\/2011\\\/07\\\/15\\\/alaskert-2\\\/\",\"url\":\"https:\\\/\\\/akunq.net\\\/turkish\\\/2011\\\/07\\\/15\\\/alaskert-2\\\/\",\"name\":\"Ala\u015fkert - Bati Ermenistan Ve Bati Ermenileri Sorunlari Ara\u015ftirmalar Merkezi\",\"isPartOf\":{\"@id\":\"https:\\\/\\\/akunq.net\\\/turkish\\\/#website\"},\"datePublished\":\"2011-07-15T08:37:12+00:00\",\"author\":{\"@id\":\"https:\\\/\\\/akunq.net\\\/turkish\\\/#\\\/schema\\\/person\\\/135e7923d1aeb8887890799619969a6c\"},\"breadcrumb\":{\"@id\":\"https:\\\/\\\/akunq.net\\\/turkish\\\/2011\\\/07\\\/15\\\/alaskert-2\\\/#breadcrumb\"},\"inLanguage\":\"en-US\",\"potentialAction\":[{\"@type\":\"ReadAction\",\"target\":[\"https:\\\/\\\/akunq.net\\\/turkish\\\/2011\\\/07\\\/15\\\/alaskert-2\\\/\"]}]},{\"@type\":\"BreadcrumbList\",\"@id\":\"https:\\\/\\\/akunq.net\\\/turkish\\\/2011\\\/07\\\/15\\\/alaskert-2\\\/#breadcrumb\",\"itemListElement\":[{\"@type\":\"ListItem\",\"position\":1,\"name\":\"Home\",\"item\":\"https:\\\/\\\/akunq.net\\\/turkish\\\/\"},{\"@type\":\"ListItem\",\"position\":2,\"name\":\"Ala\u015fkert\"}]},{\"@type\":\"WebSite\",\"@id\":\"https:\\\/\\\/akunq.net\\\/turkish\\\/#website\",\"url\":\"https:\\\/\\\/akunq.net\\\/turkish\\\/\",\"name\":\"Bati Ermenistan Ve Bati Ermenileri Sorunlari Ara\u015ftirmalar Merkezi\",\"description\":\"\",\"potentialAction\":[{\"@type\":\"SearchAction\",\"target\":{\"@type\":\"EntryPoint\",\"urlTemplate\":\"https:\\\/\\\/akunq.net\\\/turkish\\\/?s={search_term_string}\"},\"query-input\":{\"@type\":\"PropertyValueSpecification\",\"valueRequired\":true,\"valueName\":\"search_term_string\"}}],\"inLanguage\":\"en-US\"},{\"@type\":\"Person\",\"@id\":\"https:\\\/\\\/akunq.net\\\/turkish\\\/#\\\/schema\\\/person\\\/135e7923d1aeb8887890799619969a6c\",\"name\":\"kalem\",\"image\":{\"@type\":\"ImageObject\",\"inLanguage\":\"en-US\",\"@id\":\"https:\\\/\\\/secure.gravatar.com\\\/avatar\\\/a06875e4b25feb5674296adf8e8a7ae1e587cebce2493fe63c456109967e27d3?s=96&d=mm&r=g\",\"url\":\"https:\\\/\\\/secure.gravatar.com\\\/avatar\\\/a06875e4b25feb5674296adf8e8a7ae1e587cebce2493fe63c456109967e27d3?s=96&d=mm&r=g\",\"contentUrl\":\"https:\\\/\\\/secure.gravatar.com\\\/avatar\\\/a06875e4b25feb5674296adf8e8a7ae1e587cebce2493fe63c456109967e27d3?s=96&d=mm&r=g\",\"caption\":\"kalem\"},\"url\":\"https:\\\/\\\/akunq.net\\\/turkish\\\/author\\\/kalem\\\/\"}]}<\/script>\n<!-- \/ Yoast SEO plugin. -->","yoast_head_json":{"title":"Ala\u015fkert - Bati Ermenistan Ve Bati Ermenileri Sorunlari Ara\u015ftirmalar Merkezi","robots":{"index":"index","follow":"follow","max-snippet":"max-snippet:-1","max-image-preview":"max-image-preview:large","max-video-preview":"max-video-preview:-1"},"canonical":"https:\/\/akunq.net\/turkish\/2011\/07\/15\/alaskert-2\/","og_locale":"en_US","og_type":"article","og_title":"Ala\u015fkert - Bati Ermenistan Ve Bati Ermenileri Sorunlari Ara\u015ftirmalar Merkezi","og_description":"Ala\u015fkert, Topraggale, Toprakkala, Toprakkale, Vala\u015fkert, Va\u011far\u015faker:. Bat\u0131 Ermenistan\u2019\u0131n, Ala\u015fkert Vadisi\u2019nin merkezi k\u0131sm\u0131n\u0131n kuzey b\u00f6l\u00fcm\u00fcnde bulunan kaza. Eski ve orta\u00e7a\u011fda B\u00fcy\u00fck Hayk\u2019\u0131n Ayrarat Eyaleti\u2019ndeki Bagrevand b\u00f6lgesinin \u00f6nemli bir b\u00f6l\u00fcm\u00fcn\u00fc olu\u015fturmaktayd\u0131. Osmanl\u0131 d\u00f6neminde Erzrum (Erzurum) Vilayeti\u2019nin Bayazet (Beyaz\u0131t, Do\u011fu Beyaz\u0131t) Sanca\u011f\u0131\u2019n\u0131n bir kazas\u0131 olmu\u015ftur. Ala\u015fkert kasabas\u0131 kaza merkeziydi. Verimli topraklara ve azg\u0131n akarsulara sahiptir. Kuzeyde Ermeni Par\u0131 [&hellip;]","og_url":"https:\/\/akunq.net\/turkish\/2011\/07\/15\/alaskert-2\/","og_site_name":"Bati Ermenistan Ve Bati Ermenileri Sorunlari Ara\u015ftirmalar Merkezi","article_published_time":"2011-07-15T08:37:12+00:00","author":"kalem","twitter_card":"summary_large_image","twitter_misc":{"Written by":"kalem","Est. reading time":"1 minute"},"schema":{"@context":"https:\/\/schema.org","@graph":[{"@type":"Article","@id":"https:\/\/akunq.net\/turkish\/2011\/07\/15\/alaskert-2\/#article","isPartOf":{"@id":"https:\/\/akunq.net\/turkish\/2011\/07\/15\/alaskert-2\/"},"author":{"name":"kalem","@id":"https:\/\/akunq.net\/turkish\/#\/schema\/person\/135e7923d1aeb8887890799619969a6c"},"headline":"Ala\u015fkert","datePublished":"2011-07-15T08:37:12+00:00","mainEntityOfPage":{"@id":"https:\/\/akunq.net\/turkish\/2011\/07\/15\/alaskert-2\/"},"wordCount":241,"commentCount":0,"articleSection":["Bat\u0131 Ermenistan\u2019\u0131n \u0130l\u00e7eleri"],"inLanguage":"en-US","potentialAction":[{"@type":"CommentAction","name":"Comment","target":["https:\/\/akunq.net\/turkish\/2011\/07\/15\/alaskert-2\/#respond"]}]},{"@type":"WebPage","@id":"https:\/\/akunq.net\/turkish\/2011\/07\/15\/alaskert-2\/","url":"https:\/\/akunq.net\/turkish\/2011\/07\/15\/alaskert-2\/","name":"Ala\u015fkert - Bati Ermenistan Ve Bati Ermenileri Sorunlari Ara\u015ftirmalar Merkezi","isPartOf":{"@id":"https:\/\/akunq.net\/turkish\/#website"},"datePublished":"2011-07-15T08:37:12+00:00","author":{"@id":"https:\/\/akunq.net\/turkish\/#\/schema\/person\/135e7923d1aeb8887890799619969a6c"},"breadcrumb":{"@id":"https:\/\/akunq.net\/turkish\/2011\/07\/15\/alaskert-2\/#breadcrumb"},"inLanguage":"en-US","potentialAction":[{"@type":"ReadAction","target":["https:\/\/akunq.net\/turkish\/2011\/07\/15\/alaskert-2\/"]}]},{"@type":"BreadcrumbList","@id":"https:\/\/akunq.net\/turkish\/2011\/07\/15\/alaskert-2\/#breadcrumb","itemListElement":[{"@type":"ListItem","position":1,"name":"Home","item":"https:\/\/akunq.net\/turkish\/"},{"@type":"ListItem","position":2,"name":"Ala\u015fkert"}]},{"@type":"WebSite","@id":"https:\/\/akunq.net\/turkish\/#website","url":"https:\/\/akunq.net\/turkish\/","name":"Bati Ermenistan Ve Bati Ermenileri Sorunlari Ara\u015ftirmalar Merkezi","description":"","potentialAction":[{"@type":"SearchAction","target":{"@type":"EntryPoint","urlTemplate":"https:\/\/akunq.net\/turkish\/?s={search_term_string}"},"query-input":{"@type":"PropertyValueSpecification","valueRequired":true,"valueName":"search_term_string"}}],"inLanguage":"en-US"},{"@type":"Person","@id":"https:\/\/akunq.net\/turkish\/#\/schema\/person\/135e7923d1aeb8887890799619969a6c","name":"kalem","image":{"@type":"ImageObject","inLanguage":"en-US","@id":"https:\/\/secure.gravatar.com\/avatar\/a06875e4b25feb5674296adf8e8a7ae1e587cebce2493fe63c456109967e27d3?s=96&d=mm&r=g","url":"https:\/\/secure.gravatar.com\/avatar\/a06875e4b25feb5674296adf8e8a7ae1e587cebce2493fe63c456109967e27d3?s=96&d=mm&r=g","contentUrl":"https:\/\/secure.gravatar.com\/avatar\/a06875e4b25feb5674296adf8e8a7ae1e587cebce2493fe63c456109967e27d3?s=96&d=mm&r=g","caption":"kalem"},"url":"https:\/\/akunq.net\/turkish\/author\/kalem\/"}]}},"_links":{"self":[{"href":"https:\/\/akunq.net\/turkish\/wp-json\/wp\/v2\/posts\/6931","targetHints":{"allow":["GET"]}}],"collection":[{"href":"https:\/\/akunq.net\/turkish\/wp-json\/wp\/v2\/posts"}],"about":[{"href":"https:\/\/akunq.net\/turkish\/wp-json\/wp\/v2\/types\/post"}],"author":[{"embeddable":true,"href":"https:\/\/akunq.net\/turkish\/wp-json\/wp\/v2\/users\/3"}],"replies":[{"embeddable":true,"href":"https:\/\/akunq.net\/turkish\/wp-json\/wp\/v2\/comments?post=6931"}],"version-history":[{"count":0,"href":"https:\/\/akunq.net\/turkish\/wp-json\/wp\/v2\/posts\/6931\/revisions"}],"wp:attachment":[{"href":"https:\/\/akunq.net\/turkish\/wp-json\/wp\/v2\/media?parent=6931"}],"wp:term":[{"taxonomy":"category","embeddable":true,"href":"https:\/\/akunq.net\/turkish\/wp-json\/wp\/v2\/categories?post=6931"},{"taxonomy":"post_tag","embeddable":true,"href":"https:\/\/akunq.net\/turkish\/wp-json\/wp\/v2\/tags?post=6931"}],"curies":[{"name":"wp","href":"https:\/\/api.w.org\/{rel}","templated":true}]}}