{"id":6910,"date":"2011-07-15T03:10:38","date_gmt":"2011-07-15T08:10:38","guid":{"rendered":"http:\/\/akunq.net\/tr\/?p=6910"},"modified":"2011-07-15T03:10:38","modified_gmt":"2011-07-15T08:10:38","slug":"artzke-alcavaz","status":"publish","type":"post","link":"https:\/\/akunq.net\/turkish\/2011\/07\/15\/artzke-alcavaz\/","title":{"rendered":"Artzke-Alcavaz"},"content":{"rendered":"<p style=\"text-align: justify\"><strong>Artzke-Alcavaz<\/strong>, <em>Adilcevaz<\/em>. Bat\u0131 Ermenistan\u2019\u0131n Van Eyaleti\u2019nde, Van G\u00f6l\u00fc\u2019n\u00fcn kuzeybat\u0131 k\u0131y\u0131s\u0131nda bulunan il\u00e7edir. XVI.-XVII. y\u00fczy\u0131llar\u0131nda Artzke-Alcavaz, Osmanl\u0131-\u0130ran sava\u015flar\u0131 neticesinde bir\u00e7ok kereler y\u0131k\u0131l\u0131p virane duruma gelmi\u015ftir. B\u00f6lge, 1555 Amasya ve 1639 Kasr-\u0131 \u015eirin antla\u015fmalar\u0131yla Osmanl\u0131 Sultanl\u0131\u011f\u0131\u2019na ge\u00e7mi\u015ftir.<\/p>\n<p style=\"text-align: justify\">Artzke b\u00f6lgesi, Van Vilayeti\u2019ne ba\u011fl\u0131 bir sancak durumundayken, 1840\u2019lar\u0131n ortas\u0131ndan itibaren, merkezi Artzke olmak \u00fczere kazaya d\u00f6n\u00fc\u015fm\u00fc\u015ft\u00fcr.<\/p>\n<p style=\"text-align: justify\">Artzke-Alcavaz, XIX. y\u00fczy\u0131l sonlar\u0131nda yakla\u015f\u0131k 16 bin n\u00fcfusa sahipti. B\u00f6lgenin sakinleri genelde tar\u0131m ve zanaat, g\u00f6l k\u0131y\u0131s\u0131nda bulunan baz\u0131 k\u00f6ylerde (Ar\u00e7ra, Barkat, Karake\u015fi\u015f, Ko\u00e7er vs.) ise bal\u0131k\u00e7\u0131l\u0131ktan ge\u00e7imlerini sa\u011flamaktayd\u0131.<\/p>\n<p style=\"text-align: justify\">1895\u201396 y\u0131llar\u0131nda Artzke-Alcavaz b\u00f6lgesi Ermenileri, k\u0131r\u0131m ve talana u\u011fram\u0131\u015f, bir k\u0131sm\u0131 g\u00f6\u00e7 etmi\u015ftir.<\/p>\n<p style=\"text-align: justify\">1915 soyk\u0131r\u0131m\u0131 esnas\u0131nda Artzke-Alcavaz\u2019da yerle\u015fik yakla\u015f\u0131k 1200 hane Ermenilerden bir k\u0131sm\u0131 \u00f6ld\u00fcr\u00fclm\u00fc\u015f, kurtulanlar ise Do\u011fu Ermenistan\u2019a s\u0131\u011f\u0131nm\u0131\u015flard\u0131r.<\/p>\n<p style=\"text-align: justify\"><strong>K\u00fc\u00e7\u00fck Ermeni Ansiklopedisi, I. Cilt, Yerevan, 1990.<\/strong><\/p>\n","protected":false},"excerpt":{"rendered":"<p>Artzke-Alcavaz, Adilcevaz. Bat\u0131 Ermenistan\u2019\u0131n Van Eyaleti\u2019nde, Van G\u00f6l\u00fc\u2019n\u00fcn kuzeybat\u0131 k\u0131y\u0131s\u0131nda bulunan il\u00e7edir. XVI.-XVII. y\u00fczy\u0131llar\u0131nda Artzke-Alcavaz, Osmanl\u0131-\u0130ran sava\u015flar\u0131 neticesinde bir\u00e7ok kereler y\u0131k\u0131l\u0131p virane duruma gelmi\u015ftir. B\u00f6lge, 1555 Amasya ve 1639 Kasr-\u0131 \u015eirin antla\u015fmalar\u0131yla Osmanl\u0131 Sultanl\u0131\u011f\u0131\u2019na ge\u00e7mi\u015ftir. Artzke b\u00f6lgesi, Van Vilayeti\u2019ne ba\u011fl\u0131 bir sancak durumundayken, 1840\u2019lar\u0131n ortas\u0131ndan itibaren, merkezi Artzke olmak \u00fczere kazaya d\u00f6n\u00fc\u015fm\u00fc\u015ft\u00fcr. Artzke-Alcavaz, XIX. y\u00fczy\u0131l [&hellip;]<\/p>\n","protected":false},"author":3,"featured_media":0,"comment_status":"open","ping_status":"open","sticky":false,"template":"","format":"standard","meta":{"footnotes":""},"categories":[47],"tags":[],"class_list":["post-6910","post","type-post","status-publish","format-standard","hentry","category-bati-ermenistanin-ilceleri"],"yoast_head":"<!-- This site is optimized with the Yoast SEO plugin v27.4 - https:\/\/yoast.com\/product\/yoast-seo-wordpress\/ -->\n<title>Artzke-Alcavaz - Bati Ermenistan Ve Bati Ermenileri Sorunlari Ara\u015ftirmalar Merkezi<\/title>\n<meta name=\"robots\" content=\"index, follow, max-snippet:-1, max-image-preview:large, max-video-preview:-1\" \/>\n<link rel=\"canonical\" href=\"https:\/\/akunq.net\/turkish\/2011\/07\/15\/artzke-alcavaz\/\" \/>\n<meta property=\"og:locale\" content=\"en_US\" \/>\n<meta property=\"og:type\" content=\"article\" \/>\n<meta property=\"og:title\" content=\"Artzke-Alcavaz - Bati Ermenistan Ve Bati Ermenileri Sorunlari Ara\u015ftirmalar Merkezi\" \/>\n<meta property=\"og:description\" content=\"Artzke-Alcavaz, Adilcevaz. Bat\u0131 Ermenistan\u2019\u0131n Van Eyaleti\u2019nde, Van G\u00f6l\u00fc\u2019n\u00fcn kuzeybat\u0131 k\u0131y\u0131s\u0131nda bulunan il\u00e7edir. XVI.-XVII. y\u00fczy\u0131llar\u0131nda Artzke-Alcavaz, Osmanl\u0131-\u0130ran sava\u015flar\u0131 neticesinde bir\u00e7ok kereler y\u0131k\u0131l\u0131p virane duruma gelmi\u015ftir. B\u00f6lge, 1555 Amasya ve 1639 Kasr-\u0131 \u015eirin antla\u015fmalar\u0131yla Osmanl\u0131 Sultanl\u0131\u011f\u0131\u2019na ge\u00e7mi\u015ftir. Artzke b\u00f6lgesi, Van Vilayeti\u2019ne ba\u011fl\u0131 bir sancak durumundayken, 1840\u2019lar\u0131n ortas\u0131ndan itibaren, merkezi Artzke olmak \u00fczere kazaya d\u00f6n\u00fc\u015fm\u00fc\u015ft\u00fcr. Artzke-Alcavaz, XIX. y\u00fczy\u0131l [&hellip;]\" \/>\n<meta property=\"og:url\" content=\"https:\/\/akunq.net\/turkish\/2011\/07\/15\/artzke-alcavaz\/\" \/>\n<meta property=\"og:site_name\" content=\"Bati Ermenistan Ve Bati Ermenileri Sorunlari Ara\u015ftirmalar Merkezi\" \/>\n<meta property=\"article:published_time\" content=\"2011-07-15T08:10:38+00:00\" \/>\n<meta name=\"author\" content=\"kalem\" \/>\n<meta name=\"twitter:card\" content=\"summary_large_image\" \/>\n<meta name=\"twitter:label1\" content=\"Written by\" \/>\n\t<meta name=\"twitter:data1\" content=\"kalem\" \/>\n\t<meta name=\"twitter:label2\" content=\"Est. reading time\" \/>\n\t<meta name=\"twitter:data2\" content=\"1 minute\" \/>\n<script type=\"application\/ld+json\" class=\"yoast-schema-graph\">{\"@context\":\"https:\\\/\\\/schema.org\",\"@graph\":[{\"@type\":\"Article\",\"@id\":\"https:\\\/\\\/akunq.net\\\/turkish\\\/2011\\\/07\\\/15\\\/artzke-alcavaz\\\/#article\",\"isPartOf\":{\"@id\":\"https:\\\/\\\/akunq.net\\\/turkish\\\/2011\\\/07\\\/15\\\/artzke-alcavaz\\\/\"},\"author\":{\"name\":\"kalem\",\"@id\":\"https:\\\/\\\/akunq.net\\\/turkish\\\/#\\\/schema\\\/person\\\/135e7923d1aeb8887890799619969a6c\"},\"headline\":\"Artzke-Alcavaz\",\"datePublished\":\"2011-07-15T08:10:38+00:00\",\"mainEntityOfPage\":{\"@id\":\"https:\\\/\\\/akunq.net\\\/turkish\\\/2011\\\/07\\\/15\\\/artzke-alcavaz\\\/\"},\"wordCount\":191,\"commentCount\":0,\"articleSection\":[\"Bat\u0131 Ermenistan\u2019\u0131n \u0130l\u00e7eleri\"],\"inLanguage\":\"en-US\",\"potentialAction\":[{\"@type\":\"CommentAction\",\"name\":\"Comment\",\"target\":[\"https:\\\/\\\/akunq.net\\\/turkish\\\/2011\\\/07\\\/15\\\/artzke-alcavaz\\\/#respond\"]}]},{\"@type\":\"WebPage\",\"@id\":\"https:\\\/\\\/akunq.net\\\/turkish\\\/2011\\\/07\\\/15\\\/artzke-alcavaz\\\/\",\"url\":\"https:\\\/\\\/akunq.net\\\/turkish\\\/2011\\\/07\\\/15\\\/artzke-alcavaz\\\/\",\"name\":\"Artzke-Alcavaz - Bati Ermenistan Ve Bati Ermenileri Sorunlari Ara\u015ftirmalar Merkezi\",\"isPartOf\":{\"@id\":\"https:\\\/\\\/akunq.net\\\/turkish\\\/#website\"},\"datePublished\":\"2011-07-15T08:10:38+00:00\",\"author\":{\"@id\":\"https:\\\/\\\/akunq.net\\\/turkish\\\/#\\\/schema\\\/person\\\/135e7923d1aeb8887890799619969a6c\"},\"breadcrumb\":{\"@id\":\"https:\\\/\\\/akunq.net\\\/turkish\\\/2011\\\/07\\\/15\\\/artzke-alcavaz\\\/#breadcrumb\"},\"inLanguage\":\"en-US\",\"potentialAction\":[{\"@type\":\"ReadAction\",\"target\":[\"https:\\\/\\\/akunq.net\\\/turkish\\\/2011\\\/07\\\/15\\\/artzke-alcavaz\\\/\"]}]},{\"@type\":\"BreadcrumbList\",\"@id\":\"https:\\\/\\\/akunq.net\\\/turkish\\\/2011\\\/07\\\/15\\\/artzke-alcavaz\\\/#breadcrumb\",\"itemListElement\":[{\"@type\":\"ListItem\",\"position\":1,\"name\":\"Home\",\"item\":\"https:\\\/\\\/akunq.net\\\/turkish\\\/\"},{\"@type\":\"ListItem\",\"position\":2,\"name\":\"Artzke-Alcavaz\"}]},{\"@type\":\"WebSite\",\"@id\":\"https:\\\/\\\/akunq.net\\\/turkish\\\/#website\",\"url\":\"https:\\\/\\\/akunq.net\\\/turkish\\\/\",\"name\":\"Bati Ermenistan Ve Bati Ermenileri Sorunlari Ara\u015ftirmalar Merkezi\",\"description\":\"\",\"potentialAction\":[{\"@type\":\"SearchAction\",\"target\":{\"@type\":\"EntryPoint\",\"urlTemplate\":\"https:\\\/\\\/akunq.net\\\/turkish\\\/?s={search_term_string}\"},\"query-input\":{\"@type\":\"PropertyValueSpecification\",\"valueRequired\":true,\"valueName\":\"search_term_string\"}}],\"inLanguage\":\"en-US\"},{\"@type\":\"Person\",\"@id\":\"https:\\\/\\\/akunq.net\\\/turkish\\\/#\\\/schema\\\/person\\\/135e7923d1aeb8887890799619969a6c\",\"name\":\"kalem\",\"image\":{\"@type\":\"ImageObject\",\"inLanguage\":\"en-US\",\"@id\":\"https:\\\/\\\/secure.gravatar.com\\\/avatar\\\/a06875e4b25feb5674296adf8e8a7ae1e587cebce2493fe63c456109967e27d3?s=96&d=mm&r=g\",\"url\":\"https:\\\/\\\/secure.gravatar.com\\\/avatar\\\/a06875e4b25feb5674296adf8e8a7ae1e587cebce2493fe63c456109967e27d3?s=96&d=mm&r=g\",\"contentUrl\":\"https:\\\/\\\/secure.gravatar.com\\\/avatar\\\/a06875e4b25feb5674296adf8e8a7ae1e587cebce2493fe63c456109967e27d3?s=96&d=mm&r=g\",\"caption\":\"kalem\"},\"url\":\"https:\\\/\\\/akunq.net\\\/turkish\\\/author\\\/kalem\\\/\"}]}<\/script>\n<!-- \/ Yoast SEO plugin. -->","yoast_head_json":{"title":"Artzke-Alcavaz - Bati Ermenistan Ve Bati Ermenileri Sorunlari Ara\u015ftirmalar Merkezi","robots":{"index":"index","follow":"follow","max-snippet":"max-snippet:-1","max-image-preview":"max-image-preview:large","max-video-preview":"max-video-preview:-1"},"canonical":"https:\/\/akunq.net\/turkish\/2011\/07\/15\/artzke-alcavaz\/","og_locale":"en_US","og_type":"article","og_title":"Artzke-Alcavaz - Bati Ermenistan Ve Bati Ermenileri Sorunlari Ara\u015ftirmalar Merkezi","og_description":"Artzke-Alcavaz, Adilcevaz. Bat\u0131 Ermenistan\u2019\u0131n Van Eyaleti\u2019nde, Van G\u00f6l\u00fc\u2019n\u00fcn kuzeybat\u0131 k\u0131y\u0131s\u0131nda bulunan il\u00e7edir. XVI.-XVII. y\u00fczy\u0131llar\u0131nda Artzke-Alcavaz, Osmanl\u0131-\u0130ran sava\u015flar\u0131 neticesinde bir\u00e7ok kereler y\u0131k\u0131l\u0131p virane duruma gelmi\u015ftir. B\u00f6lge, 1555 Amasya ve 1639 Kasr-\u0131 \u015eirin antla\u015fmalar\u0131yla Osmanl\u0131 Sultanl\u0131\u011f\u0131\u2019na ge\u00e7mi\u015ftir. Artzke b\u00f6lgesi, Van Vilayeti\u2019ne ba\u011fl\u0131 bir sancak durumundayken, 1840\u2019lar\u0131n ortas\u0131ndan itibaren, merkezi Artzke olmak \u00fczere kazaya d\u00f6n\u00fc\u015fm\u00fc\u015ft\u00fcr. Artzke-Alcavaz, XIX. y\u00fczy\u0131l [&hellip;]","og_url":"https:\/\/akunq.net\/turkish\/2011\/07\/15\/artzke-alcavaz\/","og_site_name":"Bati Ermenistan Ve Bati Ermenileri Sorunlari Ara\u015ftirmalar Merkezi","article_published_time":"2011-07-15T08:10:38+00:00","author":"kalem","twitter_card":"summary_large_image","twitter_misc":{"Written by":"kalem","Est. reading time":"1 minute"},"schema":{"@context":"https:\/\/schema.org","@graph":[{"@type":"Article","@id":"https:\/\/akunq.net\/turkish\/2011\/07\/15\/artzke-alcavaz\/#article","isPartOf":{"@id":"https:\/\/akunq.net\/turkish\/2011\/07\/15\/artzke-alcavaz\/"},"author":{"name":"kalem","@id":"https:\/\/akunq.net\/turkish\/#\/schema\/person\/135e7923d1aeb8887890799619969a6c"},"headline":"Artzke-Alcavaz","datePublished":"2011-07-15T08:10:38+00:00","mainEntityOfPage":{"@id":"https:\/\/akunq.net\/turkish\/2011\/07\/15\/artzke-alcavaz\/"},"wordCount":191,"commentCount":0,"articleSection":["Bat\u0131 Ermenistan\u2019\u0131n \u0130l\u00e7eleri"],"inLanguage":"en-US","potentialAction":[{"@type":"CommentAction","name":"Comment","target":["https:\/\/akunq.net\/turkish\/2011\/07\/15\/artzke-alcavaz\/#respond"]}]},{"@type":"WebPage","@id":"https:\/\/akunq.net\/turkish\/2011\/07\/15\/artzke-alcavaz\/","url":"https:\/\/akunq.net\/turkish\/2011\/07\/15\/artzke-alcavaz\/","name":"Artzke-Alcavaz - Bati Ermenistan Ve Bati Ermenileri Sorunlari Ara\u015ftirmalar Merkezi","isPartOf":{"@id":"https:\/\/akunq.net\/turkish\/#website"},"datePublished":"2011-07-15T08:10:38+00:00","author":{"@id":"https:\/\/akunq.net\/turkish\/#\/schema\/person\/135e7923d1aeb8887890799619969a6c"},"breadcrumb":{"@id":"https:\/\/akunq.net\/turkish\/2011\/07\/15\/artzke-alcavaz\/#breadcrumb"},"inLanguage":"en-US","potentialAction":[{"@type":"ReadAction","target":["https:\/\/akunq.net\/turkish\/2011\/07\/15\/artzke-alcavaz\/"]}]},{"@type":"BreadcrumbList","@id":"https:\/\/akunq.net\/turkish\/2011\/07\/15\/artzke-alcavaz\/#breadcrumb","itemListElement":[{"@type":"ListItem","position":1,"name":"Home","item":"https:\/\/akunq.net\/turkish\/"},{"@type":"ListItem","position":2,"name":"Artzke-Alcavaz"}]},{"@type":"WebSite","@id":"https:\/\/akunq.net\/turkish\/#website","url":"https:\/\/akunq.net\/turkish\/","name":"Bati Ermenistan Ve Bati Ermenileri Sorunlari Ara\u015ftirmalar Merkezi","description":"","potentialAction":[{"@type":"SearchAction","target":{"@type":"EntryPoint","urlTemplate":"https:\/\/akunq.net\/turkish\/?s={search_term_string}"},"query-input":{"@type":"PropertyValueSpecification","valueRequired":true,"valueName":"search_term_string"}}],"inLanguage":"en-US"},{"@type":"Person","@id":"https:\/\/akunq.net\/turkish\/#\/schema\/person\/135e7923d1aeb8887890799619969a6c","name":"kalem","image":{"@type":"ImageObject","inLanguage":"en-US","@id":"https:\/\/secure.gravatar.com\/avatar\/a06875e4b25feb5674296adf8e8a7ae1e587cebce2493fe63c456109967e27d3?s=96&d=mm&r=g","url":"https:\/\/secure.gravatar.com\/avatar\/a06875e4b25feb5674296adf8e8a7ae1e587cebce2493fe63c456109967e27d3?s=96&d=mm&r=g","contentUrl":"https:\/\/secure.gravatar.com\/avatar\/a06875e4b25feb5674296adf8e8a7ae1e587cebce2493fe63c456109967e27d3?s=96&d=mm&r=g","caption":"kalem"},"url":"https:\/\/akunq.net\/turkish\/author\/kalem\/"}]}},"_links":{"self":[{"href":"https:\/\/akunq.net\/turkish\/wp-json\/wp\/v2\/posts\/6910","targetHints":{"allow":["GET"]}}],"collection":[{"href":"https:\/\/akunq.net\/turkish\/wp-json\/wp\/v2\/posts"}],"about":[{"href":"https:\/\/akunq.net\/turkish\/wp-json\/wp\/v2\/types\/post"}],"author":[{"embeddable":true,"href":"https:\/\/akunq.net\/turkish\/wp-json\/wp\/v2\/users\/3"}],"replies":[{"embeddable":true,"href":"https:\/\/akunq.net\/turkish\/wp-json\/wp\/v2\/comments?post=6910"}],"version-history":[{"count":0,"href":"https:\/\/akunq.net\/turkish\/wp-json\/wp\/v2\/posts\/6910\/revisions"}],"wp:attachment":[{"href":"https:\/\/akunq.net\/turkish\/wp-json\/wp\/v2\/media?parent=6910"}],"wp:term":[{"taxonomy":"category","embeddable":true,"href":"https:\/\/akunq.net\/turkish\/wp-json\/wp\/v2\/categories?post=6910"},{"taxonomy":"post_tag","embeddable":true,"href":"https:\/\/akunq.net\/turkish\/wp-json\/wp\/v2\/tags?post=6910"}],"curies":[{"name":"wp","href":"https:\/\/api.w.org\/{rel}","templated":true}]}}