{"id":6873,"date":"2011-07-14T05:43:56","date_gmt":"2011-07-14T10:43:56","guid":{"rendered":"http:\/\/akunq.net\/tr\/?p=6873"},"modified":"2011-07-14T05:43:56","modified_gmt":"2011-07-14T10:43:56","slug":"berdak-pertek-dersim","status":"publish","type":"post","link":"https:\/\/akunq.net\/turkish\/2011\/07\/14\/berdak-pertek-dersim\/","title":{"rendered":"Berdak (Pertek, Dersim)"},"content":{"rendered":"<p style=\"text-align: justify\">Berdak\u2019\u0131n antik tarihiyle ilgili veriler yoktur. Eski yerle\u015fimin, Berdak kalesi eteklerinde kurulu oldu\u011fu bilinmektedir.<\/p>\n<p style=\"text-align: justify\">Eskiden bu b\u00f6lgede Urartular\u0131n ya\u015fad\u0131\u011f\u0131 bilinmektedir. B\u00f6lge, Urartulardan sonra Mu\u015fklara, Medyal\u0131lara, Farslara, Kapadokya Krall\u0131\u011f\u0131\u2019na, Ermeni Krall\u0131\u011f\u0131\u2019na, Romal\u0131lara ve Bizans egemenli\u011fine ge\u00e7mi\u015ftir.<\/p>\n<p style=\"text-align: justify\">VII. y\u00fczy\u0131lda Arap sald\u0131r\u0131lar\u0131na maruz kalm\u0131\u015ft\u0131r. G\u00fcn\u00fcm\u00fczde Keban Baraj\u0131\u2019n\u0131n sular\u0131 alt\u0131nda kalm\u0131\u015f olan eski Berdak, farkl\u0131 d\u00f6nemlerde zoraki g\u00f6\u00e7lere tabi olmu\u015f, daha sonra da Berdak kalesiyle birlikte baraj b\u00f6lgesindeki yeni Berdak\u2019a ta\u015f\u0131nm\u0131\u015ft\u0131r. Baz\u0131 kiliseler de baraj sular\u0131 alt\u0131nda kalm\u0131\u015ft\u0131r.<\/p>\n<p style=\"text-align: justify\">1915 Soyk\u0131r\u0131m\u0131 esnas\u0131nda Berdak\u2019tan resmi verilere g\u00f6re 6537 Ermeni tehcir ettirilmi\u015ftir.<\/p>\n<p style=\"text-align: justify\"><strong><a href=\"http:\/\/team-aow.discuforum.info\/t3006-Pertek-Tunceli-Dersim.htm\">http:\/\/team-aow.discuforum.info\/t3006-Pertek-Tunceli-Dersim.htm<\/a><\/strong><\/p>\n","protected":false},"excerpt":{"rendered":"<p>Berdak\u2019\u0131n antik tarihiyle ilgili veriler yoktur. Eski yerle\u015fimin, Berdak kalesi eteklerinde kurulu oldu\u011fu bilinmektedir. Eskiden bu b\u00f6lgede Urartular\u0131n ya\u015fad\u0131\u011f\u0131 bilinmektedir. B\u00f6lge, Urartulardan sonra Mu\u015fklara, Medyal\u0131lara, Farslara, Kapadokya Krall\u0131\u011f\u0131\u2019na, Ermeni Krall\u0131\u011f\u0131\u2019na, Romal\u0131lara ve Bizans egemenli\u011fine ge\u00e7mi\u015ftir. VII. y\u00fczy\u0131lda Arap sald\u0131r\u0131lar\u0131na maruz kalm\u0131\u015ft\u0131r. G\u00fcn\u00fcm\u00fczde Keban Baraj\u0131\u2019n\u0131n sular\u0131 alt\u0131nda kalm\u0131\u015f olan eski Berdak, farkl\u0131 d\u00f6nemlerde zoraki g\u00f6\u00e7lere tabi [&hellip;]<\/p>\n","protected":false},"author":3,"featured_media":0,"comment_status":"open","ping_status":"open","sticky":false,"template":"","format":"standard","meta":{"footnotes":""},"categories":[47],"tags":[],"class_list":["post-6873","post","type-post","status-publish","format-standard","hentry","category-bati-ermenistanin-ilceleri"],"yoast_head":"<!-- This site is optimized with the Yoast SEO plugin v27.4 - https:\/\/yoast.com\/product\/yoast-seo-wordpress\/ -->\n<title>Berdak (Pertek, Dersim) - Bati Ermenistan Ve Bati Ermenileri Sorunlari Ara\u015ftirmalar Merkezi<\/title>\n<meta name=\"robots\" content=\"index, follow, max-snippet:-1, max-image-preview:large, max-video-preview:-1\" \/>\n<link rel=\"canonical\" href=\"https:\/\/akunq.net\/turkish\/2011\/07\/14\/berdak-pertek-dersim\/\" \/>\n<meta property=\"og:locale\" content=\"en_US\" \/>\n<meta property=\"og:type\" content=\"article\" \/>\n<meta property=\"og:title\" content=\"Berdak (Pertek, Dersim) - Bati Ermenistan Ve Bati Ermenileri Sorunlari Ara\u015ftirmalar Merkezi\" \/>\n<meta property=\"og:description\" content=\"Berdak\u2019\u0131n antik tarihiyle ilgili veriler yoktur. Eski yerle\u015fimin, Berdak kalesi eteklerinde kurulu oldu\u011fu bilinmektedir. Eskiden bu b\u00f6lgede Urartular\u0131n ya\u015fad\u0131\u011f\u0131 bilinmektedir. B\u00f6lge, Urartulardan sonra Mu\u015fklara, Medyal\u0131lara, Farslara, Kapadokya Krall\u0131\u011f\u0131\u2019na, Ermeni Krall\u0131\u011f\u0131\u2019na, Romal\u0131lara ve Bizans egemenli\u011fine ge\u00e7mi\u015ftir. VII. y\u00fczy\u0131lda Arap sald\u0131r\u0131lar\u0131na maruz kalm\u0131\u015ft\u0131r. G\u00fcn\u00fcm\u00fczde Keban Baraj\u0131\u2019n\u0131n sular\u0131 alt\u0131nda kalm\u0131\u015f olan eski Berdak, farkl\u0131 d\u00f6nemlerde zoraki g\u00f6\u00e7lere tabi [&hellip;]\" \/>\n<meta property=\"og:url\" content=\"https:\/\/akunq.net\/turkish\/2011\/07\/14\/berdak-pertek-dersim\/\" \/>\n<meta property=\"og:site_name\" content=\"Bati Ermenistan Ve Bati Ermenileri Sorunlari Ara\u015ftirmalar Merkezi\" \/>\n<meta property=\"article:published_time\" content=\"2011-07-14T10:43:56+00:00\" \/>\n<meta name=\"author\" content=\"kalem\" \/>\n<meta name=\"twitter:card\" content=\"summary_large_image\" \/>\n<meta name=\"twitter:label1\" content=\"Written by\" \/>\n\t<meta name=\"twitter:data1\" content=\"kalem\" \/>\n\t<meta name=\"twitter:label2\" content=\"Est. reading time\" \/>\n\t<meta name=\"twitter:data2\" content=\"1 minute\" \/>\n<script type=\"application\/ld+json\" class=\"yoast-schema-graph\">{\"@context\":\"https:\\\/\\\/schema.org\",\"@graph\":[{\"@type\":\"Article\",\"@id\":\"https:\\\/\\\/akunq.net\\\/turkish\\\/2011\\\/07\\\/14\\\/berdak-pertek-dersim\\\/#article\",\"isPartOf\":{\"@id\":\"https:\\\/\\\/akunq.net\\\/turkish\\\/2011\\\/07\\\/14\\\/berdak-pertek-dersim\\\/\"},\"author\":{\"name\":\"kalem\",\"@id\":\"https:\\\/\\\/akunq.net\\\/turkish\\\/#\\\/schema\\\/person\\\/135e7923d1aeb8887890799619969a6c\"},\"headline\":\"Berdak (Pertek, Dersim)\",\"datePublished\":\"2011-07-14T10:43:56+00:00\",\"mainEntityOfPage\":{\"@id\":\"https:\\\/\\\/akunq.net\\\/turkish\\\/2011\\\/07\\\/14\\\/berdak-pertek-dersim\\\/\"},\"wordCount\":137,\"commentCount\":0,\"articleSection\":[\"Bat\u0131 Ermenistan\u2019\u0131n \u0130l\u00e7eleri\"],\"inLanguage\":\"en-US\",\"potentialAction\":[{\"@type\":\"CommentAction\",\"name\":\"Comment\",\"target\":[\"https:\\\/\\\/akunq.net\\\/turkish\\\/2011\\\/07\\\/14\\\/berdak-pertek-dersim\\\/#respond\"]}]},{\"@type\":\"WebPage\",\"@id\":\"https:\\\/\\\/akunq.net\\\/turkish\\\/2011\\\/07\\\/14\\\/berdak-pertek-dersim\\\/\",\"url\":\"https:\\\/\\\/akunq.net\\\/turkish\\\/2011\\\/07\\\/14\\\/berdak-pertek-dersim\\\/\",\"name\":\"Berdak (Pertek, Dersim) - Bati Ermenistan Ve Bati Ermenileri Sorunlari Ara\u015ftirmalar Merkezi\",\"isPartOf\":{\"@id\":\"https:\\\/\\\/akunq.net\\\/turkish\\\/#website\"},\"datePublished\":\"2011-07-14T10:43:56+00:00\",\"author\":{\"@id\":\"https:\\\/\\\/akunq.net\\\/turkish\\\/#\\\/schema\\\/person\\\/135e7923d1aeb8887890799619969a6c\"},\"breadcrumb\":{\"@id\":\"https:\\\/\\\/akunq.net\\\/turkish\\\/2011\\\/07\\\/14\\\/berdak-pertek-dersim\\\/#breadcrumb\"},\"inLanguage\":\"en-US\",\"potentialAction\":[{\"@type\":\"ReadAction\",\"target\":[\"https:\\\/\\\/akunq.net\\\/turkish\\\/2011\\\/07\\\/14\\\/berdak-pertek-dersim\\\/\"]}]},{\"@type\":\"BreadcrumbList\",\"@id\":\"https:\\\/\\\/akunq.net\\\/turkish\\\/2011\\\/07\\\/14\\\/berdak-pertek-dersim\\\/#breadcrumb\",\"itemListElement\":[{\"@type\":\"ListItem\",\"position\":1,\"name\":\"Home\",\"item\":\"https:\\\/\\\/akunq.net\\\/turkish\\\/\"},{\"@type\":\"ListItem\",\"position\":2,\"name\":\"Berdak (Pertek, Dersim)\"}]},{\"@type\":\"WebSite\",\"@id\":\"https:\\\/\\\/akunq.net\\\/turkish\\\/#website\",\"url\":\"https:\\\/\\\/akunq.net\\\/turkish\\\/\",\"name\":\"Bati Ermenistan Ve Bati Ermenileri Sorunlari Ara\u015ftirmalar Merkezi\",\"description\":\"\",\"potentialAction\":[{\"@type\":\"SearchAction\",\"target\":{\"@type\":\"EntryPoint\",\"urlTemplate\":\"https:\\\/\\\/akunq.net\\\/turkish\\\/?s={search_term_string}\"},\"query-input\":{\"@type\":\"PropertyValueSpecification\",\"valueRequired\":true,\"valueName\":\"search_term_string\"}}],\"inLanguage\":\"en-US\"},{\"@type\":\"Person\",\"@id\":\"https:\\\/\\\/akunq.net\\\/turkish\\\/#\\\/schema\\\/person\\\/135e7923d1aeb8887890799619969a6c\",\"name\":\"kalem\",\"image\":{\"@type\":\"ImageObject\",\"inLanguage\":\"en-US\",\"@id\":\"https:\\\/\\\/secure.gravatar.com\\\/avatar\\\/a06875e4b25feb5674296adf8e8a7ae1e587cebce2493fe63c456109967e27d3?s=96&d=mm&r=g\",\"url\":\"https:\\\/\\\/secure.gravatar.com\\\/avatar\\\/a06875e4b25feb5674296adf8e8a7ae1e587cebce2493fe63c456109967e27d3?s=96&d=mm&r=g\",\"contentUrl\":\"https:\\\/\\\/secure.gravatar.com\\\/avatar\\\/a06875e4b25feb5674296adf8e8a7ae1e587cebce2493fe63c456109967e27d3?s=96&d=mm&r=g\",\"caption\":\"kalem\"},\"url\":\"https:\\\/\\\/akunq.net\\\/turkish\\\/author\\\/kalem\\\/\"}]}<\/script>\n<!-- \/ Yoast SEO plugin. -->","yoast_head_json":{"title":"Berdak (Pertek, Dersim) - Bati Ermenistan Ve Bati Ermenileri Sorunlari Ara\u015ftirmalar Merkezi","robots":{"index":"index","follow":"follow","max-snippet":"max-snippet:-1","max-image-preview":"max-image-preview:large","max-video-preview":"max-video-preview:-1"},"canonical":"https:\/\/akunq.net\/turkish\/2011\/07\/14\/berdak-pertek-dersim\/","og_locale":"en_US","og_type":"article","og_title":"Berdak (Pertek, Dersim) - Bati Ermenistan Ve Bati Ermenileri Sorunlari Ara\u015ftirmalar Merkezi","og_description":"Berdak\u2019\u0131n antik tarihiyle ilgili veriler yoktur. Eski yerle\u015fimin, Berdak kalesi eteklerinde kurulu oldu\u011fu bilinmektedir. Eskiden bu b\u00f6lgede Urartular\u0131n ya\u015fad\u0131\u011f\u0131 bilinmektedir. B\u00f6lge, Urartulardan sonra Mu\u015fklara, Medyal\u0131lara, Farslara, Kapadokya Krall\u0131\u011f\u0131\u2019na, Ermeni Krall\u0131\u011f\u0131\u2019na, Romal\u0131lara ve Bizans egemenli\u011fine ge\u00e7mi\u015ftir. VII. y\u00fczy\u0131lda Arap sald\u0131r\u0131lar\u0131na maruz kalm\u0131\u015ft\u0131r. G\u00fcn\u00fcm\u00fczde Keban Baraj\u0131\u2019n\u0131n sular\u0131 alt\u0131nda kalm\u0131\u015f olan eski Berdak, farkl\u0131 d\u00f6nemlerde zoraki g\u00f6\u00e7lere tabi [&hellip;]","og_url":"https:\/\/akunq.net\/turkish\/2011\/07\/14\/berdak-pertek-dersim\/","og_site_name":"Bati Ermenistan Ve Bati Ermenileri Sorunlari Ara\u015ftirmalar Merkezi","article_published_time":"2011-07-14T10:43:56+00:00","author":"kalem","twitter_card":"summary_large_image","twitter_misc":{"Written by":"kalem","Est. reading time":"1 minute"},"schema":{"@context":"https:\/\/schema.org","@graph":[{"@type":"Article","@id":"https:\/\/akunq.net\/turkish\/2011\/07\/14\/berdak-pertek-dersim\/#article","isPartOf":{"@id":"https:\/\/akunq.net\/turkish\/2011\/07\/14\/berdak-pertek-dersim\/"},"author":{"name":"kalem","@id":"https:\/\/akunq.net\/turkish\/#\/schema\/person\/135e7923d1aeb8887890799619969a6c"},"headline":"Berdak (Pertek, Dersim)","datePublished":"2011-07-14T10:43:56+00:00","mainEntityOfPage":{"@id":"https:\/\/akunq.net\/turkish\/2011\/07\/14\/berdak-pertek-dersim\/"},"wordCount":137,"commentCount":0,"articleSection":["Bat\u0131 Ermenistan\u2019\u0131n \u0130l\u00e7eleri"],"inLanguage":"en-US","potentialAction":[{"@type":"CommentAction","name":"Comment","target":["https:\/\/akunq.net\/turkish\/2011\/07\/14\/berdak-pertek-dersim\/#respond"]}]},{"@type":"WebPage","@id":"https:\/\/akunq.net\/turkish\/2011\/07\/14\/berdak-pertek-dersim\/","url":"https:\/\/akunq.net\/turkish\/2011\/07\/14\/berdak-pertek-dersim\/","name":"Berdak (Pertek, Dersim) - Bati Ermenistan Ve Bati Ermenileri Sorunlari Ara\u015ftirmalar Merkezi","isPartOf":{"@id":"https:\/\/akunq.net\/turkish\/#website"},"datePublished":"2011-07-14T10:43:56+00:00","author":{"@id":"https:\/\/akunq.net\/turkish\/#\/schema\/person\/135e7923d1aeb8887890799619969a6c"},"breadcrumb":{"@id":"https:\/\/akunq.net\/turkish\/2011\/07\/14\/berdak-pertek-dersim\/#breadcrumb"},"inLanguage":"en-US","potentialAction":[{"@type":"ReadAction","target":["https:\/\/akunq.net\/turkish\/2011\/07\/14\/berdak-pertek-dersim\/"]}]},{"@type":"BreadcrumbList","@id":"https:\/\/akunq.net\/turkish\/2011\/07\/14\/berdak-pertek-dersim\/#breadcrumb","itemListElement":[{"@type":"ListItem","position":1,"name":"Home","item":"https:\/\/akunq.net\/turkish\/"},{"@type":"ListItem","position":2,"name":"Berdak (Pertek, Dersim)"}]},{"@type":"WebSite","@id":"https:\/\/akunq.net\/turkish\/#website","url":"https:\/\/akunq.net\/turkish\/","name":"Bati Ermenistan Ve Bati Ermenileri Sorunlari Ara\u015ftirmalar Merkezi","description":"","potentialAction":[{"@type":"SearchAction","target":{"@type":"EntryPoint","urlTemplate":"https:\/\/akunq.net\/turkish\/?s={search_term_string}"},"query-input":{"@type":"PropertyValueSpecification","valueRequired":true,"valueName":"search_term_string"}}],"inLanguage":"en-US"},{"@type":"Person","@id":"https:\/\/akunq.net\/turkish\/#\/schema\/person\/135e7923d1aeb8887890799619969a6c","name":"kalem","image":{"@type":"ImageObject","inLanguage":"en-US","@id":"https:\/\/secure.gravatar.com\/avatar\/a06875e4b25feb5674296adf8e8a7ae1e587cebce2493fe63c456109967e27d3?s=96&d=mm&r=g","url":"https:\/\/secure.gravatar.com\/avatar\/a06875e4b25feb5674296adf8e8a7ae1e587cebce2493fe63c456109967e27d3?s=96&d=mm&r=g","contentUrl":"https:\/\/secure.gravatar.com\/avatar\/a06875e4b25feb5674296adf8e8a7ae1e587cebce2493fe63c456109967e27d3?s=96&d=mm&r=g","caption":"kalem"},"url":"https:\/\/akunq.net\/turkish\/author\/kalem\/"}]}},"_links":{"self":[{"href":"https:\/\/akunq.net\/turkish\/wp-json\/wp\/v2\/posts\/6873","targetHints":{"allow":["GET"]}}],"collection":[{"href":"https:\/\/akunq.net\/turkish\/wp-json\/wp\/v2\/posts"}],"about":[{"href":"https:\/\/akunq.net\/turkish\/wp-json\/wp\/v2\/types\/post"}],"author":[{"embeddable":true,"href":"https:\/\/akunq.net\/turkish\/wp-json\/wp\/v2\/users\/3"}],"replies":[{"embeddable":true,"href":"https:\/\/akunq.net\/turkish\/wp-json\/wp\/v2\/comments?post=6873"}],"version-history":[{"count":0,"href":"https:\/\/akunq.net\/turkish\/wp-json\/wp\/v2\/posts\/6873\/revisions"}],"wp:attachment":[{"href":"https:\/\/akunq.net\/turkish\/wp-json\/wp\/v2\/media?parent=6873"}],"wp:term":[{"taxonomy":"category","embeddable":true,"href":"https:\/\/akunq.net\/turkish\/wp-json\/wp\/v2\/categories?post=6873"},{"taxonomy":"post_tag","embeddable":true,"href":"https:\/\/akunq.net\/turkish\/wp-json\/wp\/v2\/tags?post=6873"}],"curies":[{"name":"wp","href":"https:\/\/api.w.org\/{rel}","templated":true}]}}