{"id":6847,"date":"2011-07-13T05:29:31","date_gmt":"2011-07-13T10:29:31","guid":{"rendered":"http:\/\/akunq.net\/tr\/?p=6847"},"modified":"2011-07-13T05:29:31","modified_gmt":"2011-07-13T10:29:31","slug":"capagcur-kazasi","status":"publish","type":"post","link":"https:\/\/akunq.net\/turkish\/2011\/07\/13\/capagcur-kazasi\/","title":{"rendered":"\u00c7apa\u011fcur Kazas\u0131,"},"content":{"rendered":"<p style=\"text-align: justify\"><strong>\u00c7apa\u011fcur Kazas\u0131, <\/strong><em>\u00c7abak Cur, \u00c7apa\u011fcur, \u00c7apacur, \u00c7ap\u0131\u011fcur, \u00c7abak\u00e7ur, \u00c7apak\u00e7ur, Cabalcur, Cabak\u00e7ur, Cabak\u00e7ur Kazas\u0131, Capa\u011fcur:<\/em> Bat\u0131 Ermenistan\u2019daki Bitlis Vilayeti\u2019nin, Genc (Gen\u00e7) Sanca\u011f\u0131\u2019nda bulunan kaza. \u00c7apa\u011fcur Nehri vadisi boyunca yay\u0131lmaktayd\u0131. Do\u011fuda Genc, bat\u0131da Balu (Palu), kuzeyde K\u0131\u011fi (Ki\u011f\u0131), g\u00fcneyde ise Diarbekir (Diyarbak\u0131r) Vilayeti\u2019nin Ar\u011fanamaden (Ergene Maden) Sanca\u011f\u0131\u2019na s\u0131n\u0131rda\u015ft\u0131.<\/p>\n<p style=\"text-align: justify\">Alan itibar\u0131yla eski \u00c7apa\u011facur (Eski Ha\u015ftyank) b\u00f6lgesinin bir k\u0131sm\u0131na denk d\u00fc\u015fmekteydi. XVII. y\u00fczy\u0131lda, Osmanl\u0131 egemenli\u011fi esnas\u0131nda, sancak olarak Diarbekir Vilayeti b\u00fcnyesinde bulunmaktayd\u0131. Sonraki d\u00f6nemlerde de s\u0131kl\u0131kla sancak olarak an\u0131lm\u0131\u015ft\u0131r. K\u00fcrt beylerine ait olmu\u015ftur. Verimli topraklara, ormanlarla kapl\u0131 da\u011flara ve bol su kaynaklar\u0131na sahiptir.<\/p>\n<p style=\"text-align: justify\">XIX. y\u00fczy\u0131l sonlar\u0131nda, i\u00e7lerinden sadece 4\u2019\u00fcn\u00fcn ovada, geri kalan\u0131n\u0131n ise \u00e7evre da\u011flarda bulundu\u011fu 80 k\u00f6y\u00fc vard\u0131. Ermeniler genelde ovadaki k\u00f6ylerde ya\u015famaktayd\u0131. 1909 y\u0131l\u0131nda 91 k\u00f6y\u00fc vard\u0131. V. Kine\u2019nin istatistik\u00ee bilgilerine g\u00f6re 1891 y\u0131l\u0131nda 20800 n\u00fcfusa sahip olup, bunlardan 16465\u2019i M\u00fcsl\u00fcman, 4335\u2019i ise Ermeniydi.<\/p>\n<p style=\"text-align: justify\">Ermeniler tar\u0131m, hayvanc\u0131l\u0131k ve ba\u011fc\u0131l\u0131kla u\u011fra\u015fmaktayd\u0131. Baz\u0131 uzmanlar taraf\u0131ndan \u00c7apa\u011facur kale-\u015fehriyle ayn\u0131 oldu\u011fu kabul edilen tarihi K\u0131tari\u00e7 Kalesi bu b\u00f6lgede bulunmaktayd\u0131.<\/p>\n","protected":false},"excerpt":{"rendered":"<p>\u00c7apa\u011fcur Kazas\u0131, \u00c7abak Cur, \u00c7apa\u011fcur, \u00c7apacur, \u00c7ap\u0131\u011fcur, \u00c7abak\u00e7ur, \u00c7apak\u00e7ur, Cabalcur, Cabak\u00e7ur, Cabak\u00e7ur Kazas\u0131, Capa\u011fcur: Bat\u0131 Ermenistan\u2019daki Bitlis Vilayeti\u2019nin, Genc (Gen\u00e7) Sanca\u011f\u0131\u2019nda bulunan kaza. \u00c7apa\u011fcur Nehri vadisi boyunca yay\u0131lmaktayd\u0131. Do\u011fuda Genc, bat\u0131da Balu (Palu), kuzeyde K\u0131\u011fi (Ki\u011f\u0131), g\u00fcneyde ise Diarbekir (Diyarbak\u0131r) Vilayeti\u2019nin Ar\u011fanamaden (Ergene Maden) Sanca\u011f\u0131\u2019na s\u0131n\u0131rda\u015ft\u0131. Alan itibar\u0131yla eski \u00c7apa\u011facur (Eski Ha\u015ftyank) b\u00f6lgesinin bir k\u0131sm\u0131na [&hellip;]<\/p>\n","protected":false},"author":3,"featured_media":0,"comment_status":"open","ping_status":"open","sticky":false,"template":"","format":"standard","meta":{"footnotes":""},"categories":[47],"tags":[],"class_list":["post-6847","post","type-post","status-publish","format-standard","hentry","category-bati-ermenistanin-ilceleri"],"yoast_head":"<!-- This site is optimized with the Yoast SEO plugin v27.4 - https:\/\/yoast.com\/product\/yoast-seo-wordpress\/ -->\n<title>\u00c7apa\u011fcur Kazas\u0131, - Bati Ermenistan Ve Bati Ermenileri Sorunlari Ara\u015ftirmalar Merkezi<\/title>\n<meta name=\"robots\" content=\"index, follow, max-snippet:-1, max-image-preview:large, max-video-preview:-1\" \/>\n<link rel=\"canonical\" href=\"https:\/\/akunq.net\/turkish\/2011\/07\/13\/capagcur-kazasi\/\" \/>\n<meta property=\"og:locale\" content=\"en_US\" \/>\n<meta property=\"og:type\" content=\"article\" \/>\n<meta property=\"og:title\" content=\"\u00c7apa\u011fcur Kazas\u0131, - Bati Ermenistan Ve Bati Ermenileri Sorunlari Ara\u015ftirmalar Merkezi\" \/>\n<meta property=\"og:description\" content=\"\u00c7apa\u011fcur Kazas\u0131, \u00c7abak Cur, \u00c7apa\u011fcur, \u00c7apacur, \u00c7ap\u0131\u011fcur, \u00c7abak\u00e7ur, \u00c7apak\u00e7ur, Cabalcur, Cabak\u00e7ur, Cabak\u00e7ur Kazas\u0131, Capa\u011fcur: Bat\u0131 Ermenistan\u2019daki Bitlis Vilayeti\u2019nin, Genc (Gen\u00e7) Sanca\u011f\u0131\u2019nda bulunan kaza. \u00c7apa\u011fcur Nehri vadisi boyunca yay\u0131lmaktayd\u0131. Do\u011fuda Genc, bat\u0131da Balu (Palu), kuzeyde K\u0131\u011fi (Ki\u011f\u0131), g\u00fcneyde ise Diarbekir (Diyarbak\u0131r) Vilayeti\u2019nin Ar\u011fanamaden (Ergene Maden) Sanca\u011f\u0131\u2019na s\u0131n\u0131rda\u015ft\u0131. Alan itibar\u0131yla eski \u00c7apa\u011facur (Eski Ha\u015ftyank) b\u00f6lgesinin bir k\u0131sm\u0131na [&hellip;]\" \/>\n<meta property=\"og:url\" content=\"https:\/\/akunq.net\/turkish\/2011\/07\/13\/capagcur-kazasi\/\" \/>\n<meta property=\"og:site_name\" content=\"Bati Ermenistan Ve Bati Ermenileri Sorunlari Ara\u015ftirmalar Merkezi\" \/>\n<meta property=\"article:published_time\" content=\"2011-07-13T10:29:31+00:00\" \/>\n<meta name=\"author\" content=\"kalem\" \/>\n<meta name=\"twitter:card\" content=\"summary_large_image\" \/>\n<meta name=\"twitter:label1\" content=\"Written by\" \/>\n\t<meta name=\"twitter:data1\" content=\"kalem\" \/>\n\t<meta name=\"twitter:label2\" content=\"Est. reading time\" \/>\n\t<meta name=\"twitter:data2\" content=\"1 minute\" \/>\n<script type=\"application\/ld+json\" class=\"yoast-schema-graph\">{\"@context\":\"https:\\\/\\\/schema.org\",\"@graph\":[{\"@type\":\"Article\",\"@id\":\"https:\\\/\\\/akunq.net\\\/turkish\\\/2011\\\/07\\\/13\\\/capagcur-kazasi\\\/#article\",\"isPartOf\":{\"@id\":\"https:\\\/\\\/akunq.net\\\/turkish\\\/2011\\\/07\\\/13\\\/capagcur-kazasi\\\/\"},\"author\":{\"name\":\"kalem\",\"@id\":\"https:\\\/\\\/akunq.net\\\/turkish\\\/#\\\/schema\\\/person\\\/135e7923d1aeb8887890799619969a6c\"},\"headline\":\"\u00c7apa\u011fcur Kazas\u0131,\",\"datePublished\":\"2011-07-13T10:29:31+00:00\",\"mainEntityOfPage\":{\"@id\":\"https:\\\/\\\/akunq.net\\\/turkish\\\/2011\\\/07\\\/13\\\/capagcur-kazasi\\\/\"},\"wordCount\":233,\"commentCount\":0,\"articleSection\":[\"Bat\u0131 Ermenistan\u2019\u0131n \u0130l\u00e7eleri\"],\"inLanguage\":\"en-US\",\"potentialAction\":[{\"@type\":\"CommentAction\",\"name\":\"Comment\",\"target\":[\"https:\\\/\\\/akunq.net\\\/turkish\\\/2011\\\/07\\\/13\\\/capagcur-kazasi\\\/#respond\"]}]},{\"@type\":\"WebPage\",\"@id\":\"https:\\\/\\\/akunq.net\\\/turkish\\\/2011\\\/07\\\/13\\\/capagcur-kazasi\\\/\",\"url\":\"https:\\\/\\\/akunq.net\\\/turkish\\\/2011\\\/07\\\/13\\\/capagcur-kazasi\\\/\",\"name\":\"\u00c7apa\u011fcur Kazas\u0131, - Bati Ermenistan Ve Bati Ermenileri Sorunlari Ara\u015ftirmalar Merkezi\",\"isPartOf\":{\"@id\":\"https:\\\/\\\/akunq.net\\\/turkish\\\/#website\"},\"datePublished\":\"2011-07-13T10:29:31+00:00\",\"author\":{\"@id\":\"https:\\\/\\\/akunq.net\\\/turkish\\\/#\\\/schema\\\/person\\\/135e7923d1aeb8887890799619969a6c\"},\"breadcrumb\":{\"@id\":\"https:\\\/\\\/akunq.net\\\/turkish\\\/2011\\\/07\\\/13\\\/capagcur-kazasi\\\/#breadcrumb\"},\"inLanguage\":\"en-US\",\"potentialAction\":[{\"@type\":\"ReadAction\",\"target\":[\"https:\\\/\\\/akunq.net\\\/turkish\\\/2011\\\/07\\\/13\\\/capagcur-kazasi\\\/\"]}]},{\"@type\":\"BreadcrumbList\",\"@id\":\"https:\\\/\\\/akunq.net\\\/turkish\\\/2011\\\/07\\\/13\\\/capagcur-kazasi\\\/#breadcrumb\",\"itemListElement\":[{\"@type\":\"ListItem\",\"position\":1,\"name\":\"Home\",\"item\":\"https:\\\/\\\/akunq.net\\\/turkish\\\/\"},{\"@type\":\"ListItem\",\"position\":2,\"name\":\"\u00c7apa\u011fcur Kazas\u0131,\"}]},{\"@type\":\"WebSite\",\"@id\":\"https:\\\/\\\/akunq.net\\\/turkish\\\/#website\",\"url\":\"https:\\\/\\\/akunq.net\\\/turkish\\\/\",\"name\":\"Bati Ermenistan Ve Bati Ermenileri Sorunlari Ara\u015ftirmalar Merkezi\",\"description\":\"\",\"potentialAction\":[{\"@type\":\"SearchAction\",\"target\":{\"@type\":\"EntryPoint\",\"urlTemplate\":\"https:\\\/\\\/akunq.net\\\/turkish\\\/?s={search_term_string}\"},\"query-input\":{\"@type\":\"PropertyValueSpecification\",\"valueRequired\":true,\"valueName\":\"search_term_string\"}}],\"inLanguage\":\"en-US\"},{\"@type\":\"Person\",\"@id\":\"https:\\\/\\\/akunq.net\\\/turkish\\\/#\\\/schema\\\/person\\\/135e7923d1aeb8887890799619969a6c\",\"name\":\"kalem\",\"image\":{\"@type\":\"ImageObject\",\"inLanguage\":\"en-US\",\"@id\":\"https:\\\/\\\/secure.gravatar.com\\\/avatar\\\/a06875e4b25feb5674296adf8e8a7ae1e587cebce2493fe63c456109967e27d3?s=96&d=mm&r=g\",\"url\":\"https:\\\/\\\/secure.gravatar.com\\\/avatar\\\/a06875e4b25feb5674296adf8e8a7ae1e587cebce2493fe63c456109967e27d3?s=96&d=mm&r=g\",\"contentUrl\":\"https:\\\/\\\/secure.gravatar.com\\\/avatar\\\/a06875e4b25feb5674296adf8e8a7ae1e587cebce2493fe63c456109967e27d3?s=96&d=mm&r=g\",\"caption\":\"kalem\"},\"url\":\"https:\\\/\\\/akunq.net\\\/turkish\\\/author\\\/kalem\\\/\"}]}<\/script>\n<!-- \/ Yoast SEO plugin. -->","yoast_head_json":{"title":"\u00c7apa\u011fcur Kazas\u0131, - Bati Ermenistan Ve Bati Ermenileri Sorunlari Ara\u015ftirmalar Merkezi","robots":{"index":"index","follow":"follow","max-snippet":"max-snippet:-1","max-image-preview":"max-image-preview:large","max-video-preview":"max-video-preview:-1"},"canonical":"https:\/\/akunq.net\/turkish\/2011\/07\/13\/capagcur-kazasi\/","og_locale":"en_US","og_type":"article","og_title":"\u00c7apa\u011fcur Kazas\u0131, - Bati Ermenistan Ve Bati Ermenileri Sorunlari Ara\u015ftirmalar Merkezi","og_description":"\u00c7apa\u011fcur Kazas\u0131, \u00c7abak Cur, \u00c7apa\u011fcur, \u00c7apacur, \u00c7ap\u0131\u011fcur, \u00c7abak\u00e7ur, \u00c7apak\u00e7ur, Cabalcur, Cabak\u00e7ur, Cabak\u00e7ur Kazas\u0131, Capa\u011fcur: Bat\u0131 Ermenistan\u2019daki Bitlis Vilayeti\u2019nin, Genc (Gen\u00e7) Sanca\u011f\u0131\u2019nda bulunan kaza. \u00c7apa\u011fcur Nehri vadisi boyunca yay\u0131lmaktayd\u0131. Do\u011fuda Genc, bat\u0131da Balu (Palu), kuzeyde K\u0131\u011fi (Ki\u011f\u0131), g\u00fcneyde ise Diarbekir (Diyarbak\u0131r) Vilayeti\u2019nin Ar\u011fanamaden (Ergene Maden) Sanca\u011f\u0131\u2019na s\u0131n\u0131rda\u015ft\u0131. Alan itibar\u0131yla eski \u00c7apa\u011facur (Eski Ha\u015ftyank) b\u00f6lgesinin bir k\u0131sm\u0131na [&hellip;]","og_url":"https:\/\/akunq.net\/turkish\/2011\/07\/13\/capagcur-kazasi\/","og_site_name":"Bati Ermenistan Ve Bati Ermenileri Sorunlari Ara\u015ftirmalar Merkezi","article_published_time":"2011-07-13T10:29:31+00:00","author":"kalem","twitter_card":"summary_large_image","twitter_misc":{"Written by":"kalem","Est. reading time":"1 minute"},"schema":{"@context":"https:\/\/schema.org","@graph":[{"@type":"Article","@id":"https:\/\/akunq.net\/turkish\/2011\/07\/13\/capagcur-kazasi\/#article","isPartOf":{"@id":"https:\/\/akunq.net\/turkish\/2011\/07\/13\/capagcur-kazasi\/"},"author":{"name":"kalem","@id":"https:\/\/akunq.net\/turkish\/#\/schema\/person\/135e7923d1aeb8887890799619969a6c"},"headline":"\u00c7apa\u011fcur Kazas\u0131,","datePublished":"2011-07-13T10:29:31+00:00","mainEntityOfPage":{"@id":"https:\/\/akunq.net\/turkish\/2011\/07\/13\/capagcur-kazasi\/"},"wordCount":233,"commentCount":0,"articleSection":["Bat\u0131 Ermenistan\u2019\u0131n \u0130l\u00e7eleri"],"inLanguage":"en-US","potentialAction":[{"@type":"CommentAction","name":"Comment","target":["https:\/\/akunq.net\/turkish\/2011\/07\/13\/capagcur-kazasi\/#respond"]}]},{"@type":"WebPage","@id":"https:\/\/akunq.net\/turkish\/2011\/07\/13\/capagcur-kazasi\/","url":"https:\/\/akunq.net\/turkish\/2011\/07\/13\/capagcur-kazasi\/","name":"\u00c7apa\u011fcur Kazas\u0131, - Bati Ermenistan Ve Bati Ermenileri Sorunlari Ara\u015ftirmalar Merkezi","isPartOf":{"@id":"https:\/\/akunq.net\/turkish\/#website"},"datePublished":"2011-07-13T10:29:31+00:00","author":{"@id":"https:\/\/akunq.net\/turkish\/#\/schema\/person\/135e7923d1aeb8887890799619969a6c"},"breadcrumb":{"@id":"https:\/\/akunq.net\/turkish\/2011\/07\/13\/capagcur-kazasi\/#breadcrumb"},"inLanguage":"en-US","potentialAction":[{"@type":"ReadAction","target":["https:\/\/akunq.net\/turkish\/2011\/07\/13\/capagcur-kazasi\/"]}]},{"@type":"BreadcrumbList","@id":"https:\/\/akunq.net\/turkish\/2011\/07\/13\/capagcur-kazasi\/#breadcrumb","itemListElement":[{"@type":"ListItem","position":1,"name":"Home","item":"https:\/\/akunq.net\/turkish\/"},{"@type":"ListItem","position":2,"name":"\u00c7apa\u011fcur Kazas\u0131,"}]},{"@type":"WebSite","@id":"https:\/\/akunq.net\/turkish\/#website","url":"https:\/\/akunq.net\/turkish\/","name":"Bati Ermenistan Ve Bati Ermenileri Sorunlari Ara\u015ftirmalar Merkezi","description":"","potentialAction":[{"@type":"SearchAction","target":{"@type":"EntryPoint","urlTemplate":"https:\/\/akunq.net\/turkish\/?s={search_term_string}"},"query-input":{"@type":"PropertyValueSpecification","valueRequired":true,"valueName":"search_term_string"}}],"inLanguage":"en-US"},{"@type":"Person","@id":"https:\/\/akunq.net\/turkish\/#\/schema\/person\/135e7923d1aeb8887890799619969a6c","name":"kalem","image":{"@type":"ImageObject","inLanguage":"en-US","@id":"https:\/\/secure.gravatar.com\/avatar\/a06875e4b25feb5674296adf8e8a7ae1e587cebce2493fe63c456109967e27d3?s=96&d=mm&r=g","url":"https:\/\/secure.gravatar.com\/avatar\/a06875e4b25feb5674296adf8e8a7ae1e587cebce2493fe63c456109967e27d3?s=96&d=mm&r=g","contentUrl":"https:\/\/secure.gravatar.com\/avatar\/a06875e4b25feb5674296adf8e8a7ae1e587cebce2493fe63c456109967e27d3?s=96&d=mm&r=g","caption":"kalem"},"url":"https:\/\/akunq.net\/turkish\/author\/kalem\/"}]}},"_links":{"self":[{"href":"https:\/\/akunq.net\/turkish\/wp-json\/wp\/v2\/posts\/6847","targetHints":{"allow":["GET"]}}],"collection":[{"href":"https:\/\/akunq.net\/turkish\/wp-json\/wp\/v2\/posts"}],"about":[{"href":"https:\/\/akunq.net\/turkish\/wp-json\/wp\/v2\/types\/post"}],"author":[{"embeddable":true,"href":"https:\/\/akunq.net\/turkish\/wp-json\/wp\/v2\/users\/3"}],"replies":[{"embeddable":true,"href":"https:\/\/akunq.net\/turkish\/wp-json\/wp\/v2\/comments?post=6847"}],"version-history":[{"count":0,"href":"https:\/\/akunq.net\/turkish\/wp-json\/wp\/v2\/posts\/6847\/revisions"}],"wp:attachment":[{"href":"https:\/\/akunq.net\/turkish\/wp-json\/wp\/v2\/media?parent=6847"}],"wp:term":[{"taxonomy":"category","embeddable":true,"href":"https:\/\/akunq.net\/turkish\/wp-json\/wp\/v2\/categories?post=6847"},{"taxonomy":"post_tag","embeddable":true,"href":"https:\/\/akunq.net\/turkish\/wp-json\/wp\/v2\/tags?post=6847"}],"curies":[{"name":"wp","href":"https:\/\/api.w.org\/{rel}","templated":true}]}}