{"id":68,"date":"2010-04-03T03:51:23","date_gmt":"2010-04-03T08:51:23","guid":{"rendered":"http:\/\/akunq.net\/tr\/?p=68"},"modified":"2010-04-03T03:51:23","modified_gmt":"2010-04-03T08:51:23","slug":"biz-sirinogluyla-ayni-turkiyede-yasamiyoruz","status":"publish","type":"post","link":"https:\/\/akunq.net\/turkish\/2010\/04\/03\/biz-sirinogluyla-ayni-turkiyede-yasamiyoruz\/","title":{"rendered":"&#8216;Biz \u015eirino\u011flu&#8217;yla ayn\u0131 T\u00fcrkiye&#8217;de ya\u015fam\u0131yoruz&#8217;"},"content":{"rendered":"<p style=\"text-align: justify\">Ba\u015fbakan Erdo\u011fan&#8217;la g\u00f6r\u00fc\u015fen ve Ermeni cemaatinin lideri olarak lanse edilen Bedros \u015eirino\u011flu&#8217;nun a\u00e7\u0131klamalar\u0131na B\u0130R grup Ermeni&#8217;den tepki geldi.<\/p>\n<p style=\"text-align: justify\">\u015eirino\u011flu 26 Mart&#8217;ta Ba\u015fbakan Erdo\u011fan&#8217;la biraraya gelmi\u015fti.<\/p>\n<p style=\"text-align: justify\">Bizbaskabirturkiyedeyasiyoruz.blogspot.com sitesinde Ortak B\u0130R metni T\u00fcrkiyeli Ermenilerin imzas\u0131na a\u00e7an B\u0130R grup Ermeni, hem Surp P\u0131rgi\u00e7 Ermeni Hastanesi Vakf\u0131 Ba\u015fkan\u0131 Bedros \u015eirino\u011flu&#8217;nun &#8220;Ermeni Cemaati Ba\u015fkan\u0131&#8221; olmad\u0131\u011f\u0131n\u0131 vurguluyor, hem de \u015eirino\u011flu&#8217;nun s\u00f6zlerinin i\u00e7eri\u011fine itirazlar\u0131n\u0131 dile getiriyor.<\/p>\n<p style=\"text-align: justify\">SUC\u0130YAN: SE\u00c7\u0130LM\u0130\u015e K\u00fcr\u00fcm GELENE\u011e\u0130M\u0130Z VAR<\/p>\n<p style=\"text-align: justify\">Metnin imzac\u0131lar\u0131ndan Talin Suciyan, ntvmsnbc&#8217;ye yapt\u0131\u011f\u0131 a\u00e7\u0131klamada, &#8220;Buradaki en B\u00fcy\u00fck sorun Ermeni cemaatinin sivil B\u0130R temsilcisinin olmamas\u0131. Ermeni cemaatinde farkl\u0131 fikirler var AMA bunu yans\u0131tabilecek B\u0130R mekanizmaya Sahip de\u011filiz. Oy vererek se\u00e7medi\u011fimiz B\u0130R ki\u015finin temsilcilik iddias\u0131yla ortaya \u00e7\u0131kmas\u0131n\u0131 sorunlu buluyoruz&#8221; Dedi.<\/p>\n<p style=\"text-align: justify\">Ermeni cemaatinin 1920&#8217;lere kadar Dini i\u015flerle ilgilenen Bir &#8216;Ruhani Meclis&#8217; ile d\u00fcnyevi i\u015flerle ilgilenen Bir &#8216;Cismani Meclis&#8217;e Sahip oldu\u011funu 2 y\u0131lda B\u0130R se\u00e7im de Suciyan, &#8220;Bunlar\u0131n d\u0131\u015f\u0131nda B\u0130R de&#8217; Merkezi Milli \u0130dare &#8216;diye T\u00fcrk\u00e7e belirten yap\u0131ld\u0131\u011f\u0131n\u0131 her ikisinde ve &#8216;ye \u00e7evirebilece\u011fimiz, 7 komisyondan olu\u015fan ve \u00fcyeleri se\u00e7imle belirlenen B\u0130R Yap\u0131 Vardi Ayri. Send yap\u0131ya 1960 darbesinin ard\u0131ndan o\u011flu verildi. \u00d6zetle; sivil, se\u00e7ilmi\u015f kurumlar gelene\u011fimiz tarihte var &#8220;diye konu\u015ftu.<\/p>\n<p style=\"text-align: justify\">&#8216;B\u0130ZE UYGUN S\u0130YAS\u0130 MECRA Y\u00d6K&#8217;<\/p>\n<p style=\"text-align: justify\">Suciyan, Ortak a\u00e7\u0131klaman\u0131n sonundaki &#8216;Yurtta\u015f&#8217; vurgusunu imkb su s\u00f6zlerle detayland\u0131rd\u0131 e\u015fit: &#8220;Vak\u0131f m\u00fclklerinin iade edilmesi Bizim Click cok \u00f6nemli. M\u00fclk\u00fcne el konulmu\u015f B\u0130R vakf\u0131n ekonomik temeli \u00e7\u00f6km\u00fc\u015f demektir. Ermeni okullar\u0131 devletten Destek alm\u0131yor. Send akarlara ihtiyac\u0131m\u0131z var. Vak\u0131f m\u00fclklerinin iadesi met y\u00fczden cok \u00f6nemli. Keza, beceri kitaplar\u0131ndan Ermenileri \u00f6c\u00fc haz\u0131rs\u0131nd\u0131r g\u00f6steren ayr\u0131mc\u0131 ifadelerin ay\u0131klanmas\u0131 gerekiyor. Memuriyet Baska B\u0130R sorun. Hep \u00f6rne\u011fi verilir &#8216;denir. Bunun sebebi az\u0131nl\u0131klar\u0131n kendilerini ifade edebilece\u011fi B\u0130R sivil ve ayn\u0131. B\u0130R D\u0130\u011eER g\u00f6sterge, milletvekilimizin olmamas\u0131 safra olam\u0131yoruz&#8217; \u00e7\u00f6p\u00e7\u00fc zamanda siyasi mecran\u0131n bulunmamas\u0131. nasil ki T\u00fcrkiye&#8217;de kadin milletvekili sayisi azsa, az\u0131nl\u0131klar\u0131n aras\u0131ndan milletvekili \u00e7\u0131kmas\u0131 konusunda da gerideyiz.<\/p>\n<p style=\"text-align: justify\"><a href=\"http:\/\/www.ntvmsnbc.com\/\">http:\/\/www.ntvmsnbc.com<\/a>, 02.04.2010<\/p>\n","protected":false},"excerpt":{"rendered":"<p>Ba\u015fbakan Erdo\u011fan&#8217;la g\u00f6r\u00fc\u015fen ve Ermeni cemaatinin lideri olarak lanse edilen Bedros \u015eirino\u011flu&#8217;nun a\u00e7\u0131klamalar\u0131na B\u0130R grup Ermeni&#8217;den tepki geldi. \u015eirino\u011flu 26 Mart&#8217;ta Ba\u015fbakan Erdo\u011fan&#8217;la biraraya gelmi\u015fti. Bizbaskabirturkiyedeyasiyoruz.blogspot.com sitesinde Ortak B\u0130R metni T\u00fcrkiyeli Ermenilerin imzas\u0131na a\u00e7an B\u0130R grup Ermeni, hem Surp P\u0131rgi\u00e7 Ermeni Hastanesi Vakf\u0131 Ba\u015fkan\u0131 Bedros \u015eirino\u011flu&#8217;nun &#8220;Ermeni Cemaati Ba\u015fkan\u0131&#8221; olmad\u0131\u011f\u0131n\u0131 vurguluyor, hem de \u015eirino\u011flu&#8217;nun s\u00f6zlerinin [&hellip;]<\/p>\n","protected":false},"author":3,"featured_media":0,"comment_status":"closed","ping_status":"open","sticky":false,"template":"","format":"standard","meta":{"footnotes":""},"categories":[14,15],"tags":[],"class_list":["post-68","post","type-post","status-publish","format-standard","hentry","category-haberler","category-haklarimiz"],"yoast_head":"<!-- This site is optimized with the Yoast SEO plugin v26.6 - https:\/\/yoast.com\/wordpress\/plugins\/seo\/ -->\n<title>&#039;Biz \u015eirino\u011flu&#039;yla ayn\u0131 T\u00fcrkiye&#039;de ya\u015fam\u0131yoruz&#039; - Bati Ermenistan Ve Bati Ermenileri Sorunlari Ara\u015ftirmalar Merkezi<\/title>\n<meta name=\"robots\" content=\"index, follow, max-snippet:-1, max-image-preview:large, max-video-preview:-1\" \/>\n<link rel=\"canonical\" href=\"https:\/\/akunq.net\/turkish\/2010\/04\/03\/biz-sirinogluyla-ayni-turkiyede-yasamiyoruz\/\" \/>\n<meta property=\"og:locale\" content=\"en_US\" \/>\n<meta property=\"og:type\" content=\"article\" \/>\n<meta property=\"og:title\" content=\"&#039;Biz \u015eirino\u011flu&#039;yla ayn\u0131 T\u00fcrkiye&#039;de ya\u015fam\u0131yoruz&#039; - Bati Ermenistan Ve Bati Ermenileri Sorunlari Ara\u015ftirmalar Merkezi\" \/>\n<meta property=\"og:description\" content=\"Ba\u015fbakan Erdo\u011fan&#8217;la g\u00f6r\u00fc\u015fen ve Ermeni cemaatinin lideri olarak lanse edilen Bedros \u015eirino\u011flu&#8217;nun a\u00e7\u0131klamalar\u0131na B\u0130R grup Ermeni&#8217;den tepki geldi. \u015eirino\u011flu 26 Mart&#8217;ta Ba\u015fbakan Erdo\u011fan&#8217;la biraraya gelmi\u015fti. Bizbaskabirturkiyedeyasiyoruz.blogspot.com sitesinde Ortak B\u0130R metni T\u00fcrkiyeli Ermenilerin imzas\u0131na a\u00e7an B\u0130R grup Ermeni, hem Surp P\u0131rgi\u00e7 Ermeni Hastanesi Vakf\u0131 Ba\u015fkan\u0131 Bedros \u015eirino\u011flu&#8217;nun &#8220;Ermeni Cemaati Ba\u015fkan\u0131&#8221; olmad\u0131\u011f\u0131n\u0131 vurguluyor, hem de \u015eirino\u011flu&#8217;nun s\u00f6zlerinin [&hellip;]\" \/>\n<meta property=\"og:url\" content=\"https:\/\/akunq.net\/turkish\/2010\/04\/03\/biz-sirinogluyla-ayni-turkiyede-yasamiyoruz\/\" \/>\n<meta property=\"og:site_name\" content=\"Bati Ermenistan Ve Bati Ermenileri Sorunlari Ara\u015ftirmalar Merkezi\" \/>\n<meta property=\"article:published_time\" content=\"2010-04-03T08:51:23+00:00\" \/>\n<meta name=\"author\" content=\"kalem\" \/>\n<meta name=\"twitter:card\" content=\"summary_large_image\" \/>\n<meta name=\"twitter:label1\" content=\"Written by\" \/>\n\t<meta name=\"twitter:data1\" content=\"kalem\" \/>\n\t<meta name=\"twitter:label2\" content=\"Est. reading time\" \/>\n\t<meta name=\"twitter:data2\" content=\"2 minutes\" \/>\n<script type=\"application\/ld+json\" class=\"yoast-schema-graph\">{\"@context\":\"https:\/\/schema.org\",\"@graph\":[{\"@type\":\"WebPage\",\"@id\":\"https:\/\/akunq.net\/turkish\/2010\/04\/03\/biz-sirinogluyla-ayni-turkiyede-yasamiyoruz\/\",\"url\":\"https:\/\/akunq.net\/turkish\/2010\/04\/03\/biz-sirinogluyla-ayni-turkiyede-yasamiyoruz\/\",\"name\":\"'Biz \u015eirino\u011flu'yla ayn\u0131 T\u00fcrkiye'de ya\u015fam\u0131yoruz' - Bati Ermenistan Ve Bati Ermenileri Sorunlari Ara\u015ftirmalar Merkezi\",\"isPartOf\":{\"@id\":\"https:\/\/akunq.net\/turkish\/#website\"},\"datePublished\":\"2010-04-03T08:51:23+00:00\",\"author\":{\"@id\":\"https:\/\/akunq.net\/turkish\/#\/schema\/person\/135e7923d1aeb8887890799619969a6c\"},\"breadcrumb\":{\"@id\":\"https:\/\/akunq.net\/turkish\/2010\/04\/03\/biz-sirinogluyla-ayni-turkiyede-yasamiyoruz\/#breadcrumb\"},\"inLanguage\":\"en-US\",\"potentialAction\":[{\"@type\":\"ReadAction\",\"target\":[\"https:\/\/akunq.net\/turkish\/2010\/04\/03\/biz-sirinogluyla-ayni-turkiyede-yasamiyoruz\/\"]}]},{\"@type\":\"BreadcrumbList\",\"@id\":\"https:\/\/akunq.net\/turkish\/2010\/04\/03\/biz-sirinogluyla-ayni-turkiyede-yasamiyoruz\/#breadcrumb\",\"itemListElement\":[{\"@type\":\"ListItem\",\"position\":1,\"name\":\"Home\",\"item\":\"https:\/\/akunq.net\/turkish\/\"},{\"@type\":\"ListItem\",\"position\":2,\"name\":\"&#8216;Biz \u015eirino\u011flu&#8217;yla ayn\u0131 T\u00fcrkiye&#8217;de ya\u015fam\u0131yoruz&#8217;\"}]},{\"@type\":\"WebSite\",\"@id\":\"https:\/\/akunq.net\/turkish\/#website\",\"url\":\"https:\/\/akunq.net\/turkish\/\",\"name\":\"Bati Ermenistan Ve Bati Ermenileri Sorunlari Ara\u015ftirmalar Merkezi\",\"description\":\"\",\"potentialAction\":[{\"@type\":\"SearchAction\",\"target\":{\"@type\":\"EntryPoint\",\"urlTemplate\":\"https:\/\/akunq.net\/turkish\/?s={search_term_string}\"},\"query-input\":{\"@type\":\"PropertyValueSpecification\",\"valueRequired\":true,\"valueName\":\"search_term_string\"}}],\"inLanguage\":\"en-US\"},{\"@type\":\"Person\",\"@id\":\"https:\/\/akunq.net\/turkish\/#\/schema\/person\/135e7923d1aeb8887890799619969a6c\",\"name\":\"kalem\",\"image\":{\"@type\":\"ImageObject\",\"inLanguage\":\"en-US\",\"@id\":\"https:\/\/akunq.net\/turkish\/#\/schema\/person\/image\/\",\"url\":\"https:\/\/secure.gravatar.com\/avatar\/a06875e4b25feb5674296adf8e8a7ae1e587cebce2493fe63c456109967e27d3?s=96&d=mm&r=g\",\"contentUrl\":\"https:\/\/secure.gravatar.com\/avatar\/a06875e4b25feb5674296adf8e8a7ae1e587cebce2493fe63c456109967e27d3?s=96&d=mm&r=g\",\"caption\":\"kalem\"},\"url\":\"https:\/\/akunq.net\/turkish\/author\/kalem\/\"}]}<\/script>\n<!-- \/ Yoast SEO plugin. -->","yoast_head_json":{"title":"'Biz \u015eirino\u011flu'yla ayn\u0131 T\u00fcrkiye'de ya\u015fam\u0131yoruz' - Bati Ermenistan Ve Bati Ermenileri Sorunlari Ara\u015ftirmalar Merkezi","robots":{"index":"index","follow":"follow","max-snippet":"max-snippet:-1","max-image-preview":"max-image-preview:large","max-video-preview":"max-video-preview:-1"},"canonical":"https:\/\/akunq.net\/turkish\/2010\/04\/03\/biz-sirinogluyla-ayni-turkiyede-yasamiyoruz\/","og_locale":"en_US","og_type":"article","og_title":"'Biz \u015eirino\u011flu'yla ayn\u0131 T\u00fcrkiye'de ya\u015fam\u0131yoruz' - Bati Ermenistan Ve Bati Ermenileri Sorunlari Ara\u015ftirmalar Merkezi","og_description":"Ba\u015fbakan Erdo\u011fan&#8217;la g\u00f6r\u00fc\u015fen ve Ermeni cemaatinin lideri olarak lanse edilen Bedros \u015eirino\u011flu&#8217;nun a\u00e7\u0131klamalar\u0131na B\u0130R grup Ermeni&#8217;den tepki geldi. \u015eirino\u011flu 26 Mart&#8217;ta Ba\u015fbakan Erdo\u011fan&#8217;la biraraya gelmi\u015fti. Bizbaskabirturkiyedeyasiyoruz.blogspot.com sitesinde Ortak B\u0130R metni T\u00fcrkiyeli Ermenilerin imzas\u0131na a\u00e7an B\u0130R grup Ermeni, hem Surp P\u0131rgi\u00e7 Ermeni Hastanesi Vakf\u0131 Ba\u015fkan\u0131 Bedros \u015eirino\u011flu&#8217;nun &#8220;Ermeni Cemaati Ba\u015fkan\u0131&#8221; olmad\u0131\u011f\u0131n\u0131 vurguluyor, hem de \u015eirino\u011flu&#8217;nun s\u00f6zlerinin [&hellip;]","og_url":"https:\/\/akunq.net\/turkish\/2010\/04\/03\/biz-sirinogluyla-ayni-turkiyede-yasamiyoruz\/","og_site_name":"Bati Ermenistan Ve Bati Ermenileri Sorunlari Ara\u015ftirmalar Merkezi","article_published_time":"2010-04-03T08:51:23+00:00","author":"kalem","twitter_card":"summary_large_image","twitter_misc":{"Written by":"kalem","Est. reading time":"2 minutes"},"schema":{"@context":"https:\/\/schema.org","@graph":[{"@type":"WebPage","@id":"https:\/\/akunq.net\/turkish\/2010\/04\/03\/biz-sirinogluyla-ayni-turkiyede-yasamiyoruz\/","url":"https:\/\/akunq.net\/turkish\/2010\/04\/03\/biz-sirinogluyla-ayni-turkiyede-yasamiyoruz\/","name":"'Biz \u015eirino\u011flu'yla ayn\u0131 T\u00fcrkiye'de ya\u015fam\u0131yoruz' - Bati Ermenistan Ve Bati Ermenileri Sorunlari Ara\u015ftirmalar Merkezi","isPartOf":{"@id":"https:\/\/akunq.net\/turkish\/#website"},"datePublished":"2010-04-03T08:51:23+00:00","author":{"@id":"https:\/\/akunq.net\/turkish\/#\/schema\/person\/135e7923d1aeb8887890799619969a6c"},"breadcrumb":{"@id":"https:\/\/akunq.net\/turkish\/2010\/04\/03\/biz-sirinogluyla-ayni-turkiyede-yasamiyoruz\/#breadcrumb"},"inLanguage":"en-US","potentialAction":[{"@type":"ReadAction","target":["https:\/\/akunq.net\/turkish\/2010\/04\/03\/biz-sirinogluyla-ayni-turkiyede-yasamiyoruz\/"]}]},{"@type":"BreadcrumbList","@id":"https:\/\/akunq.net\/turkish\/2010\/04\/03\/biz-sirinogluyla-ayni-turkiyede-yasamiyoruz\/#breadcrumb","itemListElement":[{"@type":"ListItem","position":1,"name":"Home","item":"https:\/\/akunq.net\/turkish\/"},{"@type":"ListItem","position":2,"name":"&#8216;Biz \u015eirino\u011flu&#8217;yla ayn\u0131 T\u00fcrkiye&#8217;de ya\u015fam\u0131yoruz&#8217;"}]},{"@type":"WebSite","@id":"https:\/\/akunq.net\/turkish\/#website","url":"https:\/\/akunq.net\/turkish\/","name":"Bati Ermenistan Ve Bati Ermenileri Sorunlari Ara\u015ftirmalar Merkezi","description":"","potentialAction":[{"@type":"SearchAction","target":{"@type":"EntryPoint","urlTemplate":"https:\/\/akunq.net\/turkish\/?s={search_term_string}"},"query-input":{"@type":"PropertyValueSpecification","valueRequired":true,"valueName":"search_term_string"}}],"inLanguage":"en-US"},{"@type":"Person","@id":"https:\/\/akunq.net\/turkish\/#\/schema\/person\/135e7923d1aeb8887890799619969a6c","name":"kalem","image":{"@type":"ImageObject","inLanguage":"en-US","@id":"https:\/\/akunq.net\/turkish\/#\/schema\/person\/image\/","url":"https:\/\/secure.gravatar.com\/avatar\/a06875e4b25feb5674296adf8e8a7ae1e587cebce2493fe63c456109967e27d3?s=96&d=mm&r=g","contentUrl":"https:\/\/secure.gravatar.com\/avatar\/a06875e4b25feb5674296adf8e8a7ae1e587cebce2493fe63c456109967e27d3?s=96&d=mm&r=g","caption":"kalem"},"url":"https:\/\/akunq.net\/turkish\/author\/kalem\/"}]}},"_links":{"self":[{"href":"https:\/\/akunq.net\/turkish\/wp-json\/wp\/v2\/posts\/68","targetHints":{"allow":["GET"]}}],"collection":[{"href":"https:\/\/akunq.net\/turkish\/wp-json\/wp\/v2\/posts"}],"about":[{"href":"https:\/\/akunq.net\/turkish\/wp-json\/wp\/v2\/types\/post"}],"author":[{"embeddable":true,"href":"https:\/\/akunq.net\/turkish\/wp-json\/wp\/v2\/users\/3"}],"replies":[{"embeddable":true,"href":"https:\/\/akunq.net\/turkish\/wp-json\/wp\/v2\/comments?post=68"}],"version-history":[{"count":0,"href":"https:\/\/akunq.net\/turkish\/wp-json\/wp\/v2\/posts\/68\/revisions"}],"wp:attachment":[{"href":"https:\/\/akunq.net\/turkish\/wp-json\/wp\/v2\/media?parent=68"}],"wp:term":[{"taxonomy":"category","embeddable":true,"href":"https:\/\/akunq.net\/turkish\/wp-json\/wp\/v2\/categories?post=68"},{"taxonomy":"post_tag","embeddable":true,"href":"https:\/\/akunq.net\/turkish\/wp-json\/wp\/v2\/tags?post=68"}],"curies":[{"name":"wp","href":"https:\/\/api.w.org\/{rel}","templated":true}]}}