{"id":6694,"date":"2011-07-06T06:49:10","date_gmt":"2011-07-06T11:49:10","guid":{"rendered":"http:\/\/akunq.net\/tr\/?p=6694"},"modified":"2011-07-06T06:49:10","modified_gmt":"2011-07-06T11:49:10","slug":"karckan","status":"publish","type":"post","link":"https:\/\/akunq.net\/turkish\/2011\/07\/06\/karckan\/","title":{"rendered":"Kar\u00e7kan"},"content":{"rendered":"<p style=\"text-align: justify\"><strong>Kar\u00e7kan. <\/strong>Bat\u0131 Ermenistan\u2019\u0131n Van Vilayeti\u2019nde, Van G\u00f6l\u00fc\u2019n\u00fcn g\u00fcneybat\u0131 k\u0131y\u0131s\u0131nda bulunan b\u00f6lge. Ketsan (Kesan), Gavar (G\u00e2var) ve Partav kazalar\u0131n\u0131 i\u00e7ine almaktad\u0131r. B\u00f6lgenin, verimli Kar\u00e7kar Ovas\u0131\u2019n\u0131n bulundu\u011fu g\u00f6l k\u0131y\u0131s\u0131ndaki b\u00f6l\u00fcm haricindeki b\u00fcy\u00fck k\u0131sm\u0131 R\u0131\u015ftunyats da\u011f silsilesiyle kaplanm\u0131\u015ft\u0131r. En tan\u0131nm\u0131\u015f zirveleri \u015eatakh (\u015eatakh 2860 m.) ve Indzakiars\u2019t\u0131r (Kaputko\u011f 2300 m.). B\u00f6lge zengin maden yataklar\u0131na (demir, kur\u015fun, bak\u0131r, g\u00fcm\u00fc\u015f vs.) yap\u0131 i\u015flerinde kullan\u0131lmaya elveri\u015fli ta\u015f yataklar\u0131na ve ormanlara (ac\u0131mas\u0131zca yap\u0131lan kesimler nedeniyle b\u00fcy\u00fck oranda azalm\u0131\u015ft\u0131r) sahiptir. Geni\u015f otlaklar\u0131 hayvanc\u0131l\u0131\u011fa \u00e7ok elveri\u015flidir. As\u0131l Kar\u00e7kan, Vaspurakan\u2019\u0131n Yerevark, Ketsan ise Arvenits dzor b\u00f6lgelerine denk d\u00fc\u015fmektedir.<\/p>\n<p style=\"text-align: justify\">XVI. y\u00fczy\u0131l\u0131n 30\u2019lu y\u0131llar\u0131nda Osmanl\u0131 h\u00e2kimiyetine ge\u00e7erek XIX. y\u00fczy\u0131l\u0131n 40\u2019l\u0131 y\u0131llar\u0131na kadar genelde Bitlis Hanl\u0131\u011f\u0131 (Ketsan ise Van Vilayeti) b\u00fcnyesine d\u00e2hil olmu\u015ftur. K\u00fcrt beyliklerinin ortadan kald\u0131r\u0131lmas\u0131ndan sonra k\u00f6y toplulu\u011fu olarak Van Vilayeti\u2019nin G\u00e2va\u015f (Geva\u015f) Kazas\u0131 b\u00fcnyesinde kalm\u0131\u015f, Ketsan ise Diarbekir (Diyarbak\u0131r) Vilayeti\u2019nin S\u0131\u011fert (Siirt) Sanca\u011f\u0131\u2019na (1879\u2019dan itibaren Bitlis Vilayeti\u2019nde) ba\u011flanm\u0131\u015ft\u0131r. 1883\u201388 y\u0131llar\u0131nda ge\u00e7ici olarak Bitlis Vilayeti\u2019ne, ard\u0131ndan Ketsan\u2019la birlikte nihai olarak Van Vilayeti\u2019ne (1902\u2019de G\u00e2va\u015f Kazas\u0131\u2019nda bir k\u00f6y toplulu\u011fu olarak) ge\u00e7mi\u015ftir. Kar\u00e7kan\u2019\u0131n (merkezi Gindrats veya Kendrats K\u00f6y\u00fc, 1880\u2019li y\u0131llarda Ye\u011fekis) yakla\u015f\u0131k 80 yerle\u015fim yeri olup Van Vilayeti\u2019nde Ermenilerin yo\u011fun olarak ya\u015fad\u0131\u011f\u0131 b\u00f6lgelerden olmu\u015ftur. Kar\u00e7kan\u2019\u0131n yakla\u015f\u0131k 40 k\u00f6y\u00fcnde ya\u015fayan 9 binin \u00fczerindeki Ermeni, Birinci D\u00fcnya Sava\u015f\u0131 arifesinde, b\u00f6lge n\u00fcfusunun %55\u2019ini olu\u015fturmaktayd\u0131. Gindrats, Goms, Ye\u011fegis (G\u00fcll\u00fc), Kh\u0131ndzorgin (Kh\u0131ndzorik), Kut (Partava-Kut), Sorb, Urants (Orants) ve O\u011fvants k\u00f6yleri, b\u00fcy\u00fck n\u00fcfusa sahip olan k\u00f6ylerdendi. Kar\u00e7kan\u2019\u0131n Gindranits Surb Karapet, Gomots veya Cocglukh Surb Gevorg, Mrors\u2019un Surb Tovmas, Sorb\u2019un Surb Karapet, S\u0131mbon\u2019un (S\u0131mbata\u015fat) veya \u015eakhor\u2019un Surb Astvadsadsin ile Uran\u2019\u0131n Surb Astvadsadsin manast\u0131rlar\u0131 \u00fcnl\u00fcyd\u00fc. Daha sonralar\u0131 K\u00fcrtlerle mesk\u00fbn olan Ermeni k\u00f6ylerinin dahi eski isimleri (Aygedzor, A\u015fnak, Dsapa, Kamar, Hatskrin, \u015eikrats, G\u0131ndevats, Salers, Vardenis vs.) korunmu\u015ftu. Ermeniler hayvanc\u0131l\u0131k, tar\u0131m (\u00f6zellikle Kar\u00e7kan Vadisi\u2019nde), zanaatlar (kundurac\u0131l\u0131k vs.), k\u0131y\u0131 b\u00f6lgelerinde kay\u0131k\u00e7\u0131l\u0131k ve ticaretle u\u011fra\u015fmaktayd\u0131. 1915 soyk\u0131r\u0131m\u0131 esnas\u0131nda b\u00f6lge sakinlerinin b\u00fcy\u00fck bir k\u0131sm\u0131 kurtulabilmi\u015f, daha sonra da Rus ordusunun geri \u00e7ekilmesiyle Do\u011fu Ermenistan\u2019a s\u0131\u011f\u0131nm\u0131\u015flard\u0131r.<\/p>\n<p style=\"text-align: justify\"><strong>K\u00fc\u00e7\u00fck Ermeni Ansiklopedisi, 2. Cilt, Yerevan, 1995.<\/strong><\/p>\n","protected":false},"excerpt":{"rendered":"<p>Kar\u00e7kan. Bat\u0131 Ermenistan\u2019\u0131n Van Vilayeti\u2019nde, Van G\u00f6l\u00fc\u2019n\u00fcn g\u00fcneybat\u0131 k\u0131y\u0131s\u0131nda bulunan b\u00f6lge. Ketsan (Kesan), Gavar (G\u00e2var) ve Partav kazalar\u0131n\u0131 i\u00e7ine almaktad\u0131r. B\u00f6lgenin, verimli Kar\u00e7kar Ovas\u0131\u2019n\u0131n bulundu\u011fu g\u00f6l k\u0131y\u0131s\u0131ndaki b\u00f6l\u00fcm haricindeki b\u00fcy\u00fck k\u0131sm\u0131 R\u0131\u015ftunyats da\u011f silsilesiyle kaplanm\u0131\u015ft\u0131r. En tan\u0131nm\u0131\u015f zirveleri \u015eatakh (\u015eatakh 2860 m.) ve Indzakiars\u2019t\u0131r (Kaputko\u011f 2300 m.). B\u00f6lge zengin maden yataklar\u0131na (demir, kur\u015fun, bak\u0131r, g\u00fcm\u00fc\u015f [&hellip;]<\/p>\n","protected":false},"author":3,"featured_media":0,"comment_status":"open","ping_status":"open","sticky":false,"template":"","format":"standard","meta":{"footnotes":""},"categories":[47],"tags":[],"class_list":["post-6694","post","type-post","status-publish","format-standard","hentry","category-bati-ermenistanin-ilceleri"],"yoast_head":"<!-- This site is optimized with the Yoast SEO plugin v27.4 - https:\/\/yoast.com\/product\/yoast-seo-wordpress\/ -->\n<title>Kar\u00e7kan - Bati Ermenistan Ve Bati Ermenileri Sorunlari Ara\u015ftirmalar Merkezi<\/title>\n<meta name=\"robots\" content=\"index, follow, max-snippet:-1, max-image-preview:large, max-video-preview:-1\" \/>\n<link rel=\"canonical\" href=\"https:\/\/akunq.net\/turkish\/2011\/07\/06\/karckan\/\" \/>\n<meta property=\"og:locale\" content=\"en_US\" \/>\n<meta property=\"og:type\" content=\"article\" \/>\n<meta property=\"og:title\" content=\"Kar\u00e7kan - Bati Ermenistan Ve Bati Ermenileri Sorunlari Ara\u015ftirmalar Merkezi\" \/>\n<meta property=\"og:description\" content=\"Kar\u00e7kan. Bat\u0131 Ermenistan\u2019\u0131n Van Vilayeti\u2019nde, Van G\u00f6l\u00fc\u2019n\u00fcn g\u00fcneybat\u0131 k\u0131y\u0131s\u0131nda bulunan b\u00f6lge. Ketsan (Kesan), Gavar (G\u00e2var) ve Partav kazalar\u0131n\u0131 i\u00e7ine almaktad\u0131r. B\u00f6lgenin, verimli Kar\u00e7kar Ovas\u0131\u2019n\u0131n bulundu\u011fu g\u00f6l k\u0131y\u0131s\u0131ndaki b\u00f6l\u00fcm haricindeki b\u00fcy\u00fck k\u0131sm\u0131 R\u0131\u015ftunyats da\u011f silsilesiyle kaplanm\u0131\u015ft\u0131r. En tan\u0131nm\u0131\u015f zirveleri \u015eatakh (\u015eatakh 2860 m.) ve Indzakiars\u2019t\u0131r (Kaputko\u011f 2300 m.). B\u00f6lge zengin maden yataklar\u0131na (demir, kur\u015fun, bak\u0131r, g\u00fcm\u00fc\u015f [&hellip;]\" \/>\n<meta property=\"og:url\" content=\"https:\/\/akunq.net\/turkish\/2011\/07\/06\/karckan\/\" \/>\n<meta property=\"og:site_name\" content=\"Bati Ermenistan Ve Bati Ermenileri Sorunlari Ara\u015ftirmalar Merkezi\" \/>\n<meta property=\"article:published_time\" content=\"2011-07-06T11:49:10+00:00\" \/>\n<meta name=\"author\" content=\"kalem\" \/>\n<meta name=\"twitter:card\" content=\"summary_large_image\" \/>\n<meta name=\"twitter:label1\" content=\"Written by\" \/>\n\t<meta name=\"twitter:data1\" content=\"kalem\" \/>\n\t<meta name=\"twitter:label2\" content=\"Est. reading time\" \/>\n\t<meta name=\"twitter:data2\" content=\"2 minutes\" \/>\n<script type=\"application\/ld+json\" class=\"yoast-schema-graph\">{\"@context\":\"https:\\\/\\\/schema.org\",\"@graph\":[{\"@type\":\"Article\",\"@id\":\"https:\\\/\\\/akunq.net\\\/turkish\\\/2011\\\/07\\\/06\\\/karckan\\\/#article\",\"isPartOf\":{\"@id\":\"https:\\\/\\\/akunq.net\\\/turkish\\\/2011\\\/07\\\/06\\\/karckan\\\/\"},\"author\":{\"name\":\"kalem\",\"@id\":\"https:\\\/\\\/akunq.net\\\/turkish\\\/#\\\/schema\\\/person\\\/135e7923d1aeb8887890799619969a6c\"},\"headline\":\"Kar\u00e7kan\",\"datePublished\":\"2011-07-06T11:49:10+00:00\",\"mainEntityOfPage\":{\"@id\":\"https:\\\/\\\/akunq.net\\\/turkish\\\/2011\\\/07\\\/06\\\/karckan\\\/\"},\"wordCount\":480,\"commentCount\":0,\"articleSection\":[\"Bat\u0131 Ermenistan\u2019\u0131n \u0130l\u00e7eleri\"],\"inLanguage\":\"en-US\",\"potentialAction\":[{\"@type\":\"CommentAction\",\"name\":\"Comment\",\"target\":[\"https:\\\/\\\/akunq.net\\\/turkish\\\/2011\\\/07\\\/06\\\/karckan\\\/#respond\"]}]},{\"@type\":\"WebPage\",\"@id\":\"https:\\\/\\\/akunq.net\\\/turkish\\\/2011\\\/07\\\/06\\\/karckan\\\/\",\"url\":\"https:\\\/\\\/akunq.net\\\/turkish\\\/2011\\\/07\\\/06\\\/karckan\\\/\",\"name\":\"Kar\u00e7kan - Bati Ermenistan Ve Bati Ermenileri Sorunlari Ara\u015ftirmalar Merkezi\",\"isPartOf\":{\"@id\":\"https:\\\/\\\/akunq.net\\\/turkish\\\/#website\"},\"datePublished\":\"2011-07-06T11:49:10+00:00\",\"author\":{\"@id\":\"https:\\\/\\\/akunq.net\\\/turkish\\\/#\\\/schema\\\/person\\\/135e7923d1aeb8887890799619969a6c\"},\"breadcrumb\":{\"@id\":\"https:\\\/\\\/akunq.net\\\/turkish\\\/2011\\\/07\\\/06\\\/karckan\\\/#breadcrumb\"},\"inLanguage\":\"en-US\",\"potentialAction\":[{\"@type\":\"ReadAction\",\"target\":[\"https:\\\/\\\/akunq.net\\\/turkish\\\/2011\\\/07\\\/06\\\/karckan\\\/\"]}]},{\"@type\":\"BreadcrumbList\",\"@id\":\"https:\\\/\\\/akunq.net\\\/turkish\\\/2011\\\/07\\\/06\\\/karckan\\\/#breadcrumb\",\"itemListElement\":[{\"@type\":\"ListItem\",\"position\":1,\"name\":\"Home\",\"item\":\"https:\\\/\\\/akunq.net\\\/turkish\\\/\"},{\"@type\":\"ListItem\",\"position\":2,\"name\":\"Kar\u00e7kan\"}]},{\"@type\":\"WebSite\",\"@id\":\"https:\\\/\\\/akunq.net\\\/turkish\\\/#website\",\"url\":\"https:\\\/\\\/akunq.net\\\/turkish\\\/\",\"name\":\"Bati Ermenistan Ve Bati Ermenileri Sorunlari Ara\u015ftirmalar Merkezi\",\"description\":\"\",\"potentialAction\":[{\"@type\":\"SearchAction\",\"target\":{\"@type\":\"EntryPoint\",\"urlTemplate\":\"https:\\\/\\\/akunq.net\\\/turkish\\\/?s={search_term_string}\"},\"query-input\":{\"@type\":\"PropertyValueSpecification\",\"valueRequired\":true,\"valueName\":\"search_term_string\"}}],\"inLanguage\":\"en-US\"},{\"@type\":\"Person\",\"@id\":\"https:\\\/\\\/akunq.net\\\/turkish\\\/#\\\/schema\\\/person\\\/135e7923d1aeb8887890799619969a6c\",\"name\":\"kalem\",\"image\":{\"@type\":\"ImageObject\",\"inLanguage\":\"en-US\",\"@id\":\"https:\\\/\\\/secure.gravatar.com\\\/avatar\\\/a06875e4b25feb5674296adf8e8a7ae1e587cebce2493fe63c456109967e27d3?s=96&d=mm&r=g\",\"url\":\"https:\\\/\\\/secure.gravatar.com\\\/avatar\\\/a06875e4b25feb5674296adf8e8a7ae1e587cebce2493fe63c456109967e27d3?s=96&d=mm&r=g\",\"contentUrl\":\"https:\\\/\\\/secure.gravatar.com\\\/avatar\\\/a06875e4b25feb5674296adf8e8a7ae1e587cebce2493fe63c456109967e27d3?s=96&d=mm&r=g\",\"caption\":\"kalem\"},\"url\":\"https:\\\/\\\/akunq.net\\\/turkish\\\/author\\\/kalem\\\/\"}]}<\/script>\n<!-- \/ Yoast SEO plugin. -->","yoast_head_json":{"title":"Kar\u00e7kan - Bati Ermenistan Ve Bati Ermenileri Sorunlari Ara\u015ftirmalar Merkezi","robots":{"index":"index","follow":"follow","max-snippet":"max-snippet:-1","max-image-preview":"max-image-preview:large","max-video-preview":"max-video-preview:-1"},"canonical":"https:\/\/akunq.net\/turkish\/2011\/07\/06\/karckan\/","og_locale":"en_US","og_type":"article","og_title":"Kar\u00e7kan - Bati Ermenistan Ve Bati Ermenileri Sorunlari Ara\u015ftirmalar Merkezi","og_description":"Kar\u00e7kan. Bat\u0131 Ermenistan\u2019\u0131n Van Vilayeti\u2019nde, Van G\u00f6l\u00fc\u2019n\u00fcn g\u00fcneybat\u0131 k\u0131y\u0131s\u0131nda bulunan b\u00f6lge. Ketsan (Kesan), Gavar (G\u00e2var) ve Partav kazalar\u0131n\u0131 i\u00e7ine almaktad\u0131r. B\u00f6lgenin, verimli Kar\u00e7kar Ovas\u0131\u2019n\u0131n bulundu\u011fu g\u00f6l k\u0131y\u0131s\u0131ndaki b\u00f6l\u00fcm haricindeki b\u00fcy\u00fck k\u0131sm\u0131 R\u0131\u015ftunyats da\u011f silsilesiyle kaplanm\u0131\u015ft\u0131r. En tan\u0131nm\u0131\u015f zirveleri \u015eatakh (\u015eatakh 2860 m.) ve Indzakiars\u2019t\u0131r (Kaputko\u011f 2300 m.). B\u00f6lge zengin maden yataklar\u0131na (demir, kur\u015fun, bak\u0131r, g\u00fcm\u00fc\u015f [&hellip;]","og_url":"https:\/\/akunq.net\/turkish\/2011\/07\/06\/karckan\/","og_site_name":"Bati Ermenistan Ve Bati Ermenileri Sorunlari Ara\u015ftirmalar Merkezi","article_published_time":"2011-07-06T11:49:10+00:00","author":"kalem","twitter_card":"summary_large_image","twitter_misc":{"Written by":"kalem","Est. reading time":"2 minutes"},"schema":{"@context":"https:\/\/schema.org","@graph":[{"@type":"Article","@id":"https:\/\/akunq.net\/turkish\/2011\/07\/06\/karckan\/#article","isPartOf":{"@id":"https:\/\/akunq.net\/turkish\/2011\/07\/06\/karckan\/"},"author":{"name":"kalem","@id":"https:\/\/akunq.net\/turkish\/#\/schema\/person\/135e7923d1aeb8887890799619969a6c"},"headline":"Kar\u00e7kan","datePublished":"2011-07-06T11:49:10+00:00","mainEntityOfPage":{"@id":"https:\/\/akunq.net\/turkish\/2011\/07\/06\/karckan\/"},"wordCount":480,"commentCount":0,"articleSection":["Bat\u0131 Ermenistan\u2019\u0131n \u0130l\u00e7eleri"],"inLanguage":"en-US","potentialAction":[{"@type":"CommentAction","name":"Comment","target":["https:\/\/akunq.net\/turkish\/2011\/07\/06\/karckan\/#respond"]}]},{"@type":"WebPage","@id":"https:\/\/akunq.net\/turkish\/2011\/07\/06\/karckan\/","url":"https:\/\/akunq.net\/turkish\/2011\/07\/06\/karckan\/","name":"Kar\u00e7kan - Bati Ermenistan Ve Bati Ermenileri Sorunlari Ara\u015ftirmalar Merkezi","isPartOf":{"@id":"https:\/\/akunq.net\/turkish\/#website"},"datePublished":"2011-07-06T11:49:10+00:00","author":{"@id":"https:\/\/akunq.net\/turkish\/#\/schema\/person\/135e7923d1aeb8887890799619969a6c"},"breadcrumb":{"@id":"https:\/\/akunq.net\/turkish\/2011\/07\/06\/karckan\/#breadcrumb"},"inLanguage":"en-US","potentialAction":[{"@type":"ReadAction","target":["https:\/\/akunq.net\/turkish\/2011\/07\/06\/karckan\/"]}]},{"@type":"BreadcrumbList","@id":"https:\/\/akunq.net\/turkish\/2011\/07\/06\/karckan\/#breadcrumb","itemListElement":[{"@type":"ListItem","position":1,"name":"Home","item":"https:\/\/akunq.net\/turkish\/"},{"@type":"ListItem","position":2,"name":"Kar\u00e7kan"}]},{"@type":"WebSite","@id":"https:\/\/akunq.net\/turkish\/#website","url":"https:\/\/akunq.net\/turkish\/","name":"Bati Ermenistan Ve Bati Ermenileri Sorunlari Ara\u015ftirmalar Merkezi","description":"","potentialAction":[{"@type":"SearchAction","target":{"@type":"EntryPoint","urlTemplate":"https:\/\/akunq.net\/turkish\/?s={search_term_string}"},"query-input":{"@type":"PropertyValueSpecification","valueRequired":true,"valueName":"search_term_string"}}],"inLanguage":"en-US"},{"@type":"Person","@id":"https:\/\/akunq.net\/turkish\/#\/schema\/person\/135e7923d1aeb8887890799619969a6c","name":"kalem","image":{"@type":"ImageObject","inLanguage":"en-US","@id":"https:\/\/secure.gravatar.com\/avatar\/a06875e4b25feb5674296adf8e8a7ae1e587cebce2493fe63c456109967e27d3?s=96&d=mm&r=g","url":"https:\/\/secure.gravatar.com\/avatar\/a06875e4b25feb5674296adf8e8a7ae1e587cebce2493fe63c456109967e27d3?s=96&d=mm&r=g","contentUrl":"https:\/\/secure.gravatar.com\/avatar\/a06875e4b25feb5674296adf8e8a7ae1e587cebce2493fe63c456109967e27d3?s=96&d=mm&r=g","caption":"kalem"},"url":"https:\/\/akunq.net\/turkish\/author\/kalem\/"}]}},"_links":{"self":[{"href":"https:\/\/akunq.net\/turkish\/wp-json\/wp\/v2\/posts\/6694","targetHints":{"allow":["GET"]}}],"collection":[{"href":"https:\/\/akunq.net\/turkish\/wp-json\/wp\/v2\/posts"}],"about":[{"href":"https:\/\/akunq.net\/turkish\/wp-json\/wp\/v2\/types\/post"}],"author":[{"embeddable":true,"href":"https:\/\/akunq.net\/turkish\/wp-json\/wp\/v2\/users\/3"}],"replies":[{"embeddable":true,"href":"https:\/\/akunq.net\/turkish\/wp-json\/wp\/v2\/comments?post=6694"}],"version-history":[{"count":0,"href":"https:\/\/akunq.net\/turkish\/wp-json\/wp\/v2\/posts\/6694\/revisions"}],"wp:attachment":[{"href":"https:\/\/akunq.net\/turkish\/wp-json\/wp\/v2\/media?parent=6694"}],"wp:term":[{"taxonomy":"category","embeddable":true,"href":"https:\/\/akunq.net\/turkish\/wp-json\/wp\/v2\/categories?post=6694"},{"taxonomy":"post_tag","embeddable":true,"href":"https:\/\/akunq.net\/turkish\/wp-json\/wp\/v2\/tags?post=6694"}],"curies":[{"name":"wp","href":"https:\/\/api.w.org\/{rel}","templated":true}]}}