{"id":6691,"date":"2011-07-06T06:47:20","date_gmt":"2011-07-06T11:47:20","guid":{"rendered":"http:\/\/akunq.net\/tr\/?p=6691"},"modified":"2011-07-06T06:47:20","modified_gmt":"2011-07-06T11:47:20","slug":"karkar","status":"publish","type":"post","link":"https:\/\/akunq.net\/turkish\/2011\/07\/06\/karkar\/","title":{"rendered":"Karkar"},"content":{"rendered":"<p style=\"text-align: justify\"><strong>Karkar: <\/strong>Bat\u0131 Ermenistan\u2019\u0131n Van Vilayeti\u2019nde, Van G\u00f6l\u00fc\u2019n\u00fcn g\u00fcneyinde, Karkar ve Kh\u0131ndzorut nehirleri vadisi aras\u0131nda bulunan da\u011fl\u0131k b\u00f6lge. Kas\u0131r dzor, Karala\u015f (Vorzasar), Ha\u011ft ve Sineg\u0131r zirveleri Karkar b\u00f6lgesi i\u00e7inde bulunmaktayd\u0131. B\u00fcy\u00fck Hayk\u2019\u0131n Vaspurakan Eyaleti\u2019nin R\u0131\u015ftunik b\u00f6lgesinin g\u00fcney k\u0131sm\u0131na denk d\u00fc\u015fmektedir.<\/p>\n<p style=\"text-align: justify\">XVII. y\u00fczy\u0131l\u0131n 30\u2019lu y\u0131llar\u0131nda Karkar, Osmanl\u0131 \u0130mparatorlu\u011fu taraf\u0131ndan i\u015fgal edilmi\u015ftir. 1840\u2019l\u0131 y\u0131llara kadar Karkar\u2019\u0131n iki b\u00f6l\u00fcm\u00fc (Yukar\u0131 ve A\u015fa\u011f\u0131 veya A\u011fakis \u201cg\u00e2lileri\u201d) Van Vilayeti b\u00fcnyesinde ayr\u0131 sancaklar olu\u015fturmaktayd\u0131. Daha sonra Yukar\u0131 Karkar (merkezi Karkar olarak) G\u00e2va\u015f\u2019a (Geva\u015f), A\u015fa\u011f\u0131 Karkar (merkezi Ye\u011fegis olarak) ise Diarbekir (Diyarbak\u0131r) Vilayeti\u2019ne ba\u011flanm\u0131\u015f, 1880\u2019li y\u0131llar\u0131n ba\u015f\u0131nda da Bitlis Vilayeti\u2019ne d\u00e2hil edilmi\u015ftir (Khizan\/Hizan Kazas\u0131\u2019nda bir k\u00f6y toplulu\u011fu olarak). Tamamen Ermenilerle mesk\u00fbn olan Karkar\u2019\u0131n etnik yap\u0131s\u0131 K\u00fcrt a\u015firetlerinin b\u00f6lgeye dolu\u015fmas\u0131 (XV. y\u00fczy\u0131l) ve XVI.-XVII. y\u00fczy\u0131llar\u0131 aras\u0131nda s\u00fcregelen Osmanl\u0131-\u0130ran sava\u015flar\u0131 neticesinde Ermenilerin y\u00f6reden g\u00f6\u00e7 etmesiyle de\u011fi\u015fmi\u015ftir. Osmanl\u0131 y\u00f6netimi ve K\u00fcrt derebeyleri aras\u0131nda meydana gelen \u00e7at\u0131\u015fmalar (1840\u2019lar) da Karkar Ermenilerine yeni felaketler getirmi\u015ftir. Celalettin\u2019in ve Seyit Ali\u2019nin isyanlar\u0131 (1870-1880\u2019ler) ile 1894\u201396 Ermeni katliamlar\u0131 sonucunda da \u00e7ok say\u0131da Ermeni yerle\u015fimi (Karkar da dahil olmak \u00fczere) tahrip edilip \u0131ss\u0131zla\u015fm\u0131\u015ft\u0131r. Kuzey Mezopotamya\u2019n\u0131n g\u00f6\u00e7ebe K\u00fcrt a\u015firetlerinin, Karkar\u2019\u0131n otlaklar\u0131na do\u011fru her y\u0131l ger\u00e7ekle\u015ftirdikleri g\u00f6\u00e7ler devaml\u0131 olarak beraberinde y\u0131k\u0131m ve soygun da getirmi\u015ftir.<\/p>\n<p style=\"text-align: justify\">Birinci D\u00fcnya Sava\u015f\u0131\u2019na kadar, Karkar\u2019\u0131n yakla\u015f\u0131k 4 bin Ermeni\u2019si, b\u00f6lge n\u00fcfusunun %80\u2019ini te\u015fkil etmekteydi. 20\u2019nin \u00fczerindeki Ermeni k\u00f6ylerinin en tan\u0131nm\u0131\u015flar\u0131 Arbents, Ye\u011fegis (A\u011fakis), Tatsun, Kh\u0131rortents, Dsokun ve Ha\u011ft olmu\u015ftur. K\u00fcrtlerin yerle\u015fmi\u015f oldu\u011fu Lernis, Kotis, \u00c7akrats ve Sarsarek k\u00f6yleri de Ermenice isimlerini korumu\u015flard\u0131. Ermeniler genelde hayvanc\u0131l\u0131k, zanaatlar ve ba\u011fc\u0131l\u0131kla u\u011fra\u015fmaktayd\u0131. Ermenilerin ruhani merkezleri Kh\u0131ndzorut\u2019un Surb (Aziz) Gevorg ve Dz\u0131kor\u2019un Yera\u015fkhavor Surb Astvadzadzin manast\u0131rlar\u0131 olmu\u015ftur. Urik\u2019teki Ermeni okuluna Ye\u011fegis, Hals, Hukurdzu ve Dz\u0131kor (Ds\u0131kor) k\u00f6ylerindeki \u00e7ocuklar da gitmekteydi.<\/p>\n<p style=\"text-align: justify\">Karkar Ermenilerinin b\u00fcy\u00fck bir k\u0131sm\u0131 1915 soyk\u0131r\u0131m\u0131ndan kurtulabilmi\u015f ve Rus ordular\u0131n\u0131n geri \u00e7ekilmesinin ard\u0131ndan Do\u011fu Ermenistan\u2019a s\u0131\u011f\u0131nm\u0131\u015flard\u0131r.<\/p>\n<p style=\"text-align: justify\"><strong>K\u00fc\u00e7\u00fck Ermeni Ansiklopedisi, 2. Cilt, Yerevan, 1995.<\/strong><\/p>\n","protected":false},"excerpt":{"rendered":"<p>Karkar: Bat\u0131 Ermenistan\u2019\u0131n Van Vilayeti\u2019nde, Van G\u00f6l\u00fc\u2019n\u00fcn g\u00fcneyinde, Karkar ve Kh\u0131ndzorut nehirleri vadisi aras\u0131nda bulunan da\u011fl\u0131k b\u00f6lge. Kas\u0131r dzor, Karala\u015f (Vorzasar), Ha\u011ft ve Sineg\u0131r zirveleri Karkar b\u00f6lgesi i\u00e7inde bulunmaktayd\u0131. B\u00fcy\u00fck Hayk\u2019\u0131n Vaspurakan Eyaleti\u2019nin R\u0131\u015ftunik b\u00f6lgesinin g\u00fcney k\u0131sm\u0131na denk d\u00fc\u015fmektedir. XVII. y\u00fczy\u0131l\u0131n 30\u2019lu y\u0131llar\u0131nda Karkar, Osmanl\u0131 \u0130mparatorlu\u011fu taraf\u0131ndan i\u015fgal edilmi\u015ftir. 1840\u2019l\u0131 y\u0131llara kadar Karkar\u2019\u0131n iki b\u00f6l\u00fcm\u00fc [&hellip;]<\/p>\n","protected":false},"author":3,"featured_media":0,"comment_status":"open","ping_status":"open","sticky":false,"template":"","format":"standard","meta":{"footnotes":""},"categories":[47],"tags":[],"class_list":["post-6691","post","type-post","status-publish","format-standard","hentry","category-bati-ermenistanin-ilceleri"],"yoast_head":"<!-- This site is optimized with the Yoast SEO plugin v27.4 - https:\/\/yoast.com\/product\/yoast-seo-wordpress\/ -->\n<title>Karkar - Bati Ermenistan Ve Bati Ermenileri Sorunlari Ara\u015ftirmalar Merkezi<\/title>\n<meta name=\"robots\" content=\"index, follow, max-snippet:-1, max-image-preview:large, max-video-preview:-1\" \/>\n<link rel=\"canonical\" href=\"https:\/\/akunq.net\/turkish\/2011\/07\/06\/karkar\/\" \/>\n<meta property=\"og:locale\" content=\"en_US\" \/>\n<meta property=\"og:type\" content=\"article\" \/>\n<meta property=\"og:title\" content=\"Karkar - Bati Ermenistan Ve Bati Ermenileri Sorunlari Ara\u015ftirmalar Merkezi\" \/>\n<meta property=\"og:description\" content=\"Karkar: Bat\u0131 Ermenistan\u2019\u0131n Van Vilayeti\u2019nde, Van G\u00f6l\u00fc\u2019n\u00fcn g\u00fcneyinde, Karkar ve Kh\u0131ndzorut nehirleri vadisi aras\u0131nda bulunan da\u011fl\u0131k b\u00f6lge. Kas\u0131r dzor, Karala\u015f (Vorzasar), Ha\u011ft ve Sineg\u0131r zirveleri Karkar b\u00f6lgesi i\u00e7inde bulunmaktayd\u0131. B\u00fcy\u00fck Hayk\u2019\u0131n Vaspurakan Eyaleti\u2019nin R\u0131\u015ftunik b\u00f6lgesinin g\u00fcney k\u0131sm\u0131na denk d\u00fc\u015fmektedir. XVII. y\u00fczy\u0131l\u0131n 30\u2019lu y\u0131llar\u0131nda Karkar, Osmanl\u0131 \u0130mparatorlu\u011fu taraf\u0131ndan i\u015fgal edilmi\u015ftir. 1840\u2019l\u0131 y\u0131llara kadar Karkar\u2019\u0131n iki b\u00f6l\u00fcm\u00fc [&hellip;]\" \/>\n<meta property=\"og:url\" content=\"https:\/\/akunq.net\/turkish\/2011\/07\/06\/karkar\/\" \/>\n<meta property=\"og:site_name\" content=\"Bati Ermenistan Ve Bati Ermenileri Sorunlari Ara\u015ftirmalar Merkezi\" \/>\n<meta property=\"article:published_time\" content=\"2011-07-06T11:47:20+00:00\" \/>\n<meta name=\"author\" content=\"kalem\" \/>\n<meta name=\"twitter:card\" content=\"summary_large_image\" \/>\n<meta name=\"twitter:label1\" content=\"Written by\" \/>\n\t<meta name=\"twitter:data1\" content=\"kalem\" \/>\n\t<meta name=\"twitter:label2\" content=\"Est. reading time\" \/>\n\t<meta name=\"twitter:data2\" content=\"2 minutes\" \/>\n<script type=\"application\/ld+json\" class=\"yoast-schema-graph\">{\"@context\":\"https:\\\/\\\/schema.org\",\"@graph\":[{\"@type\":\"Article\",\"@id\":\"https:\\\/\\\/akunq.net\\\/turkish\\\/2011\\\/07\\\/06\\\/karkar\\\/#article\",\"isPartOf\":{\"@id\":\"https:\\\/\\\/akunq.net\\\/turkish\\\/2011\\\/07\\\/06\\\/karkar\\\/\"},\"author\":{\"name\":\"kalem\",\"@id\":\"https:\\\/\\\/akunq.net\\\/turkish\\\/#\\\/schema\\\/person\\\/135e7923d1aeb8887890799619969a6c\"},\"headline\":\"Karkar\",\"datePublished\":\"2011-07-06T11:47:20+00:00\",\"mainEntityOfPage\":{\"@id\":\"https:\\\/\\\/akunq.net\\\/turkish\\\/2011\\\/07\\\/06\\\/karkar\\\/\"},\"wordCount\":448,\"commentCount\":0,\"articleSection\":[\"Bat\u0131 Ermenistan\u2019\u0131n \u0130l\u00e7eleri\"],\"inLanguage\":\"en-US\",\"potentialAction\":[{\"@type\":\"CommentAction\",\"name\":\"Comment\",\"target\":[\"https:\\\/\\\/akunq.net\\\/turkish\\\/2011\\\/07\\\/06\\\/karkar\\\/#respond\"]}]},{\"@type\":\"WebPage\",\"@id\":\"https:\\\/\\\/akunq.net\\\/turkish\\\/2011\\\/07\\\/06\\\/karkar\\\/\",\"url\":\"https:\\\/\\\/akunq.net\\\/turkish\\\/2011\\\/07\\\/06\\\/karkar\\\/\",\"name\":\"Karkar - Bati Ermenistan Ve Bati Ermenileri Sorunlari Ara\u015ftirmalar Merkezi\",\"isPartOf\":{\"@id\":\"https:\\\/\\\/akunq.net\\\/turkish\\\/#website\"},\"datePublished\":\"2011-07-06T11:47:20+00:00\",\"author\":{\"@id\":\"https:\\\/\\\/akunq.net\\\/turkish\\\/#\\\/schema\\\/person\\\/135e7923d1aeb8887890799619969a6c\"},\"breadcrumb\":{\"@id\":\"https:\\\/\\\/akunq.net\\\/turkish\\\/2011\\\/07\\\/06\\\/karkar\\\/#breadcrumb\"},\"inLanguage\":\"en-US\",\"potentialAction\":[{\"@type\":\"ReadAction\",\"target\":[\"https:\\\/\\\/akunq.net\\\/turkish\\\/2011\\\/07\\\/06\\\/karkar\\\/\"]}]},{\"@type\":\"BreadcrumbList\",\"@id\":\"https:\\\/\\\/akunq.net\\\/turkish\\\/2011\\\/07\\\/06\\\/karkar\\\/#breadcrumb\",\"itemListElement\":[{\"@type\":\"ListItem\",\"position\":1,\"name\":\"Home\",\"item\":\"https:\\\/\\\/akunq.net\\\/turkish\\\/\"},{\"@type\":\"ListItem\",\"position\":2,\"name\":\"Karkar\"}]},{\"@type\":\"WebSite\",\"@id\":\"https:\\\/\\\/akunq.net\\\/turkish\\\/#website\",\"url\":\"https:\\\/\\\/akunq.net\\\/turkish\\\/\",\"name\":\"Bati Ermenistan Ve Bati Ermenileri Sorunlari Ara\u015ftirmalar Merkezi\",\"description\":\"\",\"potentialAction\":[{\"@type\":\"SearchAction\",\"target\":{\"@type\":\"EntryPoint\",\"urlTemplate\":\"https:\\\/\\\/akunq.net\\\/turkish\\\/?s={search_term_string}\"},\"query-input\":{\"@type\":\"PropertyValueSpecification\",\"valueRequired\":true,\"valueName\":\"search_term_string\"}}],\"inLanguage\":\"en-US\"},{\"@type\":\"Person\",\"@id\":\"https:\\\/\\\/akunq.net\\\/turkish\\\/#\\\/schema\\\/person\\\/135e7923d1aeb8887890799619969a6c\",\"name\":\"kalem\",\"image\":{\"@type\":\"ImageObject\",\"inLanguage\":\"en-US\",\"@id\":\"https:\\\/\\\/secure.gravatar.com\\\/avatar\\\/a06875e4b25feb5674296adf8e8a7ae1e587cebce2493fe63c456109967e27d3?s=96&d=mm&r=g\",\"url\":\"https:\\\/\\\/secure.gravatar.com\\\/avatar\\\/a06875e4b25feb5674296adf8e8a7ae1e587cebce2493fe63c456109967e27d3?s=96&d=mm&r=g\",\"contentUrl\":\"https:\\\/\\\/secure.gravatar.com\\\/avatar\\\/a06875e4b25feb5674296adf8e8a7ae1e587cebce2493fe63c456109967e27d3?s=96&d=mm&r=g\",\"caption\":\"kalem\"},\"url\":\"https:\\\/\\\/akunq.net\\\/turkish\\\/author\\\/kalem\\\/\"}]}<\/script>\n<!-- \/ Yoast SEO plugin. -->","yoast_head_json":{"title":"Karkar - Bati Ermenistan Ve Bati Ermenileri Sorunlari Ara\u015ftirmalar Merkezi","robots":{"index":"index","follow":"follow","max-snippet":"max-snippet:-1","max-image-preview":"max-image-preview:large","max-video-preview":"max-video-preview:-1"},"canonical":"https:\/\/akunq.net\/turkish\/2011\/07\/06\/karkar\/","og_locale":"en_US","og_type":"article","og_title":"Karkar - Bati Ermenistan Ve Bati Ermenileri Sorunlari Ara\u015ftirmalar Merkezi","og_description":"Karkar: Bat\u0131 Ermenistan\u2019\u0131n Van Vilayeti\u2019nde, Van G\u00f6l\u00fc\u2019n\u00fcn g\u00fcneyinde, Karkar ve Kh\u0131ndzorut nehirleri vadisi aras\u0131nda bulunan da\u011fl\u0131k b\u00f6lge. Kas\u0131r dzor, Karala\u015f (Vorzasar), Ha\u011ft ve Sineg\u0131r zirveleri Karkar b\u00f6lgesi i\u00e7inde bulunmaktayd\u0131. B\u00fcy\u00fck Hayk\u2019\u0131n Vaspurakan Eyaleti\u2019nin R\u0131\u015ftunik b\u00f6lgesinin g\u00fcney k\u0131sm\u0131na denk d\u00fc\u015fmektedir. XVII. y\u00fczy\u0131l\u0131n 30\u2019lu y\u0131llar\u0131nda Karkar, Osmanl\u0131 \u0130mparatorlu\u011fu taraf\u0131ndan i\u015fgal edilmi\u015ftir. 1840\u2019l\u0131 y\u0131llara kadar Karkar\u2019\u0131n iki b\u00f6l\u00fcm\u00fc [&hellip;]","og_url":"https:\/\/akunq.net\/turkish\/2011\/07\/06\/karkar\/","og_site_name":"Bati Ermenistan Ve Bati Ermenileri Sorunlari Ara\u015ftirmalar Merkezi","article_published_time":"2011-07-06T11:47:20+00:00","author":"kalem","twitter_card":"summary_large_image","twitter_misc":{"Written by":"kalem","Est. reading time":"2 minutes"},"schema":{"@context":"https:\/\/schema.org","@graph":[{"@type":"Article","@id":"https:\/\/akunq.net\/turkish\/2011\/07\/06\/karkar\/#article","isPartOf":{"@id":"https:\/\/akunq.net\/turkish\/2011\/07\/06\/karkar\/"},"author":{"name":"kalem","@id":"https:\/\/akunq.net\/turkish\/#\/schema\/person\/135e7923d1aeb8887890799619969a6c"},"headline":"Karkar","datePublished":"2011-07-06T11:47:20+00:00","mainEntityOfPage":{"@id":"https:\/\/akunq.net\/turkish\/2011\/07\/06\/karkar\/"},"wordCount":448,"commentCount":0,"articleSection":["Bat\u0131 Ermenistan\u2019\u0131n \u0130l\u00e7eleri"],"inLanguage":"en-US","potentialAction":[{"@type":"CommentAction","name":"Comment","target":["https:\/\/akunq.net\/turkish\/2011\/07\/06\/karkar\/#respond"]}]},{"@type":"WebPage","@id":"https:\/\/akunq.net\/turkish\/2011\/07\/06\/karkar\/","url":"https:\/\/akunq.net\/turkish\/2011\/07\/06\/karkar\/","name":"Karkar - Bati Ermenistan Ve Bati Ermenileri Sorunlari Ara\u015ftirmalar Merkezi","isPartOf":{"@id":"https:\/\/akunq.net\/turkish\/#website"},"datePublished":"2011-07-06T11:47:20+00:00","author":{"@id":"https:\/\/akunq.net\/turkish\/#\/schema\/person\/135e7923d1aeb8887890799619969a6c"},"breadcrumb":{"@id":"https:\/\/akunq.net\/turkish\/2011\/07\/06\/karkar\/#breadcrumb"},"inLanguage":"en-US","potentialAction":[{"@type":"ReadAction","target":["https:\/\/akunq.net\/turkish\/2011\/07\/06\/karkar\/"]}]},{"@type":"BreadcrumbList","@id":"https:\/\/akunq.net\/turkish\/2011\/07\/06\/karkar\/#breadcrumb","itemListElement":[{"@type":"ListItem","position":1,"name":"Home","item":"https:\/\/akunq.net\/turkish\/"},{"@type":"ListItem","position":2,"name":"Karkar"}]},{"@type":"WebSite","@id":"https:\/\/akunq.net\/turkish\/#website","url":"https:\/\/akunq.net\/turkish\/","name":"Bati Ermenistan Ve Bati Ermenileri Sorunlari Ara\u015ftirmalar Merkezi","description":"","potentialAction":[{"@type":"SearchAction","target":{"@type":"EntryPoint","urlTemplate":"https:\/\/akunq.net\/turkish\/?s={search_term_string}"},"query-input":{"@type":"PropertyValueSpecification","valueRequired":true,"valueName":"search_term_string"}}],"inLanguage":"en-US"},{"@type":"Person","@id":"https:\/\/akunq.net\/turkish\/#\/schema\/person\/135e7923d1aeb8887890799619969a6c","name":"kalem","image":{"@type":"ImageObject","inLanguage":"en-US","@id":"https:\/\/secure.gravatar.com\/avatar\/a06875e4b25feb5674296adf8e8a7ae1e587cebce2493fe63c456109967e27d3?s=96&d=mm&r=g","url":"https:\/\/secure.gravatar.com\/avatar\/a06875e4b25feb5674296adf8e8a7ae1e587cebce2493fe63c456109967e27d3?s=96&d=mm&r=g","contentUrl":"https:\/\/secure.gravatar.com\/avatar\/a06875e4b25feb5674296adf8e8a7ae1e587cebce2493fe63c456109967e27d3?s=96&d=mm&r=g","caption":"kalem"},"url":"https:\/\/akunq.net\/turkish\/author\/kalem\/"}]}},"_links":{"self":[{"href":"https:\/\/akunq.net\/turkish\/wp-json\/wp\/v2\/posts\/6691","targetHints":{"allow":["GET"]}}],"collection":[{"href":"https:\/\/akunq.net\/turkish\/wp-json\/wp\/v2\/posts"}],"about":[{"href":"https:\/\/akunq.net\/turkish\/wp-json\/wp\/v2\/types\/post"}],"author":[{"embeddable":true,"href":"https:\/\/akunq.net\/turkish\/wp-json\/wp\/v2\/users\/3"}],"replies":[{"embeddable":true,"href":"https:\/\/akunq.net\/turkish\/wp-json\/wp\/v2\/comments?post=6691"}],"version-history":[{"count":0,"href":"https:\/\/akunq.net\/turkish\/wp-json\/wp\/v2\/posts\/6691\/revisions"}],"wp:attachment":[{"href":"https:\/\/akunq.net\/turkish\/wp-json\/wp\/v2\/media?parent=6691"}],"wp:term":[{"taxonomy":"category","embeddable":true,"href":"https:\/\/akunq.net\/turkish\/wp-json\/wp\/v2\/categories?post=6691"},{"taxonomy":"post_tag","embeddable":true,"href":"https:\/\/akunq.net\/turkish\/wp-json\/wp\/v2\/tags?post=6691"}],"curies":[{"name":"wp","href":"https:\/\/api.w.org\/{rel}","templated":true}]}}