{"id":6686,"date":"2011-07-06T06:37:59","date_gmt":"2011-07-06T11:37:59","guid":{"rendered":"http:\/\/akunq.net\/tr\/?p=6686"},"modified":"2011-07-06T06:37:59","modified_gmt":"2011-07-06T11:37:59","slug":"kharberd-2","status":"publish","type":"post","link":"https:\/\/akunq.net\/turkish\/2011\/07\/06\/kharberd-2\/","title":{"rendered":"Kharberd"},"content":{"rendered":"<p style=\"text-align: justify\"><strong>Kharberd <\/strong>Sanca\u011f\u0131, <em>Harput Sanca\u011f\u0131:<\/em> Bat\u0131 Ermenistan\u2019\u0131n Kharberd Vilayeti\u2019nin merkezi k\u0131sm\u0131nda, Aradzani (Murat\u00e7ay) Nehri\u2019nin alt b\u00f6l\u00fcm\u00fcndeki ovada bulunan sancak. Bat\u0131da ve g\u00fcneyde ayn\u0131 sanca\u011f\u0131n Malatia (Malatya) Sanca\u011f\u0131\u2019na, kuzeyde Sebastia (S\u0131vas, Sivas) Vilayeti\u2019ne, do\u011fuda vilayetin Dersim (Tunceli) Sanca\u011f\u0131\u2019na, g\u00fcneydo\u011fuda Diarbekir (Diyarbak\u0131r) Vilayeti\u2019ne s\u0131n\u0131rda\u015ft\u0131. B\u00fcy\u00fck Hayk\u2019\u0131n D\u00f6rd\u00fcnc\u00fc Hayk Eyaleti\u2019nin Andzit b\u00f6lgesine denk d\u00fc\u015fmektedir. Merkezi, Kharberd \u015fehri olmu\u015ftur. XVI.-XVII. y\u00fczy\u0131llarda, Osmanl\u0131 Devleti\u2019nin egemenli\u011fi d\u00f6neminde, imparatorluk sanca\u011f\u0131 olarak kabul edilip Kharput olarak adland\u0131r\u0131lm\u0131\u015ft\u0131r. O zamanlar\u0131n Osmanl\u0131 kaynaklar\u0131na g\u00f6re Diarbekir Vilayeti\u2019ne ba\u011fl\u0131 olmu\u015ftur. Yeni d\u00f6nemlerde (XX. y\u00fczy\u0131l) vilayetin ve sanca\u011f\u0131n yeni merkezinin ad\u0131yla Mamuret-\u00fcl-Aziz olarak adland\u0131r\u0131lm\u0131\u015ft\u0131r.<\/p>\n<p style=\"text-align: justify\">F\u0131rat Nehri\u2019ni olu\u015fturan Bat\u0131 Yeprat (F\u0131rat) ve Aradzani nehirleri sancak b\u00f6lgesinden ge\u00e7mektedir. B\u00f6lgenin b\u00fcy\u00fck k\u0131sm\u0131 oval\u0131kt\u0131r. XIX. y\u00fczy\u0131l\u0131n sonlar\u0131nda Arabkir, Ak\u0131n (E\u011fin) ve Kebanmadeni (Kapan-Madeni) olmak \u00fczere \u00fc\u00e7 kazaya b\u00f6l\u00fcnm\u00fc\u015ft\u00fc. Sonuncusunun kaplad\u0131\u011f\u0131 alan eski Kharberd Kazas\u0131\u2019na denkti. B\u00f6lge, elveri\u015fli ve sa\u011fl\u0131kl\u0131 iklime, bol ve so\u011fuk su kaynaklar\u0131na sahiptir. \u0130nsanlar\u0131 uzun \u00f6m\u00fcrl\u00fcyd\u00fc, 100\u2013120 ya\u015f\u0131nda olanlara rastlamak m\u00fcmk\u00fcnd\u00fc.<\/p>\n<p style=\"text-align: justify\">XIX. y\u00fczy\u0131l son ony\u0131llar\u0131n istatistiklerine g\u00f6re sanca\u011fa ba\u011fl\u0131 68\u201380 k\u00f6y bulunuyor ve bunlardan 60\u2019\u0131 Ermenilerle mesk\u00fbndu. Ermeni bas\u0131n\u0131 (\u201cAraks\u201d, 1888, II. cilt, s. 21\u201342) verilerine g\u00f6re 1888 y\u0131l\u0131nda b\u00f6lgede 68 k\u00f6y ve 70000 n\u00fcfus vard\u0131. 1892 resmi istatistiklere istinaden 25340 Ermeni, 2265 T\u00fcrk, K\u00fcrt ve k\u0131smen S\u00fcryani ya\u015famaktayd\u0131. S. Eprikyan\u2019\u0131n verilerine g\u00f6re 1903 y\u0131l\u0131nda 40000 Ermeni ve 16418 di\u011fer milletlerden insan ya\u015famaktayd\u0131. 1915 tehciri \u00f6ncesinde Ermenilerin say\u0131s\u0131 65000 civar\u0131ndayd\u0131.<\/p>\n<p style=\"text-align: justify\">Kharbert Sanca\u011f\u0131\u2019n\u0131n verimli topraklar\u0131nda bu\u011fday, arpa, m\u0131s\u0131r, pirin\u00e7, pamuk, t\u00fct\u00fcn, \u00fcz\u00fcm vs. yeti\u015fmekteydi. B\u00f6lge, dutu, kay\u0131s\u0131s\u0131, armudu, elmas\u0131 ve siyah eri\u011fiyle \u00fcnl\u00fcyd\u00fc. Kurutulmu\u015f meyve ihracat\u0131 yayg\u0131nd\u0131. B\u00f6lgede 3 bak\u0131r madeni, ta\u015foca\u011f\u0131 ve ta\u015f k\u00f6m\u00fcr\u00fc yataklar\u0131 vard\u0131. Karadeniz k\u0131y\u0131s\u0131ndaki Samson (Samsun), Trapizon, Ordu ve Kireson (Giresun) ile Akdeniz\u2019deki \u0130skenderun olmak \u00fczere 5 limanla ticari ba\u011flant\u0131 i\u00e7indeydi. 1885 y\u0131l\u0131nda Kharbert Sanca\u011f\u0131\u2019ndan ha\u015fi\u015f (1876 y\u0131l\u0131ndan itibaren b\u00f6lgeye getirilen), k\u00fcrk, y\u00fcn, hal\u0131, ipek, deri, sabun, bal ve daha farkl\u0131 mallar ihra\u00e7 edilip bez, s\u0131\u011f\u0131r derisi, \u015feker, k\u00e2\u011f\u0131t, kahve, demir, petrol, boya vs. ithal edilmekteydi.<\/p>\n<p style=\"text-align: justify\">Sancak dahilinde birka\u00e7 Ermeni okulu, Abd\u0131lm\u0131seh, Surb (Aziz) Hovhannes, Surb Gevorg (Gule K\u00f6y\u00fc yak\u0131nlar\u0131nda) ve Surb Gevorg (S\u00fcr\u00fcs\u00fcr\u00fc K\u00f6y\u00fc yak\u0131nlar\u0131nda) manast\u0131rlar\u0131 vard\u0131.<\/p>\n<p style=\"text-align: justify\">1880\u2019li y\u0131llarda yakla\u015f\u0131k 1000 Ermeni Amerika\u2019ya g\u00f6\u00e7 etmi\u015f, 1895 y\u0131l\u0131 katliamlar\u0131 esnas\u0131nda 53 Ermeni k\u00f6y\u00fc k\u0131smen k\u0131r\u0131ma u\u011fram\u0131\u015f, k\u0131smen de zorla M\u00fcsl\u00fcmanla\u015ft\u0131r\u0131lm\u0131\u015f, 6023 aile soyulmu\u015f ve 1861 ev yak\u0131lm\u0131\u015ft\u0131r. T\u00fcrk kaynaklar\u0131na istinaden 1915\u2019te b\u00f6lgeden 50024 Ermeni tehcir edilmi\u015f, bunlar\u0131n bir k\u0131sm\u0131 Do\u011fu Ermenistan\u2019a yerle\u015fmi\u015ftir.<\/p>\n<p style=\"text-align: justify\">Sanca\u011f\u0131n Ermeni k\u00f6yleri Al-Mezire, Akhor, A\u011f\u0131ntsik, Ast\u011fik, Arpavot, Bazma\u015fen, Barcan\u00e7, Ge\u011fvank, Gomk, Yerd\u0131mnik, \u0130\u00e7me, Khokh, Khulag\u00fc\u011f, Khuylu (T\u0131lkatin), Dsovk, Karm\u0131ri, Habusi, Hin Agarak, H\u00fcseynik, H\u0131ndzvor, Ho\u011fe, Manazur, Mezire (sonraki d\u00f6nemde \u015fehir, Ye\u011fegi, Sursuri ve Kesenik k\u00f6y-banliy\u00f6leriyle), Morenik, Muzuro\u011flu, Muse, \u015eamu\u015fi, \u015eeyh Hac\u0131, \u015eentil, \u00c7orge\u011f, Vardatil, Yukar\u0131 Mezire, K\u00f6rpe vs.<\/p>\n","protected":false},"excerpt":{"rendered":"<p>Kharberd Sanca\u011f\u0131, Harput Sanca\u011f\u0131: Bat\u0131 Ermenistan\u2019\u0131n Kharberd Vilayeti\u2019nin merkezi k\u0131sm\u0131nda, Aradzani (Murat\u00e7ay) Nehri\u2019nin alt b\u00f6l\u00fcm\u00fcndeki ovada bulunan sancak. Bat\u0131da ve g\u00fcneyde ayn\u0131 sanca\u011f\u0131n Malatia (Malatya) Sanca\u011f\u0131\u2019na, kuzeyde Sebastia (S\u0131vas, Sivas) Vilayeti\u2019ne, do\u011fuda vilayetin Dersim (Tunceli) Sanca\u011f\u0131\u2019na, g\u00fcneydo\u011fuda Diarbekir (Diyarbak\u0131r) Vilayeti\u2019ne s\u0131n\u0131rda\u015ft\u0131. B\u00fcy\u00fck Hayk\u2019\u0131n D\u00f6rd\u00fcnc\u00fc Hayk Eyaleti\u2019nin Andzit b\u00f6lgesine denk d\u00fc\u015fmektedir. Merkezi, Kharberd \u015fehri olmu\u015ftur. XVI.-XVII. [&hellip;]<\/p>\n","protected":false},"author":3,"featured_media":0,"comment_status":"open","ping_status":"open","sticky":false,"template":"","format":"standard","meta":{"footnotes":""},"categories":[47],"tags":[],"class_list":["post-6686","post","type-post","status-publish","format-standard","hentry","category-bati-ermenistanin-ilceleri"],"yoast_head":"<!-- This site is optimized with the Yoast SEO plugin v27.4 - https:\/\/yoast.com\/product\/yoast-seo-wordpress\/ -->\n<title>Kharberd - Bati Ermenistan Ve Bati Ermenileri Sorunlari Ara\u015ftirmalar Merkezi<\/title>\n<meta name=\"robots\" content=\"index, follow, max-snippet:-1, max-image-preview:large, max-video-preview:-1\" \/>\n<link rel=\"canonical\" href=\"https:\/\/akunq.net\/turkish\/2011\/07\/06\/kharberd-2\/\" \/>\n<meta property=\"og:locale\" content=\"en_US\" \/>\n<meta property=\"og:type\" content=\"article\" \/>\n<meta property=\"og:title\" content=\"Kharberd - Bati Ermenistan Ve Bati Ermenileri Sorunlari Ara\u015ftirmalar Merkezi\" \/>\n<meta property=\"og:description\" content=\"Kharberd Sanca\u011f\u0131, Harput Sanca\u011f\u0131: Bat\u0131 Ermenistan\u2019\u0131n Kharberd Vilayeti\u2019nin merkezi k\u0131sm\u0131nda, Aradzani (Murat\u00e7ay) Nehri\u2019nin alt b\u00f6l\u00fcm\u00fcndeki ovada bulunan sancak. Bat\u0131da ve g\u00fcneyde ayn\u0131 sanca\u011f\u0131n Malatia (Malatya) Sanca\u011f\u0131\u2019na, kuzeyde Sebastia (S\u0131vas, Sivas) Vilayeti\u2019ne, do\u011fuda vilayetin Dersim (Tunceli) Sanca\u011f\u0131\u2019na, g\u00fcneydo\u011fuda Diarbekir (Diyarbak\u0131r) Vilayeti\u2019ne s\u0131n\u0131rda\u015ft\u0131. B\u00fcy\u00fck Hayk\u2019\u0131n D\u00f6rd\u00fcnc\u00fc Hayk Eyaleti\u2019nin Andzit b\u00f6lgesine denk d\u00fc\u015fmektedir. Merkezi, Kharberd \u015fehri olmu\u015ftur. XVI.-XVII. [&hellip;]\" \/>\n<meta property=\"og:url\" content=\"https:\/\/akunq.net\/turkish\/2011\/07\/06\/kharberd-2\/\" \/>\n<meta property=\"og:site_name\" content=\"Bati Ermenistan Ve Bati Ermenileri Sorunlari Ara\u015ftirmalar Merkezi\" \/>\n<meta property=\"article:published_time\" content=\"2011-07-06T11:37:59+00:00\" \/>\n<meta name=\"author\" content=\"kalem\" \/>\n<meta name=\"twitter:card\" content=\"summary_large_image\" \/>\n<meta name=\"twitter:label1\" content=\"Written by\" \/>\n\t<meta name=\"twitter:data1\" content=\"kalem\" \/>\n\t<meta name=\"twitter:label2\" content=\"Est. reading time\" \/>\n\t<meta name=\"twitter:data2\" content=\"3 minutes\" \/>\n<script type=\"application\/ld+json\" class=\"yoast-schema-graph\">{\"@context\":\"https:\\\/\\\/schema.org\",\"@graph\":[{\"@type\":\"Article\",\"@id\":\"https:\\\/\\\/akunq.net\\\/turkish\\\/2011\\\/07\\\/06\\\/kharberd-2\\\/#article\",\"isPartOf\":{\"@id\":\"https:\\\/\\\/akunq.net\\\/turkish\\\/2011\\\/07\\\/06\\\/kharberd-2\\\/\"},\"author\":{\"name\":\"kalem\",\"@id\":\"https:\\\/\\\/akunq.net\\\/turkish\\\/#\\\/schema\\\/person\\\/135e7923d1aeb8887890799619969a6c\"},\"headline\":\"Kharberd\",\"datePublished\":\"2011-07-06T11:37:59+00:00\",\"mainEntityOfPage\":{\"@id\":\"https:\\\/\\\/akunq.net\\\/turkish\\\/2011\\\/07\\\/06\\\/kharberd-2\\\/\"},\"wordCount\":612,\"commentCount\":0,\"articleSection\":[\"Bat\u0131 Ermenistan\u2019\u0131n \u0130l\u00e7eleri\"],\"inLanguage\":\"en-US\",\"potentialAction\":[{\"@type\":\"CommentAction\",\"name\":\"Comment\",\"target\":[\"https:\\\/\\\/akunq.net\\\/turkish\\\/2011\\\/07\\\/06\\\/kharberd-2\\\/#respond\"]}]},{\"@type\":\"WebPage\",\"@id\":\"https:\\\/\\\/akunq.net\\\/turkish\\\/2011\\\/07\\\/06\\\/kharberd-2\\\/\",\"url\":\"https:\\\/\\\/akunq.net\\\/turkish\\\/2011\\\/07\\\/06\\\/kharberd-2\\\/\",\"name\":\"Kharberd - Bati Ermenistan Ve Bati Ermenileri Sorunlari Ara\u015ftirmalar Merkezi\",\"isPartOf\":{\"@id\":\"https:\\\/\\\/akunq.net\\\/turkish\\\/#website\"},\"datePublished\":\"2011-07-06T11:37:59+00:00\",\"author\":{\"@id\":\"https:\\\/\\\/akunq.net\\\/turkish\\\/#\\\/schema\\\/person\\\/135e7923d1aeb8887890799619969a6c\"},\"breadcrumb\":{\"@id\":\"https:\\\/\\\/akunq.net\\\/turkish\\\/2011\\\/07\\\/06\\\/kharberd-2\\\/#breadcrumb\"},\"inLanguage\":\"en-US\",\"potentialAction\":[{\"@type\":\"ReadAction\",\"target\":[\"https:\\\/\\\/akunq.net\\\/turkish\\\/2011\\\/07\\\/06\\\/kharberd-2\\\/\"]}]},{\"@type\":\"BreadcrumbList\",\"@id\":\"https:\\\/\\\/akunq.net\\\/turkish\\\/2011\\\/07\\\/06\\\/kharberd-2\\\/#breadcrumb\",\"itemListElement\":[{\"@type\":\"ListItem\",\"position\":1,\"name\":\"Home\",\"item\":\"https:\\\/\\\/akunq.net\\\/turkish\\\/\"},{\"@type\":\"ListItem\",\"position\":2,\"name\":\"Kharberd\"}]},{\"@type\":\"WebSite\",\"@id\":\"https:\\\/\\\/akunq.net\\\/turkish\\\/#website\",\"url\":\"https:\\\/\\\/akunq.net\\\/turkish\\\/\",\"name\":\"Bati Ermenistan Ve Bati Ermenileri Sorunlari Ara\u015ftirmalar Merkezi\",\"description\":\"\",\"potentialAction\":[{\"@type\":\"SearchAction\",\"target\":{\"@type\":\"EntryPoint\",\"urlTemplate\":\"https:\\\/\\\/akunq.net\\\/turkish\\\/?s={search_term_string}\"},\"query-input\":{\"@type\":\"PropertyValueSpecification\",\"valueRequired\":true,\"valueName\":\"search_term_string\"}}],\"inLanguage\":\"en-US\"},{\"@type\":\"Person\",\"@id\":\"https:\\\/\\\/akunq.net\\\/turkish\\\/#\\\/schema\\\/person\\\/135e7923d1aeb8887890799619969a6c\",\"name\":\"kalem\",\"image\":{\"@type\":\"ImageObject\",\"inLanguage\":\"en-US\",\"@id\":\"https:\\\/\\\/secure.gravatar.com\\\/avatar\\\/a06875e4b25feb5674296adf8e8a7ae1e587cebce2493fe63c456109967e27d3?s=96&d=mm&r=g\",\"url\":\"https:\\\/\\\/secure.gravatar.com\\\/avatar\\\/a06875e4b25feb5674296adf8e8a7ae1e587cebce2493fe63c456109967e27d3?s=96&d=mm&r=g\",\"contentUrl\":\"https:\\\/\\\/secure.gravatar.com\\\/avatar\\\/a06875e4b25feb5674296adf8e8a7ae1e587cebce2493fe63c456109967e27d3?s=96&d=mm&r=g\",\"caption\":\"kalem\"},\"url\":\"https:\\\/\\\/akunq.net\\\/turkish\\\/author\\\/kalem\\\/\"}]}<\/script>\n<!-- \/ Yoast SEO plugin. -->","yoast_head_json":{"title":"Kharberd - Bati Ermenistan Ve Bati Ermenileri Sorunlari Ara\u015ftirmalar Merkezi","robots":{"index":"index","follow":"follow","max-snippet":"max-snippet:-1","max-image-preview":"max-image-preview:large","max-video-preview":"max-video-preview:-1"},"canonical":"https:\/\/akunq.net\/turkish\/2011\/07\/06\/kharberd-2\/","og_locale":"en_US","og_type":"article","og_title":"Kharberd - Bati Ermenistan Ve Bati Ermenileri Sorunlari Ara\u015ftirmalar Merkezi","og_description":"Kharberd Sanca\u011f\u0131, Harput Sanca\u011f\u0131: Bat\u0131 Ermenistan\u2019\u0131n Kharberd Vilayeti\u2019nin merkezi k\u0131sm\u0131nda, Aradzani (Murat\u00e7ay) Nehri\u2019nin alt b\u00f6l\u00fcm\u00fcndeki ovada bulunan sancak. Bat\u0131da ve g\u00fcneyde ayn\u0131 sanca\u011f\u0131n Malatia (Malatya) Sanca\u011f\u0131\u2019na, kuzeyde Sebastia (S\u0131vas, Sivas) Vilayeti\u2019ne, do\u011fuda vilayetin Dersim (Tunceli) Sanca\u011f\u0131\u2019na, g\u00fcneydo\u011fuda Diarbekir (Diyarbak\u0131r) Vilayeti\u2019ne s\u0131n\u0131rda\u015ft\u0131. B\u00fcy\u00fck Hayk\u2019\u0131n D\u00f6rd\u00fcnc\u00fc Hayk Eyaleti\u2019nin Andzit b\u00f6lgesine denk d\u00fc\u015fmektedir. Merkezi, Kharberd \u015fehri olmu\u015ftur. XVI.-XVII. [&hellip;]","og_url":"https:\/\/akunq.net\/turkish\/2011\/07\/06\/kharberd-2\/","og_site_name":"Bati Ermenistan Ve Bati Ermenileri Sorunlari Ara\u015ftirmalar Merkezi","article_published_time":"2011-07-06T11:37:59+00:00","author":"kalem","twitter_card":"summary_large_image","twitter_misc":{"Written by":"kalem","Est. reading time":"3 minutes"},"schema":{"@context":"https:\/\/schema.org","@graph":[{"@type":"Article","@id":"https:\/\/akunq.net\/turkish\/2011\/07\/06\/kharberd-2\/#article","isPartOf":{"@id":"https:\/\/akunq.net\/turkish\/2011\/07\/06\/kharberd-2\/"},"author":{"name":"kalem","@id":"https:\/\/akunq.net\/turkish\/#\/schema\/person\/135e7923d1aeb8887890799619969a6c"},"headline":"Kharberd","datePublished":"2011-07-06T11:37:59+00:00","mainEntityOfPage":{"@id":"https:\/\/akunq.net\/turkish\/2011\/07\/06\/kharberd-2\/"},"wordCount":612,"commentCount":0,"articleSection":["Bat\u0131 Ermenistan\u2019\u0131n \u0130l\u00e7eleri"],"inLanguage":"en-US","potentialAction":[{"@type":"CommentAction","name":"Comment","target":["https:\/\/akunq.net\/turkish\/2011\/07\/06\/kharberd-2\/#respond"]}]},{"@type":"WebPage","@id":"https:\/\/akunq.net\/turkish\/2011\/07\/06\/kharberd-2\/","url":"https:\/\/akunq.net\/turkish\/2011\/07\/06\/kharberd-2\/","name":"Kharberd - Bati Ermenistan Ve Bati Ermenileri Sorunlari Ara\u015ftirmalar Merkezi","isPartOf":{"@id":"https:\/\/akunq.net\/turkish\/#website"},"datePublished":"2011-07-06T11:37:59+00:00","author":{"@id":"https:\/\/akunq.net\/turkish\/#\/schema\/person\/135e7923d1aeb8887890799619969a6c"},"breadcrumb":{"@id":"https:\/\/akunq.net\/turkish\/2011\/07\/06\/kharberd-2\/#breadcrumb"},"inLanguage":"en-US","potentialAction":[{"@type":"ReadAction","target":["https:\/\/akunq.net\/turkish\/2011\/07\/06\/kharberd-2\/"]}]},{"@type":"BreadcrumbList","@id":"https:\/\/akunq.net\/turkish\/2011\/07\/06\/kharberd-2\/#breadcrumb","itemListElement":[{"@type":"ListItem","position":1,"name":"Home","item":"https:\/\/akunq.net\/turkish\/"},{"@type":"ListItem","position":2,"name":"Kharberd"}]},{"@type":"WebSite","@id":"https:\/\/akunq.net\/turkish\/#website","url":"https:\/\/akunq.net\/turkish\/","name":"Bati Ermenistan Ve Bati Ermenileri Sorunlari Ara\u015ftirmalar Merkezi","description":"","potentialAction":[{"@type":"SearchAction","target":{"@type":"EntryPoint","urlTemplate":"https:\/\/akunq.net\/turkish\/?s={search_term_string}"},"query-input":{"@type":"PropertyValueSpecification","valueRequired":true,"valueName":"search_term_string"}}],"inLanguage":"en-US"},{"@type":"Person","@id":"https:\/\/akunq.net\/turkish\/#\/schema\/person\/135e7923d1aeb8887890799619969a6c","name":"kalem","image":{"@type":"ImageObject","inLanguage":"en-US","@id":"https:\/\/secure.gravatar.com\/avatar\/a06875e4b25feb5674296adf8e8a7ae1e587cebce2493fe63c456109967e27d3?s=96&d=mm&r=g","url":"https:\/\/secure.gravatar.com\/avatar\/a06875e4b25feb5674296adf8e8a7ae1e587cebce2493fe63c456109967e27d3?s=96&d=mm&r=g","contentUrl":"https:\/\/secure.gravatar.com\/avatar\/a06875e4b25feb5674296adf8e8a7ae1e587cebce2493fe63c456109967e27d3?s=96&d=mm&r=g","caption":"kalem"},"url":"https:\/\/akunq.net\/turkish\/author\/kalem\/"}]}},"_links":{"self":[{"href":"https:\/\/akunq.net\/turkish\/wp-json\/wp\/v2\/posts\/6686","targetHints":{"allow":["GET"]}}],"collection":[{"href":"https:\/\/akunq.net\/turkish\/wp-json\/wp\/v2\/posts"}],"about":[{"href":"https:\/\/akunq.net\/turkish\/wp-json\/wp\/v2\/types\/post"}],"author":[{"embeddable":true,"href":"https:\/\/akunq.net\/turkish\/wp-json\/wp\/v2\/users\/3"}],"replies":[{"embeddable":true,"href":"https:\/\/akunq.net\/turkish\/wp-json\/wp\/v2\/comments?post=6686"}],"version-history":[{"count":0,"href":"https:\/\/akunq.net\/turkish\/wp-json\/wp\/v2\/posts\/6686\/revisions"}],"wp:attachment":[{"href":"https:\/\/akunq.net\/turkish\/wp-json\/wp\/v2\/media?parent=6686"}],"wp:term":[{"taxonomy":"category","embeddable":true,"href":"https:\/\/akunq.net\/turkish\/wp-json\/wp\/v2\/categories?post=6686"},{"taxonomy":"post_tag","embeddable":true,"href":"https:\/\/akunq.net\/turkish\/wp-json\/wp\/v2\/tags?post=6686"}],"curies":[{"name":"wp","href":"https:\/\/api.w.org\/{rel}","templated":true}]}}