{"id":6619,"date":"2011-07-04T03:56:52","date_gmt":"2011-07-04T08:56:52","guid":{"rendered":"http:\/\/akunq.net\/tr\/?p=6619"},"modified":"2011-07-04T03:56:52","modified_gmt":"2011-07-04T08:56:52","slug":"motkan","status":"publish","type":"post","link":"https:\/\/akunq.net\/turkish\/2011\/07\/04\/motkan\/","title":{"rendered":"Motkan"},"content":{"rendered":"<p style=\"text-align: justify\"><strong>Motkan, <\/strong><em>Mot\u0131kan, Motki, Mutki:<\/em> Bat\u0131 Ermenistan\u2019da bulunan b\u00f6lge. Osmanl\u0131 idari b\u00f6l\u00fcnmeleri neticesinde Khut (Khut-B\u0131rna\u015fen) b\u00f6lgesini de i\u00e7ine alarak, Bitlis Vilayeti\u2019nin ayn\u0131 isimle an\u0131lan sanca\u011f\u0131na ba\u011flanm\u0131\u015ft\u0131r. Baz\u0131 kaynaklarda, Bitlis\u2019in bat\u0131 Parkhand k\u00f6y toplulu\u011fu, Motkan d\u00e2hilinde belirtilmektedir. Kuzeyde Mu\u015f, do\u011fuda Bitlis, g\u00fcneyde \u015eirvan ve Kharzan, bat\u0131da Sasun (Sason, Hazzo) ile s\u0131n\u0131rda\u015ft\u0131. XX. y\u00fczy\u0131l ba\u015f\u0131nda Motkan\u2019da 70\u2019in \u00fczerinde yerle\u015fim yeri bulunmaktayd\u0131. Merkezi, Datvan (Tatvan) K\u00f6y\u00fc olmu\u015ftur.<\/p>\n<p style=\"text-align: justify\">Motkan b\u00f6lgesi Ermeni Toroslar\u0131 silsilesinin Sasun ve Sal (Motkan) s\u0131rada\u011flar\u0131 aras\u0131ndaki alan\u0131 kapsamaktayd\u0131.<\/p>\n<p style=\"text-align: justify\">Ba\u015fl\u0131ca zirveleri Ardsvik (Ardsiv), Me\u011fvakar (Me\u011fkar), \u015e\u0131naz, Porak, bat\u0131 s\u0131n\u0131r\u0131 boyunda ise Marutasar\u2019d\u0131r (Maratuk, 2967 m). B\u00f6lgenin g\u00fcneydeki, Kharzan\u2019a s\u0131n\u0131r olan k\u0131s\u0131m daha oval\u0131k olup el de\u011fmemi\u015f ceviz ve me\u015fe ormanlar\u0131 ile her dem ye\u015fil makiliklerle kapl\u0131d\u0131r.<\/p>\n<p style=\"text-align: justify\">Bat\u0131 Tigris\u2019in (Dicle) sol kolu olan Salnaget veya Arzan (g\u00fcn\u00fcm\u00fczde Kharzanasu) Deresi (ayr\u0131ca Arpi, K\u00fcrt\u00e7e Ro ve Meydan Deresi) Motkan b\u00f6lgesinden akmaktad\u0131r.<\/p>\n<p style=\"text-align: justify\">B\u00f6lge ahalisi hayvanc\u0131l\u0131k, ba\u011fc\u0131l\u0131k, ar\u0131c\u0131l\u0131k (Motkan bal\u0131 me\u015fhurdu) ve zanaatlarla u\u011fra\u015fm\u0131\u015ft\u0131r.<\/p>\n<p style=\"text-align: justify\">Motkan, B\u00fcy\u00fck Hayk\u2019\u0131n A\u011fdznik Eyaleti\u2019nin G\u0131zekh (G\u0131zek) ve Salnadzor (ileriki d\u00f6nemlerde Bo\u011fnard \u00dclkesi, Bo\u011fnat veya Bo\u011fnut olarak an\u0131lm\u0131\u015ft\u0131r) b\u00f6lgelerine denk d\u00fc\u015fmektedir. Bu b\u00f6lgeler XIV. y\u00fczy\u0131lda Kuzey Irak\u2019tan Ermeni Platosu\u2019na g\u00f6\u00e7 edip burada kendi y\u00f6netimlerini kurarak b\u00f6lgeye Motkan ismini veren Motik (Modak) K\u00fcrt a\u015fireti y\u00f6netimine ge\u00e7mi\u015ftir.<\/p>\n<p style=\"text-align: justify\">S\u00fcregelen etnik \u00e7at\u0131\u015fmalar ve Osmanl\u0131 y\u00f6netimiyle olan anla\u015fmazl\u0131klar yerli Ermeni halk \u00fczerinde y\u0131k\u0131c\u0131 bir etki yapm\u0131\u015f, \u015fiddet olaylar\u0131ndan b\u0131kan insanlar b\u00f6lgeyi terk etmi\u015flerdir.<\/p>\n<p style=\"text-align: justify\">\u00d6zellikle 1870\u201380 ve 1895\u201396 y\u0131llar\u0131nda bu bask\u0131lar b\u00fcy\u00fck \u00e7aplara ula\u015fm\u0131\u015ft\u0131r.<\/p>\n<p style=\"text-align: justify\">Birinci D\u00fcnya sava\u015f\u0131 \u00f6ncesinde Motkan\u2019\u0131n 30 k\u00f6y\u00fcnde 6500\u2019\u00fcn \u00fczerinde Ermeni ya\u015famaktayd\u0131.<\/p>\n<p style=\"text-align: justify\">Salnaget Nehri\u2019nin sol k\u0131y\u0131s\u0131nda yer alan Gzekh (Nizen) K\u00f6y\u00fc ayn\u0131 adl\u0131 sanca\u011f\u0131n merkezi olup kazan\u0131n antik \u00e7a\u011fdan kalan Ermeni yerle\u015fim yerlerinden biri olmu\u015ftur.<\/p>\n<p style=\"text-align: justify\">XX. y\u00fczy\u0131l\u0131n ba\u015f\u0131nda Ermeni-K\u00fcrt kar\u0131\u015f\u0131k n\u00fcfuslu k\u00fc\u00e7\u00fck bir k\u00f6y (S\u0131ndzor veya S\u0131radzor olarak ge\u00e7mekteydi) olan tarihi Salnadzor\u2019un merkezi de h\u00e2la korunmaktayd\u0131.<\/p>\n<p style=\"text-align: justify\">Farkl\u0131 zamanlar\u0131n Ermenice kay\u0131tlar\u0131nda Ardzvik, Bo\u011fnard (XX. y\u00fczy\u0131l ba\u015f\u0131nda Bo\u011fnut veya Boknot olarak), M\u0131rgorg, Medsdzor, M\u0131zonk (XX. y\u00fczy\u0131l ba\u015f\u0131nda M\u0131zuk), Vordzenk, Tandzik yerle\u015fim yerlerinin isimleri ge\u00e7mektedir. Tan\u0131nm\u0131\u015f \u00f6\u011fretmen ve gramer uzman\u0131, Gladzor \u00dcniversitesi\u2019nin kurucusu Yesayi N\u0131\u00e7etsi (Ni\u00e7li), Mutkan\u2019\u0131n Ni\u00e7 K\u00f6y\u00fc\u2019nde d\u00fcnyaya gelmi\u015ftir. Asp\u0131ncer (Yukar\u0131 ve A\u015fa\u011f\u0131 A\u015f\u0131bner), Arpi, K\u0131ndsu (G\u0131ndzu), K\u0131rkhu, \u015een (Dsen\u0131k), S\u0131\u011fund (S\u0131l\u0131nd) ve Ka\u015fakh XX. y\u00fczy\u0131l ba\u015flar\u0131nda b\u00f6lgenin bilinen k\u00f6yleriydi.<\/p>\n<p style=\"text-align: justify\">K\u00fcrtlerle mesk\u00fbn olan k\u00f6yler de d\u00e2hil olmak \u00fczere, Motkan b\u00f6lgesinde Ermeni mimari sanat\u0131n\u0131n say\u0131s\u0131z eserleri (Surb\/Aziz Lusavori\u00e7, Ni\u00e7, G\u0131zekh ve M\u0131tsu manast\u0131rlar\u0131 ile XX. y\u00fczy\u0131l ba\u015f\u0131nda terkedilmi\u015f ve virane halindeki Bo\u011fnut\/Bo\u011fnard, Kalhoka, Karbi\/Kerpu ve Me\u011fvakar\/Me\u011fkar kaleleri) bulunmaktayd\u0131.<\/p>\n<p style=\"text-align: justify\">1915\u2019te Motkan Ermenileri de soyk\u0131r\u0131ma maruz kalm\u0131\u015f, bir k\u0131sm\u0131 (2000\u2019in \u00fczerinde) kurtularak Do\u011fu Ermenistan\u2019a s\u0131\u011f\u0131nm\u0131\u015ft\u0131r. Bu insanlar\u0131n nesilleri bug\u00fcn Ermenistan Cumhuriyeti\u2019nin Aragadsot\u0131n Eyaleti\u2019nde ya\u015famaktad\u0131r.<\/p>\n<p style=\"text-align: justify\"><strong>K\u00fc\u00e7\u00fck Ermeni Ansiklopedisi, 3. Cilt, Yerevan, 1999.<\/strong><\/p>\n","protected":false},"excerpt":{"rendered":"<p>Motkan, Mot\u0131kan, Motki, Mutki: Bat\u0131 Ermenistan\u2019da bulunan b\u00f6lge. Osmanl\u0131 idari b\u00f6l\u00fcnmeleri neticesinde Khut (Khut-B\u0131rna\u015fen) b\u00f6lgesini de i\u00e7ine alarak, Bitlis Vilayeti\u2019nin ayn\u0131 isimle an\u0131lan sanca\u011f\u0131na ba\u011flanm\u0131\u015ft\u0131r. Baz\u0131 kaynaklarda, Bitlis\u2019in bat\u0131 Parkhand k\u00f6y toplulu\u011fu, Motkan d\u00e2hilinde belirtilmektedir. Kuzeyde Mu\u015f, do\u011fuda Bitlis, g\u00fcneyde \u015eirvan ve Kharzan, bat\u0131da Sasun (Sason, Hazzo) ile s\u0131n\u0131rda\u015ft\u0131. XX. y\u00fczy\u0131l ba\u015f\u0131nda Motkan\u2019da 70\u2019in \u00fczerinde [&hellip;]<\/p>\n","protected":false},"author":3,"featured_media":0,"comment_status":"open","ping_status":"open","sticky":false,"template":"","format":"standard","meta":{"footnotes":""},"categories":[47],"tags":[],"class_list":["post-6619","post","type-post","status-publish","format-standard","hentry","category-bati-ermenistanin-ilceleri"],"yoast_head":"<!-- This site is optimized with the Yoast SEO plugin v27.4 - https:\/\/yoast.com\/product\/yoast-seo-wordpress\/ -->\n<title>Motkan - Bati Ermenistan Ve Bati Ermenileri Sorunlari Ara\u015ftirmalar Merkezi<\/title>\n<meta name=\"robots\" content=\"index, follow, max-snippet:-1, max-image-preview:large, max-video-preview:-1\" \/>\n<link rel=\"canonical\" href=\"https:\/\/akunq.net\/turkish\/2011\/07\/04\/motkan\/\" \/>\n<meta property=\"og:locale\" content=\"en_US\" \/>\n<meta property=\"og:type\" content=\"article\" \/>\n<meta property=\"og:title\" content=\"Motkan - Bati Ermenistan Ve Bati Ermenileri Sorunlari Ara\u015ftirmalar Merkezi\" \/>\n<meta property=\"og:description\" content=\"Motkan, Mot\u0131kan, Motki, Mutki: Bat\u0131 Ermenistan\u2019da bulunan b\u00f6lge. Osmanl\u0131 idari b\u00f6l\u00fcnmeleri neticesinde Khut (Khut-B\u0131rna\u015fen) b\u00f6lgesini de i\u00e7ine alarak, Bitlis Vilayeti\u2019nin ayn\u0131 isimle an\u0131lan sanca\u011f\u0131na ba\u011flanm\u0131\u015ft\u0131r. Baz\u0131 kaynaklarda, Bitlis\u2019in bat\u0131 Parkhand k\u00f6y toplulu\u011fu, Motkan d\u00e2hilinde belirtilmektedir. Kuzeyde Mu\u015f, do\u011fuda Bitlis, g\u00fcneyde \u015eirvan ve Kharzan, bat\u0131da Sasun (Sason, Hazzo) ile s\u0131n\u0131rda\u015ft\u0131. XX. y\u00fczy\u0131l ba\u015f\u0131nda Motkan\u2019da 70\u2019in \u00fczerinde [&hellip;]\" \/>\n<meta property=\"og:url\" content=\"https:\/\/akunq.net\/turkish\/2011\/07\/04\/motkan\/\" \/>\n<meta property=\"og:site_name\" content=\"Bati Ermenistan Ve Bati Ermenileri Sorunlari Ara\u015ftirmalar Merkezi\" \/>\n<meta property=\"article:published_time\" content=\"2011-07-04T08:56:52+00:00\" \/>\n<meta name=\"author\" content=\"kalem\" \/>\n<meta name=\"twitter:card\" content=\"summary_large_image\" \/>\n<meta name=\"twitter:label1\" content=\"Written by\" \/>\n\t<meta name=\"twitter:data1\" content=\"kalem\" \/>\n\t<meta name=\"twitter:label2\" content=\"Est. reading time\" \/>\n\t<meta name=\"twitter:data2\" content=\"3 minutes\" \/>\n<script type=\"application\/ld+json\" class=\"yoast-schema-graph\">{\"@context\":\"https:\\\/\\\/schema.org\",\"@graph\":[{\"@type\":\"Article\",\"@id\":\"https:\\\/\\\/akunq.net\\\/turkish\\\/2011\\\/07\\\/04\\\/motkan\\\/#article\",\"isPartOf\":{\"@id\":\"https:\\\/\\\/akunq.net\\\/turkish\\\/2011\\\/07\\\/04\\\/motkan\\\/\"},\"author\":{\"name\":\"kalem\",\"@id\":\"https:\\\/\\\/akunq.net\\\/turkish\\\/#\\\/schema\\\/person\\\/135e7923d1aeb8887890799619969a6c\"},\"headline\":\"Motkan\",\"datePublished\":\"2011-07-04T08:56:52+00:00\",\"mainEntityOfPage\":{\"@id\":\"https:\\\/\\\/akunq.net\\\/turkish\\\/2011\\\/07\\\/04\\\/motkan\\\/\"},\"wordCount\":642,\"commentCount\":0,\"articleSection\":[\"Bat\u0131 Ermenistan\u2019\u0131n \u0130l\u00e7eleri\"],\"inLanguage\":\"en-US\",\"potentialAction\":[{\"@type\":\"CommentAction\",\"name\":\"Comment\",\"target\":[\"https:\\\/\\\/akunq.net\\\/turkish\\\/2011\\\/07\\\/04\\\/motkan\\\/#respond\"]}]},{\"@type\":\"WebPage\",\"@id\":\"https:\\\/\\\/akunq.net\\\/turkish\\\/2011\\\/07\\\/04\\\/motkan\\\/\",\"url\":\"https:\\\/\\\/akunq.net\\\/turkish\\\/2011\\\/07\\\/04\\\/motkan\\\/\",\"name\":\"Motkan - Bati Ermenistan Ve Bati Ermenileri Sorunlari Ara\u015ftirmalar Merkezi\",\"isPartOf\":{\"@id\":\"https:\\\/\\\/akunq.net\\\/turkish\\\/#website\"},\"datePublished\":\"2011-07-04T08:56:52+00:00\",\"author\":{\"@id\":\"https:\\\/\\\/akunq.net\\\/turkish\\\/#\\\/schema\\\/person\\\/135e7923d1aeb8887890799619969a6c\"},\"breadcrumb\":{\"@id\":\"https:\\\/\\\/akunq.net\\\/turkish\\\/2011\\\/07\\\/04\\\/motkan\\\/#breadcrumb\"},\"inLanguage\":\"en-US\",\"potentialAction\":[{\"@type\":\"ReadAction\",\"target\":[\"https:\\\/\\\/akunq.net\\\/turkish\\\/2011\\\/07\\\/04\\\/motkan\\\/\"]}]},{\"@type\":\"BreadcrumbList\",\"@id\":\"https:\\\/\\\/akunq.net\\\/turkish\\\/2011\\\/07\\\/04\\\/motkan\\\/#breadcrumb\",\"itemListElement\":[{\"@type\":\"ListItem\",\"position\":1,\"name\":\"Home\",\"item\":\"https:\\\/\\\/akunq.net\\\/turkish\\\/\"},{\"@type\":\"ListItem\",\"position\":2,\"name\":\"Motkan\"}]},{\"@type\":\"WebSite\",\"@id\":\"https:\\\/\\\/akunq.net\\\/turkish\\\/#website\",\"url\":\"https:\\\/\\\/akunq.net\\\/turkish\\\/\",\"name\":\"Bati Ermenistan Ve Bati Ermenileri Sorunlari Ara\u015ftirmalar Merkezi\",\"description\":\"\",\"potentialAction\":[{\"@type\":\"SearchAction\",\"target\":{\"@type\":\"EntryPoint\",\"urlTemplate\":\"https:\\\/\\\/akunq.net\\\/turkish\\\/?s={search_term_string}\"},\"query-input\":{\"@type\":\"PropertyValueSpecification\",\"valueRequired\":true,\"valueName\":\"search_term_string\"}}],\"inLanguage\":\"en-US\"},{\"@type\":\"Person\",\"@id\":\"https:\\\/\\\/akunq.net\\\/turkish\\\/#\\\/schema\\\/person\\\/135e7923d1aeb8887890799619969a6c\",\"name\":\"kalem\",\"image\":{\"@type\":\"ImageObject\",\"inLanguage\":\"en-US\",\"@id\":\"https:\\\/\\\/secure.gravatar.com\\\/avatar\\\/a06875e4b25feb5674296adf8e8a7ae1e587cebce2493fe63c456109967e27d3?s=96&d=mm&r=g\",\"url\":\"https:\\\/\\\/secure.gravatar.com\\\/avatar\\\/a06875e4b25feb5674296adf8e8a7ae1e587cebce2493fe63c456109967e27d3?s=96&d=mm&r=g\",\"contentUrl\":\"https:\\\/\\\/secure.gravatar.com\\\/avatar\\\/a06875e4b25feb5674296adf8e8a7ae1e587cebce2493fe63c456109967e27d3?s=96&d=mm&r=g\",\"caption\":\"kalem\"},\"url\":\"https:\\\/\\\/akunq.net\\\/turkish\\\/author\\\/kalem\\\/\"}]}<\/script>\n<!-- \/ Yoast SEO plugin. -->","yoast_head_json":{"title":"Motkan - Bati Ermenistan Ve Bati Ermenileri Sorunlari Ara\u015ftirmalar Merkezi","robots":{"index":"index","follow":"follow","max-snippet":"max-snippet:-1","max-image-preview":"max-image-preview:large","max-video-preview":"max-video-preview:-1"},"canonical":"https:\/\/akunq.net\/turkish\/2011\/07\/04\/motkan\/","og_locale":"en_US","og_type":"article","og_title":"Motkan - Bati Ermenistan Ve Bati Ermenileri Sorunlari Ara\u015ftirmalar Merkezi","og_description":"Motkan, Mot\u0131kan, Motki, Mutki: Bat\u0131 Ermenistan\u2019da bulunan b\u00f6lge. Osmanl\u0131 idari b\u00f6l\u00fcnmeleri neticesinde Khut (Khut-B\u0131rna\u015fen) b\u00f6lgesini de i\u00e7ine alarak, Bitlis Vilayeti\u2019nin ayn\u0131 isimle an\u0131lan sanca\u011f\u0131na ba\u011flanm\u0131\u015ft\u0131r. Baz\u0131 kaynaklarda, Bitlis\u2019in bat\u0131 Parkhand k\u00f6y toplulu\u011fu, Motkan d\u00e2hilinde belirtilmektedir. Kuzeyde Mu\u015f, do\u011fuda Bitlis, g\u00fcneyde \u015eirvan ve Kharzan, bat\u0131da Sasun (Sason, Hazzo) ile s\u0131n\u0131rda\u015ft\u0131. XX. y\u00fczy\u0131l ba\u015f\u0131nda Motkan\u2019da 70\u2019in \u00fczerinde [&hellip;]","og_url":"https:\/\/akunq.net\/turkish\/2011\/07\/04\/motkan\/","og_site_name":"Bati Ermenistan Ve Bati Ermenileri Sorunlari Ara\u015ftirmalar Merkezi","article_published_time":"2011-07-04T08:56:52+00:00","author":"kalem","twitter_card":"summary_large_image","twitter_misc":{"Written by":"kalem","Est. reading time":"3 minutes"},"schema":{"@context":"https:\/\/schema.org","@graph":[{"@type":"Article","@id":"https:\/\/akunq.net\/turkish\/2011\/07\/04\/motkan\/#article","isPartOf":{"@id":"https:\/\/akunq.net\/turkish\/2011\/07\/04\/motkan\/"},"author":{"name":"kalem","@id":"https:\/\/akunq.net\/turkish\/#\/schema\/person\/135e7923d1aeb8887890799619969a6c"},"headline":"Motkan","datePublished":"2011-07-04T08:56:52+00:00","mainEntityOfPage":{"@id":"https:\/\/akunq.net\/turkish\/2011\/07\/04\/motkan\/"},"wordCount":642,"commentCount":0,"articleSection":["Bat\u0131 Ermenistan\u2019\u0131n \u0130l\u00e7eleri"],"inLanguage":"en-US","potentialAction":[{"@type":"CommentAction","name":"Comment","target":["https:\/\/akunq.net\/turkish\/2011\/07\/04\/motkan\/#respond"]}]},{"@type":"WebPage","@id":"https:\/\/akunq.net\/turkish\/2011\/07\/04\/motkan\/","url":"https:\/\/akunq.net\/turkish\/2011\/07\/04\/motkan\/","name":"Motkan - Bati Ermenistan Ve Bati Ermenileri Sorunlari Ara\u015ftirmalar Merkezi","isPartOf":{"@id":"https:\/\/akunq.net\/turkish\/#website"},"datePublished":"2011-07-04T08:56:52+00:00","author":{"@id":"https:\/\/akunq.net\/turkish\/#\/schema\/person\/135e7923d1aeb8887890799619969a6c"},"breadcrumb":{"@id":"https:\/\/akunq.net\/turkish\/2011\/07\/04\/motkan\/#breadcrumb"},"inLanguage":"en-US","potentialAction":[{"@type":"ReadAction","target":["https:\/\/akunq.net\/turkish\/2011\/07\/04\/motkan\/"]}]},{"@type":"BreadcrumbList","@id":"https:\/\/akunq.net\/turkish\/2011\/07\/04\/motkan\/#breadcrumb","itemListElement":[{"@type":"ListItem","position":1,"name":"Home","item":"https:\/\/akunq.net\/turkish\/"},{"@type":"ListItem","position":2,"name":"Motkan"}]},{"@type":"WebSite","@id":"https:\/\/akunq.net\/turkish\/#website","url":"https:\/\/akunq.net\/turkish\/","name":"Bati Ermenistan Ve Bati Ermenileri Sorunlari Ara\u015ftirmalar Merkezi","description":"","potentialAction":[{"@type":"SearchAction","target":{"@type":"EntryPoint","urlTemplate":"https:\/\/akunq.net\/turkish\/?s={search_term_string}"},"query-input":{"@type":"PropertyValueSpecification","valueRequired":true,"valueName":"search_term_string"}}],"inLanguage":"en-US"},{"@type":"Person","@id":"https:\/\/akunq.net\/turkish\/#\/schema\/person\/135e7923d1aeb8887890799619969a6c","name":"kalem","image":{"@type":"ImageObject","inLanguage":"en-US","@id":"https:\/\/secure.gravatar.com\/avatar\/a06875e4b25feb5674296adf8e8a7ae1e587cebce2493fe63c456109967e27d3?s=96&d=mm&r=g","url":"https:\/\/secure.gravatar.com\/avatar\/a06875e4b25feb5674296adf8e8a7ae1e587cebce2493fe63c456109967e27d3?s=96&d=mm&r=g","contentUrl":"https:\/\/secure.gravatar.com\/avatar\/a06875e4b25feb5674296adf8e8a7ae1e587cebce2493fe63c456109967e27d3?s=96&d=mm&r=g","caption":"kalem"},"url":"https:\/\/akunq.net\/turkish\/author\/kalem\/"}]}},"_links":{"self":[{"href":"https:\/\/akunq.net\/turkish\/wp-json\/wp\/v2\/posts\/6619","targetHints":{"allow":["GET"]}}],"collection":[{"href":"https:\/\/akunq.net\/turkish\/wp-json\/wp\/v2\/posts"}],"about":[{"href":"https:\/\/akunq.net\/turkish\/wp-json\/wp\/v2\/types\/post"}],"author":[{"embeddable":true,"href":"https:\/\/akunq.net\/turkish\/wp-json\/wp\/v2\/users\/3"}],"replies":[{"embeddable":true,"href":"https:\/\/akunq.net\/turkish\/wp-json\/wp\/v2\/comments?post=6619"}],"version-history":[{"count":0,"href":"https:\/\/akunq.net\/turkish\/wp-json\/wp\/v2\/posts\/6619\/revisions"}],"wp:attachment":[{"href":"https:\/\/akunq.net\/turkish\/wp-json\/wp\/v2\/media?parent=6619"}],"wp:term":[{"taxonomy":"category","embeddable":true,"href":"https:\/\/akunq.net\/turkish\/wp-json\/wp\/v2\/categories?post=6619"},{"taxonomy":"post_tag","embeddable":true,"href":"https:\/\/akunq.net\/turkish\/wp-json\/wp\/v2\/tags?post=6619"}],"curies":[{"name":"wp","href":"https:\/\/api.w.org\/{rel}","templated":true}]}}