{"id":6540,"date":"2011-06-29T06:54:23","date_gmt":"2011-06-29T11:54:23","guid":{"rendered":"http:\/\/akunq.net\/tr\/?p=6540"},"modified":"2011-06-29T06:54:23","modified_gmt":"2011-06-29T11:54:23","slug":"sigerd-2","status":"publish","type":"post","link":"https:\/\/akunq.net\/turkish\/2011\/06\/29\/sigerd-2\/","title":{"rendered":"S\u0131\u011ferd"},"content":{"rendered":"<p style=\"text-align: justify\"><strong>S\u0131\u011ferd,<\/strong> <em>S\u0131gert, Seord, Seort, Sierd, Siert, Siird, Siirt, Sirt, S\u0131\u011fert:<\/em> Bat\u0131 Ermenistan\u2019\u0131n Bitlis Vilayeti\u2019nde, Tigris Nehri\u2019nin sol kolu olan Bitlis, Arl Tigris, Redvan dereleri ve onlar\u0131n yan kollar\u0131n\u0131n ge\u00e7ti\u011fi ovalarda kurulu sancak. XVI.-XVIII. y\u00fczy\u0131llarda Diarbekir (Diyarbak\u0131r) Vilayeti\u2019ne d\u00e2hil olmu\u015ftur. Kuzeyde Bitlis, g\u00fcneydo\u011fuda Van ve Hek\u00e2ri (Hakk\u00e2ri), kuzeybat\u0131da Genc (Gen\u00e7) sancaklar\u0131na, g\u00fcneyde ise Diarbekir Vilayeti\u2019ne s\u0131n\u0131rda\u015ft\u0131. B\u00f6lge da\u011fl\u0131kt\u0131r, ortalama rak\u0131m\u0131 1100 m., kaplad\u0131\u011f\u0131 alan ise 11.3 bin km<sup>2<\/sup>dir.<\/p>\n<p style=\"text-align: justify\">Verimli topraklar, g\u00fcr otlaklar, bol i\u00e7me ve sulama suyu, maden suyu kaynaklar\u0131 bulunmaktad\u0131r. Baz\u0131 b\u00f6lgelerde y\u0131lda \u00fc\u00e7 defa \u00fcr\u00fcn al\u0131nmaktayd\u0131. 1890\u2019l\u0131 y\u0131llarda b\u00f6lgede yakla\u015f\u0131k 30000 Ermeni ve bir o kadar da T\u00fcrk K\u00fcrt ve S\u00fcryani n\u00fcfus vard\u0131. Bu veriler \u0131\u015f\u0131\u011f\u0131nda n\u00fcfusun 100000 civar\u0131nda oldu\u011fu g\u00f6r\u00fclmektedir. Sancak, 7 kazaya b\u00f6l\u00fcnm\u00fc\u015ft\u00fc. Bunlar Barvar, Erun, Kharzan, Hazo, \u015eirvan, Redvan ve S\u0131\u011ferd\u2019di. Bu kazalara ba\u011fl\u0131 t\u00fcm yerle\u015fim birimlerinin say\u0131s\u0131 679\u2019du. 1882 y\u0131l\u0131 verilerine g\u00f6re S\u0131\u011ferd Sanca\u011f\u0131\u2019nda yakla\u015f\u0131k 100 Ermeni k\u00f6y\u00fc bulunmakta, 20\u2019si ise kar\u0131\u015f\u0131k n\u00fcfusa sahipti.<\/p>\n<p style=\"text-align: justify\">Sancak ekonomisi \u00e7ok y\u00f6nl\u00fcyd\u00fc. Tar\u0131m ve hayvanc\u0131l\u0131\u011f\u0131n yan\u0131nda ba\u011fc\u0131l\u0131k ve meyvecilikle de u\u011fra\u015f\u0131yor, yeti\u015ftirdikleri kavun, karpuz, incir gibi meyve ve sebzeler kom\u015fu b\u00f6lgelerde \u00e7ok tutuluyordu. Ermeniler usta \u015farap imalat\u00e7\u0131s\u0131, \u00e7\u00f6mlek\u00e7i ve maden i\u015flemecisiydi. B\u00f6lge d\u00e2hilinde bulunan petrol, bak\u0131r ve daha ba\u015fka maden yataklar\u0131n\u0131n \u00fcretimi \u00e7ok basit metotlarla yap\u0131lmaktayd\u0131. B\u00f6lgedeki Ermeni ustalar\u0131n, \u00f6zellikle bak\u0131rdan ve di\u011fer madenlerden haz\u0131rlam\u0131\u015f olduklar\u0131 e\u015fyalar ile \u201c\u015fila\u201d adl\u0131 dokumalar\u0131 b\u00f6lge d\u0131\u015f\u0131ndan da aranmaktayd\u0131.<\/p>\n<p style=\"text-align: justify\">Tam olmayan verilere g\u00f6re 1903 y\u0131l\u0131nda b\u00f6lgede 30\u2019un \u00fczerinde kilise ve birka\u00e7 manast\u0131r ile bunlara ba\u011fl\u0131 okullar faaliyet g\u00f6stermekteydi.<\/p>\n<p style=\"text-align: justify\">S\u0131\u011ferdli Ermenilerin durumu Osmanl\u0131 \u0130mparatorlu\u011fu egemenli\u011fi alt\u0131nda \u00f6zellikle XIX. y\u00fczy\u0131l\u0131n ikinci yar\u0131s\u0131ndan sonra k\u00f6t\u00fcle\u015fmeye ba\u015flad\u0131. Etnik ve dini bask\u0131lar ile a\u011f\u0131r ekonomik durum, daha o zamanlarda Ermenileri gurbet\u00e7ili\u011fe itmekteydi. Sadece 1877 y\u0131l\u0131nda S\u0131\u011ferd\u2019den Konstandnupolis\u2019e (Konstantinopel, \u0130stanbul) ve ba\u015fka b\u00f6lgelere giden gurbet\u00e7i Ermenilerin say\u0131s\u0131 5000 kadard\u0131. Bu say\u0131 daha sonraki d\u00f6nemlerde de h\u0131zl\u0131 bir art\u0131\u015f g\u00f6stermekteydi.<\/p>\n<p style=\"text-align: justify\">S\u0131\u011ferdli binlerce Ermeni 1915 Soyk\u0131r\u0131m\u0131nda b\u00fcy\u00fck talihsizli\u011fe u\u011frad\u0131. S\u0131\u011ferd, o tarihlerde Rus ordular\u0131 ve Ermeni g\u00f6n\u00fcll\u00fcler taraf\u0131ndan kurtar\u0131lm\u0131\u015ft\u0131. Lakin onlar\u0131n k\u0131sa zaman sonra Ermenileri tek ba\u015flar\u0131na ve savunmas\u0131z bir \u015fekilde b\u0131rak\u0131p geri \u00e7ekilmelerini f\u0131rsat bilen T\u00fcrk katliamc\u0131lar 1915 y\u0131l\u0131nda b\u00f6lge Ermenilerini hemen tamamen yok etti. Sadece birka\u00e7 bin ki\u015fi kurtulup, farkl\u0131 \u00fclkelere ka\u00e7may\u0131 ba\u015farabilmi\u015ftir. S\u0131\u011ferd, g\u00fcn\u00fcm\u00fczde T\u00fcrkiye\u2019nin bir ilidir.<\/p>\n","protected":false},"excerpt":{"rendered":"<p>S\u0131\u011ferd, S\u0131gert, Seord, Seort, Sierd, Siert, Siird, Siirt, Sirt, S\u0131\u011fert: Bat\u0131 Ermenistan\u2019\u0131n Bitlis Vilayeti\u2019nde, Tigris Nehri\u2019nin sol kolu olan Bitlis, Arl Tigris, Redvan dereleri ve onlar\u0131n yan kollar\u0131n\u0131n ge\u00e7ti\u011fi ovalarda kurulu sancak. XVI.-XVIII. y\u00fczy\u0131llarda Diarbekir (Diyarbak\u0131r) Vilayeti\u2019ne d\u00e2hil olmu\u015ftur. Kuzeyde Bitlis, g\u00fcneydo\u011fuda Van ve Hek\u00e2ri (Hakk\u00e2ri), kuzeybat\u0131da Genc (Gen\u00e7) sancaklar\u0131na, g\u00fcneyde ise Diarbekir Vilayeti\u2019ne s\u0131n\u0131rda\u015ft\u0131. [&hellip;]<\/p>\n","protected":false},"author":3,"featured_media":0,"comment_status":"open","ping_status":"open","sticky":false,"template":"","format":"standard","meta":{"footnotes":""},"categories":[47],"tags":[],"class_list":["post-6540","post","type-post","status-publish","format-standard","hentry","category-bati-ermenistanin-ilceleri"],"yoast_head":"<!-- This site is optimized with the Yoast SEO plugin v27.4 - https:\/\/yoast.com\/product\/yoast-seo-wordpress\/ -->\n<title>S\u0131\u011ferd - Bati Ermenistan Ve Bati Ermenileri Sorunlari Ara\u015ftirmalar Merkezi<\/title>\n<meta name=\"robots\" content=\"index, follow, max-snippet:-1, max-image-preview:large, max-video-preview:-1\" \/>\n<link rel=\"canonical\" href=\"https:\/\/akunq.net\/turkish\/2011\/06\/29\/sigerd-2\/\" \/>\n<meta property=\"og:locale\" content=\"en_US\" \/>\n<meta property=\"og:type\" content=\"article\" \/>\n<meta property=\"og:title\" content=\"S\u0131\u011ferd - Bati Ermenistan Ve Bati Ermenileri Sorunlari Ara\u015ftirmalar Merkezi\" \/>\n<meta property=\"og:description\" content=\"S\u0131\u011ferd, S\u0131gert, Seord, Seort, Sierd, Siert, Siird, Siirt, Sirt, S\u0131\u011fert: Bat\u0131 Ermenistan\u2019\u0131n Bitlis Vilayeti\u2019nde, Tigris Nehri\u2019nin sol kolu olan Bitlis, Arl Tigris, Redvan dereleri ve onlar\u0131n yan kollar\u0131n\u0131n ge\u00e7ti\u011fi ovalarda kurulu sancak. XVI.-XVIII. y\u00fczy\u0131llarda Diarbekir (Diyarbak\u0131r) Vilayeti\u2019ne d\u00e2hil olmu\u015ftur. Kuzeyde Bitlis, g\u00fcneydo\u011fuda Van ve Hek\u00e2ri (Hakk\u00e2ri), kuzeybat\u0131da Genc (Gen\u00e7) sancaklar\u0131na, g\u00fcneyde ise Diarbekir Vilayeti\u2019ne s\u0131n\u0131rda\u015ft\u0131. [&hellip;]\" \/>\n<meta property=\"og:url\" content=\"https:\/\/akunq.net\/turkish\/2011\/06\/29\/sigerd-2\/\" \/>\n<meta property=\"og:site_name\" content=\"Bati Ermenistan Ve Bati Ermenileri Sorunlari Ara\u015ftirmalar Merkezi\" \/>\n<meta property=\"article:published_time\" content=\"2011-06-29T11:54:23+00:00\" \/>\n<meta name=\"author\" content=\"kalem\" \/>\n<meta name=\"twitter:card\" content=\"summary_large_image\" \/>\n<meta name=\"twitter:label1\" content=\"Written by\" \/>\n\t<meta name=\"twitter:data1\" content=\"kalem\" \/>\n\t<meta name=\"twitter:label2\" content=\"Est. reading time\" \/>\n\t<meta name=\"twitter:data2\" content=\"3 minutes\" \/>\n<script type=\"application\/ld+json\" class=\"yoast-schema-graph\">{\"@context\":\"https:\\\/\\\/schema.org\",\"@graph\":[{\"@type\":\"Article\",\"@id\":\"https:\\\/\\\/akunq.net\\\/turkish\\\/2011\\\/06\\\/29\\\/sigerd-2\\\/#article\",\"isPartOf\":{\"@id\":\"https:\\\/\\\/akunq.net\\\/turkish\\\/2011\\\/06\\\/29\\\/sigerd-2\\\/\"},\"author\":{\"name\":\"kalem\",\"@id\":\"https:\\\/\\\/akunq.net\\\/turkish\\\/#\\\/schema\\\/person\\\/135e7923d1aeb8887890799619969a6c\"},\"headline\":\"S\u0131\u011ferd\",\"datePublished\":\"2011-06-29T11:54:23+00:00\",\"mainEntityOfPage\":{\"@id\":\"https:\\\/\\\/akunq.net\\\/turkish\\\/2011\\\/06\\\/29\\\/sigerd-2\\\/\"},\"wordCount\":515,\"commentCount\":0,\"articleSection\":[\"Bat\u0131 Ermenistan\u2019\u0131n \u0130l\u00e7eleri\"],\"inLanguage\":\"en-US\",\"potentialAction\":[{\"@type\":\"CommentAction\",\"name\":\"Comment\",\"target\":[\"https:\\\/\\\/akunq.net\\\/turkish\\\/2011\\\/06\\\/29\\\/sigerd-2\\\/#respond\"]}]},{\"@type\":\"WebPage\",\"@id\":\"https:\\\/\\\/akunq.net\\\/turkish\\\/2011\\\/06\\\/29\\\/sigerd-2\\\/\",\"url\":\"https:\\\/\\\/akunq.net\\\/turkish\\\/2011\\\/06\\\/29\\\/sigerd-2\\\/\",\"name\":\"S\u0131\u011ferd - Bati Ermenistan Ve Bati Ermenileri Sorunlari Ara\u015ftirmalar Merkezi\",\"isPartOf\":{\"@id\":\"https:\\\/\\\/akunq.net\\\/turkish\\\/#website\"},\"datePublished\":\"2011-06-29T11:54:23+00:00\",\"author\":{\"@id\":\"https:\\\/\\\/akunq.net\\\/turkish\\\/#\\\/schema\\\/person\\\/135e7923d1aeb8887890799619969a6c\"},\"breadcrumb\":{\"@id\":\"https:\\\/\\\/akunq.net\\\/turkish\\\/2011\\\/06\\\/29\\\/sigerd-2\\\/#breadcrumb\"},\"inLanguage\":\"en-US\",\"potentialAction\":[{\"@type\":\"ReadAction\",\"target\":[\"https:\\\/\\\/akunq.net\\\/turkish\\\/2011\\\/06\\\/29\\\/sigerd-2\\\/\"]}]},{\"@type\":\"BreadcrumbList\",\"@id\":\"https:\\\/\\\/akunq.net\\\/turkish\\\/2011\\\/06\\\/29\\\/sigerd-2\\\/#breadcrumb\",\"itemListElement\":[{\"@type\":\"ListItem\",\"position\":1,\"name\":\"Home\",\"item\":\"https:\\\/\\\/akunq.net\\\/turkish\\\/\"},{\"@type\":\"ListItem\",\"position\":2,\"name\":\"S\u0131\u011ferd\"}]},{\"@type\":\"WebSite\",\"@id\":\"https:\\\/\\\/akunq.net\\\/turkish\\\/#website\",\"url\":\"https:\\\/\\\/akunq.net\\\/turkish\\\/\",\"name\":\"Bati Ermenistan Ve Bati Ermenileri Sorunlari Ara\u015ftirmalar Merkezi\",\"description\":\"\",\"potentialAction\":[{\"@type\":\"SearchAction\",\"target\":{\"@type\":\"EntryPoint\",\"urlTemplate\":\"https:\\\/\\\/akunq.net\\\/turkish\\\/?s={search_term_string}\"},\"query-input\":{\"@type\":\"PropertyValueSpecification\",\"valueRequired\":true,\"valueName\":\"search_term_string\"}}],\"inLanguage\":\"en-US\"},{\"@type\":\"Person\",\"@id\":\"https:\\\/\\\/akunq.net\\\/turkish\\\/#\\\/schema\\\/person\\\/135e7923d1aeb8887890799619969a6c\",\"name\":\"kalem\",\"image\":{\"@type\":\"ImageObject\",\"inLanguage\":\"en-US\",\"@id\":\"https:\\\/\\\/secure.gravatar.com\\\/avatar\\\/a06875e4b25feb5674296adf8e8a7ae1e587cebce2493fe63c456109967e27d3?s=96&d=mm&r=g\",\"url\":\"https:\\\/\\\/secure.gravatar.com\\\/avatar\\\/a06875e4b25feb5674296adf8e8a7ae1e587cebce2493fe63c456109967e27d3?s=96&d=mm&r=g\",\"contentUrl\":\"https:\\\/\\\/secure.gravatar.com\\\/avatar\\\/a06875e4b25feb5674296adf8e8a7ae1e587cebce2493fe63c456109967e27d3?s=96&d=mm&r=g\",\"caption\":\"kalem\"},\"url\":\"https:\\\/\\\/akunq.net\\\/turkish\\\/author\\\/kalem\\\/\"}]}<\/script>\n<!-- \/ Yoast SEO plugin. -->","yoast_head_json":{"title":"S\u0131\u011ferd - Bati Ermenistan Ve Bati Ermenileri Sorunlari Ara\u015ftirmalar Merkezi","robots":{"index":"index","follow":"follow","max-snippet":"max-snippet:-1","max-image-preview":"max-image-preview:large","max-video-preview":"max-video-preview:-1"},"canonical":"https:\/\/akunq.net\/turkish\/2011\/06\/29\/sigerd-2\/","og_locale":"en_US","og_type":"article","og_title":"S\u0131\u011ferd - Bati Ermenistan Ve Bati Ermenileri Sorunlari Ara\u015ftirmalar Merkezi","og_description":"S\u0131\u011ferd, S\u0131gert, Seord, Seort, Sierd, Siert, Siird, Siirt, Sirt, S\u0131\u011fert: Bat\u0131 Ermenistan\u2019\u0131n Bitlis Vilayeti\u2019nde, Tigris Nehri\u2019nin sol kolu olan Bitlis, Arl Tigris, Redvan dereleri ve onlar\u0131n yan kollar\u0131n\u0131n ge\u00e7ti\u011fi ovalarda kurulu sancak. XVI.-XVIII. y\u00fczy\u0131llarda Diarbekir (Diyarbak\u0131r) Vilayeti\u2019ne d\u00e2hil olmu\u015ftur. Kuzeyde Bitlis, g\u00fcneydo\u011fuda Van ve Hek\u00e2ri (Hakk\u00e2ri), kuzeybat\u0131da Genc (Gen\u00e7) sancaklar\u0131na, g\u00fcneyde ise Diarbekir Vilayeti\u2019ne s\u0131n\u0131rda\u015ft\u0131. [&hellip;]","og_url":"https:\/\/akunq.net\/turkish\/2011\/06\/29\/sigerd-2\/","og_site_name":"Bati Ermenistan Ve Bati Ermenileri Sorunlari Ara\u015ftirmalar Merkezi","article_published_time":"2011-06-29T11:54:23+00:00","author":"kalem","twitter_card":"summary_large_image","twitter_misc":{"Written by":"kalem","Est. reading time":"3 minutes"},"schema":{"@context":"https:\/\/schema.org","@graph":[{"@type":"Article","@id":"https:\/\/akunq.net\/turkish\/2011\/06\/29\/sigerd-2\/#article","isPartOf":{"@id":"https:\/\/akunq.net\/turkish\/2011\/06\/29\/sigerd-2\/"},"author":{"name":"kalem","@id":"https:\/\/akunq.net\/turkish\/#\/schema\/person\/135e7923d1aeb8887890799619969a6c"},"headline":"S\u0131\u011ferd","datePublished":"2011-06-29T11:54:23+00:00","mainEntityOfPage":{"@id":"https:\/\/akunq.net\/turkish\/2011\/06\/29\/sigerd-2\/"},"wordCount":515,"commentCount":0,"articleSection":["Bat\u0131 Ermenistan\u2019\u0131n \u0130l\u00e7eleri"],"inLanguage":"en-US","potentialAction":[{"@type":"CommentAction","name":"Comment","target":["https:\/\/akunq.net\/turkish\/2011\/06\/29\/sigerd-2\/#respond"]}]},{"@type":"WebPage","@id":"https:\/\/akunq.net\/turkish\/2011\/06\/29\/sigerd-2\/","url":"https:\/\/akunq.net\/turkish\/2011\/06\/29\/sigerd-2\/","name":"S\u0131\u011ferd - Bati Ermenistan Ve Bati Ermenileri Sorunlari Ara\u015ftirmalar Merkezi","isPartOf":{"@id":"https:\/\/akunq.net\/turkish\/#website"},"datePublished":"2011-06-29T11:54:23+00:00","author":{"@id":"https:\/\/akunq.net\/turkish\/#\/schema\/person\/135e7923d1aeb8887890799619969a6c"},"breadcrumb":{"@id":"https:\/\/akunq.net\/turkish\/2011\/06\/29\/sigerd-2\/#breadcrumb"},"inLanguage":"en-US","potentialAction":[{"@type":"ReadAction","target":["https:\/\/akunq.net\/turkish\/2011\/06\/29\/sigerd-2\/"]}]},{"@type":"BreadcrumbList","@id":"https:\/\/akunq.net\/turkish\/2011\/06\/29\/sigerd-2\/#breadcrumb","itemListElement":[{"@type":"ListItem","position":1,"name":"Home","item":"https:\/\/akunq.net\/turkish\/"},{"@type":"ListItem","position":2,"name":"S\u0131\u011ferd"}]},{"@type":"WebSite","@id":"https:\/\/akunq.net\/turkish\/#website","url":"https:\/\/akunq.net\/turkish\/","name":"Bati Ermenistan Ve Bati Ermenileri Sorunlari Ara\u015ftirmalar Merkezi","description":"","potentialAction":[{"@type":"SearchAction","target":{"@type":"EntryPoint","urlTemplate":"https:\/\/akunq.net\/turkish\/?s={search_term_string}"},"query-input":{"@type":"PropertyValueSpecification","valueRequired":true,"valueName":"search_term_string"}}],"inLanguage":"en-US"},{"@type":"Person","@id":"https:\/\/akunq.net\/turkish\/#\/schema\/person\/135e7923d1aeb8887890799619969a6c","name":"kalem","image":{"@type":"ImageObject","inLanguage":"en-US","@id":"https:\/\/secure.gravatar.com\/avatar\/a06875e4b25feb5674296adf8e8a7ae1e587cebce2493fe63c456109967e27d3?s=96&d=mm&r=g","url":"https:\/\/secure.gravatar.com\/avatar\/a06875e4b25feb5674296adf8e8a7ae1e587cebce2493fe63c456109967e27d3?s=96&d=mm&r=g","contentUrl":"https:\/\/secure.gravatar.com\/avatar\/a06875e4b25feb5674296adf8e8a7ae1e587cebce2493fe63c456109967e27d3?s=96&d=mm&r=g","caption":"kalem"},"url":"https:\/\/akunq.net\/turkish\/author\/kalem\/"}]}},"_links":{"self":[{"href":"https:\/\/akunq.net\/turkish\/wp-json\/wp\/v2\/posts\/6540","targetHints":{"allow":["GET"]}}],"collection":[{"href":"https:\/\/akunq.net\/turkish\/wp-json\/wp\/v2\/posts"}],"about":[{"href":"https:\/\/akunq.net\/turkish\/wp-json\/wp\/v2\/types\/post"}],"author":[{"embeddable":true,"href":"https:\/\/akunq.net\/turkish\/wp-json\/wp\/v2\/users\/3"}],"replies":[{"embeddable":true,"href":"https:\/\/akunq.net\/turkish\/wp-json\/wp\/v2\/comments?post=6540"}],"version-history":[{"count":0,"href":"https:\/\/akunq.net\/turkish\/wp-json\/wp\/v2\/posts\/6540\/revisions"}],"wp:attachment":[{"href":"https:\/\/akunq.net\/turkish\/wp-json\/wp\/v2\/media?parent=6540"}],"wp:term":[{"taxonomy":"category","embeddable":true,"href":"https:\/\/akunq.net\/turkish\/wp-json\/wp\/v2\/categories?post=6540"},{"taxonomy":"post_tag","embeddable":true,"href":"https:\/\/akunq.net\/turkish\/wp-json\/wp\/v2\/tags?post=6540"}],"curies":[{"name":"wp","href":"https:\/\/api.w.org\/{rel}","templated":true}]}}