{"id":6538,"date":"2011-06-29T06:51:31","date_gmt":"2011-06-29T11:51:31","guid":{"rendered":"http:\/\/akunq.net\/tr\/?p=6538"},"modified":"2011-06-29T06:51:31","modified_gmt":"2011-06-29T11:51:31","slug":"siparket","status":"publish","type":"post","link":"https:\/\/akunq.net\/turkish\/2011\/06\/29\/siparket\/","title":{"rendered":"S\u0131parket"},"content":{"rendered":"<p style=\"text-align: justify\"><strong>S\u0131parket, <\/strong><em>S\u0131parkert, S\u0131paykert, S\u0131parket, \u0130spayit<\/em>: Bitlis Vilayeti\u2019nde, Van G\u00f6l\u00fc\u2019n\u00fcn g\u00fcneyinde bulunan sancak. Sancak, Yukar\u0131, A\u015fa\u011f\u0131 ve N\u0131zar Kazalar\u0131na b\u00f6l\u00fcnm\u00fc\u015ft\u00fc.<\/p>\n<p style=\"text-align: justify\">S\u0131parket\u2019in, B\u00fcy\u00fck Hayk\u2019\u0131n Mok Eyaleti\u2019nin \u0130\u015fkhots b\u00f6lgesine denk d\u00fc\u015ft\u00fc\u011f\u00fc varsay\u0131lmaktad\u0131r. Bu b\u00f6lgeyle ilgili ilk kay\u0131tlar (S\u0131parkert \u015fekliyle) XIV. y\u00fczy\u0131ldan kalmad\u0131r. 1555 Amasya Antla\u015fmas\u0131\u2019yla b\u00f6lge Osmanl\u0131 Devleti\u2019ne ge\u00e7mi\u015f ve XIX. y\u00fczy\u0131l ortalar\u0131na kadar Van Vilayeti\u2019nin sancaklar\u0131ndan biri olarak kalm\u0131\u015ft\u0131r.<\/p>\n<p style=\"text-align: justify\">XIX. y\u00fczy\u0131l\u0131n 80\u2019li y\u0131llar\u0131nda k\u00f6y toplulu\u011fu olarak Bitlis Vilayeti\u2019nin Khizan Kazas\u0131\u2019na ba\u011flanm\u0131\u015ft\u0131r. Ruhani b\u00f6lge olarak A\u011ftamar Katolikoslu\u011fu\u2019na ba\u011fl\u0131 olmu\u015ftur.<\/p>\n<p style=\"text-align: justify\">S\u0131parket, Bat\u0131 Ermenistan\u2019\u0131n Ermenilerin yo\u011fun olarak ya\u015fad\u0131\u011f\u0131 b\u00f6lgelerden biri olmu\u015f, XIII.-XIV. y\u00fczy\u0131llar\u0131 aras\u0131nda S\u0131parket\u2019e K\u00fcrtlerin de yerle\u015fmi\u015f olmas\u0131yla birlikte Ermeniler her zaman i\u00e7in b\u00f6lge ahalisinin b\u00fcy\u00fck bir k\u0131sm\u0131n\u0131 te\u015fkil etmi\u015flerdir.<\/p>\n<p style=\"text-align: justify\">1877\u201378 y\u0131llar\u0131nda \u015eeyh Calaleddin ve 1895\u2019te Hamidiye Alaylar\u0131\u2019n\u0131n S\u0131parket\u2019te d\u00fczenlemi\u015f oldu\u011fu katliamlar sonucunda \u00e7ok say\u0131da Ermeni \u00f6ld\u00fcr\u00fclm\u00fc\u015f, baz\u0131lar\u0131 ise bask\u0131lar sonucunda de\u011fi\u015fik yerlere g\u00f6\u00e7 etmi\u015ftir.<\/p>\n<p style=\"text-align: justify\">XX. y\u00fczy\u0131l ba\u015flar\u0131nda S\u0131parket\u2019te 4000\u20134500 Ermeni ya\u015famaktayd\u0131. Ermeniler burada hayvanc\u0131l\u0131k, \u015falc\u0131l\u0131k, k\u0131smen de ba\u011fc\u0131l\u0131kla u\u011fra\u015fmaktayd\u0131. Bast, Kotents, Yukar\u0131 H\u00fcruk, \u00c7ajvan ve T\u0131va\u011fus S\u0131parket\u2019in en b\u00fcy\u00fck k\u00f6ylerindendi.<\/p>\n<p style=\"text-align: justify\">B\u00f6lgenin en tan\u0131nm\u0131\u015f manast\u0131rlar\u0131 Bazenits (Bazmenits), Surb (Aziz) Astvadsadsin, Ge\u011fisi, Surb Kirakos, \u015eirinits Surb Gevorg (Surb S\u0131kavarak), Surva, Surb Astvadsadsin (N\u0131zar) manast\u0131rlar\u0131yd\u0131.<\/p>\n<p style=\"text-align: justify\">S\u0131parket Ermenilerinin b\u00fcy\u00fck bir k\u0131sm\u0131 soyk\u0131r\u0131mdan kurtulabilmi\u015f ve Do\u011fu Ermenistan\u2019a s\u0131\u011f\u0131nm\u0131\u015flard\u0131r.<strong> <\/strong><\/p>\n<p style=\"text-align: justify\"><strong>K\u00fc\u00e7\u00fck Ermeni Ansiklopedisi, 4. Cilt, Yerevan, 2003.<\/strong><\/p>\n","protected":false},"excerpt":{"rendered":"<p>S\u0131parket, S\u0131parkert, S\u0131paykert, S\u0131parket, \u0130spayit: Bitlis Vilayeti\u2019nde, Van G\u00f6l\u00fc\u2019n\u00fcn g\u00fcneyinde bulunan sancak. Sancak, Yukar\u0131, A\u015fa\u011f\u0131 ve N\u0131zar Kazalar\u0131na b\u00f6l\u00fcnm\u00fc\u015ft\u00fc. S\u0131parket\u2019in, B\u00fcy\u00fck Hayk\u2019\u0131n Mok Eyaleti\u2019nin \u0130\u015fkhots b\u00f6lgesine denk d\u00fc\u015ft\u00fc\u011f\u00fc varsay\u0131lmaktad\u0131r. Bu b\u00f6lgeyle ilgili ilk kay\u0131tlar (S\u0131parkert \u015fekliyle) XIV. y\u00fczy\u0131ldan kalmad\u0131r. 1555 Amasya Antla\u015fmas\u0131\u2019yla b\u00f6lge Osmanl\u0131 Devleti\u2019ne ge\u00e7mi\u015f ve XIX. y\u00fczy\u0131l ortalar\u0131na kadar Van Vilayeti\u2019nin sancaklar\u0131ndan biri [&hellip;]<\/p>\n","protected":false},"author":3,"featured_media":0,"comment_status":"open","ping_status":"open","sticky":false,"template":"","format":"standard","meta":{"footnotes":""},"categories":[47],"tags":[],"class_list":["post-6538","post","type-post","status-publish","format-standard","hentry","category-bati-ermenistanin-ilceleri"],"yoast_head":"<!-- This site is optimized with the Yoast SEO plugin v27.4 - https:\/\/yoast.com\/product\/yoast-seo-wordpress\/ -->\n<title>S\u0131parket - Bati Ermenistan Ve Bati Ermenileri Sorunlari Ara\u015ftirmalar Merkezi<\/title>\n<meta name=\"robots\" content=\"index, follow, max-snippet:-1, max-image-preview:large, max-video-preview:-1\" \/>\n<link rel=\"canonical\" href=\"https:\/\/akunq.net\/turkish\/2011\/06\/29\/siparket\/\" \/>\n<meta property=\"og:locale\" content=\"en_US\" \/>\n<meta property=\"og:type\" content=\"article\" \/>\n<meta property=\"og:title\" content=\"S\u0131parket - Bati Ermenistan Ve Bati Ermenileri Sorunlari Ara\u015ftirmalar Merkezi\" \/>\n<meta property=\"og:description\" content=\"S\u0131parket, S\u0131parkert, S\u0131paykert, S\u0131parket, \u0130spayit: Bitlis Vilayeti\u2019nde, Van G\u00f6l\u00fc\u2019n\u00fcn g\u00fcneyinde bulunan sancak. Sancak, Yukar\u0131, A\u015fa\u011f\u0131 ve N\u0131zar Kazalar\u0131na b\u00f6l\u00fcnm\u00fc\u015ft\u00fc. S\u0131parket\u2019in, B\u00fcy\u00fck Hayk\u2019\u0131n Mok Eyaleti\u2019nin \u0130\u015fkhots b\u00f6lgesine denk d\u00fc\u015ft\u00fc\u011f\u00fc varsay\u0131lmaktad\u0131r. Bu b\u00f6lgeyle ilgili ilk kay\u0131tlar (S\u0131parkert \u015fekliyle) XIV. y\u00fczy\u0131ldan kalmad\u0131r. 1555 Amasya Antla\u015fmas\u0131\u2019yla b\u00f6lge Osmanl\u0131 Devleti\u2019ne ge\u00e7mi\u015f ve XIX. y\u00fczy\u0131l ortalar\u0131na kadar Van Vilayeti\u2019nin sancaklar\u0131ndan biri [&hellip;]\" \/>\n<meta property=\"og:url\" content=\"https:\/\/akunq.net\/turkish\/2011\/06\/29\/siparket\/\" \/>\n<meta property=\"og:site_name\" content=\"Bati Ermenistan Ve Bati Ermenileri Sorunlari Ara\u015ftirmalar Merkezi\" \/>\n<meta property=\"article:published_time\" content=\"2011-06-29T11:51:31+00:00\" \/>\n<meta name=\"author\" content=\"kalem\" \/>\n<meta name=\"twitter:card\" content=\"summary_large_image\" \/>\n<meta name=\"twitter:label1\" content=\"Written by\" \/>\n\t<meta name=\"twitter:data1\" content=\"kalem\" \/>\n\t<meta name=\"twitter:label2\" content=\"Est. reading time\" \/>\n\t<meta name=\"twitter:data2\" content=\"2 minutes\" \/>\n<script type=\"application\/ld+json\" class=\"yoast-schema-graph\">{\"@context\":\"https:\\\/\\\/schema.org\",\"@graph\":[{\"@type\":\"Article\",\"@id\":\"https:\\\/\\\/akunq.net\\\/turkish\\\/2011\\\/06\\\/29\\\/siparket\\\/#article\",\"isPartOf\":{\"@id\":\"https:\\\/\\\/akunq.net\\\/turkish\\\/2011\\\/06\\\/29\\\/siparket\\\/\"},\"author\":{\"name\":\"kalem\",\"@id\":\"https:\\\/\\\/akunq.net\\\/turkish\\\/#\\\/schema\\\/person\\\/135e7923d1aeb8887890799619969a6c\"},\"headline\":\"S\u0131parket\",\"datePublished\":\"2011-06-29T11:51:31+00:00\",\"mainEntityOfPage\":{\"@id\":\"https:\\\/\\\/akunq.net\\\/turkish\\\/2011\\\/06\\\/29\\\/siparket\\\/\"},\"wordCount\":338,\"commentCount\":0,\"articleSection\":[\"Bat\u0131 Ermenistan\u2019\u0131n \u0130l\u00e7eleri\"],\"inLanguage\":\"en-US\",\"potentialAction\":[{\"@type\":\"CommentAction\",\"name\":\"Comment\",\"target\":[\"https:\\\/\\\/akunq.net\\\/turkish\\\/2011\\\/06\\\/29\\\/siparket\\\/#respond\"]}]},{\"@type\":\"WebPage\",\"@id\":\"https:\\\/\\\/akunq.net\\\/turkish\\\/2011\\\/06\\\/29\\\/siparket\\\/\",\"url\":\"https:\\\/\\\/akunq.net\\\/turkish\\\/2011\\\/06\\\/29\\\/siparket\\\/\",\"name\":\"S\u0131parket - Bati Ermenistan Ve Bati Ermenileri Sorunlari Ara\u015ftirmalar Merkezi\",\"isPartOf\":{\"@id\":\"https:\\\/\\\/akunq.net\\\/turkish\\\/#website\"},\"datePublished\":\"2011-06-29T11:51:31+00:00\",\"author\":{\"@id\":\"https:\\\/\\\/akunq.net\\\/turkish\\\/#\\\/schema\\\/person\\\/135e7923d1aeb8887890799619969a6c\"},\"breadcrumb\":{\"@id\":\"https:\\\/\\\/akunq.net\\\/turkish\\\/2011\\\/06\\\/29\\\/siparket\\\/#breadcrumb\"},\"inLanguage\":\"en-US\",\"potentialAction\":[{\"@type\":\"ReadAction\",\"target\":[\"https:\\\/\\\/akunq.net\\\/turkish\\\/2011\\\/06\\\/29\\\/siparket\\\/\"]}]},{\"@type\":\"BreadcrumbList\",\"@id\":\"https:\\\/\\\/akunq.net\\\/turkish\\\/2011\\\/06\\\/29\\\/siparket\\\/#breadcrumb\",\"itemListElement\":[{\"@type\":\"ListItem\",\"position\":1,\"name\":\"Home\",\"item\":\"https:\\\/\\\/akunq.net\\\/turkish\\\/\"},{\"@type\":\"ListItem\",\"position\":2,\"name\":\"S\u0131parket\"}]},{\"@type\":\"WebSite\",\"@id\":\"https:\\\/\\\/akunq.net\\\/turkish\\\/#website\",\"url\":\"https:\\\/\\\/akunq.net\\\/turkish\\\/\",\"name\":\"Bati Ermenistan Ve Bati Ermenileri Sorunlari Ara\u015ftirmalar Merkezi\",\"description\":\"\",\"potentialAction\":[{\"@type\":\"SearchAction\",\"target\":{\"@type\":\"EntryPoint\",\"urlTemplate\":\"https:\\\/\\\/akunq.net\\\/turkish\\\/?s={search_term_string}\"},\"query-input\":{\"@type\":\"PropertyValueSpecification\",\"valueRequired\":true,\"valueName\":\"search_term_string\"}}],\"inLanguage\":\"en-US\"},{\"@type\":\"Person\",\"@id\":\"https:\\\/\\\/akunq.net\\\/turkish\\\/#\\\/schema\\\/person\\\/135e7923d1aeb8887890799619969a6c\",\"name\":\"kalem\",\"image\":{\"@type\":\"ImageObject\",\"inLanguage\":\"en-US\",\"@id\":\"https:\\\/\\\/secure.gravatar.com\\\/avatar\\\/a06875e4b25feb5674296adf8e8a7ae1e587cebce2493fe63c456109967e27d3?s=96&d=mm&r=g\",\"url\":\"https:\\\/\\\/secure.gravatar.com\\\/avatar\\\/a06875e4b25feb5674296adf8e8a7ae1e587cebce2493fe63c456109967e27d3?s=96&d=mm&r=g\",\"contentUrl\":\"https:\\\/\\\/secure.gravatar.com\\\/avatar\\\/a06875e4b25feb5674296adf8e8a7ae1e587cebce2493fe63c456109967e27d3?s=96&d=mm&r=g\",\"caption\":\"kalem\"},\"url\":\"https:\\\/\\\/akunq.net\\\/turkish\\\/author\\\/kalem\\\/\"}]}<\/script>\n<!-- \/ Yoast SEO plugin. -->","yoast_head_json":{"title":"S\u0131parket - Bati Ermenistan Ve Bati Ermenileri Sorunlari Ara\u015ftirmalar Merkezi","robots":{"index":"index","follow":"follow","max-snippet":"max-snippet:-1","max-image-preview":"max-image-preview:large","max-video-preview":"max-video-preview:-1"},"canonical":"https:\/\/akunq.net\/turkish\/2011\/06\/29\/siparket\/","og_locale":"en_US","og_type":"article","og_title":"S\u0131parket - Bati Ermenistan Ve Bati Ermenileri Sorunlari Ara\u015ftirmalar Merkezi","og_description":"S\u0131parket, S\u0131parkert, S\u0131paykert, S\u0131parket, \u0130spayit: Bitlis Vilayeti\u2019nde, Van G\u00f6l\u00fc\u2019n\u00fcn g\u00fcneyinde bulunan sancak. Sancak, Yukar\u0131, A\u015fa\u011f\u0131 ve N\u0131zar Kazalar\u0131na b\u00f6l\u00fcnm\u00fc\u015ft\u00fc. S\u0131parket\u2019in, B\u00fcy\u00fck Hayk\u2019\u0131n Mok Eyaleti\u2019nin \u0130\u015fkhots b\u00f6lgesine denk d\u00fc\u015ft\u00fc\u011f\u00fc varsay\u0131lmaktad\u0131r. Bu b\u00f6lgeyle ilgili ilk kay\u0131tlar (S\u0131parkert \u015fekliyle) XIV. y\u00fczy\u0131ldan kalmad\u0131r. 1555 Amasya Antla\u015fmas\u0131\u2019yla b\u00f6lge Osmanl\u0131 Devleti\u2019ne ge\u00e7mi\u015f ve XIX. y\u00fczy\u0131l ortalar\u0131na kadar Van Vilayeti\u2019nin sancaklar\u0131ndan biri [&hellip;]","og_url":"https:\/\/akunq.net\/turkish\/2011\/06\/29\/siparket\/","og_site_name":"Bati Ermenistan Ve Bati Ermenileri Sorunlari Ara\u015ftirmalar Merkezi","article_published_time":"2011-06-29T11:51:31+00:00","author":"kalem","twitter_card":"summary_large_image","twitter_misc":{"Written by":"kalem","Est. reading time":"2 minutes"},"schema":{"@context":"https:\/\/schema.org","@graph":[{"@type":"Article","@id":"https:\/\/akunq.net\/turkish\/2011\/06\/29\/siparket\/#article","isPartOf":{"@id":"https:\/\/akunq.net\/turkish\/2011\/06\/29\/siparket\/"},"author":{"name":"kalem","@id":"https:\/\/akunq.net\/turkish\/#\/schema\/person\/135e7923d1aeb8887890799619969a6c"},"headline":"S\u0131parket","datePublished":"2011-06-29T11:51:31+00:00","mainEntityOfPage":{"@id":"https:\/\/akunq.net\/turkish\/2011\/06\/29\/siparket\/"},"wordCount":338,"commentCount":0,"articleSection":["Bat\u0131 Ermenistan\u2019\u0131n \u0130l\u00e7eleri"],"inLanguage":"en-US","potentialAction":[{"@type":"CommentAction","name":"Comment","target":["https:\/\/akunq.net\/turkish\/2011\/06\/29\/siparket\/#respond"]}]},{"@type":"WebPage","@id":"https:\/\/akunq.net\/turkish\/2011\/06\/29\/siparket\/","url":"https:\/\/akunq.net\/turkish\/2011\/06\/29\/siparket\/","name":"S\u0131parket - Bati Ermenistan Ve Bati Ermenileri Sorunlari Ara\u015ftirmalar Merkezi","isPartOf":{"@id":"https:\/\/akunq.net\/turkish\/#website"},"datePublished":"2011-06-29T11:51:31+00:00","author":{"@id":"https:\/\/akunq.net\/turkish\/#\/schema\/person\/135e7923d1aeb8887890799619969a6c"},"breadcrumb":{"@id":"https:\/\/akunq.net\/turkish\/2011\/06\/29\/siparket\/#breadcrumb"},"inLanguage":"en-US","potentialAction":[{"@type":"ReadAction","target":["https:\/\/akunq.net\/turkish\/2011\/06\/29\/siparket\/"]}]},{"@type":"BreadcrumbList","@id":"https:\/\/akunq.net\/turkish\/2011\/06\/29\/siparket\/#breadcrumb","itemListElement":[{"@type":"ListItem","position":1,"name":"Home","item":"https:\/\/akunq.net\/turkish\/"},{"@type":"ListItem","position":2,"name":"S\u0131parket"}]},{"@type":"WebSite","@id":"https:\/\/akunq.net\/turkish\/#website","url":"https:\/\/akunq.net\/turkish\/","name":"Bati Ermenistan Ve Bati Ermenileri Sorunlari Ara\u015ftirmalar Merkezi","description":"","potentialAction":[{"@type":"SearchAction","target":{"@type":"EntryPoint","urlTemplate":"https:\/\/akunq.net\/turkish\/?s={search_term_string}"},"query-input":{"@type":"PropertyValueSpecification","valueRequired":true,"valueName":"search_term_string"}}],"inLanguage":"en-US"},{"@type":"Person","@id":"https:\/\/akunq.net\/turkish\/#\/schema\/person\/135e7923d1aeb8887890799619969a6c","name":"kalem","image":{"@type":"ImageObject","inLanguage":"en-US","@id":"https:\/\/secure.gravatar.com\/avatar\/a06875e4b25feb5674296adf8e8a7ae1e587cebce2493fe63c456109967e27d3?s=96&d=mm&r=g","url":"https:\/\/secure.gravatar.com\/avatar\/a06875e4b25feb5674296adf8e8a7ae1e587cebce2493fe63c456109967e27d3?s=96&d=mm&r=g","contentUrl":"https:\/\/secure.gravatar.com\/avatar\/a06875e4b25feb5674296adf8e8a7ae1e587cebce2493fe63c456109967e27d3?s=96&d=mm&r=g","caption":"kalem"},"url":"https:\/\/akunq.net\/turkish\/author\/kalem\/"}]}},"_links":{"self":[{"href":"https:\/\/akunq.net\/turkish\/wp-json\/wp\/v2\/posts\/6538","targetHints":{"allow":["GET"]}}],"collection":[{"href":"https:\/\/akunq.net\/turkish\/wp-json\/wp\/v2\/posts"}],"about":[{"href":"https:\/\/akunq.net\/turkish\/wp-json\/wp\/v2\/types\/post"}],"author":[{"embeddable":true,"href":"https:\/\/akunq.net\/turkish\/wp-json\/wp\/v2\/users\/3"}],"replies":[{"embeddable":true,"href":"https:\/\/akunq.net\/turkish\/wp-json\/wp\/v2\/comments?post=6538"}],"version-history":[{"count":0,"href":"https:\/\/akunq.net\/turkish\/wp-json\/wp\/v2\/posts\/6538\/revisions"}],"wp:attachment":[{"href":"https:\/\/akunq.net\/turkish\/wp-json\/wp\/v2\/media?parent=6538"}],"wp:term":[{"taxonomy":"category","embeddable":true,"href":"https:\/\/akunq.net\/turkish\/wp-json\/wp\/v2\/categories?post=6538"},{"taxonomy":"post_tag","embeddable":true,"href":"https:\/\/akunq.net\/turkish\/wp-json\/wp\/v2\/tags?post=6538"}],"curies":[{"name":"wp","href":"https:\/\/api.w.org\/{rel}","templated":true}]}}