{"id":6509,"date":"2011-06-28T02:40:25","date_gmt":"2011-06-28T07:40:25","guid":{"rendered":"http:\/\/akunq.net\/tr\/?p=6509"},"modified":"2011-06-28T02:40:25","modified_gmt":"2011-06-28T07:40:25","slug":"satakh","status":"publish","type":"post","link":"https:\/\/akunq.net\/turkish\/2011\/06\/28\/satakh\/","title":{"rendered":"\u015eatakh"},"content":{"rendered":"<p style=\"text-align: justify\"><strong>\u015eatakh: <\/strong>Bat\u0131 Ermenistan&#8217;\u0131n Van Vilayeti&#8217;nde, Van G\u00f6l\u00fc&#8217;n\u00fcn g\u00fcneyinde bulunan kaza.<\/p>\n<p style=\"text-align: justify\">Do\u011fu Dicle ve bu nehrin bir kolu olan Sevtikin (Sivtikin) Vadileri&#8217;ni i\u00e7ine almaktad\u0131r. B\u00fcy\u00fck Hayk&#8217;\u0131n Mok Eyaleti&#8217;nin Arkayits, Cermadzor, \u0130\u015fayr ve k\u0131smen de Vaspurakan Eyaleti&#8217;nin Bujunik ve Andzevatsik b\u00f6lgelerine denk d\u00fc\u015fmektedir. Merkezi, Ta\u011f (\u015eatakhta\u011f) Kasabas\u0131&#8217;d\u0131r.<\/p>\n<p style=\"text-align: justify\">XIX. y\u00fczy\u0131l ortas\u0131na kadar \u015eatakh, y\u00f6neticilerinin zaman-zaman Hakk\u00e2ri K\u00fcrt Hanl\u0131\u011f\u0131&#8217;na tabi oldu\u011fu bir yar\u0131-\u00f6zerk Ermeni beyli\u011fiydi.<\/p>\n<p style=\"text-align: justify\">B\u00f6lge, daha sonralar\u0131 Osmanl\u0131 \u0130mparatorlu\u011fu&#8217;nun s\u0131radan bir idari b\u00f6lgesine d\u00f6n\u00fc\u015fm\u00fc\u015ft\u00fcr. K\u00fcrt ve T\u00fcrk sald\u0131r\u0131lar\u0131ndan y\u0131lan \u00e7ok say\u0131da Ermeni, farkl\u0131 b\u00f6lgelere iltica etmeye mecbur olmu\u015f ve onlar taraf\u0131ndan terkedilen yerle\u015fim yerlerine zamanla yeni gelen K\u00fcrtler ik\u00e2met etmi\u015ftir.<\/p>\n<p style=\"text-align: justify\">B\u00f6lge Ermenileri 1896 haziran\u0131nda meydana gelen Van Katliam\u0131 esnas\u0131nda b\u00fcy\u00fck kay\u0131plar vermi\u015ftir. Vaspurakan B\u00f6lgesi dini \u00f6nderinin temsilcisi A.Margaryan&#8217;\u0131n verilerine g\u00f6re \u015eatakh B\u00f6lgesi&#8217;ndeki 18 k\u00f6yde 270 ki\u015fi \u00f6ld\u00fcr\u00fclm\u00fc\u015ft\u00fcr. T\u00fcm bunlara ra\u011fmen XX. y\u00fczy\u0131l ba\u015f\u0131nda \u015eatakh, Van Vilayeti&#8217;nde Ermenilerin \u00e7o\u011funlukta oldu\u011fu b\u00f6lgelerden biriydi. \u015eatakh&#8217;\u0131n g\u00fcneydo\u011fu ve k\u0131smen de kuzey k\u0131s\u0131mlar\u0131ndaki \u00e7ok say\u0131da k\u00f6y tamamen Ermenilerden bo\u015falt\u0131lm\u0131\u015f olmas\u0131na ra\u011fmen b\u00fcy\u00fck bir k\u0131sm\u0131n\u0131n eski isimleri (Arkanis, Glesor, Gotis, Ta\u011fvers, T\u0131lolants, Dsarnots, Korants, Kortak, Hatsis, Horis, \u00c7i\u00e7ants, \u00c7\u0131\u00e7kants, Mardants, Norovats, \u015eaments, \u015e\u0131kevants, Calkants, Surb\/Aziz Gevorg veya Simgorik, Veri\u015fen vs.) korunmakta ve kilise ile mezarl\u0131\u011f\u0131n kal\u0131nt\u0131lar\u0131 bulunmaktayd\u0131.<\/p>\n<p style=\"text-align: justify\">Van&#8217;daki Rus konsolos yard\u0131mc\u0131s\u0131 V.Manski&#8217;nin verilerine g\u00f6re 1889 y\u0131l\u0131nda \u015eatakh ahalisinin %59&#8217;u Ermenilerden olu\u015fmaktayd\u0131. Aghtamar dini \u00f6nderli\u011finin 1914 y\u0131l\u0131 istatistiklerine g\u00f6re ise \u015eatakh&#8217;\u0131n 12 418 ki\u015filik n\u00fcfusunun 6560&#8217;\u0131 (%52,8&#8217;i) Ermeniydi. Bu insanlar genelde hayvanc\u0131l\u0131k, tar\u0131m (Pesan Ovas\u0131&#8217;nda), ar\u0131c\u0131l\u0131k ve \u015falc\u0131l\u0131kla (\u00f6zellikle Ta\u011f kasabas\u0131nda) u\u011fra\u015fmaktayd\u0131.<\/p>\n<p style=\"text-align: justify\">XX. y\u00fczy\u0131l ba\u015f\u0131nda Ta\u011f&#8217;\u0131n (K\u00fcrek ve G\u00fclalakyan da\u011flar\u0131 aras\u0131nda bulunan vadide, Tigris\/Dicle k\u0131y\u0131s\u0131nda). 200-250 ev Ermeni n\u00fcfusu Yukar\u0131, A\u015fa\u011f\u0131 ve Cra\u011fatsi (Su de\u011firmeni) olak \u00fczere, 3 mahallede ya\u015famaktayd\u0131. 2 kiliseye (Surb Astvadsadsin ve Surb Stepanos), erkek ve k\u0131zlar i\u00e7in iki ayr\u0131 okula, k\u00fct\u00fcphaneye, \u201cTigris\u201d ve \u201cAnkakh (ba\u011f\u0131ms\u0131z) Tigris\u201d gazetelerine sahipti.<\/p>\n<p style=\"text-align: justify\">1896 ve \u00f6zellikle 1915&#8217;te, \u015eatakh Ermenileri, d\u00fczenli savunma sayesinde (1915 \u015eatakh kahramanl\u0131k muharebesi) katliamlardan b\u00fcy\u00fck oranda kurtulabilmi\u015flerdir. 11 May\u0131s 1915&#8217;te Dro (Drastamat Kanayan) y\u00f6netimindeki g\u00f6n\u00fcll\u00fc birlikleri Ta\u011f&#8217;a girdiler. Temmuz ay\u0131ndaki Rus ordular\u0131n\u0131n beklenmedik ricat\u0131 sebebiyle \u015eatakh Ermenileri de mecburen Do\u011fu Ermenistan&#8217;a g\u00f6\u00e7 etmi\u015flerdir.<\/p>\n<p style=\"text-align: justify\">\u015eatakh b\u00f6lgesinde buluan bir dizi orta\u00e7a\u011f Ermeni kilisesi ve mimari an\u0131t 1960&#8217;l\u0131 y\u0131llarda h\u00e2la ayaktayd\u0131. Ta\u011f kasabas\u0131n\u0131n Surb Hovhannes M\u0131k\u0131rdi\u00e7 Kilisesi (XVII y\u00fczy\u0131la ait olan bu kilise 1880-82 \u00a0y\u0131llar\u0131nda Aghtamar Katolikosu III. Kha\u00e7atur taraf\u0131ndan temelden yeniden in\u015fa edilmi\u015ftir) b\u00fcy\u00fck (14&#215;20 m.), \u00fc\u00e7l\u00fc bazilik formunda in\u015fa edilmi\u015f, iki \u00e7ift ha\u00e7 \u015feklide girintili, do\u011fu k\u0131sm\u0131ndan ana b\u00f6l\u00fcme do\u011fru a\u00e7\u0131lan \u00fc\u00e7 apsitli bir yap\u0131d\u0131r. Dokuz k\u0131s\u0131ml\u0131 \u00e7at\u0131 oval formda, yelpaze ge\u00e7meli al\u00e7ak k\u00fclahlarla \u00f6rt\u00fcl\u00fcd\u00fcr.<\/p>\n<p style=\"text-align: justify\">Nehrin sol k\u0131y\u0131s\u0131nda\u00a0 Surb Stepanos Kilisesi (XVII. y\u00fczy\u0131l) bulunmaktad\u0131r. Bu kilise, iki yan\u0131nda gayet dar ve uzun odac\u0131klar\u0131 bulunan iki tarafl\u0131 \u00e7at\u0131l\u0131 bir binad\u0131r (6&#215;13 m).<\/p>\n<p style=\"text-align: justify\">Ta\u011f kasabas\u0131n\u0131n 1 km. kuzeyinde, iyi korunmu\u015f durumda Surb Astvadsadsin Kilisesi ayaktad\u0131r. Bu kilise, bir \u00e7ift girintisi ve yan duvarlar\u0131ndaki derinlikleriyle iki tarafl\u0131 \u00e7at\u0131l\u0131 bir yap\u0131d\u0131r. Apsit k\u0131sm\u0131, Ermeni mimarisinde son derece ender g\u00f6r\u00fclen d\u00f6rt oturumlu \u015fekilde in\u015fa edilmi\u015ftir.<\/p>\n<p style=\"text-align: justify\">Surb Astvadsadsin&#8217;in yak\u0131n\u0131nda iki tarafl\u0131 \u00e7at\u0131l\u0131 yap\u0131 tipinde, suna\u011f\u0131 yar\u0131-oval apsitli Surb Yerrordutyun Kilisesi bulunmaktad\u0131r. Bu yap\u0131, ayn\u0131 tipte erken orta\u00e7a\u011f kilisesi temelleri \u00fczerinde yap\u0131lm\u0131\u015ft\u0131r. Do\u011fu y\u00f6nde eski kilisenin belirgin nal \u015feklindeki suna\u011f\u0131 korunmu\u015ftur.<\/p>\n<p style=\"text-align: justify\">Ta\u011f&#8217;\u0131n g\u00fcneyinde, g\u00fcn\u00fcm\u00fczde Ka\u015fik olarak an\u0131lan\u00a0 k\u00f6yde iki kilise vard\u0131r. Biri bazilik ve iki tarafl\u0131 \u00e7at\u0131l\u0131, k\u00f6y d\u0131\u015f\u0131ndaki ise kubbeli (gayet iyi \u015fekilde korunmu\u015f) bir yap\u0131d\u0131r.<\/p>\n<p style=\"text-align: justify\">Ta\u011f&#8217;\u0131n g\u00fcneydo\u011fusunda, \u015eatakh Nehri kayna\u011f\u0131 k\u0131y\u0131s\u0131da Surb Astvadsadsin (XIV. y\u00fczy\u0131l) Kilisesi ayaktad\u0131r. Bu yap\u0131 kubbeli bazilik \u015feklinde olup iki \u00e7ift kubbeli, g\u00fc\u00e7l\u00fc girintili, do\u011fu taraf\u0131ndaki suna\u011f\u0131 dikd\u00f6rtgen apsitlidir. Kubbealt\u0131 karesinin kubbeye ge\u00e7i\u015fi yelpazeler sayesinde ger\u00e7ekle\u015ftirilmi\u015ftir. K\u00fclah-kubbe i\u00e7 taraftan silindirik, d\u0131\u015fardan ise sekizgendir.<\/p>\n<p style=\"text-align: justify\">Sevtikin K\u00f6y\u00fc&#8217;nde Surb Tikin Kilisesi (X. y\u00fczy\u0131l) ayaktad\u0131r. Bu kilise d\u00f6rt sunakl\u0131, merkez kubbeli olup kabaca i\u015flenmi\u015f bazalt ta\u015flar\u0131yla in\u015fa edilmi\u015ftir. Kuzeydo\u011fu k\u00f6\u015fesinde apsitli bir odac\u0131\u011f\u0131, g\u00fcneydo\u011fu k\u00f6\u015fesinde ise dikd\u00f6rtgen bir odas\u0131 bulunmaktad\u0131r. Kilisenin tek giri\u015fi bat\u0131 y\u00f6n\u00fcndedir. K\u00fclah \u015feklindeki kubbenin alt\u0131ndaki d\u00f6rtgenin i\u00e7ten silindirik, d\u0131\u015ftam ise sekizgen kubbeye ge\u00e7i\u015fi yelpazelerle ger\u00e7ekle\u015fmektedir.<\/p>\n<p style=\"text-align: justify\"><strong>K\u00fc\u00e7\u00fck Ermeni Ansiklopedisi, 4. Cilt, Yerevan, 2003.<\/strong><\/p>\n","protected":false},"excerpt":{"rendered":"<p>\u015eatakh: Bat\u0131 Ermenistan&#8217;\u0131n Van Vilayeti&#8217;nde, Van G\u00f6l\u00fc&#8217;n\u00fcn g\u00fcneyinde bulunan kaza. Do\u011fu Dicle ve bu nehrin bir kolu olan Sevtikin (Sivtikin) Vadileri&#8217;ni i\u00e7ine almaktad\u0131r. B\u00fcy\u00fck Hayk&#8217;\u0131n Mok Eyaleti&#8217;nin Arkayits, Cermadzor, \u0130\u015fayr ve k\u0131smen de Vaspurakan Eyaleti&#8217;nin Bujunik ve Andzevatsik b\u00f6lgelerine denk d\u00fc\u015fmektedir. Merkezi, Ta\u011f (\u015eatakhta\u011f) Kasabas\u0131&#8217;d\u0131r. XIX. y\u00fczy\u0131l ortas\u0131na kadar \u015eatakh, y\u00f6neticilerinin zaman-zaman Hakk\u00e2ri K\u00fcrt Hanl\u0131\u011f\u0131&#8217;na [&hellip;]<\/p>\n","protected":false},"author":3,"featured_media":0,"comment_status":"open","ping_status":"open","sticky":false,"template":"","format":"standard","meta":{"footnotes":""},"categories":[47],"tags":[],"class_list":["post-6509","post","type-post","status-publish","format-standard","hentry","category-bati-ermenistanin-ilceleri"],"yoast_head":"<!-- This site is optimized with the Yoast SEO plugin v27.4 - https:\/\/yoast.com\/product\/yoast-seo-wordpress\/ -->\n<title>\u015eatakh - Bati Ermenistan Ve Bati Ermenileri Sorunlari Ara\u015ftirmalar Merkezi<\/title>\n<meta name=\"robots\" content=\"index, follow, max-snippet:-1, max-image-preview:large, max-video-preview:-1\" \/>\n<link rel=\"canonical\" href=\"https:\/\/akunq.net\/turkish\/2011\/06\/28\/satakh\/\" \/>\n<meta property=\"og:locale\" content=\"en_US\" \/>\n<meta property=\"og:type\" content=\"article\" \/>\n<meta property=\"og:title\" content=\"\u015eatakh - Bati Ermenistan Ve Bati Ermenileri Sorunlari Ara\u015ftirmalar Merkezi\" \/>\n<meta property=\"og:description\" content=\"\u015eatakh: Bat\u0131 Ermenistan&#8217;\u0131n Van Vilayeti&#8217;nde, Van G\u00f6l\u00fc&#8217;n\u00fcn g\u00fcneyinde bulunan kaza. Do\u011fu Dicle ve bu nehrin bir kolu olan Sevtikin (Sivtikin) Vadileri&#8217;ni i\u00e7ine almaktad\u0131r. B\u00fcy\u00fck Hayk&#8217;\u0131n Mok Eyaleti&#8217;nin Arkayits, Cermadzor, \u0130\u015fayr ve k\u0131smen de Vaspurakan Eyaleti&#8217;nin Bujunik ve Andzevatsik b\u00f6lgelerine denk d\u00fc\u015fmektedir. Merkezi, Ta\u011f (\u015eatakhta\u011f) Kasabas\u0131&#8217;d\u0131r. XIX. y\u00fczy\u0131l ortas\u0131na kadar \u015eatakh, y\u00f6neticilerinin zaman-zaman Hakk\u00e2ri K\u00fcrt Hanl\u0131\u011f\u0131&#8217;na [&hellip;]\" \/>\n<meta property=\"og:url\" content=\"https:\/\/akunq.net\/turkish\/2011\/06\/28\/satakh\/\" \/>\n<meta property=\"og:site_name\" content=\"Bati Ermenistan Ve Bati Ermenileri Sorunlari Ara\u015ftirmalar Merkezi\" \/>\n<meta property=\"article:published_time\" content=\"2011-06-28T07:40:25+00:00\" \/>\n<meta name=\"author\" content=\"kalem\" \/>\n<meta name=\"twitter:card\" content=\"summary_large_image\" \/>\n<meta name=\"twitter:label1\" content=\"Written by\" \/>\n\t<meta name=\"twitter:data1\" content=\"kalem\" \/>\n\t<meta name=\"twitter:label2\" content=\"Est. reading time\" \/>\n\t<meta name=\"twitter:data2\" content=\"5 minutes\" \/>\n<script type=\"application\/ld+json\" class=\"yoast-schema-graph\">{\"@context\":\"https:\\\/\\\/schema.org\",\"@graph\":[{\"@type\":\"Article\",\"@id\":\"https:\\\/\\\/akunq.net\\\/turkish\\\/2011\\\/06\\\/28\\\/satakh\\\/#article\",\"isPartOf\":{\"@id\":\"https:\\\/\\\/akunq.net\\\/turkish\\\/2011\\\/06\\\/28\\\/satakh\\\/\"},\"author\":{\"name\":\"kalem\",\"@id\":\"https:\\\/\\\/akunq.net\\\/turkish\\\/#\\\/schema\\\/person\\\/135e7923d1aeb8887890799619969a6c\"},\"headline\":\"\u015eatakh\",\"datePublished\":\"2011-06-28T07:40:25+00:00\",\"mainEntityOfPage\":{\"@id\":\"https:\\\/\\\/akunq.net\\\/turkish\\\/2011\\\/06\\\/28\\\/satakh\\\/\"},\"wordCount\":910,\"commentCount\":1,\"articleSection\":[\"Bat\u0131 Ermenistan\u2019\u0131n \u0130l\u00e7eleri\"],\"inLanguage\":\"en-US\",\"potentialAction\":[{\"@type\":\"CommentAction\",\"name\":\"Comment\",\"target\":[\"https:\\\/\\\/akunq.net\\\/turkish\\\/2011\\\/06\\\/28\\\/satakh\\\/#respond\"]}]},{\"@type\":\"WebPage\",\"@id\":\"https:\\\/\\\/akunq.net\\\/turkish\\\/2011\\\/06\\\/28\\\/satakh\\\/\",\"url\":\"https:\\\/\\\/akunq.net\\\/turkish\\\/2011\\\/06\\\/28\\\/satakh\\\/\",\"name\":\"\u015eatakh - Bati Ermenistan Ve Bati Ermenileri Sorunlari Ara\u015ftirmalar Merkezi\",\"isPartOf\":{\"@id\":\"https:\\\/\\\/akunq.net\\\/turkish\\\/#website\"},\"datePublished\":\"2011-06-28T07:40:25+00:00\",\"author\":{\"@id\":\"https:\\\/\\\/akunq.net\\\/turkish\\\/#\\\/schema\\\/person\\\/135e7923d1aeb8887890799619969a6c\"},\"breadcrumb\":{\"@id\":\"https:\\\/\\\/akunq.net\\\/turkish\\\/2011\\\/06\\\/28\\\/satakh\\\/#breadcrumb\"},\"inLanguage\":\"en-US\",\"potentialAction\":[{\"@type\":\"ReadAction\",\"target\":[\"https:\\\/\\\/akunq.net\\\/turkish\\\/2011\\\/06\\\/28\\\/satakh\\\/\"]}]},{\"@type\":\"BreadcrumbList\",\"@id\":\"https:\\\/\\\/akunq.net\\\/turkish\\\/2011\\\/06\\\/28\\\/satakh\\\/#breadcrumb\",\"itemListElement\":[{\"@type\":\"ListItem\",\"position\":1,\"name\":\"Home\",\"item\":\"https:\\\/\\\/akunq.net\\\/turkish\\\/\"},{\"@type\":\"ListItem\",\"position\":2,\"name\":\"\u015eatakh\"}]},{\"@type\":\"WebSite\",\"@id\":\"https:\\\/\\\/akunq.net\\\/turkish\\\/#website\",\"url\":\"https:\\\/\\\/akunq.net\\\/turkish\\\/\",\"name\":\"Bati Ermenistan Ve Bati Ermenileri Sorunlari Ara\u015ftirmalar Merkezi\",\"description\":\"\",\"potentialAction\":[{\"@type\":\"SearchAction\",\"target\":{\"@type\":\"EntryPoint\",\"urlTemplate\":\"https:\\\/\\\/akunq.net\\\/turkish\\\/?s={search_term_string}\"},\"query-input\":{\"@type\":\"PropertyValueSpecification\",\"valueRequired\":true,\"valueName\":\"search_term_string\"}}],\"inLanguage\":\"en-US\"},{\"@type\":\"Person\",\"@id\":\"https:\\\/\\\/akunq.net\\\/turkish\\\/#\\\/schema\\\/person\\\/135e7923d1aeb8887890799619969a6c\",\"name\":\"kalem\",\"image\":{\"@type\":\"ImageObject\",\"inLanguage\":\"en-US\",\"@id\":\"https:\\\/\\\/secure.gravatar.com\\\/avatar\\\/a06875e4b25feb5674296adf8e8a7ae1e587cebce2493fe63c456109967e27d3?s=96&d=mm&r=g\",\"url\":\"https:\\\/\\\/secure.gravatar.com\\\/avatar\\\/a06875e4b25feb5674296adf8e8a7ae1e587cebce2493fe63c456109967e27d3?s=96&d=mm&r=g\",\"contentUrl\":\"https:\\\/\\\/secure.gravatar.com\\\/avatar\\\/a06875e4b25feb5674296adf8e8a7ae1e587cebce2493fe63c456109967e27d3?s=96&d=mm&r=g\",\"caption\":\"kalem\"},\"url\":\"https:\\\/\\\/akunq.net\\\/turkish\\\/author\\\/kalem\\\/\"}]}<\/script>\n<!-- \/ Yoast SEO plugin. -->","yoast_head_json":{"title":"\u015eatakh - Bati Ermenistan Ve Bati Ermenileri Sorunlari Ara\u015ftirmalar Merkezi","robots":{"index":"index","follow":"follow","max-snippet":"max-snippet:-1","max-image-preview":"max-image-preview:large","max-video-preview":"max-video-preview:-1"},"canonical":"https:\/\/akunq.net\/turkish\/2011\/06\/28\/satakh\/","og_locale":"en_US","og_type":"article","og_title":"\u015eatakh - Bati Ermenistan Ve Bati Ermenileri Sorunlari Ara\u015ftirmalar Merkezi","og_description":"\u015eatakh: Bat\u0131 Ermenistan&#8217;\u0131n Van Vilayeti&#8217;nde, Van G\u00f6l\u00fc&#8217;n\u00fcn g\u00fcneyinde bulunan kaza. Do\u011fu Dicle ve bu nehrin bir kolu olan Sevtikin (Sivtikin) Vadileri&#8217;ni i\u00e7ine almaktad\u0131r. B\u00fcy\u00fck Hayk&#8217;\u0131n Mok Eyaleti&#8217;nin Arkayits, Cermadzor, \u0130\u015fayr ve k\u0131smen de Vaspurakan Eyaleti&#8217;nin Bujunik ve Andzevatsik b\u00f6lgelerine denk d\u00fc\u015fmektedir. Merkezi, Ta\u011f (\u015eatakhta\u011f) Kasabas\u0131&#8217;d\u0131r. XIX. y\u00fczy\u0131l ortas\u0131na kadar \u015eatakh, y\u00f6neticilerinin zaman-zaman Hakk\u00e2ri K\u00fcrt Hanl\u0131\u011f\u0131&#8217;na [&hellip;]","og_url":"https:\/\/akunq.net\/turkish\/2011\/06\/28\/satakh\/","og_site_name":"Bati Ermenistan Ve Bati Ermenileri Sorunlari Ara\u015ftirmalar Merkezi","article_published_time":"2011-06-28T07:40:25+00:00","author":"kalem","twitter_card":"summary_large_image","twitter_misc":{"Written by":"kalem","Est. reading time":"5 minutes"},"schema":{"@context":"https:\/\/schema.org","@graph":[{"@type":"Article","@id":"https:\/\/akunq.net\/turkish\/2011\/06\/28\/satakh\/#article","isPartOf":{"@id":"https:\/\/akunq.net\/turkish\/2011\/06\/28\/satakh\/"},"author":{"name":"kalem","@id":"https:\/\/akunq.net\/turkish\/#\/schema\/person\/135e7923d1aeb8887890799619969a6c"},"headline":"\u015eatakh","datePublished":"2011-06-28T07:40:25+00:00","mainEntityOfPage":{"@id":"https:\/\/akunq.net\/turkish\/2011\/06\/28\/satakh\/"},"wordCount":910,"commentCount":1,"articleSection":["Bat\u0131 Ermenistan\u2019\u0131n \u0130l\u00e7eleri"],"inLanguage":"en-US","potentialAction":[{"@type":"CommentAction","name":"Comment","target":["https:\/\/akunq.net\/turkish\/2011\/06\/28\/satakh\/#respond"]}]},{"@type":"WebPage","@id":"https:\/\/akunq.net\/turkish\/2011\/06\/28\/satakh\/","url":"https:\/\/akunq.net\/turkish\/2011\/06\/28\/satakh\/","name":"\u015eatakh - Bati Ermenistan Ve Bati Ermenileri Sorunlari Ara\u015ftirmalar Merkezi","isPartOf":{"@id":"https:\/\/akunq.net\/turkish\/#website"},"datePublished":"2011-06-28T07:40:25+00:00","author":{"@id":"https:\/\/akunq.net\/turkish\/#\/schema\/person\/135e7923d1aeb8887890799619969a6c"},"breadcrumb":{"@id":"https:\/\/akunq.net\/turkish\/2011\/06\/28\/satakh\/#breadcrumb"},"inLanguage":"en-US","potentialAction":[{"@type":"ReadAction","target":["https:\/\/akunq.net\/turkish\/2011\/06\/28\/satakh\/"]}]},{"@type":"BreadcrumbList","@id":"https:\/\/akunq.net\/turkish\/2011\/06\/28\/satakh\/#breadcrumb","itemListElement":[{"@type":"ListItem","position":1,"name":"Home","item":"https:\/\/akunq.net\/turkish\/"},{"@type":"ListItem","position":2,"name":"\u015eatakh"}]},{"@type":"WebSite","@id":"https:\/\/akunq.net\/turkish\/#website","url":"https:\/\/akunq.net\/turkish\/","name":"Bati Ermenistan Ve Bati Ermenileri Sorunlari Ara\u015ftirmalar Merkezi","description":"","potentialAction":[{"@type":"SearchAction","target":{"@type":"EntryPoint","urlTemplate":"https:\/\/akunq.net\/turkish\/?s={search_term_string}"},"query-input":{"@type":"PropertyValueSpecification","valueRequired":true,"valueName":"search_term_string"}}],"inLanguage":"en-US"},{"@type":"Person","@id":"https:\/\/akunq.net\/turkish\/#\/schema\/person\/135e7923d1aeb8887890799619969a6c","name":"kalem","image":{"@type":"ImageObject","inLanguage":"en-US","@id":"https:\/\/secure.gravatar.com\/avatar\/a06875e4b25feb5674296adf8e8a7ae1e587cebce2493fe63c456109967e27d3?s=96&d=mm&r=g","url":"https:\/\/secure.gravatar.com\/avatar\/a06875e4b25feb5674296adf8e8a7ae1e587cebce2493fe63c456109967e27d3?s=96&d=mm&r=g","contentUrl":"https:\/\/secure.gravatar.com\/avatar\/a06875e4b25feb5674296adf8e8a7ae1e587cebce2493fe63c456109967e27d3?s=96&d=mm&r=g","caption":"kalem"},"url":"https:\/\/akunq.net\/turkish\/author\/kalem\/"}]}},"_links":{"self":[{"href":"https:\/\/akunq.net\/turkish\/wp-json\/wp\/v2\/posts\/6509","targetHints":{"allow":["GET"]}}],"collection":[{"href":"https:\/\/akunq.net\/turkish\/wp-json\/wp\/v2\/posts"}],"about":[{"href":"https:\/\/akunq.net\/turkish\/wp-json\/wp\/v2\/types\/post"}],"author":[{"embeddable":true,"href":"https:\/\/akunq.net\/turkish\/wp-json\/wp\/v2\/users\/3"}],"replies":[{"embeddable":true,"href":"https:\/\/akunq.net\/turkish\/wp-json\/wp\/v2\/comments?post=6509"}],"version-history":[{"count":0,"href":"https:\/\/akunq.net\/turkish\/wp-json\/wp\/v2\/posts\/6509\/revisions"}],"wp:attachment":[{"href":"https:\/\/akunq.net\/turkish\/wp-json\/wp\/v2\/media?parent=6509"}],"wp:term":[{"taxonomy":"category","embeddable":true,"href":"https:\/\/akunq.net\/turkish\/wp-json\/wp\/v2\/categories?post=6509"},{"taxonomy":"post_tag","embeddable":true,"href":"https:\/\/akunq.net\/turkish\/wp-json\/wp\/v2\/tags?post=6509"}],"curies":[{"name":"wp","href":"https:\/\/api.w.org\/{rel}","templated":true}]}}