{"id":6500,"date":"2011-06-27T06:46:06","date_gmt":"2011-06-27T11:46:06","guid":{"rendered":"http:\/\/akunq.net\/tr\/?p=6500"},"modified":"2011-06-27T06:46:06","modified_gmt":"2011-06-27T11:46:06","slug":"timar","status":"publish","type":"post","link":"https:\/\/akunq.net\/turkish\/2011\/06\/27\/timar\/","title":{"rendered":"Timar"},"content":{"rendered":"<p style=\"text-align: justify\"><strong>Timar: <\/strong>Bat\u0131 Ermenistan\u2019\u0131n Van Eyaleti\u2019nde, Marmet Nehri\u2019nin (Karasu) a\u015fa\u011f\u0131 k\u0131sm\u0131nda bulunan b\u00f6lge. Kuzey ve kuzeydo\u011fuda Berkri, do\u011fuda Ar\u00e7ak, g\u00fcneyde Van-Tosp b\u00f6lgeleriyle s\u0131n\u0131rda\u015ft\u0131. Van G\u00f6l\u00fc\u2019n\u00fcn Lim ve K\u0131tuts adalar\u0131, Timar\u2019\u0131n idari b\u00f6lgesi d\u00e2hilindeydi. B\u00f6lge genelde oval\u0131k olup, baz\u0131 k\u0131s\u0131mlar\u0131 da\u011fl\u0131kt\u0131r. Bat\u0131da, g\u00f6l\u00fcn k\u0131y\u0131 kesimi boyunca me\u015fe ormanlar\u0131yla kapl\u0131 Surb Sahak (Aziz Sahak, Kha\u00e7g\u0131lukh veya Ererin, 2250m) zirvesiyle Ererin s\u0131rada\u011flar\u0131, kuzeyde ise Khanagah da\u011flar\u0131 uzanmaktad\u0131r. Eskiden Timar\u2019\u0131n esas k\u0131sm\u0131n\u0131 Bogunik ve Am\u00fck Kalesi \u00e7evresindeki Arberani olu\u015fturmaktayd\u0131. Daha sonralar\u0131 Timar, G\u0131nunik veya Am\u00fck \u00fclkesi olarak an\u0131lm\u0131\u015f,<\/p>\n<p style=\"text-align: justify\">XVI. y\u00fczy\u0131lda Osmanl\u0131 taraf\u0131ndan ilhak edildikten sonra ise G\u0131nunik ve Am\u00fck, Van pa\u015fas\u0131n\u0131n t\u0131mar\u0131 (arazisi) olmu\u015f, b\u00f6ylece de b\u00f6lgenin Timar ismi ortaya \u00e7\u0131km\u0131\u015ft\u0131r.<\/p>\n<p style=\"text-align: justify\">XIX. y\u00fczy\u0131l sonu-XX. y\u00fczy\u0131l ba\u015f\u0131nda Van b\u00f6lgesinin ayn\u0131 isimle an\u0131lan kazas\u0131n\u0131n k\u00f6y toplulu\u011funu (60\u2019\u0131n \u00fczerinde yerle\u015fim yeriyle) olu\u015fturmaktayd\u0131. T\u00fcm zamanlarda yo\u011fun Ermeni n\u00fcfusuna sahip olmu\u015ftur. Birinci D\u00fcnya Sava\u015f\u0131 arifesinde Timar\u2019\u0131n 20\u201325 bin Ermeni\u2019si (genel n\u00fcfusun yakla\u015f\u0131k %70\u2019i) genelde tar\u0131m (kaliteli tah\u0131l \u00fcretimi ve ba\u011fc\u0131l\u0131k) ve zanaatlar (Cira\u015fen\u2019in ve Marmet\u2019in \u00e7\u00f6mlek\u00e7ileri), baz\u0131 k\u00f6ylerde ise bal\u0131k\u00e7\u0131l\u0131kla u\u011fra\u015fmaktayd\u0131.<\/p>\n<p style=\"text-align: justify\">1915 soyk\u0131r\u0131m\u0131nda Timarl\u0131 Ermenilerin b\u00fcy\u00fck bir k\u0131sm\u0131 kahramanca kar\u015f\u0131 koyarak T\u00fcrklerin katliamlar\u0131ndan kurtulup Do\u011fu Ermenistan\u2019a g\u00f6\u00e7m\u00fc\u015flerdir.<\/p>\n<p style=\"text-align: justify\"><strong>K\u00fc\u00e7\u00fck Ermeni Ansiklopedisi, 2. Cilt, Yerevan, 1995.<\/strong><\/p>\n","protected":false},"excerpt":{"rendered":"<p>Timar: Bat\u0131 Ermenistan\u2019\u0131n Van Eyaleti\u2019nde, Marmet Nehri\u2019nin (Karasu) a\u015fa\u011f\u0131 k\u0131sm\u0131nda bulunan b\u00f6lge. Kuzey ve kuzeydo\u011fuda Berkri, do\u011fuda Ar\u00e7ak, g\u00fcneyde Van-Tosp b\u00f6lgeleriyle s\u0131n\u0131rda\u015ft\u0131. Van G\u00f6l\u00fc\u2019n\u00fcn Lim ve K\u0131tuts adalar\u0131, Timar\u2019\u0131n idari b\u00f6lgesi d\u00e2hilindeydi. B\u00f6lge genelde oval\u0131k olup, baz\u0131 k\u0131s\u0131mlar\u0131 da\u011fl\u0131kt\u0131r. Bat\u0131da, g\u00f6l\u00fcn k\u0131y\u0131 kesimi boyunca me\u015fe ormanlar\u0131yla kapl\u0131 Surb Sahak (Aziz Sahak, Kha\u00e7g\u0131lukh veya Ererin, 2250m) [&hellip;]<\/p>\n","protected":false},"author":3,"featured_media":0,"comment_status":"open","ping_status":"open","sticky":false,"template":"","format":"standard","meta":{"footnotes":""},"categories":[47],"tags":[],"class_list":["post-6500","post","type-post","status-publish","format-standard","hentry","category-bati-ermenistanin-ilceleri"],"yoast_head":"<!-- This site is optimized with the Yoast SEO plugin v27.4 - https:\/\/yoast.com\/product\/yoast-seo-wordpress\/ -->\n<title>Timar - Bati Ermenistan Ve Bati Ermenileri Sorunlari Ara\u015ftirmalar Merkezi<\/title>\n<meta name=\"robots\" content=\"index, follow, max-snippet:-1, max-image-preview:large, max-video-preview:-1\" \/>\n<link rel=\"canonical\" href=\"https:\/\/akunq.net\/turkish\/2011\/06\/27\/timar\/\" \/>\n<meta property=\"og:locale\" content=\"en_US\" \/>\n<meta property=\"og:type\" content=\"article\" \/>\n<meta property=\"og:title\" content=\"Timar - Bati Ermenistan Ve Bati Ermenileri Sorunlari Ara\u015ftirmalar Merkezi\" \/>\n<meta property=\"og:description\" content=\"Timar: Bat\u0131 Ermenistan\u2019\u0131n Van Eyaleti\u2019nde, Marmet Nehri\u2019nin (Karasu) a\u015fa\u011f\u0131 k\u0131sm\u0131nda bulunan b\u00f6lge. Kuzey ve kuzeydo\u011fuda Berkri, do\u011fuda Ar\u00e7ak, g\u00fcneyde Van-Tosp b\u00f6lgeleriyle s\u0131n\u0131rda\u015ft\u0131. Van G\u00f6l\u00fc\u2019n\u00fcn Lim ve K\u0131tuts adalar\u0131, Timar\u2019\u0131n idari b\u00f6lgesi d\u00e2hilindeydi. B\u00f6lge genelde oval\u0131k olup, baz\u0131 k\u0131s\u0131mlar\u0131 da\u011fl\u0131kt\u0131r. Bat\u0131da, g\u00f6l\u00fcn k\u0131y\u0131 kesimi boyunca me\u015fe ormanlar\u0131yla kapl\u0131 Surb Sahak (Aziz Sahak, Kha\u00e7g\u0131lukh veya Ererin, 2250m) [&hellip;]\" \/>\n<meta property=\"og:url\" content=\"https:\/\/akunq.net\/turkish\/2011\/06\/27\/timar\/\" \/>\n<meta property=\"og:site_name\" content=\"Bati Ermenistan Ve Bati Ermenileri Sorunlari Ara\u015ftirmalar Merkezi\" \/>\n<meta property=\"article:published_time\" content=\"2011-06-27T11:46:06+00:00\" \/>\n<meta name=\"author\" content=\"kalem\" \/>\n<meta name=\"twitter:card\" content=\"summary_large_image\" \/>\n<meta name=\"twitter:label1\" content=\"Written by\" \/>\n\t<meta name=\"twitter:data1\" content=\"kalem\" \/>\n\t<meta name=\"twitter:label2\" content=\"Est. reading time\" \/>\n\t<meta name=\"twitter:data2\" content=\"1 minute\" \/>\n<script type=\"application\/ld+json\" class=\"yoast-schema-graph\">{\"@context\":\"https:\\\/\\\/schema.org\",\"@graph\":[{\"@type\":\"Article\",\"@id\":\"https:\\\/\\\/akunq.net\\\/turkish\\\/2011\\\/06\\\/27\\\/timar\\\/#article\",\"isPartOf\":{\"@id\":\"https:\\\/\\\/akunq.net\\\/turkish\\\/2011\\\/06\\\/27\\\/timar\\\/\"},\"author\":{\"name\":\"kalem\",\"@id\":\"https:\\\/\\\/akunq.net\\\/turkish\\\/#\\\/schema\\\/person\\\/135e7923d1aeb8887890799619969a6c\"},\"headline\":\"Timar\",\"datePublished\":\"2011-06-27T11:46:06+00:00\",\"mainEntityOfPage\":{\"@id\":\"https:\\\/\\\/akunq.net\\\/turkish\\\/2011\\\/06\\\/27\\\/timar\\\/\"},\"wordCount\":293,\"commentCount\":0,\"articleSection\":[\"Bat\u0131 Ermenistan\u2019\u0131n \u0130l\u00e7eleri\"],\"inLanguage\":\"en-US\",\"potentialAction\":[{\"@type\":\"CommentAction\",\"name\":\"Comment\",\"target\":[\"https:\\\/\\\/akunq.net\\\/turkish\\\/2011\\\/06\\\/27\\\/timar\\\/#respond\"]}]},{\"@type\":\"WebPage\",\"@id\":\"https:\\\/\\\/akunq.net\\\/turkish\\\/2011\\\/06\\\/27\\\/timar\\\/\",\"url\":\"https:\\\/\\\/akunq.net\\\/turkish\\\/2011\\\/06\\\/27\\\/timar\\\/\",\"name\":\"Timar - Bati Ermenistan Ve Bati Ermenileri Sorunlari Ara\u015ftirmalar Merkezi\",\"isPartOf\":{\"@id\":\"https:\\\/\\\/akunq.net\\\/turkish\\\/#website\"},\"datePublished\":\"2011-06-27T11:46:06+00:00\",\"author\":{\"@id\":\"https:\\\/\\\/akunq.net\\\/turkish\\\/#\\\/schema\\\/person\\\/135e7923d1aeb8887890799619969a6c\"},\"breadcrumb\":{\"@id\":\"https:\\\/\\\/akunq.net\\\/turkish\\\/2011\\\/06\\\/27\\\/timar\\\/#breadcrumb\"},\"inLanguage\":\"en-US\",\"potentialAction\":[{\"@type\":\"ReadAction\",\"target\":[\"https:\\\/\\\/akunq.net\\\/turkish\\\/2011\\\/06\\\/27\\\/timar\\\/\"]}]},{\"@type\":\"BreadcrumbList\",\"@id\":\"https:\\\/\\\/akunq.net\\\/turkish\\\/2011\\\/06\\\/27\\\/timar\\\/#breadcrumb\",\"itemListElement\":[{\"@type\":\"ListItem\",\"position\":1,\"name\":\"Home\",\"item\":\"https:\\\/\\\/akunq.net\\\/turkish\\\/\"},{\"@type\":\"ListItem\",\"position\":2,\"name\":\"Timar\"}]},{\"@type\":\"WebSite\",\"@id\":\"https:\\\/\\\/akunq.net\\\/turkish\\\/#website\",\"url\":\"https:\\\/\\\/akunq.net\\\/turkish\\\/\",\"name\":\"Bati Ermenistan Ve Bati Ermenileri Sorunlari Ara\u015ftirmalar Merkezi\",\"description\":\"\",\"potentialAction\":[{\"@type\":\"SearchAction\",\"target\":{\"@type\":\"EntryPoint\",\"urlTemplate\":\"https:\\\/\\\/akunq.net\\\/turkish\\\/?s={search_term_string}\"},\"query-input\":{\"@type\":\"PropertyValueSpecification\",\"valueRequired\":true,\"valueName\":\"search_term_string\"}}],\"inLanguage\":\"en-US\"},{\"@type\":\"Person\",\"@id\":\"https:\\\/\\\/akunq.net\\\/turkish\\\/#\\\/schema\\\/person\\\/135e7923d1aeb8887890799619969a6c\",\"name\":\"kalem\",\"image\":{\"@type\":\"ImageObject\",\"inLanguage\":\"en-US\",\"@id\":\"https:\\\/\\\/secure.gravatar.com\\\/avatar\\\/a06875e4b25feb5674296adf8e8a7ae1e587cebce2493fe63c456109967e27d3?s=96&d=mm&r=g\",\"url\":\"https:\\\/\\\/secure.gravatar.com\\\/avatar\\\/a06875e4b25feb5674296adf8e8a7ae1e587cebce2493fe63c456109967e27d3?s=96&d=mm&r=g\",\"contentUrl\":\"https:\\\/\\\/secure.gravatar.com\\\/avatar\\\/a06875e4b25feb5674296adf8e8a7ae1e587cebce2493fe63c456109967e27d3?s=96&d=mm&r=g\",\"caption\":\"kalem\"},\"url\":\"https:\\\/\\\/akunq.net\\\/turkish\\\/author\\\/kalem\\\/\"}]}<\/script>\n<!-- \/ Yoast SEO plugin. -->","yoast_head_json":{"title":"Timar - Bati Ermenistan Ve Bati Ermenileri Sorunlari Ara\u015ftirmalar Merkezi","robots":{"index":"index","follow":"follow","max-snippet":"max-snippet:-1","max-image-preview":"max-image-preview:large","max-video-preview":"max-video-preview:-1"},"canonical":"https:\/\/akunq.net\/turkish\/2011\/06\/27\/timar\/","og_locale":"en_US","og_type":"article","og_title":"Timar - Bati Ermenistan Ve Bati Ermenileri Sorunlari Ara\u015ftirmalar Merkezi","og_description":"Timar: Bat\u0131 Ermenistan\u2019\u0131n Van Eyaleti\u2019nde, Marmet Nehri\u2019nin (Karasu) a\u015fa\u011f\u0131 k\u0131sm\u0131nda bulunan b\u00f6lge. Kuzey ve kuzeydo\u011fuda Berkri, do\u011fuda Ar\u00e7ak, g\u00fcneyde Van-Tosp b\u00f6lgeleriyle s\u0131n\u0131rda\u015ft\u0131. Van G\u00f6l\u00fc\u2019n\u00fcn Lim ve K\u0131tuts adalar\u0131, Timar\u2019\u0131n idari b\u00f6lgesi d\u00e2hilindeydi. B\u00f6lge genelde oval\u0131k olup, baz\u0131 k\u0131s\u0131mlar\u0131 da\u011fl\u0131kt\u0131r. Bat\u0131da, g\u00f6l\u00fcn k\u0131y\u0131 kesimi boyunca me\u015fe ormanlar\u0131yla kapl\u0131 Surb Sahak (Aziz Sahak, Kha\u00e7g\u0131lukh veya Ererin, 2250m) [&hellip;]","og_url":"https:\/\/akunq.net\/turkish\/2011\/06\/27\/timar\/","og_site_name":"Bati Ermenistan Ve Bati Ermenileri Sorunlari Ara\u015ftirmalar Merkezi","article_published_time":"2011-06-27T11:46:06+00:00","author":"kalem","twitter_card":"summary_large_image","twitter_misc":{"Written by":"kalem","Est. reading time":"1 minute"},"schema":{"@context":"https:\/\/schema.org","@graph":[{"@type":"Article","@id":"https:\/\/akunq.net\/turkish\/2011\/06\/27\/timar\/#article","isPartOf":{"@id":"https:\/\/akunq.net\/turkish\/2011\/06\/27\/timar\/"},"author":{"name":"kalem","@id":"https:\/\/akunq.net\/turkish\/#\/schema\/person\/135e7923d1aeb8887890799619969a6c"},"headline":"Timar","datePublished":"2011-06-27T11:46:06+00:00","mainEntityOfPage":{"@id":"https:\/\/akunq.net\/turkish\/2011\/06\/27\/timar\/"},"wordCount":293,"commentCount":0,"articleSection":["Bat\u0131 Ermenistan\u2019\u0131n \u0130l\u00e7eleri"],"inLanguage":"en-US","potentialAction":[{"@type":"CommentAction","name":"Comment","target":["https:\/\/akunq.net\/turkish\/2011\/06\/27\/timar\/#respond"]}]},{"@type":"WebPage","@id":"https:\/\/akunq.net\/turkish\/2011\/06\/27\/timar\/","url":"https:\/\/akunq.net\/turkish\/2011\/06\/27\/timar\/","name":"Timar - Bati Ermenistan Ve Bati Ermenileri Sorunlari Ara\u015ftirmalar Merkezi","isPartOf":{"@id":"https:\/\/akunq.net\/turkish\/#website"},"datePublished":"2011-06-27T11:46:06+00:00","author":{"@id":"https:\/\/akunq.net\/turkish\/#\/schema\/person\/135e7923d1aeb8887890799619969a6c"},"breadcrumb":{"@id":"https:\/\/akunq.net\/turkish\/2011\/06\/27\/timar\/#breadcrumb"},"inLanguage":"en-US","potentialAction":[{"@type":"ReadAction","target":["https:\/\/akunq.net\/turkish\/2011\/06\/27\/timar\/"]}]},{"@type":"BreadcrumbList","@id":"https:\/\/akunq.net\/turkish\/2011\/06\/27\/timar\/#breadcrumb","itemListElement":[{"@type":"ListItem","position":1,"name":"Home","item":"https:\/\/akunq.net\/turkish\/"},{"@type":"ListItem","position":2,"name":"Timar"}]},{"@type":"WebSite","@id":"https:\/\/akunq.net\/turkish\/#website","url":"https:\/\/akunq.net\/turkish\/","name":"Bati Ermenistan Ve Bati Ermenileri Sorunlari Ara\u015ftirmalar Merkezi","description":"","potentialAction":[{"@type":"SearchAction","target":{"@type":"EntryPoint","urlTemplate":"https:\/\/akunq.net\/turkish\/?s={search_term_string}"},"query-input":{"@type":"PropertyValueSpecification","valueRequired":true,"valueName":"search_term_string"}}],"inLanguage":"en-US"},{"@type":"Person","@id":"https:\/\/akunq.net\/turkish\/#\/schema\/person\/135e7923d1aeb8887890799619969a6c","name":"kalem","image":{"@type":"ImageObject","inLanguage":"en-US","@id":"https:\/\/secure.gravatar.com\/avatar\/a06875e4b25feb5674296adf8e8a7ae1e587cebce2493fe63c456109967e27d3?s=96&d=mm&r=g","url":"https:\/\/secure.gravatar.com\/avatar\/a06875e4b25feb5674296adf8e8a7ae1e587cebce2493fe63c456109967e27d3?s=96&d=mm&r=g","contentUrl":"https:\/\/secure.gravatar.com\/avatar\/a06875e4b25feb5674296adf8e8a7ae1e587cebce2493fe63c456109967e27d3?s=96&d=mm&r=g","caption":"kalem"},"url":"https:\/\/akunq.net\/turkish\/author\/kalem\/"}]}},"_links":{"self":[{"href":"https:\/\/akunq.net\/turkish\/wp-json\/wp\/v2\/posts\/6500","targetHints":{"allow":["GET"]}}],"collection":[{"href":"https:\/\/akunq.net\/turkish\/wp-json\/wp\/v2\/posts"}],"about":[{"href":"https:\/\/akunq.net\/turkish\/wp-json\/wp\/v2\/types\/post"}],"author":[{"embeddable":true,"href":"https:\/\/akunq.net\/turkish\/wp-json\/wp\/v2\/users\/3"}],"replies":[{"embeddable":true,"href":"https:\/\/akunq.net\/turkish\/wp-json\/wp\/v2\/comments?post=6500"}],"version-history":[{"count":0,"href":"https:\/\/akunq.net\/turkish\/wp-json\/wp\/v2\/posts\/6500\/revisions"}],"wp:attachment":[{"href":"https:\/\/akunq.net\/turkish\/wp-json\/wp\/v2\/media?parent=6500"}],"wp:term":[{"taxonomy":"category","embeddable":true,"href":"https:\/\/akunq.net\/turkish\/wp-json\/wp\/v2\/categories?post=6500"},{"taxonomy":"post_tag","embeddable":true,"href":"https:\/\/akunq.net\/turkish\/wp-json\/wp\/v2\/tags?post=6500"}],"curies":[{"name":"wp","href":"https:\/\/api.w.org\/{rel}","templated":true}]}}